{"id":4059,"date":"2013-04-22T10:49:46","date_gmt":"2013-04-22T08:49:46","guid":{"rendered":"http:\/\/www.invarena.cz\/?p=4059"},"modified":"2013-04-22T10:51:34","modified_gmt":"2013-04-22T08:51:34","slug":"prisli-rychle-o-vyhody-invalidni-vozik-a-francouzske-hole-urednikum-nestaci","status":"publish","type":"post","link":"https:\/\/www.invarena.cz\/?p=4059","title":{"rendered":"P\u0159i\u0161li rychle o v\u00fdhody. Invalidn\u00ed voz\u00edk a francouzsk\u00e9 hole \u00fa\u0159edn\u00edk\u016fm nesta\u010d\u00ed"},"content":{"rendered":"<p><strong>T\u0159eba\u017ee se jejich zdravotn\u00ed stav nijak nezlep\u0161il, hradi\u0161\u0165sk\u00fd \u00fa\u0159ad pr\u00e1ce byl jin\u00e9ho n\u00e1zoru. Dva hendikepovan\u00e9, kte\u0159\u00ed\u00a0 trp\u00ed roztrou\u0161enou skler\u00f3zou, p\u0159ipravil o soci\u00e1ln\u00ed v\u00fdhody. Sebral jim pr\u016fkaz OZP a sn\u00ed\u017eil p\u0159\u00edsp\u011bvek na p\u00e9\u010di. Nepochodili ani s odvol\u00e1n\u00edm na ministerstvo.<\/strong><\/p>\n<p><!--more--><\/p>\n<p>Jedinou nad\u011bj\u00ed chronicky nemocn\u00fdch je po\u017e\u00e1dat o p\u0159ezkoum\u00e1n\u00ed rozhodnut\u00ed, nebo obnoven\u00ed \u0159\u00edzen\u00ed. Soci\u00e1ln\u00ed reforma jim v\u0161ak velk\u00e9 nad\u011bje ned\u00e1v\u00e1\u2026<\/p>\n<p>Osmadvacetilet\u00fd Michal Hyr\u00e1k je upout\u00e1n na invalidn\u00ed voz\u00edk, jeho zdravotn\u00ed stav vy\u017eaduje celodenn\u00ed p\u00e9\u010di, kterou obstar\u00e1v\u00e1 jeho snoubenka Kristina \u0160\u0165astn\u00e1. &#8222;Michal je na mn\u011b bezprost\u0159edn\u011b z\u00e1visl\u00fd, musela jsme skon\u010dit i v pr\u00e1ci. Ale p\u0159esto mu od ledna sn\u00ed\u017eili p\u0159\u00edsp\u011bvek na p\u00e9\u010di z osmi na \u010dty\u0159i tis\u00edce korun,&#8220; krout\u00ed hlavou \u0160\u0165astn\u00e1, kter\u00e1 m\u00e1 rovn\u011b\u017e roztrou\u0161enou skler\u00f3zu. Ale &#8222;jen&#8220; m\u00edrn\u011bj\u0161\u00ed formu.<\/p>\n<p>O Hyr\u00e1kov\u011b zdravotn\u00edm stavu si p\u0159itom podle n\u00ed \u00fa\u0159ednice \u00fa\u0159adu pr\u00e1ce ud\u011blala jasno po dvacetiminutov\u00e9 n\u00e1v\u0161t\u011bv\u011b v jejich spole\u010dn\u00e9 dom\u00e1cnosti. &#8222;Z vyj\u00e1d\u0159en\u00ed \u00fa\u0159adu pr\u00e1ce vypl\u00fdv\u00e1, \u017ee se dok\u00e1\u017ee orientovat v \u010dase i prostoru, a proto m\u00e1 n\u00e1rok jen na druh\u00fd stupe\u0148 p\u0159\u00edsp\u011bvku na p\u00e9\u010di. To je v\u0161ak hol\u00fd nesmysl,&#8220; nech\u00e1pe \u0160\u0165astn\u00e1, jej\u00ed\u017e p\u0159\u00edtel pob\u00edr\u00e1 pln\u00fd invalidn\u00ed d\u016fchod.<\/p>\n<p>Ji\u0159\u00ed Jur\u00e1sek se pohybuje v\u00fdhradn\u011b za pomoci francouzsk\u00fdch hol\u00ed. Po verdiktu \u00da\u0159adu pr\u00e1ce Uhersk\u00e9 Hradi\u0161t\u011b, kter\u00fd n\u00e1sledn\u011b v odvolac\u00edm \u0159\u00edzen\u00ed potvrdilo i ministerstvo pr\u00e1ce a soci\u00e1ln\u00edch v\u011bc\u00ed (MPSV), p\u0159i\u0161el o pr\u016fkaz Osoby se zdravotn\u00edm posti\u017een\u00edm (OZP). A t\u00edm o p\u00e1dem o mo\u017enost parkov\u00e1n\u00ed na m\u00edstech pro invalidy.<\/p>\n<p>&#8222;Kdy\u017e nezaparkuju p\u0159\u00edmo p\u0159ed \u00fa\u0159adem nebo ordinac\u00ed l\u00e9ka\u0159e, nemus\u00edm ani vyj\u00ed\u017ed\u011bt. Jen doj\u00edt k automatu je pro m\u011b obrovsk\u00fd probl\u00e9m. A pr\u016fkaz mi otev\u00edral i br\u00e1ny zl\u00ednsk\u00e9 nemocnice, do kter\u00e9 jezd\u00edm na kontroly. A te\u010f mus\u00edm ve\u0161ker\u00e9 vjezdy platit,&#8220; vysv\u011btlil Jur\u00e1sek, kter\u00fd nepochodil ani s odvol\u00e1n\u00edm na ministerstvu.<\/p>\n<p>Jur\u00e1sek mus\u00ed obch\u016fzky po \u00fa\u0159adech a l\u00e9ka\u0159\u00edch absolvovat s doprovodem. &#8222;A kdy\u017e mi sebrali pr\u016fkaz, jen sotva dos\u00e1hnu na p\u0159\u00edsp\u011bvek na po\u0159\u00edzen\u00ed nebo p\u0159estavbu vozidla,&#8220; dod\u00e1v\u00e1.<\/p>\n<p>O v\u00fdhody Hyr\u00e1ka i Jur\u00e1ska p\u0159ipravila soci\u00e1ln\u00ed reforma, podle kter\u00e9 u\u017e samotn\u00e1 diagn\u00f3za nesta\u010d\u00ed. Nov\u011b se posuzuje, jak se pacient se zdravotn\u00edm handicapem vyrovn\u00e1.<\/p>\n<p>&#8222;Zm\u011bny si vynutily pr\u00e1vn\u00ed p\u0159edpisy \u0159e\u0161\u00edc\u00ed soci\u00e1ln\u00ed oblast, byly toti\u017e z devades\u00e1t\u00fdch let a nerespektovaly pokrok l\u00e9ka\u0159sk\u00e9 v\u011bdy,&#8220; tvrd\u00ed \u0160t\u011bp\u00e1nka Filipov\u00e1, tiskov\u00e1 mluv\u010d\u00ed MPSV, podle kter\u00e9 st\u011b\u017eovatel\u00e9 maj\u00ed \u0161anci se br\u00e1nit.<\/p>\n<p>&#8222;U pana Hyr\u00e1ka byl patrn\u011b p\u0159ehodnocen\u00fd zdravotn\u00ed stav a byl za\u0159azen do ni\u017e\u0161\u00edho stupn\u011b z\u00e1vislosti na pomoci jin\u00fdch. Jestli s rozhodnut\u00edm nesouhlas\u00ed, m\u016f\u017ee po\u017e\u00e1dat o p\u0159ezkum rozhodnut\u00ed nebo o obnovu \u0159\u00edzen\u00ed,&#8220; vzkazuje do Tupes mluv\u010d\u00ed ministerstva.<\/p>\n<p>Odebr\u00e1n\u00ed pr\u016fkazu OZP je podle n\u00ed mo\u017en\u00e9 jen na z\u00e1klad\u011b posouzen\u00ed zdravotn\u00edho stavu. S p\u0159\u00edsp\u011bvkem na zvl\u00e1\u0161tn\u00ed pom\u016fcku (auto, \u00fapravu auta, bytu apod.) v\u0161ak nem\u00e1 nic spole\u010dn\u00e9ho. &#8222;P\u0159\u00edsp\u011bvek je v\u00e1zan\u00fd na t\u011b\u017ekou vadu nosn\u00e9ho nebo pohybov\u00e9ho \u00fastroj\u00ed, sluchov\u00e9ho \u010di zrakov\u00e9ho posti\u017een\u00ed. A tak o n\u011bj m\u016f\u017ee po\u017e\u00e1dat. Kdy\u017e podm\u00ednky spln\u00ed, bude mu p\u0159izn\u00e1n,&#8220; \u0159\u00edk\u00e1 Filipov\u00e1.<\/p>\n<p>I Jur\u00e1sek se m\u016f\u017ee proti verdiktu MPSV br\u00e1nit \u017e\u00e1dost\u00ed o p\u0159ezkum rozhodnut\u00ed nebo obnovu \u0159\u00edzen\u00ed.<\/p>\n<p>Dobr\u00fd den s kur\u00fdrem<\/p>\n","protected":false},"excerpt":{"rendered":"<div class=\"mh-excerpt\"><p>T\u0159eba\u017ee se jejich zdravotn\u00ed stav nijak nezlep\u0161il, hradi\u0161\u0165sk\u00fd \u00fa\u0159ad pr\u00e1ce byl jin\u00e9ho n\u00e1zoru. Dva hendikepovan\u00e9, kte\u0159\u00ed\u00a0 trp\u00ed roztrou\u0161enou skler\u00f3zou, p\u0159ipravil o soci\u00e1ln\u00ed v\u00fdhody. Sebral jim <a class=\"mh-excerpt-more\" href=\"https:\/\/www.invarena.cz\/?p=4059\" title=\"P\u0159i\u0161li rychle o v\u00fdhody. Invalidn\u00ed voz\u00edk a francouzsk\u00e9 hole \u00fa\u0159edn\u00edk\u016fm nesta\u010d\u00ed\">[&#8230;]<\/a><\/p>\n<\/div>","protected":false},"author":1,"featured_media":4060,"comment_status":"open","ping_status":"open","sticky":false,"template":"","format":"standard","meta":{"footnotes":""},"categories":[7],"tags":[],"class_list":["post-4059","post","type-post","status-publish","format-standard","has-post-thumbnail","hentry","category-spolecnost"],"_links":{"self":[{"href":"https:\/\/www.invarena.cz\/index.php?rest_route=\/wp\/v2\/posts\/4059","targetHints":{"allow":["GET"]}}],"collection":[{"href":"https:\/\/www.invarena.cz\/index.php?rest_route=\/wp\/v2\/posts"}],"about":[{"href":"https:\/\/www.invarena.cz\/index.php?rest_route=\/wp\/v2\/types\/post"}],"author":[{"embeddable":true,"href":"https:\/\/www.invarena.cz\/index.php?rest_route=\/wp\/v2\/users\/1"}],"replies":[{"embeddable":true,"href":"https:\/\/www.invarena.cz\/index.php?rest_route=%2Fwp%2Fv2%2Fcomments&post=4059"}],"version-history":[{"count":0,"href":"https:\/\/www.invarena.cz\/index.php?rest_route=\/wp\/v2\/posts\/4059\/revisions"}],"wp:featuredmedia":[{"embeddable":true,"href":"https:\/\/www.invarena.cz\/index.php?rest_route=\/wp\/v2\/media\/4060"}],"wp:attachment":[{"href":"https:\/\/www.invarena.cz\/index.php?rest_route=%2Fwp%2Fv2%2Fmedia&parent=4059"}],"wp:term":[{"taxonomy":"category","embeddable":true,"href":"https:\/\/www.invarena.cz\/index.php?rest_route=%2Fwp%2Fv2%2Fcategories&post=4059"},{"taxonomy":"post_tag","embeddable":true,"href":"https:\/\/www.invarena.cz\/index.php?rest_route=%2Fwp%2Fv2%2Ftags&post=4059"}],"curies":[{"name":"wp","href":"https:\/\/api.w.org\/{rel}","templated":true}]}}