{"id":40650,"date":"2023-07-04T07:05:07","date_gmt":"2023-07-04T05:05:07","guid":{"rendered":"https:\/\/www.invarena.cz\/?p=40650"},"modified":"2023-07-04T07:05:08","modified_gmt":"2023-07-04T05:05:08","slug":"poroste-minimalni-mzda","status":"publish","type":"post","link":"https:\/\/www.invarena.cz\/?p=40650","title":{"rendered":"Poroste minim\u00e1ln\u00ed mzda?\u00a0\u00a0"},"content":{"rendered":"\n<p>R\u016fst minim\u00e1ln\u00ed mzdy, to je t\u00e9ma pro jedn\u00e1n\u00ed z\u00e1stupc\u016f ministerstva pr\u00e1ce, odbor\u016f a zam\u011bstnavatel\u016f. Odbor\u00e1\u0159i cht\u011bj\u00ed, aby se \u010d\u00e1stka zv\u00fd\u0161ila u\u017e letos v \u010dervenci a to o tis\u00edc korun. Jedn\u00e1n\u00ed sleduje Al\u017eb\u011bta Kvitov\u00e1. Al\u017eb\u011bto, zdrav\u00edm i tebe. Je \u0161ance, \u017ee odbor\u00e1\u0159i se sv\u00fdmi po\u017eadavky usp\u011bj\u00ed?<br \/><\/p>\n\n\n\n<p>report\u00e1\u017e \u010cT 24\u00a0&#8211; Zpr\u00e1vy ve 12<\/p>\n\n\n\n<p><br \/>redaktorka<br \/>Dobr\u00fd den, ta \u0161ance zat\u00edm moc vysok\u00e1 nen\u00ed.\u00a0<strong>Ministr<\/strong>\u00a0<strong>pr\u00e1ce<\/strong>\u00a0Marian Jure\u010dka u\u017e p\u0159ed \u010dasem uvedl, \u017ee vl\u00e1da by byla otev\u0159en\u00e1 k nav\u00fd\u0161en\u00ed minim\u00e1ln\u00ed mzdy od \u010dervence. Ale pouze v p\u0159\u00edpad\u011b, \u017ee by se na t\u00e9 jej\u00ed podob\u011b dohodli zam\u011bstnavatel\u00e9 s odbor\u00e1\u0159i. To ale zat\u00edm takhle nevypad\u00e1, jeliko\u017e zam\u011bstnavatel\u00e9 s navy\u0161ov\u00e1n\u00edm minim\u00e1ln\u00ed mzdy nesouhlas\u00ed. Podle nich se ten minim\u00e1ln\u00ed v\u00fdd\u011blek zvy\u0161oval ji\u017e n\u011bkolikr\u00e1t a z\u00e1rove\u0148 mzdy rostly rychlej\u0161\u00edm tempem ne\u017e inflace. V tuto chv\u00edli je aktu\u00e1ln\u00ed minim\u00e1ln\u00ed mzda 17 300 korun. P\u0159ed\u00e1k odborov\u00fdch svaz\u016f Josef St\u0159edula usiluje o to, aby od \u010dervence minim\u00e1ln\u00ed mzda stoupla o tis\u00edc korun. A potom od ledna o dal\u0161\u00edch 12 stovek. Podle n\u011bj toti\u017e ta aktu\u00e1ln\u00ed minim\u00e1ln\u00ed mzda je na hranici chudoby a z\u00e1rove\u0148 je ni\u017e\u0161\u00ed ne\u017e nap\u0159\u00edklad v \u010cesku a v Polsku. V\u0161echny t\u0159i strany, tedy ministerstvo, odbor\u00e1\u0159i a zam\u011bstnavatel\u00e9, za\u010dnou jednat za necelou hodinu. Nicm\u00e9n\u011b\u00a0<strong>ministr<\/strong>\u00a0<strong>pr\u00e1ce<\/strong>\u00a0Jure\u010dka t\u00e9to sch\u016fzky nebude p\u0159\u00edtomen. Je\u0161t\u011b dod\u00e1m, \u017ee Jure\u010dka u\u017e d\u0159\u00edve uvedl, \u017ee dohoda zat\u00edm nen\u00ed ani na vzorci. Zat\u00edm tedy nen\u00ed jasn\u00e9, jestli by se minim\u00e1ln\u00ed mzda m\u011bla vypo\u010d\u00edt\u00e1vat z pr\u016fm\u011brn\u00e9ho nebo medi\u00e1nov\u00e9ho v\u00fdd\u011blku. Aktu\u00e1ln\u011b minim\u00e1ln\u00ed mzdu pob\u00edr\u00e1 150 tis\u00edc lid\u00ed, tedy 4 % zam\u011bstnanc\u016f.<br \/><\/p>\n","protected":false},"excerpt":{"rendered":"<div class=\"mh-excerpt\"><p>R\u016fst minim\u00e1ln\u00ed mzdy, to je t\u00e9ma pro jedn\u00e1n\u00ed z\u00e1stupc\u016f ministerstva pr\u00e1ce, odbor\u016f a zam\u011bstnavatel\u016f. Odbor\u00e1\u0159i cht\u011bj\u00ed, aby se \u010d\u00e1stka zv\u00fd\u0161ila u\u017e letos v \u010dervenci a <a class=\"mh-excerpt-more\" href=\"https:\/\/www.invarena.cz\/?p=40650\" title=\"Poroste minim\u00e1ln\u00ed mzda?\u00a0\u00a0\">[&#8230;]<\/a><\/p>\n<\/div>","protected":false},"author":1,"featured_media":24716,"comment_status":"open","ping_status":"closed","sticky":false,"template":"","format":"standard","meta":{"footnotes":""},"categories":[1],"tags":[],"class_list":["post-40650","post","type-post","status-publish","format-standard","has-post-thumbnail","hentry","category-nezarazene"],"_links":{"self":[{"href":"https:\/\/www.invarena.cz\/index.php?rest_route=\/wp\/v2\/posts\/40650","targetHints":{"allow":["GET"]}}],"collection":[{"href":"https:\/\/www.invarena.cz\/index.php?rest_route=\/wp\/v2\/posts"}],"about":[{"href":"https:\/\/www.invarena.cz\/index.php?rest_route=\/wp\/v2\/types\/post"}],"author":[{"embeddable":true,"href":"https:\/\/www.invarena.cz\/index.php?rest_route=\/wp\/v2\/users\/1"}],"replies":[{"embeddable":true,"href":"https:\/\/www.invarena.cz\/index.php?rest_route=%2Fwp%2Fv2%2Fcomments&post=40650"}],"version-history":[{"count":0,"href":"https:\/\/www.invarena.cz\/index.php?rest_route=\/wp\/v2\/posts\/40650\/revisions"}],"wp:featuredmedia":[{"embeddable":true,"href":"https:\/\/www.invarena.cz\/index.php?rest_route=\/wp\/v2\/media\/24716"}],"wp:attachment":[{"href":"https:\/\/www.invarena.cz\/index.php?rest_route=%2Fwp%2Fv2%2Fmedia&parent=40650"}],"wp:term":[{"taxonomy":"category","embeddable":true,"href":"https:\/\/www.invarena.cz\/index.php?rest_route=%2Fwp%2Fv2%2Fcategories&post=40650"},{"taxonomy":"post_tag","embeddable":true,"href":"https:\/\/www.invarena.cz\/index.php?rest_route=%2Fwp%2Fv2%2Ftags&post=40650"}],"curies":[{"name":"wp","href":"https:\/\/api.w.org\/{rel}","templated":true}]}}