{"id":4076,"date":"2013-04-22T13:47:08","date_gmt":"2013-04-22T11:47:08","guid":{"rendered":"http:\/\/www.invarena.cz\/?p=4076"},"modified":"2013-04-24T10:23:58","modified_gmt":"2013-04-24T08:23:58","slug":"postizeni-vyuzivaji-moznost-byt-se-psem-v-nemocnici-jen-minimalne","status":"publish","type":"post","link":"https:\/\/www.invarena.cz\/?p=4076","title":{"rendered":"Mo\u017enost b\u00fdt se psem v nemocnici posti\u017een\u00ed t\u00e9m\u011b\u0159 nevyu\u017e\u00edvaj\u00ed"},"content":{"rendered":"<p><strong>Od dubna minul\u00e9ho roku mohou posti\u017een\u00ed m\u00edt p\u0159i hospitalizaci v nemocnici sv\u00e9ho ps\u00edho pomocn\u00edka. Nemocnice jsou na situaci p\u0159ipraven\u00e9, ale v\u011bt\u0161inou se s takov\u00fdm po\u017eadavkem je\u0161t\u011b nesetkaly.<\/strong><br \/>\n<!--more--><br \/>\nNovela z\u00e1kona o zdravotn\u00edch slu\u017eb\u00e1ch, kter\u00e1 pobyt ps\u016f v nemocnic\u00edch umo\u017e\u0148uje, m\u011bla hlavn\u011b pomoci t\u011bm posti\u017een\u00fdm, kte\u0159\u00ed \u017eij\u00ed sami, proto by pro n\u011b bylo obt\u00ed\u017en\u00e9 sh\u00e1n\u011bt hl\u00edd\u00e1n\u00ed. Mo\u017enost m\u00edt sv\u00e9ho psa v nemocnici m\u011bli vyu\u017e\u00edvat tak\u00e9 ti, kte\u0159\u00ed v\u011bd\u00ed, \u017ee je na n\u011b pes velmi citov\u011b fixovan\u00fd, a \u017ee by str\u00e1dal, kdyby ho hl\u00eddali jin\u00ed lid\u00e9.<\/p>\n<p>Je mo\u017en\u00e9, \u017ee posti\u017een\u00ed o takov\u00e9 mo\u017enosti moc nev\u011bd\u00ed, proto\u017ee u\u017e je tomu v\u00edce ne\u017e rok, co novela ve\u0161la v platnost a ve velk\u00fdch nemocnic\u00edch nap\u0159\u00ed\u010d republikou se vesm\u011bs nesetkali s t\u00edm, \u017ee by n\u011bkdo posti\u017een\u00fd \u017e\u00e1dal o mo\u017enost pobytu sv\u00e9ho asisten\u010dn\u00edho, \u010di vodic\u00edho psa v nemocnici. P\u0159itom zdravotnick\u00fd person\u00e1l se v dob\u011b, kdy ve\u0161la novela v platnost, stav\u011bl k pobyt\u016fm ps\u016f v nemocnic\u00edch sp\u00ed\u0161e zdr\u017eenliv\u011b. Byly s t\u00edm pro n\u011b spojeny nemal\u00e9 probl\u00e9my s hygienou, krmen\u00edm, ven\u010den\u00edm apod.<\/p>\n<p>&#8222;Zat\u00edm jsme takov\u00fd p\u0159\u00edpad ne\u0159e\u0161ili, ale jsme na tuto variantu p\u0159ipraveni. V\u0161e by se \u0159e\u0161ilo individu\u00e1ln\u011b podle pot\u0159eb pacienta ve spolupr\u00e1ci s jeho rodinou,&#8220; \u0159\u00edk\u00e1 tiskov\u00e1 mluv\u010d\u00ed Thomayerovy nemocnice Martina \u0160tanclov\u00e1.<\/p>\n<p>\u017d\u00e1dn\u00fd z\u00e1jemce o hospitalizaci se sv\u00fdm psem se zat\u00edm nena\u0161el ani ve dvou ostravsk\u00fdch nemocnic\u00edch. &#8222;Zat\u00edm jsme takovou zku\u0161enost nem\u011bli. O hospitalizaci spolu s asisten\u010dn\u00edm psem je\u0161t\u011b nikdo nepo\u017e\u00e1dal,&#8220; uvedl mluv\u010d\u00ed Fakultn\u00ed nemocnice Ostrava Tom\u00e1\u0161 Oborn\u00fd a stejn\u011b jsou na tom podle mluv\u010d\u00ed Dariny Majkov\u00e9 v M\u011bstsk\u00e9 nemocnici Ostrava.<\/p>\n<p><strong>Vyjimkou je Plze\u0148<\/strong><\/p>\n<p>Ze v\u0161ech nemocnic, od kter\u00fdch se n\u00e1m poda\u0159ilo z\u00edskat n\u011bjak\u00e9 vyj\u00e1d\u0159en\u00ed, jen ve Fakultn\u00ed nemocnici Plze\u0148 u\u017e se se psem v nemocnici setkali.<\/p>\n<p>&#8222;Za dobu platnosti z\u00e1kona \u010d.372\/2012 Sb. o zdravotn\u00edch slu\u017eb\u00e1ch jsme umo\u017enili pobyt vod\u00edc\u00edho psa celkem ve 4 p\u0159\u00edpadech. V\u017edy se jednalo o standardn\u00ed odd\u011blen\u00ed, neopera\u010dn\u00edho typu,&#8220; uvedla n\u00e1m\u011bstkyn\u011b pro o\u0161et\u0159ovatelskou p\u00e9\u010di ve Fakultn\u00ed nemocnici Plze\u0148 Andrea Ma\u0161\u00ednov\u00e1. Podle n\u00ed plat\u00ed jasn\u00e1 pravidla, kter\u00e1 pobyt ps\u016f v nemocnici umo\u017e\u0148uj\u00ed a to jak pro majitele psa, tak i pro zdravotnick\u00fd person\u00e1l.<\/p>\n<p>T\u00edm nejz\u00e1kladn\u011bj\u0161\u00edm pravidlem je \u0159\u00e1dn\u00e9 o\u010dkov\u00e1n\u00ed, kter\u00e9 pacient dolo\u017e\u00ed p\u0159i p\u0159edlo\u017een\u00ed o\u010dkovac\u00edho pr\u016fkazu psa. D\u016fle\u017eit\u00e9 podle Andrei Ma\u0161\u00ednov\u00e9 tak\u00e9 je, aby pes byl zcela zdrav\u00fd. Netrp\u011bl hore\u010dkami, pr\u016fjmy a m\u011bl celkov\u011b zdrav\u00fd vzhled. Pokud by se stav psa zdravotnick\u00e9mu person\u00e1lu nezamlouval, tak by m\u011blo doj\u00edt k prohl\u00eddce veterin\u00e1rn\u00edm l\u00e9ka\u0159em.<\/p>\n<p>Person\u00e1l tak\u00e9 bude po posti\u017een\u00e9m po\u017eadovat telefonick\u00fd kontakt na cvi\u010ditelsk\u00fd subjekt, od kter\u00e9ho pes poch\u00e1z\u00ed, mohou si toti\u017e ov\u011b\u0159it, zda pes je doopravdy certifikovan\u00fdm vodic\u00edm nebo asisten\u010dn\u00edm psem. Samoz\u0159ejmost\u00ed tak\u00e9 je, \u017ee pes bude po celou dobu pobytu \u0159\u00e1dn\u011b ozna\u010den, \u017ee jde o ps\u00edho pomocn\u00edka (postroj, vesti\u010dka apod.).<\/p>\n<p>&#8222;Obojek, vod\u00edtko, stravu a ostatn\u00ed pom\u016fcky (misky, s\u00e1\u010dky na exkrementy, apod.) si zaji\u0161\u0165uje vlastn\u00edmi prost\u0159edky strana pacienta. V p\u0159\u00edpad\u011b pot\u0159eby je k dispozici v r\u00e1mci sekretari\u00e1tu \u00datvaru n\u00e1m\u011bstka pro o\u0161et\u0159ovatelskou p\u00e9\u010di textiln\u00ed pel\u00ed\u0161ek, ur\u010den\u00fd pro vod\u00edc\u00edho psa. Po p\u0159edchoz\u00ed telefonick\u00e9 konzultaci na kl. 3202 si jej mo\u017eno vyzvednout a po pou\u017eit\u00ed vypran\u00fd zp\u011bt vr\u00e1tit k dal\u0161\u00edmu vyu\u017eit\u00ed v r\u00e1mci ostatn\u00edch ZOK FN Plze\u0148,&#8220; popisuje podm\u00ednky Andrea Ma\u0161\u00ednov\u00e1.<\/p>\n<p>D\u016fle\u017eit\u00e9 podle n\u00ed tak\u00e9 je, aby hospitalizovan\u00fd byl v takov\u00e9m stavu, aby mohl b\u00fdt pro psa p\u00e1nem. M\u016f\u017ee se podle n\u00ed st\u00e1t, \u017ee z kapacitn\u00edch d\u016fvod\u016f nebude mo\u017en\u00e9 pobyt psovi umo\u017en\u011bn, proto\u017ee ide\u00e1ln\u00ed je, kdy\u017e hospitalizovan\u00fd m\u00e1 sv\u016fj jednol\u016f\u017ekov\u00fd pokoj. Na v\u00edcel\u016f\u017ekov\u00fdch by s pobytem nemuseli souhlasit ostatn\u00ed pacienti, s ohledem na jejich p\u0159\u00edpadnou alergii na srst a nebo f\u00f3bii ze ps\u016f.<\/p>\n<p>Zat\u00edm jde \u0159\u00edci, \u017ee nevidom\u00e9 a jin\u00ed posti\u017een\u00ed mo\u017enost b\u00fdt se sv\u00fdm psem i v nemocnici moc nevyu\u017e\u00edvaj\u00ed. T\u0159eba se to \u010dasem zm\u011bn\u00ed, ale p\u0159ejme v\u0161em, aby do nemocnice v\u016fbec nemuseli a se sv\u00fdm psem tr\u00e1vili rad\u011bji \u010das n\u011bkde v parku.<\/p>\n<p>Ji\u0159\u00ed Marek<br \/>\ninvArena<\/p>\n","protected":false},"excerpt":{"rendered":"<div class=\"mh-excerpt\"><p>Od dubna minul\u00e9ho roku mohou posti\u017een\u00ed m\u00edt p\u0159i hospitalizaci v nemocnici sv\u00e9ho ps\u00edho pomocn\u00edka. Nemocnice jsou na situaci p\u0159ipraven\u00e9, ale v\u011bt\u0161inou se s takov\u00fdm po\u017eadavkem <a class=\"mh-excerpt-more\" href=\"https:\/\/www.invarena.cz\/?p=4076\" title=\"Mo\u017enost b\u00fdt se psem v nemocnici posti\u017een\u00ed t\u00e9m\u011b\u0159 nevyu\u017e\u00edvaj\u00ed\">[&#8230;]<\/a><\/p>\n<\/div>","protected":false},"author":3,"featured_media":4079,"comment_status":"open","ping_status":"open","sticky":false,"template":"","format":"standard","meta":{"footnotes":""},"categories":[7],"tags":[],"class_list":["post-4076","post","type-post","status-publish","format-standard","has-post-thumbnail","hentry","category-spolecnost"],"_links":{"self":[{"href":"https:\/\/www.invarena.cz\/index.php?rest_route=\/wp\/v2\/posts\/4076","targetHints":{"allow":["GET"]}}],"collection":[{"href":"https:\/\/www.invarena.cz\/index.php?rest_route=\/wp\/v2\/posts"}],"about":[{"href":"https:\/\/www.invarena.cz\/index.php?rest_route=\/wp\/v2\/types\/post"}],"author":[{"embeddable":true,"href":"https:\/\/www.invarena.cz\/index.php?rest_route=\/wp\/v2\/users\/3"}],"replies":[{"embeddable":true,"href":"https:\/\/www.invarena.cz\/index.php?rest_route=%2Fwp%2Fv2%2Fcomments&post=4076"}],"version-history":[{"count":0,"href":"https:\/\/www.invarena.cz\/index.php?rest_route=\/wp\/v2\/posts\/4076\/revisions"}],"wp:featuredmedia":[{"embeddable":true,"href":"https:\/\/www.invarena.cz\/index.php?rest_route=\/wp\/v2\/media\/4079"}],"wp:attachment":[{"href":"https:\/\/www.invarena.cz\/index.php?rest_route=%2Fwp%2Fv2%2Fmedia&parent=4076"}],"wp:term":[{"taxonomy":"category","embeddable":true,"href":"https:\/\/www.invarena.cz\/index.php?rest_route=%2Fwp%2Fv2%2Fcategories&post=4076"},{"taxonomy":"post_tag","embeddable":true,"href":"https:\/\/www.invarena.cz\/index.php?rest_route=%2Fwp%2Fv2%2Ftags&post=4076"}],"curies":[{"name":"wp","href":"https:\/\/api.w.org\/{rel}","templated":true}]}}