{"id":40930,"date":"2023-07-18T01:53:45","date_gmt":"2023-07-17T23:53:45","guid":{"rendered":"https:\/\/www.invarena.cz\/?p=40930"},"modified":"2023-07-18T01:53:45","modified_gmt":"2023-07-17T23:53:45","slug":"duchodova-reforma","status":"publish","type":"post","link":"https:\/\/www.invarena.cz\/?p=40930","title":{"rendered":"D\u016fchodov\u00e1 reforma\u00a0\u00a0"},"content":{"rendered":"\n<p><\/p>\n\n\n\n<p>Zhruba na 20 700 K\u010d by od ledna mohl podle\u00a0<strong>ministra<\/strong>\u00a0<strong>pr\u00e1ce<\/strong>\u00a0stoupnout pr\u016fm\u011brn\u00fd starobn\u00ed d\u016fchod. Zvy\u0161ovat se bude jenom z\u00e1kladn\u00ed v\u00fdm\u011bra, na p\u0159elomu roku p\u0159ibli\u017en\u011b o 380 K\u010d v\u0161em penzist\u016fm. P\u0159esn\u00e1 \u010d\u00e1stka bude podle Mariana Jure\u010dky zn\u00e1m\u00e1 v z\u00e1\u0159\u00ed. V\u00fddaje kv\u016fli tomu p\u0159\u00ed\u0161t\u00ed rok porostou o 13 miliard korun. Ministerstvo z\u00e1rove\u0148 pracuje na penzijn\u00ed reform\u011b.<\/p>\n\n\n\n<p>report\u00e1\u017e \u010cT 24\u00a0&#8211; Ud\u00e1losti, koment\u00e1\u0159e<br \/><br \/>Jan SKOPE\u010cEK, m\u00edstop\u0159edseda Poslaneck\u00e9 sn\u011bmovny \/ODS\/<br \/>Kdybychom s t\u00edm n\u011bco neud\u011blali, tak zajist\u00edme sice penze st\u00e1vaj\u00edc\u00edm d\u016fchodc\u016fm, ale pro dne\u0161n\u00ed t\u0159ic\u00e1tn\u00edky a \u010dty\u0159ic\u00e1tn\u00edky u\u017e takov\u00e9 penze m\u00edt nebudeme. Proto je pot\u0159eba zat\u00e1hnout za tu z\u00e1chrannou brzdu.<br \/><br \/>Ale\u0161 JUCHELKA, m\u00edstop\u0159edseda poslaneck\u00e9ho klubu; st\u00ednov\u00fd\u00a0<strong>ministr<\/strong>\u00a0<strong>pr\u00e1ce<\/strong>\u00a0a soci\u00e1ln\u00edch v\u011bc\u00ed \/ANO\/<br \/>My tu m\u00e1me n\u011bkolik pozm\u011b\u0148ovac\u00edch n\u00e1vrh\u016f, ur\u010dit\u011b tam m\u00e1me n\u00e1vrhy ohledn\u011b valorizac\u00ed, a to, aby \u0159\u00e1dn\u00e9 valorizace byly o p\u016flku re\u00e1ln\u00fdch mezd, ne o t\u0159etinu, jak navrhuje vl\u00e1da.<br \/><br \/>Martin \u0158EZN\u00cd\u010cEK, moder\u00e1tor \u010cT<br \/>Ve studiu Ud\u00e1lost\u00ed, koment\u00e1\u0159\u016f te\u010f v\u00edt\u00e1m Mariana Jure\u010dku,\u00a0<strong>ministra<\/strong>\u00a0<strong>pr\u00e1ce<\/strong>\u00a0a soci\u00e1ln\u00edch v\u011bc\u00ed, dobr\u00fd ve\u010der.<br \/><br \/>Marian JURE\u010cKA,\u00a0<strong>ministr<\/strong>\u00a0<strong>pr\u00e1ce<\/strong>\u00a0a soci\u00e1ln\u00edch v\u011bc\u00ed \u010cR<br \/>Dobr\u00fd ve\u010der.<br \/><br \/>Martin \u0158EZN\u00cd\u010cEK, moder\u00e1tor \u010cT<br \/>V\u00edta Samka, m\u00edstop\u0159edsedu \u010cesk\u00e9 konfederace odborov\u00fdch svaz\u016f, poprv\u00e9 jsem to \u0159ekl spr\u00e1vn\u011b. Dobr\u00fd ve\u010der.<br \/><br \/>V\u00edt SAMEK, m\u00edstop\u0159edseda, \u010ceskomoravsk\u00e1 konfederace odborov\u00fdch svaz\u016f<br \/>\u010ceskomoravsk\u00e9, ale pros\u00edm.<br \/><br \/>Martin \u0158EZN\u00cd\u010cEK, moder\u00e1tor \u010cT<br \/>Tak jsem se pochv\u00e1lil p\u0159ed\u010dasn\u011b, omlouv\u00e1m se, jsem tak soust\u0159edil na v\u00fdslovnost t\u00e9 konfederace, a\u017e jsem zapomn\u011bl na spr\u00e1vn\u00e9, spr\u00e1vn\u00e9 prvn\u00ed slovo. A Anna P\u00edchov\u00e1, vedouc\u00ed analytick\u00e9ho odd\u011blen\u00ed spole\u010dnosti Cyrus, i v\u00e1m dobr\u00fd ve\u010der.<br \/><br \/>Anna P\u00cdCHOV\u00c1, hlavn\u00ed analyti\u010dka, Cyrrus<br \/>Dobr\u00fd ve\u010der.<br \/><br \/>Martin \u0158EZN\u00cd\u010cEK, moder\u00e1tor \u010cT<br \/>Tak, pane minist\u0159e, dnes jste \u0159ekl, \u017ee pr\u016fm\u011brn\u00fd d\u016fchod od ledna stoupne o zhruba 400 K\u010d na t\u011bch 20 700. Definitivn\u011b m\u00e1 b\u00fdt jasno od z\u00e1\u0159\u00ed, o kolik se tohle to m\u016f\u017ee \u010d\u00edslo je\u0161t\u011b li\u0161it?<br \/><br \/>Marian JURE\u010cKA,\u00a0<strong>ministr<\/strong>\u00a0<strong>pr\u00e1ce<\/strong>\u00a0a soci\u00e1ln\u00edch v\u011bc\u00ed \u010cR<br \/>Bude se to maxim\u00e1ln\u011b \u0159e\u0161it v \u0159\u00e1du jednotek korun, proto\u017ee my budeme \u010dekat na data \u010cesk\u00e9ho statistick\u00e9ho \u00fa\u0159adu, kter\u00fd zve\u0159ejn\u00ed vlastn\u011b r\u016fst mezd za prvn\u00ed pololet\u00ed, a to zve\u0159ejn\u011bn\u00ed se stane 4. z\u00e1\u0159\u00ed. Tak\u017ee te\u010f je to odhad tedy u\u017e je velmi bl\u00edzk\u00fd, ale na korunu p\u0159esn\u011b to budeme v\u011bd\u011bt po tom 4. z\u00e1\u0159\u00ed.<br \/><br \/>Martin \u0158EZN\u00cd\u010cEK, moder\u00e1tor \u010cT<br \/>Pane Samku, tohle je pro v\u00e1s o\u010dek\u00e1vateln\u00e9 \u010d\u00edslo a z\u00e1rove\u0148 p\u0159ijateln\u00e9 \u010d\u00edslo?<br \/><br \/>V\u00edt SAMEK, m\u00edstop\u0159edseda, \u010ceskomoravsk\u00e1 konfederace odborov\u00fdch svaz\u016f<br \/>Tak o\u010dek\u00e1vateln\u00e9, o\u010dek\u00e1vateln\u00e9 je mo\u017en\u00e1 pro pana ministra, ale co kdyby se, pane minist\u0159e, stalo, \u017ee \u00dastavn\u00ed soud do t\u00e9 doby rozhodne a \u0159ekne, \u017ee ta posledn\u00ed valorizace, co se prov\u00e1d\u011bla te\u010f, byla \u0161patn\u011b a \u017ee je t\u0159eba doplatit. Pak by ta hodnota byla \u00fapln\u011b jinde, byla by vy\u0161\u0161\u00ed, minim\u00e1ln\u011b o t\u011bch 1 000 K\u010d. Je, v\u00edte, ono mluvit o absolutn\u00edch \u010d\u00e1stk\u00e1ch je probl\u00e9m v dob\u011b vysok\u00e9 inflace, pon\u011bvad\u017e tady se sice te\u010f oslavovalo, jak m\u00e1me tu pr\u016fm\u011brnou inflaci, teda ne tu pr\u016fm\u011brnou, ale tu proti stejn\u00e9mu obdob\u00ed lo\u0148sk\u00e9ho roku pod 10 %, ale tu pr\u016fm\u011brnou m\u00e1me po\u0159\u00e1d 15,1 % v tuto chv\u00edli. Tak\u017ee \u0159\u00edkat si, jestli \u010d\u00e1stka 20 000 je dost nebo m\u00e1lo, po\u0159\u00e1d jsme na t\u00fd \u00farovni inflace. Pro n\u00e1s je daleko d\u016fle\u017eit\u011bj\u0161\u00ed uji\u0161t\u011bn\u00ed, kter\u00e9 jsme dostali od pana ministra, kdy\u017e jsme spolu jednali, tak tam jsme hovo\u0159ili o tom, \u017ee pro n\u00e1s je z\u00e1sadn\u00edm po\u017eadavkem, \u017ee v\u017edycky se mus\u00ed dos\u00e1hnout pokryt\u00ed inflace u d\u016fchodc\u016f, proto\u017ee d\u016fchodci jsou, sice se po\u0159\u00e1d zd\u016fraz\u0148uje, jedinou skupinou, kter\u00e1 neprod\u011blala nebo nem\u011bla takov\u00fd dramatick\u00fd p\u00e1d, ale na druh\u00e9 stran\u011b to zase v\u011bt\u0161inov\u011b jedin\u00e1 skupina, kter\u00e1 u\u017e nem\u00e1 moc p\u0159\u00edle\u017eitost\u00ed si p\u0159ivyd\u011blat nebo z\u00edskat dal\u0161\u00ed extern\u00ed zdroj.<br \/><br \/>Martin \u0158EZN\u00cd\u010cEK, moder\u00e1tor \u010cT<br \/>Postupn\u011b, proto\u017ee jste zm\u00ednil n\u011bkolik v\u011bc\u00ed, pane minist\u0159e, to, co \u0159\u00edk\u00e1 pan Samek, je pravda, pokud by do toho \u00dastavn\u00ed soud zas\u00e1hl, samoz\u0159ejm\u011b ta situace by byla jin\u00e1. Je to tak?<br \/><br \/>Marian JURE\u010cKA,\u00a0<strong>ministr<\/strong>\u00a0<strong>pr\u00e1ce<\/strong>\u00a0a soci\u00e1ln\u00edch v\u011bc\u00ed \u010cR<br \/>Samoz\u0159ejm\u011b, j\u00e1 \u0159\u00edk\u00e1m dlouhodob\u011b, pokud by \u00dastavn\u00ed soud rozhodl jinak ne\u017e j\u00e1, p\u0159edpokl\u00e1d\u00e1m tedy, \u017ee by se rozhodl n\u011bjak\u00fdm zp\u016fsobem vstoupit do toho rozhodnut\u00ed parlamentu, tak pak samoz\u0159ejm\u011b ho budu pln\u011b respektovat. Vl\u00e1da ho bude pln\u011b respektovat. Tak to v demokratick\u00fdch zem\u00edch norm\u00e1ln\u011b chod\u00ed. J\u00e1 to nep\u0159edpokl\u00e1d\u00e1m, j\u00e1 si mysl\u00edm, \u017ee na\u0161e argumentace, kterou jsme k tomu podali, je velmi kvalitn\u00ed. Ale jenom chci tady poznamenat je\u0161t\u011b jednu pods<\/p>\n\n\n\n<p>podstatnou v\u011bc, krom\u011b toho, \u017ee budeme do budoucna valorizovat d\u016fchody v\u017edy o inflaci a o 1\/3 r\u016fstu re\u00e1ln\u00fdch mezd, tak je pot\u0159eba p\u0159ipomenout, \u017ee je\u0161t\u011b v leto\u0161n\u00edm roce v\u00fdznamn\u011b pomohlo zv\u00fd\u0161en\u00ed d\u016fchod\u016f o to v\u00fdchovn\u00e9, kter\u00e9 jsme dlouhodob\u011b prosazovali, o t\u011bch 500 K\u010d m\u011bs\u00ed\u010dn\u011b na to d\u00edt\u011b. To v\u00fdrazn\u011b pomohlo p\u0159edev\u0161\u00edm \u017een\u00e1m, p\u0159edev\u0161\u00edm lidem, kte\u0159\u00ed m\u011bli podpr\u016fm\u011brn\u00e9 d\u016fchody.<\/p>\n\n\n\n<p>Martin \u0158EZN\u00cd\u010cEK, moder\u00e1tor \u010cT<br \/>Pan\u00ed P\u00edchov\u00e1, tahle ta \u00farove\u0148 d\u016fchod\u016f, o kter\u00e9 hovo\u0159\u00edme od ledna d\u00e1l, je na \u00farovni, jak by podle va\u0161eho n\u00e1zoru m\u011bla b\u00fdt? Nebo je to nad mo\u017enosti st\u00e1tu?<\/p>\n\n\n\n<p>Anna P\u00cdCHOV\u00c1, hlavn\u00ed analyti\u010dka, Cyrrus<br \/>A v sou\u010dasn\u00e9 dob\u011b je to na n\u011bjak\u00e9 p\u0159ijateln\u00e9 \u00farovni. Nicm\u00e9n\u011b kdy\u017e se pod\u00edv\u00e1me do budoucna, co potom \u010dek\u00e1 zejm\u00e9na mlad\u0161\u00ed generace, tak my z demografick\u00e9ho v\u00fdvoje a z toho, jak se vyv\u00edj\u00ed st\u00e1tn\u00ed rozpo\u010det a dluh, v\u00edme, \u017ee tahle \u00farove\u0148 t\u011bch 50 % toho n\u00e1hradov\u00e9ho pom\u011bru je neudr\u017eiteln\u00e1. Proto\u017ee to, \u017ee sice d\u016fchody p\u0159ekro\u010d\u00ed hranici 20 000, tak my si to mus\u00edme d\u00e1t do souvislosti s t\u00edm, kolik si m\u016f\u017ee vyd\u011blat pr\u016fm\u011brn\u00fd \u010dlov\u011bk. A pr\u00e1v\u011b to je ten n\u00e1hradov\u00fd pom\u011br a my se bl\u00ed\u017e\u00edme v sou\u010dasn\u00e9 dob\u011b t\u011bm 50 procent\u016fm. Z dlouhodob\u00e9ho hlediska je tato \u00farove\u0148 neudr\u017eiteln\u00e1 a v\u00edme z toho zase, jak vid\u00edme budouc\u00ed v\u00fdvoj, \u017ee pro budouc\u00ed generace se n\u00e1hradov\u00fd pom\u011br sn\u00ed\u017e\u00ed.<\/p>\n\n\n\n<p>Martin \u0158EZN\u00cd\u010cEK, moder\u00e1tor \u010cT<br \/>Pane minist\u0159e. Sn\u011bmovna z\u00e1rove\u0148 projedn\u00e1v\u00e1 vl\u00e1dn\u00ed n\u00e1vrh na zm\u011bny trvalej\u0161\u00edho r\u00e1zu v d\u016fchodech, zvy\u0161ov\u00e1n\u00ed d\u016fchodu m\u00e1 b\u00fdt pomalej\u0161\u00ed ne\u017e dosud, n\u011bkolikr\u00e1t u\u017e jsme o tom hovo\u0159ili. Zv\u00fdhodn\u00ed se taky odchod do p\u0159ed\u010dasn\u00e9ho, pardon, znev\u00fdhodn\u00ed se odchod do p\u0159ed\u010dasn\u00e9ho d\u016fchodu. Mo\u017en\u00e1 se k tomu dostaneme za chv\u00edli, ale to prvn\u00ed \u010dten\u00ed m\u00e1te za sebou. Te\u010f ve st\u0159edu, z\u0159ejm\u011b v\u00e1s bude \u010dekat druh\u00e9, p\u0159ipou\u0161t\u00edte, \u017ee byste p\u0159istoupili v t\u00e9hle t\u00e9 f\u00e1zi na n\u011bkter\u00e9, na n\u011bkter\u00e9 korek\u010dn\u00ed mechanismy, z t\u011bch pozm\u011b\u0148ovac\u00edch n\u00e1vrh\u016f? Je tam n\u011bjak\u00fd prostor?<\/p>\n\n\n\n<p>Marian JURE\u010cKA,&nbsp;<strong>ministr<\/strong><strong>pr\u00e1ce<\/strong>&nbsp;a soci\u00e1ln\u00edch v\u011bc\u00ed \u010cR<br \/>N\u00e1s te\u010f u\u017e \u010dek\u00e1 vlastn\u011b z\u00e1v\u011bre\u010dn\u00e9 t\u0159et\u00ed \u010dten\u00ed, tento t\u00fdden ve st\u0159edu. Mus\u00edm \u0159\u00edct, \u017ee ty n\u00e1vrhy, kter\u00e9 navrhuje opozice, by znamenaly, \u017ee vlastn\u011b ten koncept cel\u00e9 t\u00e9 d\u016fchodov\u00e9 reformy a ta opat\u0159en\u00ed, kter\u00e1 d\u011bl\u00e1me pr\u00e1v\u011b proto, aby byly d\u016fstojn\u00e9 d\u016fchody i pro budouc\u00ed d\u016fchodce, tedy d\u011bti dne\u0161n\u00edch a vnou\u010data dne\u0161n\u00edch d\u016fchodc\u016f. Tak by vlastn\u011b tato na\u0161e ambice vlastn\u011b byla vnive\u010d. My se opravdu sna\u017e\u00edme t\u011bmito zm\u011bnami, kter\u00e9 m\u011bly se ud\u011blat d\u0159\u00edve, pak by mo\u017en\u00e1 jsme mohli rozlo\u017eit v\u00edce v \u010dase a byly by m\u00e9n\u011b, \u0159ekn\u011bme, komplikovan\u00e9, ale toto v\u0161echno d\u011bl\u00e1me pro to, aby dobr\u00e9 d\u016fchody m\u011bly i na\u0161e d\u011bti, i na\u0161e vnou\u010data, nebo respektive d\u011bti a vnou\u010data sou\u010dasn\u00fdch d\u016fchodc\u016f.<\/p>\n\n\n\n<p>Martin \u0158EZN\u00cd\u010cEK, moder\u00e1tor \u010cT<br \/>To znamen\u00e1, pardon, \u017ee do toho sk\u00e1\u010du, v\u0161echny ty n\u00e1vrhy, kter\u00e9 jste&#8230;.<\/p>\n\n\n\n<p>Marian JURE\u010cKA,&nbsp;<strong>ministr<\/strong><strong>pr\u00e1ce<\/strong>&nbsp;a soci\u00e1ln\u00edch v\u011bc\u00ed \u010cR<br \/>P\u0159istoupit na \u017e\u00e1dn\u00fd ten pozm\u011b\u0148uj\u00edc\u00ed n\u00e1vrh, kter\u00e9 opozice na\u010detla, proto\u017ee v z\u00e1sad\u011b v\u0161echny jdou proti cel\u00e9mu smyslu d\u016fchodov\u00e9 reformy, kdy ta d\u016fchodov\u00e1 reforma \u0159\u00edk\u00e1, ano, mus\u00edme v n\u011bkter\u00fdch p\u0159\u00edpadech zpomalit nap\u0159\u00edklad to tempo toho r\u016fstu, ale r\u016fst bude zachov\u00e1n. Mus\u00edme nap\u0159\u00edklad pos\u00edlit n\u011bkter\u00e9 p\u0159\u00edjmy do toho syst\u00e9mu, ale z\u00e1rove\u0148 ta reforma m\u00e1 i d\u016fle\u017eit\u00e9 solid\u00e1rn\u00ed a soci\u00e1ln\u00ed a rodinn\u00e9 aspekty, nap\u0159\u00edklad pr\u00e1v\u011b tu podporu ocen\u011bn\u00ed rodi\u010dovstv\u00ed, mate\u0159stv\u00ed, ocen\u011bn\u00ed p\u00e9\u010de o osobu bl\u00edzkou a podobn\u011b.<\/p>\n\n\n\n<p>Martin \u0158EZN\u00cd\u010cEK, moder\u00e1tor \u010cT<br \/>Pane Samku, vl\u00e1da v tom, co te\u010f projedn\u00e1v\u00e1 sn\u011bmovna a k \u010demu se tady ve st\u0159edu dostane, znovu vy\u0161la odbor\u016f vst\u0159\u00edc v n\u011b\u010dem konkr\u00e9tn\u00edm?<\/p>\n\n\n\n<p>V\u00edt SAMEK, m\u00edstop\u0159edseda, \u010ceskomoravsk\u00e1 konfederace odborov\u00fdch svaz\u016f<br \/>No, rozhodn\u011b ne, tam, my jsme s vl\u00e1dou v nesouladu v tom, \u017ee si mysl\u00edme, \u017ee n\u011bkter\u00e9 kroky se d\u011blaly v opa\u010dn\u00e9m po\u0159ad\u00ed. My u\u017e m\u00e1me d\u00e1vno z \u00famluvy 128 z\u00e1vazek, aby v p\u0159\u00edpad\u011b, \u017ee v\u011bkov\u00e1 hranice v zemi 65 let, aby se upravila mo\u017enost odej\u00edt do d\u0159\u00edv\u011bj\u0161\u00edho odchodu do d\u016fchodu pro lidi, kte\u0159\u00ed vykon\u00e1vaj\u00ed nam\u00e1hav\u00e9 a zdrav\u00ed \u0161kodliv\u00e9 pr\u00e1ce. Ten z\u00e1vazek u\u017e je tady \u0159adu let, nen\u00ed vinou pana ministra, \u017ee nebyl spln\u011bn. Ale tady by se m\u011bl splnit a my se zase te\u010f nar\u00e1\u017e\u00edme na to, \u017ee d\u0159\u00edve, ne\u017e se spln\u00ed ten po\u017eadavek, aby nebyli trest\u00e1ni ty lidi, kte\u0159\u00ed z objektivn\u00edch d\u016fvod\u016f zdrav\u00ed, \u0161kodlivosti a nam\u00e1havosti pr\u00e1ce nem\u016f\u017eou dos\u00e1hnout toho d\u016fchodov\u00e9ho v\u011bku, tak se ud\u011bl\u00e1 po\u0161kozen\u00ed d\u0159\u00edv\u011bj\u0161\u00edho odchodu pro ty, kte\u0159\u00ed nemaj\u00ed obecn\u011b \u017e\u00e1dn\u00fd zvl\u00e1\u0161tn\u00ed d\u016fvod. Tak\u017ee za t\u00e9to situace, kdy\u017e bude nucen te\u010f do t\u00e9 doby, ne\u017e se p\u0159ijme ta \u00faprava, po kter\u00e9 vol\u00e1me, kdy\u017e bude nucen takov\u00fd \u010dlov\u011bk odej\u00edt do d\u016fchodu, tak p\u0159ijde a\u017e o 20 % v\u00fd\u0161e sv\u00e9ho d\u016fchodu. To pova\u017eujeme za nespr\u00e1vn\u00e9. Pane minist\u0159e, tak to je, tak to tam m\u00e1te napsan\u00e9.<\/p>\n\n\n\n<p>Martin \u0158EZN\u00cd\u010cEK, moder\u00e1tor \u010cT<br \/>Pane minist\u0159e, pros\u00edm.<\/p>\n\n\n\n<p>Marian JURE\u010cKA,&nbsp;<strong>ministr<\/strong><strong>pr\u00e1ce<\/strong>&nbsp;a soci\u00e1ln\u00edch v\u011bc\u00ed \u010cR<br \/>Pokud se pod\u00edv\u00e1me na ty podm\u00ednky, kter\u00e9 upravujeme, tak my \u0159\u00edk\u00e1me, \u017ee ten p\u0159ed\u010dasn\u00fd odchod do d\u016fchodu bude vyu\u017eiteln\u00fd, s ur\u010dit\u00fdm zp\u0159\u00edsn\u011bn\u00edm to souhlas\u00edm, ale to zp\u0159\u00edsn\u011bn\u00ed je 1,5 % kr\u00e1cen\u00ed za ka\u017ed\u00fdch 90 dn\u016f, kdy ten \u010dlov\u011bk p\u0159ich\u00e1z\u00ed do toho p\u0159ed\u010dasn\u00e9ho d\u016fchodu d\u0159\u00edve. Podm\u00ednka, kter\u00e1 tam je, aby ten \u010dlov\u011bk m\u011bl odpracov\u00e1no 40 let, je podm\u00ednka, kterou dneska v z\u00e1sad\u011b ka\u017ed\u00fd starobn\u00ed d\u016fchodce spl\u0148uje, proto\u017ee dneska lid\u00e9, kte\u0159\u00ed odch\u00e1z\u00ed do b\u011b\u017en\u00e9ho starobn\u00edho d\u016fchodu, odch\u00e1zej\u00ed pot\u00e9, co maj\u00ed odpracov\u00e1no 44,5 roku. A pak je tam podm\u00ednka, kter\u00e1 je\u0161t\u011b \u0159\u00edk\u00e1, \u017ee do doby, ne\u017e bude m\u00edt ten \u010dlov\u011bk n\u00e1rok na ten \u0159\u00e1dn\u00fd starobn\u00ed d\u016fchod, tak se mu ta z\u00e1sluhov\u00e1 \u010d\u00e1st nevalorizuje, bude se valorizovat ta \u010d\u00e1st z\u00e1kladn\u00ed, to nejsou podm\u00ednky, kter\u00e9 by opravdu n\u011bjak\u00fdm zp\u016fsobem dramaticky toho \u010dlov\u011bka znev\u00fdhod\u0148ovali.<\/p>\n\n\n\n<p>Martin \u0158EZN\u00cd\u010cEK, moder\u00e1tor \u010cT<br \/>Tomu ale skute\u010dn\u011b, tak my jsme v 90, kter\u00e1 p\u0159edch\u00e1zela Ud\u00e1lostem koment\u00e1\u0159\u016f, m\u011bli koment\u00e1\u0159, kter\u00fd zn\u011bl v tom smyslu, \u017ee ty podm\u00ednky pro znev\u00fdhodn\u011bn\u00ed d\u0159\u00edv\u011bj\u0161\u00edho odchodu do d\u016fchodu jsou v \u010cesk\u00e9 republice, tak, jak je vy navrhujete, jedny z nejp\u0159\u00edsn\u011bj\u0161\u00edch v Evrop\u011b v\u016fbec.<\/p>\n\n\n\n<p>Marian JURE\u010cKA,&nbsp;<strong>ministr<\/strong><strong>pr\u00e1ce<\/strong>&nbsp;a soci\u00e1ln\u00edch v\u011bc\u00ed \u010cR<br \/>Kdy\u017e se pod\u00edv\u00e1me do ostatn\u00edch st\u00e1t\u016f, a\u0165 u\u017e se d\u00edv\u00e1me na z\u00e1pad nebo i do okol\u00ed st\u0159edn\u00ed Evropy, tak naprost\u00e1 v\u011bt\u0161ina st\u00e1t\u016f dnes tak\u00e9 projedn\u00e1v\u00e1 a \u0159e\u0161\u00ed zm\u011bny v d\u016fchodov\u00e9m syst\u00e9mu a \u0159e\u0161\u00ed d\u016fchodovou reformu. My jsme s velkou \u010d\u00e1st\u00ed z t\u011bch st\u00e1t\u016f samoz\u0159ejm\u011b v komunikaci.<\/p>\n\n\n\n<p>Martin \u0158EZN\u00cd\u010cEK, moder\u00e1tor \u010cT<br \/>Ale p\u0159ipou\u0161t\u00edte, \u017ee ty podm\u00ednky jsou jedny z nejtvrd\u0161\u00edch?<\/p>\n\n\n\n<p>V\u00edt SAMEK, m\u00edstop\u0159edseda, \u010ceskomoravsk\u00e1 konfederace odborov\u00fdch svaz\u016f<br \/>19 % minus.<\/p>\n\n\n\n<p>Marian JURE\u010cKA,&nbsp;<strong>ministr<\/strong><strong>pr\u00e1ce<\/strong>&nbsp;a soci\u00e1ln\u00edch v\u011bc\u00ed \u010cR<br \/>J\u00e1 se popros\u00edm nesk\u00e1kejte mi do \u0159e\u010di, pane m\u00edstop\u0159edsedo, d\u011bkuju. A z\u00e1rove\u0148 ale tady nav\u00e1\u017eu na to, co \u0159\u00edkal pan m\u00edstop\u0159edseda Samek. To nen\u00ed, \u017ee bychom to d\u011blali v opa\u010dn\u00e9m po\u0159ad\u00ed, to se d\u011bl\u00e1 v z\u00e1sad\u011b ve stejn\u00e9m \u010dase, jenom ta \u00fa\u010dinnost tohohle opat\u0159en\u00ed je mo\u017en\u00e1 od 1. 1. 2025, a to je to, \u017ee vl\u00e1da zavede ty p\u0159ed\u010dasn\u00e9 odchody u n\u00e1ro\u010dn\u00fdch profes\u00ed, kde nebude kr\u00e1cen\u00ed, kde opravdu u lid\u00ed, kte\u0159\u00ed pracovali fyzicky v n\u00e1ro\u010dn\u00fdch oborech nebo profes\u00edch, tak abychom tady tento instrument zavedli. Ostatn\u011b dneska u\u017e ho m\u00e1me, od 1. ledna tohoto roku jsme ho zavedli pro zdravotnick\u00e9 z\u00e1chran\u00e1\u0159e a hasi\u010de. Tak\u017ee u\u017e ten institut dneska z\u00e1kon zn\u00e1, ten princip tady je a my ho roz\u0161\u00ed\u0159\u00edme o ten v\u00fd\u010det profes\u00ed, na kter\u00e9m dneska nebo v t\u011bchto m\u011bs\u00edc\u00edch pracujeme, abychom ho opravdu po t\u00e9 odborn\u00e9 str\u00e1nce dot\u00e1hli.<\/p>\n\n\n\n<p>Martin \u0158EZN\u00cd\u010cEK, moder\u00e1tor \u010cT<br \/>Pan\u00ed P\u00edchov\u00e1, kdy\u017e se bav\u00edme o podm\u00ednk\u00e1ch p\u0159ed\u010dasn\u00e9ho odchodu do d\u016fchodu. Jsou ty navrhovan\u00e9 zm\u011bny krokem spr\u00e1vn\u00fdm sm\u011brem? Nebo se tady ten \u0161roub utahuje p\u0159\u00edli\u0161.<\/p>\n\n\n\n<p>P\u00cdCHOV\u00c1, hlavn\u00ed analyti\u010dka, Cyrrus<br \/>\u010c\u00e1ste\u010dn\u011b je to ten krok spr\u00e1vn\u00fdm sm\u011brem, proto\u017ee samoz\u0159ejm\u011b p\u0159ed\u010dasn\u00fd odchod do p\u0159ed\u010dasn\u00e9ho d\u016fchodu znamen\u00e1, \u017ee v syst\u00e9mu chyb\u00ed ti pl\u00e1tci, kte\u0159\u00ed do toho pr\u016fb\u011b\u017en\u00e9ho syst\u00e9mu ty sv\u00e9 prost\u0159edky odv\u00e1d\u00ed a naopak p\u0159ib\u00fdv\u00e1 t\u011bch, kte\u0159\u00ed z toho syst\u00e9mu \u010derpaj\u00ed a je to tedy pro cel\u00fd ten d\u016fchodov\u00fd syst\u00e9m v\u011bt\u0161\u00ed z\u00e1t\u011b\u017e. Tak\u017ee ty kroky, kter\u00e9 se d\u011bjou, co se t\u00fd\u010de p\u0159ed\u010dasn\u00fdch d\u016fchod\u016f, tak jdou ur\u010dit\u011b spr\u00e1vn\u00fdm sm\u011brem, proto\u017ee i ty odchody do toho p\u0159ed\u010dasn\u00e9ho d\u016fchodu jsou v \u010cesku, co se t\u00fd\u010de Evropy, tak prozat\u00edm byly pom\u011brn\u011b, pom\u011brn\u011b rozvoln\u011bn\u00e9, tak\u017ee tady bych to ozna\u010dila za krok spr\u00e1vn\u00fdm sm\u011brem. Na zlep\u0161en\u00ed udr\u017eitelnosti cel\u00e9ho syst\u00e9mu.<br \/><br \/>Martin \u0158EZN\u00cd\u010cEK, moder\u00e1tor \u010cT<br \/>Pane Samku, vy jste cht\u011bl je\u0161t\u011b reagovat, sk\u00e1kal jste do \u0159e\u010di panu ministrovi, tak pros\u00edm.<br \/><br \/>V\u00edt SAMEK, m\u00edstop\u0159edseda, \u010ceskomoravsk\u00e1 konfederace odborov\u00fdch svaz\u016f<br \/>J\u00e1 jsem cht\u011bl jenom p\u0159ipomenout, ty zm\u011bny jsou provedeny skute\u010dn\u011b zm\u011bnou parametr\u016f ke zhor\u0161en\u00ed. Mus\u00edme \u0159\u00edkat v\u011bci lidem, aby jim rozum\u011bli. J\u00e1 rozum\u00edm, \u017ee pan ministr \u0159\u00edk\u00e1, prov\u00e1d\u011bj\u00ed se tam n\u011bkter\u00e9 zm\u011bny proti st\u00e1vaj\u00edc\u00ed, pane minist\u0159e, proti st\u00e1vaj\u00edc\u00ed \u00faprav\u011b d\u0159\u00edv\u011bj\u0161\u00edho odchodu do starobn\u00edho d\u016fchodu je ta nov\u00e1 m\u00e9n\u011b v\u00fdhodn\u00e1, to znamen\u00e1, ty lidi m\u00edsto p\u011bti let d\u0159\u00edve, jenom t\u0159i roky. A celkov\u00e1 nejhor\u0161\u00ed nebo dopad m\u016f\u017ee b\u00fdt a\u017e minus 19 %, \u010dili je to pom\u011brn\u011b v\u00fdznamn\u00e9 zhor\u0161en\u00ed, proto jsme kladli d\u016fraz na to, aby v t\u00e9 dob\u011b ji\u017e tady byla ta varianta pro ty lidi v t\u011bch rizikov\u00fdch profes\u00edch. To tak prost\u011b je.<br \/><br \/>Martin \u0158EZN\u00cd\u010cEK, moder\u00e1tor \u010cT<br \/>Pane Samku, ale ch\u00e1pete ten z\u00e1kladn\u00ed argument t\u011bch pen\u011bz, kter\u00e9 nejsou nekone\u010dn\u00e9?<br \/><br \/>V\u00edt SAMEK, m\u00edstop\u0159edseda, \u010ceskomoravsk\u00e1 konfederace odborov\u00fdch svaz\u016f<br \/>Ten argument se d\u00e1 op\u0159\u00edt tak\u00e9 o tento graf, kdyby ho dok\u00e1zali va\u0161i kolegov\u00e9 p\u0159ijmout. To je graf, kter\u00fd ukazuje d\u011blbu nov\u011b vytvo\u0159en\u00e9 hodnoty, \u010dili jestli\u017ee se nov\u011b vytvo\u0159\u00ed hodnota, tak se u n\u00e1s rozd\u011bluje tak a na tom grafu vid\u00edte dv\u011b k\u0159ivky. A ta jasn\u011b ukazuje, \u017ee dneska se fand\u00ed v\u00edce kapit\u00e1lu, on si p\u0159isvoj\u00ed daleko v\u00edce z nov\u011b vytvo\u0159en\u00e9 hodnoty a daleko m\u00e9n\u011b p\u0159ich\u00e1z\u00ed na mzdovou oblast. To se pak projev\u00ed t\u00edm, \u017ee mzdy klesaj\u00ed. V d\u016fsledku toho i pojistn\u00e9 odv\u00e1d\u011bn\u00e9 do v\u0161ech soci\u00e1ln\u00edch syst\u00e9m\u016f je ni\u017e\u0161\u00ed, ne\u017e by mohlo b\u00fdt, kdybychom ty syst\u00e9my m\u011bly nastaveny l\u00e9pe. Tak\u017ee to jsou v\u011bci, kter\u00e9 souvis\u00ed samoz\u0159ejm\u011b s \u0161ir\u0161\u00ed debatou, jestli t\u011bch st\u00e1vaj\u00edc\u00edch dneska 8,3 % nebo \u010dty\u0159i, kter\u00e9 se vyd\u00e1vaj\u00ed na d\u016fchody, je dost. Jestli si tato zem\u011b m\u016f\u017ee dovolit v\u00edce, nebo nem\u016f\u017ee, a to ve st\u0159edn\u011bdob\u00e9m i dlouhodob\u00e9m horizontu, a to je samoz\u0159ejm\u011b vrcholn\u011b politick\u00e1 ot\u00e1zka. J\u00e1 rozum\u00edm tomu, \u017ee kdy\u017e jste dneska sou\u010d\u00e1st\u00ed pravicov\u011b sm\u00fd\u0161lej\u00edc\u00ed vl\u00e1dy, tak samoz\u0159ejm\u011b ta \u0159\u00edk\u00e1, ned\u00e1me v\u00edc ne\u017e tyto pen\u00edze.<br \/><br \/>Martin \u0158EZN\u00cd\u010cEK, moder\u00e1tor \u010cT<br \/>Z\u00e1kladn\u00ed ot\u00e1zka je, co si st\u00e1t m\u016f\u017ee dovolit.<br \/><br \/>Marian JURE\u010cKA,\u00a0<strong>ministr<\/strong>\u00a0<strong>pr\u00e1ce<\/strong>\u00a0a soci\u00e1ln\u00edch v\u011bc\u00ed \u010cR<br \/>Ano, j\u00e1 si to m\u016f\u017eu, j\u00e1 jsem to vydr\u017eel doposud nesk\u00e1kat do \u0159e\u010di a te\u010f dovol\u00edm \u0159\u00edci to podstatn\u00e9, co tady bohu\u017eel nezazn\u011blo. My jsme v situaci, kdy u\u017e 30 let v\u00edme, \u017ee se n\u00e1m dramaticky zhor\u0161ila porodnost. Prost\u011b tato spole\u010dnost vym\u00edr\u00e1, m\u00e1me m\u00e9n\u011b d\u011bt\u00ed, ne\u017e m\u011bli na\u0161i rodi\u010de nebo prarodi\u010de. Do\u017e\u00edv\u00e1me se z\u00e1rove\u0148 del\u0161\u00edho v\u011bku, p\u0159ich\u00e1z\u00edme pozd\u011bji na trh pr\u00e1ce, a proto z t\u011bchto z\u00e1sadn\u00edch d\u016fvod\u016f, kdy se zm\u011bnily ty podm\u00ednky, kter\u00e9 po desetilet\u00ed byly jin\u00e9, kdy p\u0159ed 50, 60, 70 lety byla opravdu jin\u00e1 porodnost, tak proto mus\u00edme tyto zm\u011bny ud\u011blat. M\u016f\u017eeme se tady bavit o v\u00fd\u0161i mezd a plat\u016f te\u010f nebo v budoucnu, p\u0159esto v\u0161echno, i kdy\u017e dok\u00e1\u017eeme dok\u00e1zat zajistit dostatek pracovn\u00ed s\u00edly, t\u0159eba d\u00edky tomu, \u017ee ti lid\u00e9 p\u0159ijdou ze zahrani\u010d\u00ed nebo \u010d\u00e1st z nich tady z\u016fstane, tak p\u0159esto t\u00edm nevy\u0159e\u0161\u00edme ten dramatick\u00fd probl\u00e9m, kter\u00fd u\u017e nastal p\u0159ed 30 lety, \u017ee prost\u011b n\u00e1m chyb\u00ed ti budouc\u00ed pl\u00e1tci. Ti, kte\u0159\u00ed ka\u017ed\u00fd m\u011bs\u00edc odvedou ty pen\u00edze, aby je dal\u0161\u00ed m\u011bs\u00edc ten st\u00e1t mohl p\u0159erozd\u011blit t\u011bm rodi\u010d\u016fm a prarodi\u010d\u016fm. A tento probl\u00e9m \u0159e\u0161\u00edme t\u00edm, aby byl udr\u017eiteln\u00fd ten syst\u00e9m, \u017ee ano, to tempo toho n\u00e1r\u016fstu zbr\u017e\u010fujeme o n\u011bco. P\u0159esto ty d\u016fchody st\u00e1le porostou, porostou pln\u011b o inflaci, ale nem\u016f\u017eeme si d\u00edky t\u011bmto z\u00e1kladn\u00edm d\u016fvod\u016fm, kter\u00e9 jsem uvedl, dovolit \u017e\u00edt v tom syst\u00e9mu tak obrovsk\u00fdm zp\u016fsobem na dluh. Jenom v leto\u0161n\u00edm roce, p\u0159ipom\u00edn\u00e1m pro div\u00e1ky, deficit toho syst\u00e9mu, rozd\u00edl mezi t\u00edm, co vybereme a t\u00edm, co d\u00e1me na d\u016fchody, bude p\u0159es 80 miliard korun. Kdy\u017e nic neud\u011bl\u00e1me v roce 2050, za jeden rok ten rozd\u00edl bude 350 miliard korun.<br \/><br \/>Martin \u0158EZN\u00cd\u010cEK, moder\u00e1tor \u010cT<br \/>Te\u010f to vid\u00edme p\u0159\u00edmo i na grafice. Ale poj\u010fme se pod\u00edvat&#8230;<br \/><br \/>Marian JURE\u010cKA,\u00a0<strong>ministr<\/strong>\u00a0<strong>pr\u00e1ce<\/strong>\u00a0a soci\u00e1ln\u00edch v\u011bc\u00ed \u010cR<br \/>To jsou ty z\u00e1sadn\u00ed d\u016fvody, \/nesrozumiteln\u00e9\/ Kter\u00e9 opravdu jako nelze opomenout a nem\u016f\u017eeme tady odkazovat, jestli n\u011bco vy\u0159e\u0161\u00ed ot\u00e1zka v\u00fd\u0161e a r\u016fstu mezd, nevy\u0159e\u0161\u00ed ten z\u00e1kladn\u00ed deficitn\u00ed struktur\u00e1ln\u00ed probl\u00e9m.<br \/><br \/>Martin \u0158EZN\u00cd\u010cEK, moder\u00e1tor \u010cT<br \/>Poj\u010fme se pod\u00edvat p\u0159ehledn\u011b te\u010f na n\u011bkter\u00e9 parametry zm\u011bn, kter\u00e9 vl\u00e1da v penzi chyst\u00e1, l\u00e9pe \u0159e\u010deno, v t\u011bch penz\u00edch. V\u011bk odchodu do d\u016fchodu se m\u00e1 nastavit podle o\u010dek\u00e1van\u00e9 doby do\u017eit\u00ed ka\u017ed\u00fdm rokem lidem, kter\u00fdm bude 50 let. Lid\u00e9 by v d\u016fchodu m\u011bli str\u00e1vit pr\u016fm\u011brn\u011b 21,5 roku. A nov\u00e9 penze porostou pomaleji za dek\u00e1du m\u00edsto o 12 000 o 10 000. zv\u00fd\u0161it by se m\u011bl garantovan\u00fd d\u016fchod, m\u011bl by \u010dinit p\u011btinu pr\u016fm\u011brn\u00e9 mzdy m\u00edsto nyn\u011bj\u0161\u00ed desetiny. Po\u010d\u00edt\u00e1 se i s d\u0159\u00edv\u011bj\u0161\u00edmi penzemi pro n\u00e1ro\u010dn\u00e9 profese, o tom jsme u\u017e hovo\u0159ili atak\u00e9 se zp\u0159\u00edsn\u011bn\u00edm p\u0159ed\u010dasn\u00fdch d\u016fchod\u016f. I t\u00e9ma, kter\u00e9ho jsme se dotkli. Pane minist\u0159e, vy m\u00e1te harmonogram pro tyhlety, \u0159ekn\u011bme, to, co naz\u00fdv\u00e1te vl\u00e1da reformou, m\u00e1te stanoven tak, \u017ee by parlament se m\u011bl jimi zab\u00fdvat v prvn\u00ed pololet\u00ed p\u0159\u00ed\u0161t\u00edho roku. Do t\u00e9 doby samoz\u0159ejm\u011b p\u0159edstav\u00edte podrobn\u011bji, p\u0159edstav\u00edte, schv\u00e1l\u00edte na vl\u00e1d\u011b a douf\u00e1te, \u017ee v\u00e1m je potom parlament schv\u00e1l\u00ed. Na tomhle tom, na tomhle tom harmonogramu se n\u011bco m\u011bn\u00ed nebo z\u016fst\u00e1v\u00e1, tak, jak jsem ho zm\u00ednil?<br \/><br \/>Marian JURE\u010cKA,\u00a0<strong>ministr<\/strong>\u00a0<strong>pr\u00e1ce<\/strong>\u00a0a soci\u00e1ln\u00edch v\u011bc\u00ed \u010cR<br \/>Ten harmonogram je od po\u010d\u00e1tku vl\u00e1dy stejn\u00fd, my ho dodr\u017eujeme p\u0159es v\u0161echny ostatn\u00ed okolnosti a priority, kter\u00e9 tady jsou, po\u010d\u00edt\u00e1me s t\u00edm opravdu, \u017ee v prvn\u00edm polet\u00ed p\u0159\u00ed\u0161t\u00edho roku u\u017e by toto m\u011bl projedn\u00e1vat parlament. A co chci tady podotknout, a to je pro mne jako pro p\u0159edsedu Lidovc\u016f opravdu, v z\u00e1sad\u011b d\u016fle\u017eit\u00e9. My v t\u00e9 d\u016fchodov\u00e9 reform\u011b \u0159e\u0161\u00edme i to, abychom podpo\u0159ili a ocenili mate\u0159stv\u00ed a rodi\u010dovstv\u00ed. Ocenili poprv\u00e9 vlastn\u011b v syst\u00e9mu d\u016fchodov\u00e9m z\u00e1sluhu nejenom za to, jak dlouho a kolik \u010dlov\u011bk vyd\u011bl\u00e1val, ale tak\u00e9, \u017ee vychoval ty d\u011bti, \u017ee stav\u00ed n\u011bkoho za sebe do toho pr\u016fb\u011b\u017en\u00e9ho syst\u00e9mu, kter\u00fd bude schopen v budoucnu generovat ty p\u0159\u00edjmy, ty odvody pro ten st\u00e1t. Jenom podotknu, to nen\u00ed jenom probl\u00e9m pr\u016fb\u011b\u017en\u00e9ho syst\u00e9mu d\u016fchodov\u00e9ho, ten stejn\u00fd probl\u00e9m za\u010dne d\u0159\u00edve \u010di pozd\u011bji a u\u017e dneska \u0159e\u0161\u00ed zdravotn\u00ed syst\u00e9m, \u0159e\u0161\u00ed to obecn\u011b probl\u00e9m na trhu pr\u00e1ce atd.<br \/><br \/>Martin \u0158EZN\u00cd\u010cEK, moder\u00e1tor \u010cT<br \/>Vy jste p\u0159edeslal, \u017ee v\u011bt\u0161ina z\u00e1kon\u016f, kter\u00e9 do reformy spadaj\u00ed, tak bude \u00fa\u010dinn\u00e1 v ide\u00e1ln\u00edm p\u0159\u00edpad\u011b od 1. ledna. 2025, pokud v\u00e1m to samoz\u0159ejm\u011b parlament schv\u00e1l\u00ed. 2-3 opat\u0159en\u00ed a\u017e od roku 26 nebo 27, o co p\u0159esn\u011b jde?<br \/><br \/>Marian JURE\u010cKA,\u00a0<strong>ministr<\/strong>\u00a0<strong>pr\u00e1ce<\/strong>\u00a0a soci\u00e1ln\u00edch v\u011bc\u00ed \u010cR<br \/>Tam s vysokou pravd\u011bpodobnost\u00ed o rok nebo o dva bude pozd\u011bji v \u00fa\u010dinnosti ten rodinn\u00fd vym\u011b\u0159ovac\u00ed z\u00e1klad, kter\u00fd vlastn\u011b ocen\u00ed pr\u00e1v\u011b to mate\u0159stv\u00ed, rodi\u010dovstv\u00ed, proto\u017ee tam je to n\u00e1ro\u010dn\u011bj\u0161\u00ed na, \u0159ekn\u011bme, datov\u00e9 podklady a nastaven\u00ed IT syst\u00e9mu \u010desk\u00e9 spr\u00e1vy soci\u00e1ln\u00edho zabezpe\u010den\u00ed. A samoz\u0159ejm\u011b ot\u00e1zka, jak rychle a jak zp\u011btn\u011b dok\u00e1\u017eeme zase i v t\u011bch datech nap\u0159\u00edklad nastavit ty p\u0159ed\u010dasn\u00e9 odchody pro ty n\u00e1ro\u010dn\u00e9 profese. Tam tak\u00e9 zva\u017eujeme, jestli to je stihnuteln\u00e9 p\u0159\u00edmo od 1. 1. 2025.<br \/><br \/>V\u00edt SAMEK, m\u00edstop\u0159edseda, \u010ceskomoravsk\u00e1 konfederace odborov\u00fdch svaz\u016f<br \/>\u010cili d\u00e1v\u00e1te mi zapravdu.<br \/><br \/>Marian JURE\u010cKA,\u00a0<strong>ministr<\/strong>\u00a0<strong>pr\u00e1ce<\/strong>\u00a0a soci\u00e1ln\u00edch v\u011bc\u00ed \u010cR<br \/>2026. No, j\u00e1 jenom \u0159eknu, vy upozorn\u011bte na n\u011bco, co tady p\u0159ed m\u00fdm p\u0159edch\u016fdcem, vy jste to \u0159ekl spr\u00e1vn\u011b, ano, 15, 20 let ne\u0159e\u0161ili. Tak doh\u00e1n\u00edm ten dluh. \u0158e\u0161\u00edme to, co tady nebyla odvaha posunout kup\u0159edu, ale prost\u011b d\u016fle\u017eit\u00e9 je, \u017ee to po t\u011bch 15, 20 letech kone\u010dn\u011b, kone\u010dn\u011b zrealizujeme.<br \/><br \/>Martin \u0158EZN\u00cd\u010cEK, moder\u00e1tor \u010cT<br \/>K tomu hned dostanete, dostanete prostor pane Samku. Pan\u00ed P\u00edchov\u00e1, kdy\u017e pou\u017eiju slova pana ministra, kter\u00e1 pr\u00e1v\u011b pronesl, doh\u00e1n\u00edme ten dluh dostate\u010dn\u011b rychle t\u00edmto n\u00e1vrhem?<br \/><br \/>Anna P\u00cdCHOV\u00c1, hlavn\u00ed analyti\u010dka, Cyrrus<br \/>Ten dluh, kter\u00fd tady vznikl za to, \u017ee jsme n\u011bjak\u00fdch 10, 20 let posledn\u00edch tu reformu neud\u011blali, tak je opravdu velik\u00fd. My \u010d\u00e1ste\u010dn\u011b tady t\u011bma zm\u011bnama, t\u011bmi, \u017ee upravujeme parametry toho sou\u010dasn\u00e9ho d\u016fchodov\u00e9ho syst\u00e9mu, tak malinko ten dluh doh\u00e1n\u00edme, nicm\u00e9n\u011b i tak i p\u0159esto, \u017ee se vlastn\u011b sna\u017e\u00edme n\u011bjak\u00e1 opat\u0159en\u00ed d\u011blat, tak p\u0159esto naraz\u00edme na to, \u017ee zhruba v t\u011bch pades\u00e1t\u00fdch letech ten d\u016fchodov\u00fd syst\u00e9m bude ve velk\u00fdch deficitech i p\u0159esto, \u017ee tady ta opat\u0159en\u00ed zavedena jsou. A tud\u00ed\u017e ty penze t\u011bch sou\u010dasn\u00fdch prost\u011b t\u0159ic\u00e1tn\u00edk\u016f, \u010dty\u0159ic\u00e1tn\u00edk\u016f p\u016fjdou v\u00fdrazn\u011b dol\u016f. My se te\u010fka bav\u00edme, \u017ee vlastn\u011b ten n\u00e1hradov\u00fd pom\u011br je n\u011bco okolo 50 %, to znamen\u00e1, pr\u016fm\u011brn\u00fd d\u016fchodce bere zhruba polovinu pr\u016fm\u011brn\u00e9 mzdy a vlastn\u011b pro ty dne\u0161n\u00ed dvac\u00e1tn\u00edky, t\u0159ic\u00e1tn\u00edky, \u010dty\u0159ic\u00e1tn\u00edky to bude o hodn\u011b m\u00e9n\u011b. Budeme se pohybovat n\u011bkde 35 % zhruba, tak\u017ee tady vid\u00edme, \u017ee dojde opravdu prost\u011b k tomu dramatick\u00e9mu poklesu, proto\u017ee v tom d\u016fchodov\u00e9m syst\u00e9mu nebude dostatek prost\u0159edk\u016f pro to, aby vlastn\u011b i ty sou\u010dasn\u00e9 mlad\u00e9 generace i p\u0159esto, \u017ee cel\u00fd \u017eivot do toho syst\u00e9mu budou p\u0159isp\u00edvat, tak vlastn\u011b tam pro n\u011b nebude dostatek prost\u0159edk\u016f pro to, aby si u\u017e\u00edvali stejn\u011b vysok\u00e9 penze, jako si u\u017e\u00edvaj\u00ed sou\u010dasn\u00ed penzist\u00e9.<br \/><br \/>Martin \u0158EZN\u00cd\u010cEK, moder\u00e1tor \u010cT<br \/>Ale i po t\u011bchto zm\u011bn\u00e1ch ten dopad na ro\u010dn\u00edky, zejm\u00e9na na dvac\u00e1tn\u00edky a t\u0159ic\u00e1tn\u00edky, bude enormn\u00ed.<br \/><br \/>Anna P\u00cdCHOV\u00c1, hlavn\u00ed analyti\u010dka, Cyrrus<br \/>Je to tak. On bude i po t\u011bchhle zm\u011bn\u00e1ch, bude velk\u00fd, nicm\u00e9n\u011b ty zm\u011bny ho tro\u0161i\u010dku, tro\u0161i\u010dku sn\u00ed\u017e\u00ed. Tak\u017ee, a zase je tam jak\u00e1si v\u00fdhoda pro ty mlad\u0161\u00ed ro\u010dn\u00edky, \u017ee u\u017e to dneska v\u00edme, \u017ee k tomu dojde, tak\u017ee pom\u011brn\u011b dostate\u010dn\u00fd \u010das na to se p\u0159ipravit, \u017ee jednou prost\u011b v t\u00e9 penzi nebudeme m\u00edt tolik, co t\u0159eba maj\u00ed ti sou\u010dasn\u00ed penzist\u00e9 a \u017ee se mus\u00edme o sebe n\u011bjak prost\u011b postarat sami.<br \/><br \/>Martin \u0158EZN\u00cd\u010cEK, moder\u00e1tor \u010cT<br \/>Pane Samku, kdy\u017e sly\u0161\u00edte tyhle ty argumenty, je prostor na to, abyste prosazovali reformu takov\u00fdm zp\u016fsobem, jak byste ji v ide\u00e1ln\u00edm sv\u011bt\u011b vid\u011bli vy?<br \/><br \/>V\u00edt SAMEK, m\u00edstop\u0159edseda, \u010ceskomoravsk\u00e1 konfederace odborov\u00fdch svaz\u016f<br \/>My jsme se na reform\u011b pod\u00edleli v uplynul\u00fdch letech ve v\u0161ech t\u011bch d\u016fchodov\u00fdch komis\u00edch a nikdy jsme ne\u0161li na to, \u017ee chceme zni\u010dit tento st\u00e1t. My chceme jenom to, abychom se zachovali k na\u0161im ob\u010dan\u016fm, tak, jak n\u00e1s vyz\u00fdv\u00e1 Evropa, aby tu byly soci\u00e1ln\u011b p\u0159im\u011b\u0159en\u00e9 d\u016fchody, aby byly dlouhodob\u011b finan\u010dn\u011b udr\u017eiteln\u00e9. V tom m\u00e1me soulad, ale nesoulad m\u00e1me v tom, \u017ee v\u0161imn\u011bte si jedn\u00e9 v\u011bci, tady se mluv\u00ed v absolutn\u00edch tvrzen\u00edch o tom, \u017ee v roce 2050 bude n\u011bjak\u00e1 situace velmi \u0161patn\u00e1. P\u0159itom nejsme schopni se vypo\u0159\u00e1dat s dne\u0161n\u00ed stejn\u011b \u0161patnou situac\u00ed. Tato vl\u00e1da stoj\u00ed p\u0159ed \u00fakolem, pan ministr dneska pou\u017eil na tiskovce \u00fadaj, \u017ee ten dopad na ty d\u016fchody v tom roce 2050 by byl 300 miliard korun ro\u010dn\u00edho deficitu. 300 miliard ro\u010dn\u00edho deficitu je p\u0159ece ten deficit, kter\u00fd m\u00e1me dneska. \u010cili my \u0159\u00edk\u00e1me vl\u00e1d\u011b a op\u011bt jsme u toho opa\u010dn\u00e9ho po\u0159ad\u00ed. Poj\u010fme vy\u0159e\u0161it nejprve probl\u00e9m ve\u0159ejn\u00fdch financ\u00ed, jestli dok\u00e1\u017eete jako vl\u00e1da vy\u0159e\u0161it tento \u00fakol, je stejn\u011b z\u00e1va\u017en\u00e9 jako ty d\u016fchody za 30 let. Pak v\u0161echny dal\u0161\u00ed vl\u00e1dy vy\u0159e\u0161\u00ed ten d\u016fchod za 30 let. Dal\u0161\u00ed v\u011bc, kterou je t\u0159eba \u0159\u00edct, tady se vych\u00e1z\u00ed po\u0159\u00e1d z dat a z anal\u00fdz samoz\u0159ejm\u011b pozp\u00e1tku, ty data jsou p\u0159ed covidovou pandemi\u00ed, tady jsou te\u010f jasn\u00e9 d\u016fkazy zdravotn\u00edk\u016f, \u017ee ty p\u0159edpoklady optimistick\u00fd, jak dlouho se bude \u017e\u00edt, doznaj\u00ed zm\u011bn. My \u010dek\u00e1me a mysleli jsme, \u017ee vl\u00e1da po\u010dk\u00e1 i s tou svoj\u00ed d\u016fchodovou reformou na \u00fakol, kter\u00fd m\u00e1 dnes platn\u00e9 pr\u00e1vn\u00ed \u00fapravy, aby statistick\u00fd \u00fa\u0159ad v leto\u0161n\u00edm roce do konce roku poskytl ministerstvu pr\u00e1ce naprosto v\u011brohodn\u00e1 nov\u00e1 data o tom, co se demograficky skute\u010dn\u011b odehr\u00e1lo. To tady zat\u00edm nepadlo, pracuje se s daty p\u0159ed pandemi\u00ed a pot\u00e9 m\u00e1 ministerstvo pr\u00e1ce v p\u0159\u00ed\u0161t\u00edm roce prov\u00e9st anal\u00fdzu a popsat d\u016fsledky a dopady. Tady vl\u00e1da se tomu vyh\u00fdb\u00e1, pan ministr t\u00edm, \u017ee urychlil ve\u0161ker\u00e9 tyto kroky, tak pracujeme na z\u00e1klad\u011b star\u00fdch p\u0159edpoklad\u016f a v\u011b\u0159\u00edme tomu, \u017ee to bude i tak d\u00e1l.<br \/><br \/>Martin \u0158EZN\u00cd\u010cEK, moder\u00e1tor \u010cT<br \/>Ale argument, kter\u00fd od v\u00e1s zazn\u011bl, n\u011bkolikr\u00e1t, n\u011bkolikr\u00e1t jsem ho sly\u0161el. Pane minist\u0159e, pracujete se star\u00fdmi daty?<br \/><br \/>V\u00edt SAMEK, m\u00edstop\u0159edseda, \u010ceskomoravsk\u00e1 konfederace odborov\u00fdch svaz\u016f<br \/>To jsme si ujasnili, 2018.<br \/><br \/>Marian JURE\u010cKA,\u00a0<strong>ministr<\/strong>\u00a0<strong>pr\u00e1ce<\/strong>\u00a0a soci\u00e1ln\u00edch v\u011bc\u00ed \u010cR<br \/>Pracujeme s kvalitn\u00edmi daty, pracujeme i s daty velmi sou\u010dasn\u00fdmi. nap\u0159\u00edklad daty, kter\u00e9 \u0159\u00edkaj\u00ed, \u017ee \u010desk\u00e1 populace v produktivn\u00edm v\u011bku ztrat\u00ed a ztratila te\u010f zhruba 7 % toho produktivn\u00edho popula\u010dn\u00edho ro\u010dn\u00edku ro\u010dn\u011b, odch\u00e1zej\u00ed te\u010fka do d\u016fchodu nejsiln\u011bj\u0161\u00ed popula\u010dn\u00ed ro\u010dn\u00edky postupn\u011b. Vid\u00edme za posledn\u00ed rok a p\u016fl pokles porodnosti o 11 %, kter\u00fd je d\u00e1n d\u00edky tomu, \u017ee te\u010f za\u010daly rodit ro\u010dn\u00edky narozen\u00e9 po roce 90. To je to, co jsem tady \u0159\u00edkal v \u00favodu, tam u\u017e nastal prvn\u00ed obrovsk\u00fd demografick\u00fd zlom, kdy poklesla porodnost po roce 90 velmi v\u00fdrazn\u011b. Chyb\u00ed n\u00e1m tady 900 000 nenarozen\u00fdch d\u011bt\u00ed, kter\u00e9 se nenarodily, kte\u0159\u00ed tady logicky nebudou nejenom odv\u00e1d\u011bt odvody, ale nebudou ani m\u00edt mo\u017enost porodit tu dal\u0161\u00ed generaci, tak\u017ee to jsou &#8230;<br \/><br \/>V\u00edt SAMEK, m\u00edstop\u0159edseda, \u010ceskomoravsk\u00e1 konfederace odborov\u00fdch svaz\u016f<br \/>Sou\u010dasn\u011b se zkr\u00e1tila doba do\u017eit\u00ed o 2,5 roku, \/nesrozumiteln\u00e9\/, rozum\u00edte, to jsou zase &#8230;<br \/><br \/>Marian JURE\u010cKA, vicepremi\u00e9r,\u00a0<strong>ministr<\/strong>\u00a0<strong>pr\u00e1ce<\/strong>\u00a0a soci\u00e1ln\u00edch v\u011bc\u00ed \/KDU-\u010cSL\/<br \/>To jsou fakta. K tomu, kdy\u017e si prom\u00edtneme, \u017ee nap\u0159\u00edklad zhruba p\u0159ed 30 lety 50 % lid\u00ed pracovalo do 20 let, dneska je to zhruba zhruba jedna desetina, to jsou dal\u0161\u00ed v\u011bci, kter\u00e9 zm\u011bn\u00ed a v\u00fdrazn\u011b zm\u011bnily to, kdy ti lid\u00e9 p\u0159ich\u00e1zeli na ten trh pr\u00e1ce, ale z\u00e1rove\u0148 jsou to ty d\u016fvody, kter\u00e9 jsme taky \u0159\u00edkali, kdy\u017e p\u0159ijde n\u011bkdo pozd\u011b na trh pr\u00e1ce, tak d\u00e1v\u00e1 i ur\u010ditou logiku pro tu generaci n\u011bkdy za t\u011bch 40, 45 let, \u0159\u00edci, \u017ee kdy\u017e p\u0159ijde na trh pr\u00e1ce pozd\u011bji, v\u00fdrazn\u011b pozd\u011bji, ne\u017e jeho rodi\u010de nebo prarodi\u010de, tak\u017ee t\u0159eba d\u00e1v\u00e1 i logiku o n\u011bco m\u00e1lo o p\u00e1r m\u011bs\u00edc\u016f posunout i tu hranici, kdy ten \u010dlov\u011bk odch\u00e1z\u00ed potom do d\u016fchodu, a to jsou v\u011bci, kter\u00e9 jsou fakty a dneska v\u00edme, u kter\u00fdch nepot\u0159ebujeme \u017e\u00e1dnou predikci nebo progn\u00f3zu, to je prost\u011b realita a my nem\u016f\u017eeme st\u00e1t &#8230;<br \/><br \/>V\u00edt SAMEK, m\u00edstop\u0159edseda, \u010ceskomoravsk\u00e1 konfederace odborov\u00fdch svaz\u016f<br \/>Nebo motivovat lidi, aby \u0161li do pr\u00e1ce d\u0159\u00edve.<br \/><br \/>Marian JURE\u010cKA, vicepremi\u00e9r,\u00a0<strong>ministr<\/strong>\u00a0<strong>pr\u00e1ce<\/strong>\u00a0a soci\u00e1ln\u00edch v\u011bc\u00ed \/KDU-\u010cSL\/<br \/>J\u00e1 se samoz\u0159ejm\u011b sna\u017e\u00edm motivovat, aby ti lid\u00e9 pracovali, aby n\u00e1m pracovali i ty, kte\u0159\u00ed dneska t\u0159eba u\u017e na pracovn\u00edm trhu nejsou. K tomu d\u011bl\u00e1me kroky, podpo\u0159ili jsme \u010d\u00e1ste\u010dn\u00e9 \u00favazky a d\u011bl\u00e1me kroky na podporu mlad\u00fdch rodin, dneska jsme ozn\u00e1mili v\u00fdraznou podporu bydlen\u00ed, budeme podporovat rodiny 50 tis\u00edci korun je\u0161t\u011b speci\u00e1ln\u00edm bonusem, to v\u0161echno d\u011bl\u00e1me, ale n\u011bkter\u00e9 v\u011bci.<br \/><br \/>V\u00edt SAMEK, m\u00edstop\u0159edseda, \u010ceskomoravsk\u00e1 konfederace odborov\u00fdch svaz\u016f<br \/>Podpora za druh\u00e9 a t\u0159et\u00ed d\u00edt\u011b?<br \/><br \/>Marian JURE\u010cKA, vicepremi\u00e9r,\u00a0<strong>ministr<\/strong>\u00a0<strong>pr\u00e1ce<\/strong>\u00a0a soci\u00e1ln\u00edch v\u011bc\u00ed \/KDU-\u010cSL\/<br \/>To samoz\u0159ejm\u011b d\u011bl\u00e1me, ale n\u011bkter\u00e9 v\u011bci se staly p\u0159ed 30 lety a ty u\u017e dneska nedo\u017eeneme.<br \/><br \/>Martin \u0158EZN\u00cd\u010cEK, moder\u00e1tor<br \/>J\u00e1 bych r\u00e1d na z\u00e1v\u011br dohnal p\u0159ece jenom je\u0161t\u011b jednu v\u011bc a nav\u00e1zal bych na to, co \u0159\u00edkala pan\u00ed P\u00edchov\u00e1 p\u0159ed chv\u00edl\u00ed, to, \u017ee se lid\u00e9 o sobe budou muset starat v\u00edce mo\u017en\u00e1, ne\u017e byli zvykl\u00ed dosud. V tom n\u00e1vrhu, kter\u00fd bude projedn\u00e1vat sn\u011bmovna, vid\u00edte dostate\u010dnou pob\u00eddku pro to, aby lid\u00e9 si spo\u0159ili sami, aby se starali, aby p\u0159evzali \u010d\u00e1st odpov\u011bdnosti za ty sv\u00e9 d\u016fchody, pan\u00ed P\u00edchov\u00e1?<br \/><br \/>Anna P\u00cdCHOV\u00c1, hlavn\u00ed analyti\u010dka, Cyrrus<br \/>A \u010d\u00e1ste\u010dn\u011b zm\u011bny tam byly u toho dopl\u0148kov\u00e9ho penzijn\u00edho poji\u0161t\u011bn\u00ed, penzijn\u00edho spo\u0159en\u00ed, nicm\u00e9n\u011b ty zm\u011bny jako takov\u00e9 nevn\u00edm\u00e1m jako dostate\u010dn\u00e9 pro n\u011bjakou motivaci, proto\u017ee z\u00e1rove\u0148 chyb\u00ed i n\u011bjak\u00e1 osv\u011bta mezi lidmi, mezi tou b\u011b\u017enou populac\u00ed, kte\u0159\u00ed se v t\u011bchto v\u011bcech p\u0159\u00edli\u0161 neorientuj\u00ed. A tak nev\u00ed, jestli je pro n\u011b v\u00fdhodn\u00e9 si spo\u0159it n\u011bco, p\u0159\u00edpadn\u011b jak si spo\u0159it. Z\u00e1rove\u0148 u\u017e se tady n\u011bjakou dobu mluv\u00ed o tom dlouhodob\u00e9m investi\u010dn\u00edm produktu, d\u0159\u00edve se tomu \u0159\u00edkalo tro\u0161i\u010dku, tro\u0161i\u010dku jinak a tady zat\u00edm u toho nejsou \u017e\u00e1dn\u00fd nebo nevid\u00edm tam \u017e\u00e1dn\u00fd pokrok a pr\u00e1v\u011b tohle by tu, zvl\u00e1\u0161t\u011b tu mlad\u0161\u00ed generaci mohlo motivovat si k tomu spo\u0159en\u00ed nebo investov\u00e1n\u00ed nebo k n\u011bjak\u00e9mu vlastn\u00edmu zaji\u0161t\u011bn\u00ed se na st\u00e1\u0159\u00ed v\u00edce, proto\u017ee by to poskytlo v\u011bt\u0161\u00ed flexibilitu a z\u00e1rove\u0148 by tam bylo t\u0159eba n\u011bjak\u00e9 da\u0148ov\u00e9 zv\u00fdhodn\u011bn\u00ed a podobn\u011b. Nicm\u00e9n\u011b co fakt vn\u00edm\u00e1m, \u017ee chyb\u00ed, tak je opravdu n\u011bjak\u00e1 ta osv\u011bta a v\u00edce vysv\u011btlov\u00e1n\u00ed, pro\u010d by to ti lidi m\u011bli, m\u011bli d\u011blat, \u017ee to v\u016fbec maj\u00ed d\u011blat, \u017ee to je pro n\u011b dlouhodob\u011b dob\u0159e, aby se n\u011bjak o sebe zaj\u00edmali, zaj\u00edmali sami a v\u016fbec vysv\u011btlov\u00e1n\u00ed toho, jak v\u0161echny tyto produkty fungujou.<br \/><br \/>Martin \u0158EZN\u00cd\u010cEK, moder\u00e1tor<br \/>Pane minist\u0159e, p\u0159ipou\u0161t\u00edte deficit ve vysv\u011btlov\u00e1n\u00ed toho, \u017ee by si lid\u00e9 m\u011bli starat o sebe tak\u00e9 v\u00edce sami?<br \/><br \/>Marian JURE\u010cKA, vicepremi\u00e9r,\u00a0<strong>ministr<\/strong>\u00a0<strong>pr\u00e1ce<\/strong>\u00a0a soci\u00e1ln\u00edch v\u011bc\u00ed \/KDU-\u010cSL\/<br \/>Ur\u010dit\u011b toto je \u00fakol, kter\u00fd p\u0159ed n\u00e1mi je, mus\u00edme v tomto ohledu tu komunikaci zlep\u0161it, zlep\u0161it osv\u011btu, zlep\u0161it motivaci. My pl\u00e1nujeme je\u0161t\u011b v tom t\u0159et\u00edm pil\u00ed\u0159i ud\u011blat je\u0161t\u011b \u00fapravy v r\u00e1mci druh\u00e9ho \u010dten\u00ed tak, aby ten syst\u00e9m, \u0159ekn\u011bme, byl je\u0161t\u011b v\u00edc motivuj\u00edc\u00ed i t\u0159eba pro mlad\u00e9 lidi, pro mlad\u00e9 lidi, kte\u0159\u00ed v ten okam\u017eik zakl\u00e1daj\u00ed t\u0159eba rodiny, \u0159e\u0161\u00ed to bydlen\u00ed tak, aby u\u017e do n\u011bjak\u00e9 m\u00edry t\u0159eba jako benefit zam\u011bstnavatele mohlo vstoupit to, \u017ee on bude t\u0159eba v\u011bt\u0161\u00ed m\u00edrou kr\u00fdt ten p\u0159\u00edsp\u011bvek, i kdy\u017e t\u0159eba oni sami v ten okam\u017eik t\u0159eba je\u0161t\u011b nemohou, mohou to t\u0159eba, a\u017e to d\u00edt\u011b za\u010dne odr\u016fstat. Tak\u017ee ur\u010dit\u011b budeme cht\u00edt je\u0161t\u011b zatraktivnit i tento t\u0159et\u00ed pil\u00ed\u0159 a rozhodn\u011b i spole\u010dn\u011b s bankovn\u00edm sektorem podpo\u0159it i tu komunikaci a tu osv\u011btu.<br \/><br \/>Martin \u0158EZN\u00cd\u010cEK, moder\u00e1tor<br \/>Pane Samku, jenom na z\u00e1v\u011br, pros\u00edm.<br \/><br \/>V\u00edt SAMEK, m\u00edstop\u0159edseda, \u010ceskomoravsk\u00e1 konfederace odborov\u00fdch svaz\u016f<br \/>Ano, t\u0159et\u00ed pil\u00ed\u0159 nen\u00ed d\u016fchodov\u00fd, to je probl\u00e9m toho t\u0159et\u00edho pil\u00ed\u0159e, \u010dili ve\u0161ker\u00e1 snaha podpo\u0159it \u00faspory do n\u011bj chyb\u00ed, ten druh\u00fd drive na konci. Je t\u0159eba, aby z n\u011bj \u0161ly kone\u010dn\u011b penze, uv\u011bdomte si, ten pil\u00ed\u0159 existuje 30 let a neplod\u00ed dopl\u0148kov\u00e9 penze, pak bychom uspokojili pan\u00ed kolegyni, \u017ee ten propad t\u011bch d\u016fchod\u016f z prvn\u00edho pil\u00ed\u0159e by byl kompenzov\u00e1n t\u00edm t\u0159et\u00edm pil\u00ed\u0159em, ale k tomu nedoch\u00e1z\u00ed, ti lid\u00e9 si to vyberou jednor\u00e1zov\u011b, utrat\u00ed to jednor\u00e1zov\u011b, nen\u00ed nic a st\u00e1t do toho investoval prost\u0159edky.<br \/><br \/>Martin \u0158EZN\u00cd\u010cEK, moder\u00e1tor<br \/>Pr\u00e1v\u011b proto se bav\u00edme o zm\u011bn\u00e1ch tohle tohoto t\u0159et\u00edho pil\u00ed\u0159e.<br \/><br \/>Marian JURE\u010cKA, vicepremi\u00e9r,\u00a0<strong>ministr<\/strong>\u00a0<strong>pr\u00e1ce<\/strong>\u00a0a soci\u00e1ln\u00edch v\u011bc\u00ed \/KDU-\u010cSL\/<br \/>Kter\u00e9 p\u0159ipravujeme.<br \/><br \/>Martin \u0158EZN\u00cd\u010cEK, moder\u00e1tor<br \/>Anna P\u00edchov\u00e1, V\u00edt Samek, Marian Jure\u010dka. D\u00e1mo a p\u00e1nov\u00e9, d\u011bkuju mnohokr\u00e1t za to, \u017ee jste byli hosty Ud\u00e1lost\u00ed, koment\u00e1\u0159\u016f, hezk\u00fd ve\u010der.<br \/><\/p>\n\n\n\n<p><\/p>\n","protected":false},"excerpt":{"rendered":"<div class=\"mh-excerpt\"><p>Zhruba na 20 700 K\u010d by od ledna mohl podle\u00a0ministra\u00a0pr\u00e1ce\u00a0stoupnout pr\u016fm\u011brn\u00fd starobn\u00ed d\u016fchod. Zvy\u0161ovat se bude jenom z\u00e1kladn\u00ed v\u00fdm\u011bra, na p\u0159elomu roku p\u0159ibli\u017en\u011b o 380 <a class=\"mh-excerpt-more\" href=\"https:\/\/www.invarena.cz\/?p=40930\" title=\"D\u016fchodov\u00e1 reforma\u00a0\u00a0\">[&#8230;]<\/a><\/p>\n<\/div>","protected":false},"author":1,"featured_media":13634,"comment_status":"open","ping_status":"closed","sticky":false,"template":"","format":"standard","meta":{"footnotes":""},"categories":[1],"tags":[],"class_list":["post-40930","post","type-post","status-publish","format-standard","has-post-thumbnail","hentry","category-nezarazene"],"_links":{"self":[{"href":"https:\/\/www.invarena.cz\/index.php?rest_route=\/wp\/v2\/posts\/40930","targetHints":{"allow":["GET"]}}],"collection":[{"href":"https:\/\/www.invarena.cz\/index.php?rest_route=\/wp\/v2\/posts"}],"about":[{"href":"https:\/\/www.invarena.cz\/index.php?rest_route=\/wp\/v2\/types\/post"}],"author":[{"embeddable":true,"href":"https:\/\/www.invarena.cz\/index.php?rest_route=\/wp\/v2\/users\/1"}],"replies":[{"embeddable":true,"href":"https:\/\/www.invarena.cz\/index.php?rest_route=%2Fwp%2Fv2%2Fcomments&post=40930"}],"version-history":[{"count":0,"href":"https:\/\/www.invarena.cz\/index.php?rest_route=\/wp\/v2\/posts\/40930\/revisions"}],"wp:featuredmedia":[{"embeddable":true,"href":"https:\/\/www.invarena.cz\/index.php?rest_route=\/wp\/v2\/media\/13634"}],"wp:attachment":[{"href":"https:\/\/www.invarena.cz\/index.php?rest_route=%2Fwp%2Fv2%2Fmedia&parent=40930"}],"wp:term":[{"taxonomy":"category","embeddable":true,"href":"https:\/\/www.invarena.cz\/index.php?rest_route=%2Fwp%2Fv2%2Fcategories&post=40930"},{"taxonomy":"post_tag","embeddable":true,"href":"https:\/\/www.invarena.cz\/index.php?rest_route=%2Fwp%2Fv2%2Ftags&post=40930"}],"curies":[{"name":"wp","href":"https:\/\/api.w.org\/{rel}","templated":true}]}}