{"id":4100,"date":"2013-04-23T11:28:16","date_gmt":"2013-04-23T09:28:16","guid":{"rendered":"http:\/\/www.invarena.cz\/?p=4100"},"modified":"2013-04-23T11:31:53","modified_gmt":"2013-04-23T09:31:53","slug":"pribeh-podvedene-vozickarky","status":"publish","type":"post","link":"https:\/\/www.invarena.cz\/?p=4100","title":{"rendered":"Podveden\u00e1 voz\u00ed\u010dk\u00e1\u0159ka p\u0159i\u0161la o 80 tis\u00edc. Soudy j\u00ed nepomohly"},"content":{"rendered":"<p><strong>Na p\u0159\u00edpad podveden\u00e9 voz\u00ed\u010dk\u00e1\u0159ky upozornil po\u0159ad Report\u00e9\u0159i \u010cT. Dostala od st\u00e1tu p\u0159\u00edsp\u011bvek na n\u00e1kup auta ve v\u00fd\u0161i 80 tis\u00edc korun. O pen\u00edze ji v\u0161ak obral \u010dlov\u011bk, jemu\u017e je s d\u016fv\u011brou sv\u011b\u0159ila za slib, \u017ee j\u00ed n\u011bjak\u00e9 kvalitn\u00ed se\u017eene.<\/strong>\u00a0 <strong>Nyn\u00ed mus\u00ed \u00fa\u0159adu tuto \u010d\u00e1stku vr\u00e1tit. Soud ani policie j\u00ed nepomohly.<\/strong> \/ilustra\u010dn\u00ed foto\/<\/p>\n<p><!--more--><\/p>\n<p>Pan\u00ed Ema m\u00e1 d\u011bdi\u010dnou l\u00e1mavost kost\u00ed. Aby mohla aspo\u0148 trochu norm\u00e1ln\u011b \u017e\u00edt, pot\u0159ebuje auto. Jako voz\u00ed\u010dk\u00e1\u0159ka m\u00e1 n\u00e1rok na st\u00e1tn\u00ed p\u0159\u00edsp\u011bvek na jeho n\u00e1kup. Ten dostala, ale pak ud\u011blala v\u011bc, kterou d\u011blaj\u00ed d\u016fv\u011b\u0159iv\u00ed a poctiv\u00ed lid\u00e9. Cel\u00fdch 80 tis\u00edc sv\u011b\u0159ila bez obav \u010dlov\u011bku, kter\u00fd j\u00ed sliboval, \u017ee za jej\u00ed pen\u00edze vhodn\u00fd v\u016fz se\u017eene.<\/p>\n<p>&#8222;Za\u010dalo to t\u00edm, \u017ee jsem m\u011bla nehodu. Pak jsem \u0159e\u0161ila, co s autem. Zn\u00e1mej, ke kter\u00fdmu jsem jezdila, mi d\u011blal zrovna plecha\u0159inu, tak zase jinej m\u011b doporu\u010dil, a to bylo to osudn\u00fd, m\u011b doporu\u010dil k panu Bal\u00e1\u017eovi,&#8220; za\u010dal vypr\u00e1v\u011bt sv\u016fj p\u0159\u00edb\u011bh<br \/>\nEm\u00edlie Konvi\u010dkov\u00e1.<\/p>\n<p>Bal\u00e1\u017e m\u011bl autod\u00edlnu nedaleko Kladna a ochotn\u011b pomohl. Plechy vyklepal, dokonce se nab\u00eddl, \u017ee v\u0161e vy\u0159e\u0161\u00ed s poji\u0161\u0165ovnou. Voz\u00ed\u010dk\u00e1\u0159ka se mu zm\u00ednila, \u017ee za p\u00e1r m\u011bs\u00edc\u016f bude \u017e\u00e1dat o p\u0159\u00edsp\u011bvek na nov\u00e9 auto. BNal\u00e1\u017e se nab\u00eddl, \u017ee pom\u016f\u017ee, nebo\u0165 dov\u00e1\u017e\u00ed z ciziny.<\/p>\n<p>Pan\u00ed Ema se s panem Bal\u00e1\u017eem, kter\u00fd se tv\u00e1\u0159il jako sb\u011bhl\u00fd dovozce aut z ciziny, dohodla na dovozu auta z N\u011bmecka za pen\u00edze, kter\u00e9 dostane ze st\u00e1tn\u00edho p\u0159\u00edsp\u011bvku na n\u00e1kup auta. Celkem\u00a0 80 tis\u00edc korun dostala od Odboru soci\u00e1ln\u00edch v\u011bc\u00ed, Magistr\u00e1t m\u011bsta Kladna. A pan\u00ed Ema je panu Bal\u00e1\u017eovi p\u0159edala.<\/p>\n<p>Bal\u00e1\u017e pen\u00edze p\u0159evzal a sepsal s pan\u00ed Emou dohodu o tom, jak\u00e9 auto zajist\u00ed, za kolik a do kdy. Auto m\u011bla m\u00edt do 2 m\u011bs\u00edc\u016f. Jen\u017ee t\u00fddny ub\u00edhaly a auto nikde. Pen\u00edze nikde. Nakonec pan\u00ed Ema podala trestn\u00ed ozn\u00e1men\u00ed. Jak se pozd\u011bji uk\u00e1zalo, nebyla sama.<\/p>\n<p>&#8222;V pr\u016fb\u011bhu roku 2010 jsme obdr\u017eeli celkem od 3 po\u0161kozen\u00fdch \u017een pod\u00e1n\u00ed pro podez\u0159en\u00ed z trestn\u00e9ho \u010dinu podvodu. Od t\u011bchto po\u0161kozen\u00fdch \u017een si v\u00e1mi jmenovan\u00fd mu\u017e p\u0159evzal finan\u010dn\u00ed hotovost za \u00fa\u010delem obstar\u00e1n\u00ed vozidla. Dostal \u010d\u00e1stku t\u00e9m\u011b\u0159 400 tis\u00edc korun na tyto vozidla,&#8220; uvedla mluv\u010d\u00ed z Okresn\u00edho \u0159editelstv\u00ed Policie \u010cR Kladno Michaela Nov\u00e1kov\u00e1.<\/p>\n<p>&#8222;Nalet\u011bla jsem. J\u00e1 jsem m\u011bla pocit, \u017ee mi chce pomoct. Nebo \u017ee pochopil, jak\u00fd auto pot\u0159ebuju, nalet\u011bla jsem na to, \u017ee tu d\u00edlnu m\u011bl, u m\u011b to prost\u011b rozhodlo, \u017ee tam prost\u011b m\u011bl ty auta, \u017ee tam jezdili lidi. M\u011b nic nevarovalo,&#8220; p\u0159iznala pan\u00ed Ema.<\/p>\n<p>Ale d\u00edlna na okraji Kladna ji\u017e dnes neexistuje. Dnes ji p\u0159ipom\u00edn\u00e1 jen pl\u00e1cek pro parkovi\u0161t\u011b aut. A pana Bal\u00e1\u017ee nelze sehnat. Podnik Bal\u00e1\u017ee nebyl nikidy ani v obchodn\u00edm, ani v \u017eivnostensk\u00e9m rejst\u0159\u00edku. Jeho d\u00edlna podle nich neexistovala. Zato existovalo hl\u00e1\u0161en\u00ed na protikorup\u010dn\u00ed lince o prapodivn\u00e9m podnik\u00e1n\u00ed pana Bal\u00e1\u017ee z jara 2010, tedy je\u0161t\u011b p\u0159ed podvodem na pan\u00ed Em\u011b a dal\u0161\u00edch po\u0161kozen\u00fdch. Hl\u00e1\u0161en\u00ed bylo \u00fadajn\u011b p\u0159ed\u00e1no org\u00e1n\u016fm st\u00e1tn\u00ed spr\u00e1vy z prov\u011b\u0159en\u00ed. Policie pr\u00fd n\u011bjak\u00e9 takov\u00e9 pod\u00e1n\u00ed \u0161et\u0159ila, ale bez v\u00fdsledku. Pan Bal\u00e1\u017e tedy vedl d\u00edlnu d\u00e1l.<\/p>\n<p>&#8222;Nepoda\u0159ilo se prok\u00e1zat, \u017ee by d\u00edlnu m\u011bl za \u00fa\u010delem provozov\u00e1n\u00ed podnikatelsk\u00fdch aktivit. Opravoval tam vozidla pro sebe a pro sv\u00e9 zn\u00e1m\u00e9,&#8220; uvedla mluv\u010d\u00ed policie.<\/p>\n<p>P\u0159\u00edpad se dostal p\u0159ed Okresn\u00ed soud v Kladn\u011b v roce 2012. Ten dal panu Bal\u00e1\u017eovi podm\u00edn\u011bn\u00fd trest. Proti tomu se ale odvolal okresn\u00ed st\u00e1tn\u00ed z\u00e1stupce. P\u0159edev\u0161\u00edm proto, \u017ee pan Bal\u00e1\u017e obral o st\u00e1tn\u00ed p\u0159\u00edsp\u011bvek invalidn\u00ed d\u016fchodkyni. Ale m\u011bl k tomu je\u0161t\u011b dal\u0161\u00ed z\u00e1va\u017en\u00e9 d\u016fvody.\u00a0 Na Slovensku byl toti\u017e osmkr\u00e1t soudn\u011b trest\u00e1n, p\u0159ev\u00e1\u017en\u011b za majetkovou trestnou \u010dinnost,\u00a0 jednalo se p\u0159edev\u0161\u00edm o podvody a zpronev\u011bry.<\/p>\n<p>Krajsk\u00fd soud v Praze uznal argumenty st\u00e1tn\u00edho z\u00e1stupce z Kladna a v polovin\u011b lo\u0148sk\u00e9ho roku rozhodl pro pana Bal\u00e1\u017ee o nepodm\u00edn\u011bn\u00e9m trestu odn\u011bt\u00ed svobody na dobu 2 let.<\/p>\n<p>Rozsudek Krajsk\u00e9ho soudu v Praze nabyl pr\u00e1vn\u00ed moci. Spr\u00e1vn\u011b by tedy m\u011bl b\u00fdt pan Bal\u00e1\u017e ve v\u011bzen\u00ed. A m\u011bl by spl\u00e1cet \u0161kodu. Jen\u017ee mu soud v Kladn\u011b p\u0159id\u011blil soudn\u00edho opatrovn\u00edka, aby za n\u011bj p\u0159eb\u00edral po\u0161tu a zastupoval ho v jeho nep\u0159\u00edtomnosti. To se d\u011bl\u00e1 jen tehdy, kdy\u017e nen\u00ed jasn\u00e9 m\u00edsto pobytu hledan\u00e9 osoby. Opatrovn\u00edk mgr Ma\u0161ek v\u0161ak odm\u00edt\u00e1 sd\u011blit m\u00edsto pobytu Bal\u00e1\u017ee, proto\u017ee nem\u00e1 zmocn\u011bn\u00ed klienta.<\/p>\n<p>Podle Okresn\u00edho st\u00e1tn\u00edho zastupitelstv\u00ed v Kladn\u011b Bal\u00e1\u017e koncem lo\u0148sk\u00e9ho roku nastoupil dvoulet\u00fd trest odn\u011bt\u00ed svobody. D\u00edky amnesti\u00ed prezidenta republiky z 1. 1. 2013 v\u0161ak byl vz\u00e1p\u011bt\u00ed propu\u0161t\u011bn z v\u011bzen\u00ed na svobodu.<\/p>\n<p>Soud ani prezident V\u00e1clav Klaus v\u0161ak t\u00edmto pan\u00ed Em\u011b nijak nepomohl. Voz\u00ed\u010dk\u00e1\u0159ka te\u010f mus\u00ed \u010d\u00e1stku 80 tis\u00edc korun vr\u00e1tit. S magistr\u00e1tem se dohodla na spl\u00e1tk\u00e1ch 500 korun m\u011bs\u00ed\u010dn\u011b. Bude tak spl\u00e1cet asi 13 let. Pak teprve bude moci za\u017e\u00e1dat o nov\u00fd p\u0159\u00edsp\u011bvek na auto.<\/p>\n<p>To ale nen\u00ed v\u0161e. Policie tak\u00e9 zjistila, \u017ee dev\u011btat\u0159icetilet\u00fd ciz\u00ed st\u00e1tn\u00ed p\u0159\u00edslu\u0161n\u00edk si okop\u00edroval zdravotn\u00ed pr\u016fkaz pan\u00ed Emy a n\u00e1sledn\u011b ho zneu\u017eil p\u0159i p\u0159ihla\u0161ov\u00e1n\u00ed vozidel. Majitel\u00e9 t\u011bchto pr\u016fkaz\u016f jsou toti\u017e osvobozeni p\u0159i p\u0159ihla\u0161ov\u00e1n\u00ed vozidel od takzvan\u00e9 ekologick\u00e9 dan\u011b.<\/p>\n<p>&#8222;J\u00e1 skute\u010dn\u011b jsem mu jednou tu pr\u016fkazku p\u016fj\u010dila. Byla to z\u00e1le\u017eitost p\u016flhodinov\u00e1. On mi tvrdil, \u017ee bych m\u011bla m\u00edt n\u011bjak\u00fd v\u00fdhody je\u0161t\u011b na clo, tak\u017ee jsme jeli na stanici technick\u00fd kontroly, on tam na chv\u00edli vlez,&#8220; p\u0159iznala Ema. Nakonec se na policii dozv\u011bd\u011bla, \u017ee na n\u00ed bylo zaregistrov\u00e1no 17 aut. Ka\u017ed\u00e9 z nich vlastnila 1 den, pak zm\u011bnilo majitele je\u0161t\u011b n\u011bkolikr\u00e1t.<br \/>\ninvArena, \u010cT<\/p>\n","protected":false},"excerpt":{"rendered":"<div class=\"mh-excerpt\"><p>Na p\u0159\u00edpad podveden\u00e9 voz\u00ed\u010dk\u00e1\u0159ky upozornil po\u0159ad Report\u00e9\u0159i \u010cT. Dostala od st\u00e1tu p\u0159\u00edsp\u011bvek na n\u00e1kup auta ve v\u00fd\u0161i 80 tis\u00edc korun. O pen\u00edze ji v\u0161ak obral <a class=\"mh-excerpt-more\" href=\"https:\/\/www.invarena.cz\/?p=4100\" title=\"Podveden\u00e1 voz\u00ed\u010dk\u00e1\u0159ka p\u0159i\u0161la o 80 tis\u00edc. Soudy j\u00ed nepomohly\">[&#8230;]<\/a><\/p>\n<\/div>","protected":false},"author":1,"featured_media":1457,"comment_status":"open","ping_status":"open","sticky":false,"template":"","format":"standard","meta":{"footnotes":""},"categories":[7],"tags":[],"class_list":["post-4100","post","type-post","status-publish","format-standard","has-post-thumbnail","hentry","category-spolecnost"],"_links":{"self":[{"href":"https:\/\/www.invarena.cz\/index.php?rest_route=\/wp\/v2\/posts\/4100","targetHints":{"allow":["GET"]}}],"collection":[{"href":"https:\/\/www.invarena.cz\/index.php?rest_route=\/wp\/v2\/posts"}],"about":[{"href":"https:\/\/www.invarena.cz\/index.php?rest_route=\/wp\/v2\/types\/post"}],"author":[{"embeddable":true,"href":"https:\/\/www.invarena.cz\/index.php?rest_route=\/wp\/v2\/users\/1"}],"replies":[{"embeddable":true,"href":"https:\/\/www.invarena.cz\/index.php?rest_route=%2Fwp%2Fv2%2Fcomments&post=4100"}],"version-history":[{"count":0,"href":"https:\/\/www.invarena.cz\/index.php?rest_route=\/wp\/v2\/posts\/4100\/revisions"}],"wp:featuredmedia":[{"embeddable":true,"href":"https:\/\/www.invarena.cz\/index.php?rest_route=\/wp\/v2\/media\/1457"}],"wp:attachment":[{"href":"https:\/\/www.invarena.cz\/index.php?rest_route=%2Fwp%2Fv2%2Fmedia&parent=4100"}],"wp:term":[{"taxonomy":"category","embeddable":true,"href":"https:\/\/www.invarena.cz\/index.php?rest_route=%2Fwp%2Fv2%2Fcategories&post=4100"},{"taxonomy":"post_tag","embeddable":true,"href":"https:\/\/www.invarena.cz\/index.php?rest_route=%2Fwp%2Fv2%2Ftags&post=4100"}],"curies":[{"name":"wp","href":"https:\/\/api.w.org\/{rel}","templated":true}]}}