{"id":41071,"date":"2023-07-25T02:30:36","date_gmt":"2023-07-25T00:30:36","guid":{"rendered":"https:\/\/www.invarena.cz\/?p=41071"},"modified":"2023-07-25T02:30:37","modified_gmt":"2023-07-25T00:30:37","slug":"zmeny-duchodoveho-systemu","status":"publish","type":"post","link":"https:\/\/www.invarena.cz\/?p=41071","title":{"rendered":"Zm\u011bny d\u016fchodov\u00e9ho syst\u00e9mu\u00a0\u00a0"},"content":{"rendered":"\n<p><br \/>Poslanci st\u00e1le nejsou u konce s vl\u00e1dn\u00ed p\u0159edlohou zm\u011bn d\u016fchodov\u00e9ho syst\u00e9mu. Ve schvalov\u00e1n\u00ed budou pokra\u010dovat ve st\u0159edu, kdy je mo\u017en\u00e9 o z\u00e1v\u011bre\u010dn\u00fdch n\u00e1vrz\u00edch jednat. Dokument po\u010d\u00edt\u00e1 se zpomalen\u00edm valorizac\u00ed penz\u00ed i p\u0159\u00edsn\u011bj\u0161\u00edmi podm\u00ednkami pro p\u0159ed\u010dasn\u00e9 d\u016fchody.<br \/><br \/>NOVA\u00a0&#8211; Odpoledn\u00ed Televizn\u00ed noviny<br \/><br \/>Hodinu a p\u016fl trvalo, ne\u017e se sn\u011bmovna k debat\u011b o sporn\u00fdch zm\u011bn\u00e1ch v\u016fbec dostala. Do t\u00e9 doby mluvili\u00a0<strong>ministr<\/strong>\u00a0<strong>pr\u00e1ce<\/strong>\u00a0a soci\u00e1ln\u00edch v\u011bc\u00ed Marian Jure\u010dka a poslanec Andrej Babi\u0161. Sn\u011bmovna pak zkr\u00e1tila dobu vystoupen\u00ed u \u0159e\u010dnick\u00e9ho pultu na maxim\u00e1ln\u011b dvakr\u00e1t 10 minut.<br \/><br \/>Marian Jure\u010dka,\u00a0<strong>ministr<\/strong>\u00a0<strong>pr\u00e1ce<\/strong>\u00a0a soci\u00e1ln\u00edch v\u011bc\u00ed \u010cR<br \/>J\u00e1 si mysl\u00edm, \u017ee norm\u00e1ln\u00ed \u010dlov\u011bk um\u00ed ve dvakr\u00e1t 10 minut\u00e1ch, tedy ve 20 minut\u00e1ch \u0159\u00edct to podstatn\u00e9, co chce \u0159\u00edct. Jestli to n\u011bkdo neum\u00ed ve 20 minut\u00e1ch \u0159\u00edci, tak je to samoz\u0159ejm\u011b jeho probl\u00e9m.<br \/><br \/> redaktorka<br \/>Je\u0161t\u011b p\u0159edt\u00edm opozice vetovala n\u00e1vrh, podle kter\u00e9ho by jedn\u00e1n\u00ed pokra\u010dovalo po \u010dtrn\u00e1ct\u00e9 hodin\u011b.<br \/><br \/>Ale\u0161 JUCHELKA, poslanec, \u010dlen v\u00fdboru pro soci\u00e1ln\u00ed politiku \/ANO\/<br \/>Jsme ztratili pr\u00e1vo m\u00edt k tomu n\u011bjakou, bych \u0159ekl, hlub\u0161\u00ed diskuzi, nicm\u00e9n\u011b uvid\u00edme, jak to ve st\u0159edu bude pokra\u010dovat, pon\u011bvad\u017e je tam p\u0159ihl\u00e1\u0161eno, tu\u0161\u00edm, je\u0161t\u011b dal\u0161\u00edch 17 poslanc\u016f.<br \/><br \/> redaktorka<br \/>Vl\u00e1dn\u00ed n\u00e1vrh m\u011bn\u00ed v\u00fdpo\u010det v\u00fd\u0161e valorizace d\u016fchod\u016f tak, \u017ee by se zvy\u0161ovaly v\u017edy o celou inflaci a t\u0159etinu r\u016fstu re\u00e1ln\u00fdch mezd m\u00edsto nyn\u011bj\u0161\u00ed poloviny, z\u00e1rove\u0148 ru\u0161\u00ed mimo\u0159\u00e1dnou valorizaci, kterou by m\u011bly nahradit p\u0159\u00edsp\u011bvky. Kabinet chce, aby zm\u011bny platily od z\u00e1\u0159\u00ed leto\u0161n\u00edho roku.<br \/><br \/>televize Nova<\/p>\n","protected":false},"excerpt":{"rendered":"<div class=\"mh-excerpt\"><p>Poslanci st\u00e1le nejsou u konce s vl\u00e1dn\u00ed p\u0159edlohou zm\u011bn d\u016fchodov\u00e9ho syst\u00e9mu. Ve schvalov\u00e1n\u00ed budou pokra\u010dovat ve st\u0159edu, kdy je mo\u017en\u00e9 o z\u00e1v\u011bre\u010dn\u00fdch n\u00e1vrz\u00edch jednat. Dokument <a class=\"mh-excerpt-more\" href=\"https:\/\/www.invarena.cz\/?p=41071\" title=\"Zm\u011bny d\u016fchodov\u00e9ho syst\u00e9mu\u00a0\u00a0\">[&#8230;]<\/a><\/p>\n<\/div>","protected":false},"author":1,"featured_media":915,"comment_status":"open","ping_status":"closed","sticky":false,"template":"","format":"standard","meta":{"footnotes":""},"categories":[6],"tags":[],"class_list":["post-41071","post","type-post","status-publish","format-standard","has-post-thumbnail","hentry","category-politika"],"_links":{"self":[{"href":"https:\/\/www.invarena.cz\/index.php?rest_route=\/wp\/v2\/posts\/41071","targetHints":{"allow":["GET"]}}],"collection":[{"href":"https:\/\/www.invarena.cz\/index.php?rest_route=\/wp\/v2\/posts"}],"about":[{"href":"https:\/\/www.invarena.cz\/index.php?rest_route=\/wp\/v2\/types\/post"}],"author":[{"embeddable":true,"href":"https:\/\/www.invarena.cz\/index.php?rest_route=\/wp\/v2\/users\/1"}],"replies":[{"embeddable":true,"href":"https:\/\/www.invarena.cz\/index.php?rest_route=%2Fwp%2Fv2%2Fcomments&post=41071"}],"version-history":[{"count":0,"href":"https:\/\/www.invarena.cz\/index.php?rest_route=\/wp\/v2\/posts\/41071\/revisions"}],"wp:featuredmedia":[{"embeddable":true,"href":"https:\/\/www.invarena.cz\/index.php?rest_route=\/wp\/v2\/media\/915"}],"wp:attachment":[{"href":"https:\/\/www.invarena.cz\/index.php?rest_route=%2Fwp%2Fv2%2Fmedia&parent=41071"}],"wp:term":[{"taxonomy":"category","embeddable":true,"href":"https:\/\/www.invarena.cz\/index.php?rest_route=%2Fwp%2Fv2%2Fcategories&post=41071"},{"taxonomy":"post_tag","embeddable":true,"href":"https:\/\/www.invarena.cz\/index.php?rest_route=%2Fwp%2Fv2%2Ftags&post=41071"}],"curies":[{"name":"wp","href":"https:\/\/api.w.org\/{rel}","templated":true}]}}