{"id":41112,"date":"2023-07-26T23:54:18","date_gmt":"2023-07-26T21:54:18","guid":{"rendered":"https:\/\/www.invarena.cz\/?p=41112"},"modified":"2023-07-26T23:54:18","modified_gmt":"2023-07-26T21:54:18","slug":"podminky-odchodu-do-predcasne-penze-se-zprisni-duchody-porostou-pomaleji","status":"publish","type":"post","link":"https:\/\/www.invarena.cz\/?p=41112","title":{"rendered":"Podm\u00ednky odchodu do p\u0159ed\u010dasn\u00e9 penze se zp\u0159\u00edsn\u00ed, d\u016fchody porostou pomaleji"},"content":{"rendered":"\n<p>Poslaneck\u00e1 sn\u011bmovna schv\u00e1lila vl\u00e1dn\u00ed n\u00e1vrh zp\u0159\u00eds\u0148uj\u00edc\u00ed pravidla odchodu do p\u0159ed\u010dasn\u00e9ho d\u016fchodu a zpomaluj\u00edc\u00ed \u0159\u00e1dn\u00e9 valorizace penz\u00ed. K\u00fdvnout na to je\u0161t\u011b mus\u00ed Sen\u00e1t a prezident Petr Pavel. ANO ozn\u00e1milo, \u017ee kdy\u017e se tak stane, obr\u00e1t\u00ed se na \u00dastavn\u00ed soud. P\u0159ed\u010dasn\u00fd d\u016fchod m\u00e1 b\u00fdt mo\u017en\u00fd t\u0159i roky p\u0159ed dosa\u017een\u00edm d\u016fchodov\u00e9ho v\u011bku m\u00edsto dosavadn\u00edch p\u011bti let.<\/p>\n\n\n\n<p>Cel\u00fd \u010dl\u00e1nek naleznete na idnes.cz: <a href=\"https:\/\/www.idnes.cz\/zpravy\/domaci\/jednani-snemovny-predcasny-duchod-zprisneni-podminek-zvysovani-penzi.A230726_052626_domaci_kop\" target=\"_blank\" rel=\"noreferrer noopener\">https:\/\/www.idnes.cz\/zpravy\/domaci\/jednani-snemovny-predcasny-duchod-zprisneni-podminek-zvysovani-penzi.A230726_052626_domaci_kop<\/a><\/p>\n","protected":false},"excerpt":{"rendered":"<div class=\"mh-excerpt\"><p>Poslaneck\u00e1 sn\u011bmovna schv\u00e1lila vl\u00e1dn\u00ed n\u00e1vrh zp\u0159\u00eds\u0148uj\u00edc\u00ed pravidla odchodu do p\u0159ed\u010dasn\u00e9ho d\u016fchodu a zpomaluj\u00edc\u00ed \u0159\u00e1dn\u00e9 valorizace penz\u00ed. K\u00fdvnout na to je\u0161t\u011b mus\u00ed Sen\u00e1t a prezident Petr <a class=\"mh-excerpt-more\" href=\"https:\/\/www.invarena.cz\/?p=41112\" title=\"Podm\u00ednky odchodu do p\u0159ed\u010dasn\u00e9 penze se zp\u0159\u00edsn\u00ed, d\u016fchody porostou pomaleji\">[&#8230;]<\/a><\/p>\n<\/div>","protected":false},"author":1,"featured_media":915,"comment_status":"open","ping_status":"closed","sticky":false,"template":"","format":"standard","meta":{"footnotes":""},"categories":[9],"tags":[],"class_list":["post-41112","post","type-post","status-publish","format-standard","has-post-thumbnail","hentry","category-zpravy"],"_links":{"self":[{"href":"https:\/\/www.invarena.cz\/index.php?rest_route=\/wp\/v2\/posts\/41112","targetHints":{"allow":["GET"]}}],"collection":[{"href":"https:\/\/www.invarena.cz\/index.php?rest_route=\/wp\/v2\/posts"}],"about":[{"href":"https:\/\/www.invarena.cz\/index.php?rest_route=\/wp\/v2\/types\/post"}],"author":[{"embeddable":true,"href":"https:\/\/www.invarena.cz\/index.php?rest_route=\/wp\/v2\/users\/1"}],"replies":[{"embeddable":true,"href":"https:\/\/www.invarena.cz\/index.php?rest_route=%2Fwp%2Fv2%2Fcomments&post=41112"}],"version-history":[{"count":0,"href":"https:\/\/www.invarena.cz\/index.php?rest_route=\/wp\/v2\/posts\/41112\/revisions"}],"wp:featuredmedia":[{"embeddable":true,"href":"https:\/\/www.invarena.cz\/index.php?rest_route=\/wp\/v2\/media\/915"}],"wp:attachment":[{"href":"https:\/\/www.invarena.cz\/index.php?rest_route=%2Fwp%2Fv2%2Fmedia&parent=41112"}],"wp:term":[{"taxonomy":"category","embeddable":true,"href":"https:\/\/www.invarena.cz\/index.php?rest_route=%2Fwp%2Fv2%2Fcategories&post=41112"},{"taxonomy":"post_tag","embeddable":true,"href":"https:\/\/www.invarena.cz\/index.php?rest_route=%2Fwp%2Fv2%2Ftags&post=41112"}],"curies":[{"name":"wp","href":"https:\/\/api.w.org\/{rel}","templated":true}]}}