{"id":4112,"date":"2013-04-23T13:17:12","date_gmt":"2013-04-23T11:17:12","guid":{"rendered":"http:\/\/www.invarena.cz\/?p=4112"},"modified":"2013-04-23T13:40:09","modified_gmt":"2013-04-23T11:40:09","slug":"nevidomi-se-nesnazi-hledat-praci","status":"publish","type":"post","link":"https:\/\/www.invarena.cz\/?p=4112","title":{"rendered":"Nevidom\u00ed se nesna\u017e\u00ed hledat pr\u00e1ci"},"content":{"rendered":"<p><strong>Jen ka\u017ed\u00fd p\u00e1t\u00fd zrakov\u011b posti\u017een\u00fd m\u00e1 zam\u011bstn\u00e1n\u00ed. Hroziv\u00e9 \u010d\u00edslo je zp\u016fsobeno strachem zam\u011bstnavatel\u016f takto posti\u017een\u00e9 lidi zam\u011bstnat, nevytv\u00e1\u0159\u00ed se \u017e\u00e1dn\u00e1 nov\u00e1 pracovn\u00ed m\u00edsta. Ale ani samotn\u00ed nevidom\u00ed se moc nesna\u017e\u00ed.<\/strong><br \/>\n<!--more--><br \/>\nBez pr\u00e1ce je v \u010cR 80 procent nevidom\u00fdch v produktivn\u00edm v\u011bku. Je to zhruba dvojn\u00e1sobek po\u010dtu p\u0159ed rokem 1989. Nyn\u00ed st\u00e1t pracovn\u00ed m\u00edsta pro nevidom\u00e9 nevytv\u00e1\u0159\u00ed. V \u010cR \u017eije kolem 100 000 zrakov\u011b posti\u017een\u00fdch, z nich 20 000 nevidom\u00fdch.<\/p>\n<p>Pracovn\u00edch m\u00edst pro nevidom\u00e9 po roce 1989 ubylo. Viceprezident Sjednocen\u00e9 organizace nevidom\u00fdch a slabozrak\u00fdch (SONS) Rudolf Volejn\u00edk soud\u00ed, \u017ee kdyby se st\u00e1t i firmy sna\u017eily, tak i dnes by pro n\u011b bylo pom\u011brn\u011b dost pracovn\u00edch p\u0159\u00edle\u017eitost\u00ed &#8211; v\u0161ichni toti\u017e d\u00edky dobr\u00e9mu syst\u00e9mu vzd\u011bl\u00e1v\u00e1n\u00ed um\u011bj\u00ed pracovat s po\u010d\u00edta\u010dem, i ti, kte\u0159\u00ed ve \u0161kole byli m\u00e9n\u011b \u00fasp\u011b\u0161n\u00ed.<\/p>\n<p>\u0158ada firem m\u00e1 podle Volejn\u00edka obavy nevidom\u00e9 zam\u011bstnat, i kdy\u017e tito lid\u00e9 krom\u011b slepoty \u017e\u00e1dn\u00fd zdravotn\u00ed handicap nemaj\u00ed.<\/p>\n<p>\u00bbJako informa\u010dn\u00ed pracovn\u00edci na nep\u0159\u00edli\u0161 exponovan\u00e9m m\u00edst\u011b by mohli pracovat. Ale v\u016fle tady moc nen\u00ed, ani nevidom\u00ed se moc nesna\u017e\u00ed. Rychle si zvyknou na jistotu invalidn\u00edho d\u016fchodu a p\u0159\u00edsp\u011bvku na p\u00e9\u010di,\u00ab podotkl.<\/p>\n<p>P\u0159isp\u011bt ke zm\u011bn\u011b postoje spole\u010dnosti, zam\u011bstnavatel\u016f i nevidom\u00fdch by m\u011bl pilotn\u00ed projekt, kter\u00fd p\u0159ipravila SONS s \u00bbosv\u00edcen\u00fdmi\u00ab firmami. Zah\u00e1jen bude na podzim. Nevidom\u00fd bude na jeden den posazen na m\u00edsto jin\u00e9ho pracovn\u00edka a bude m\u00edt mo\u017enost p\u0159esv\u011bd\u010dit, zda je s dobr\u00fdm technick\u00fdm zabezpe\u010den\u00edm schopen pracovat stejn\u011b dob\u0159e jako on.<\/p>\n<p>\u00bbBude to po des\u00edtk\u00e1ch lid\u00ed, ne po stovk\u00e1ch a tis\u00edc\u00edch, ale i to je pro za\u010d\u00e1tek dobr\u00e9,\u00ab \u0159ekl Volejn\u00edk s t\u00edm, \u017ee nevidom\u00ed tak z\u00edskaj\u00ed jistotu, nejen soci\u00e1ln\u00ed, danou st\u00e1tem, ale i d\u016fstojnost, \u017ee se sami p\u0159i\u010di\u0148uj\u00ed.<\/p>\n<p>Hal\u00f3 noviny<\/p>\n","protected":false},"excerpt":{"rendered":"<div class=\"mh-excerpt\"><p>Jen ka\u017ed\u00fd p\u00e1t\u00fd zrakov\u011b posti\u017een\u00fd m\u00e1 zam\u011bstn\u00e1n\u00ed. Hroziv\u00e9 \u010d\u00edslo je zp\u016fsobeno strachem zam\u011bstnavatel\u016f takto posti\u017een\u00e9 lidi zam\u011bstnat, nevytv\u00e1\u0159\u00ed se \u017e\u00e1dn\u00e1 nov\u00e1 pracovn\u00ed m\u00edsta. Ale ani <a class=\"mh-excerpt-more\" href=\"https:\/\/www.invarena.cz\/?p=4112\" title=\"Nevidom\u00ed se nesna\u017e\u00ed hledat pr\u00e1ci\">[&#8230;]<\/a><\/p>\n<\/div>","protected":false},"author":1,"featured_media":1410,"comment_status":"open","ping_status":"open","sticky":false,"template":"","format":"standard","meta":{"footnotes":""},"categories":[7],"tags":[],"class_list":["post-4112","post","type-post","status-publish","format-standard","has-post-thumbnail","hentry","category-spolecnost"],"_links":{"self":[{"href":"https:\/\/www.invarena.cz\/index.php?rest_route=\/wp\/v2\/posts\/4112","targetHints":{"allow":["GET"]}}],"collection":[{"href":"https:\/\/www.invarena.cz\/index.php?rest_route=\/wp\/v2\/posts"}],"about":[{"href":"https:\/\/www.invarena.cz\/index.php?rest_route=\/wp\/v2\/types\/post"}],"author":[{"embeddable":true,"href":"https:\/\/www.invarena.cz\/index.php?rest_route=\/wp\/v2\/users\/1"}],"replies":[{"embeddable":true,"href":"https:\/\/www.invarena.cz\/index.php?rest_route=%2Fwp%2Fv2%2Fcomments&post=4112"}],"version-history":[{"count":0,"href":"https:\/\/www.invarena.cz\/index.php?rest_route=\/wp\/v2\/posts\/4112\/revisions"}],"wp:featuredmedia":[{"embeddable":true,"href":"https:\/\/www.invarena.cz\/index.php?rest_route=\/wp\/v2\/media\/1410"}],"wp:attachment":[{"href":"https:\/\/www.invarena.cz\/index.php?rest_route=%2Fwp%2Fv2%2Fmedia&parent=4112"}],"wp:term":[{"taxonomy":"category","embeddable":true,"href":"https:\/\/www.invarena.cz\/index.php?rest_route=%2Fwp%2Fv2%2Fcategories&post=4112"},{"taxonomy":"post_tag","embeddable":true,"href":"https:\/\/www.invarena.cz\/index.php?rest_route=%2Fwp%2Fv2%2Ftags&post=4112"}],"curies":[{"name":"wp","href":"https:\/\/api.w.org\/{rel}","templated":true}]}}