{"id":41228,"date":"2023-08-01T05:00:22","date_gmt":"2023-08-01T03:00:22","guid":{"rendered":"https:\/\/www.invarena.cz\/?p=41228"},"modified":"2023-08-01T05:00:23","modified_gmt":"2023-08-01T03:00:23","slug":"urednici-v-ms-kraji-ode-dneska-opet-zacinaji-prijimat-zadosti-o-tzv-kotlikove-dotace","status":"publish","type":"post","link":"https:\/\/www.invarena.cz\/?p=41228","title":{"rendered":"\u00da\u0159edn\u00edci v MS kraji ode dne\u0161ka op\u011bt za\u010d\u00ednaj\u00ed p\u0159ij\u00edmat \u017e\u00e1dosti o tzv. Kotl\u00edkov\u00e9 dotace\u00a0\u00a0"},"content":{"rendered":"\n<p>\u00da\u0159edn\u00edci v Moravskoslezsk\u00e9m kraji ode dne\u0161ka op\u011bt za\u010d\u00ednaj\u00ed p\u0159ij\u00edmat \u017e\u00e1dosti o tzv. Kotl\u00edkov\u00e9 dotace. Kraj je bude rozd\u011blovat u\u017e pop\u00e1t\u00e9, tentokr\u00e1t m\u00e1 p\u0159ipraven\u00fdch 220 000 000 K\u010d. Aktu\u00e1ln\u00ed dota\u010dn\u00ed v\u00fdzva je ur\u010den\u00e1 pro n\u00edzkop\u0159\u00edjmov\u00e9 dom\u00e1cnosti.<\/p>\n\n\n\n<p>Radio\u017eurn\u00e1l\u00a0<br \/><br \/>redaktor<br \/>Je to podle Moravskoslezsk\u00e9ho kraje posledn\u00ed kotl\u00edkov\u00e1 v\u00fdzva p\u0159ed z\u00e1kazem provozu kotl\u016f, kter\u00e9 nespl\u0148uj\u00ed aspo\u0148 t\u0159et\u00ed emisn\u00ed t\u0159\u00eddu. \u0160anci maj\u00ed krom\u011b senior\u016f tak\u00e9\u00a0<strong>invalidn\u00ed<\/strong>\u00a0d\u016fchodci t\u0159et\u00edho stupn\u011b a lid\u00e9 pob\u00edraj\u00edc\u00ed p\u0159\u00edsp\u011bvek na bydlen\u00ed. P\u0159edb\u011b\u017en\u00e1 popt\u00e1vka zat\u00edm nen\u00ed p\u0159\u00edli\u0161 velk\u00e1, potvrdil Moravskoslezsk\u00fd hejtman Jan Krko\u0161ka z hnut\u00ed ANO.<br \/><br \/>Jan KRKO\u0160KA, hejtman Moravskoslezsk\u00e9ho kraje \/ANO\/<br \/>V\u011b\u0159\u00edm, \u017ee po pr\u00e1zdnin\u00e1ch se z\u00e1jem v\u00fdrazn\u011b zv\u00fd\u0161\u00ed.<br \/><br \/>P\u00e1t\u00e9 kolo dotac\u00ed m\u016f\u017ee v regionu podpo\u0159it v\u00fdm\u011bnu a\u017e 1 300 dom\u00e1c\u00edch kotl\u016f. <\/p>\n\n\n\n<p>Radio\u017eurn\u00e1l.<\/p>\n","protected":false},"excerpt":{"rendered":"<div class=\"mh-excerpt\"><p>\u00da\u0159edn\u00edci v Moravskoslezsk\u00e9m kraji ode dne\u0161ka op\u011bt za\u010d\u00ednaj\u00ed p\u0159ij\u00edmat \u017e\u00e1dosti o tzv. Kotl\u00edkov\u00e9 dotace. Kraj je bude rozd\u011blovat u\u017e pop\u00e1t\u00e9, tentokr\u00e1t m\u00e1 p\u0159ipraven\u00fdch 220 000 <a class=\"mh-excerpt-more\" href=\"https:\/\/www.invarena.cz\/?p=41228\" title=\"\u00da\u0159edn\u00edci v MS kraji ode dne\u0161ka op\u011bt za\u010d\u00ednaj\u00ed p\u0159ij\u00edmat \u017e\u00e1dosti o tzv. Kotl\u00edkov\u00e9 dotace\u00a0\u00a0\">[&#8230;]<\/a><\/p>\n<\/div>","protected":false},"author":1,"featured_media":19889,"comment_status":"open","ping_status":"closed","sticky":false,"template":"","format":"standard","meta":{"footnotes":""},"categories":[1],"tags":[],"class_list":["post-41228","post","type-post","status-publish","format-standard","has-post-thumbnail","hentry","category-nezarazene"],"_links":{"self":[{"href":"https:\/\/www.invarena.cz\/index.php?rest_route=\/wp\/v2\/posts\/41228","targetHints":{"allow":["GET"]}}],"collection":[{"href":"https:\/\/www.invarena.cz\/index.php?rest_route=\/wp\/v2\/posts"}],"about":[{"href":"https:\/\/www.invarena.cz\/index.php?rest_route=\/wp\/v2\/types\/post"}],"author":[{"embeddable":true,"href":"https:\/\/www.invarena.cz\/index.php?rest_route=\/wp\/v2\/users\/1"}],"replies":[{"embeddable":true,"href":"https:\/\/www.invarena.cz\/index.php?rest_route=%2Fwp%2Fv2%2Fcomments&post=41228"}],"version-history":[{"count":1,"href":"https:\/\/www.invarena.cz\/index.php?rest_route=\/wp\/v2\/posts\/41228\/revisions"}],"predecessor-version":[{"id":41236,"href":"https:\/\/www.invarena.cz\/index.php?rest_route=\/wp\/v2\/posts\/41228\/revisions\/41236"}],"wp:featuredmedia":[{"embeddable":true,"href":"https:\/\/www.invarena.cz\/index.php?rest_route=\/wp\/v2\/media\/19889"}],"wp:attachment":[{"href":"https:\/\/www.invarena.cz\/index.php?rest_route=%2Fwp%2Fv2%2Fmedia&parent=41228"}],"wp:term":[{"taxonomy":"category","embeddable":true,"href":"https:\/\/www.invarena.cz\/index.php?rest_route=%2Fwp%2Fv2%2Fcategories&post=41228"},{"taxonomy":"post_tag","embeddable":true,"href":"https:\/\/www.invarena.cz\/index.php?rest_route=%2Fwp%2Fv2%2Ftags&post=41228"}],"curies":[{"name":"wp","href":"https:\/\/api.w.org\/{rel}","templated":true}]}}