{"id":41267,"date":"2023-08-03T11:31:42","date_gmt":"2023-08-03T09:31:42","guid":{"rendered":"https:\/\/www.invarena.cz\/?p=41267"},"modified":"2023-08-03T11:31:43","modified_gmt":"2023-08-03T09:31:43","slug":"mezinarodni-den-romskych-obeti-holocaustu","status":"publish","type":"post","link":"https:\/\/www.invarena.cz\/?p=41267","title":{"rendered":"Mezin\u00e1rodn\u00ed den romsk\u00fdch ob\u011bt\u00ed holocaustu\u00a0\u00a0"},"content":{"rendered":"\n<p>Lid\u00e9 po cel\u00e9m sv\u011bt\u011b si dnes p\u0159ipom\u00ednaj\u00ed Mezin\u00e1rodn\u00ed den romsk\u00fdch ob\u011bt\u00ed holocaustu. Podle odhad\u016f historik\u016f jich bylo a\u017e 1,5 milionu. P\u0159i t\u00e9to p\u0159\u00edle\u017eitosti se i v \u010cesku kon\u00e1 n\u011bkolik akc\u00ed, p\u0159ed p\u00e1r minutami nap\u0159\u00edklad veden\u00ed hlavn\u00edho m\u011bsta na budovu nov\u00e9 radnice vyv\u011bsilo romskou vlajku.<\/p>\n\n\n\n<p>\u010cT 24\u00a0&#8211; Studio 6<br \/><br \/>redaktorka<br \/>Dobr\u00e9 r\u00e1no. Tu romskou vlajku p\u0159ed malou chvilkou na budovu pra\u017esk\u00e9ho magistr\u00e1tu osobn\u011b vyv\u011bsil prim\u00e1tor Bohuslav Svoboda. Praha modrozelenou vlajku s \u010derven\u00fdm kolem tzv. \u010cakrou 2. srpna. Vyv\u011b\u0161uje u\u017e pravideln\u011b n\u011bkolik let a chce t\u00edm vyj\u00e1d\u0159it svou solidaritu s utrpen\u00edm Rom\u016f. A syn tu b\u011bhem druh\u00e9 sv\u011btov\u00e9 v\u00e1lky jen ve stru\u010dnosti p\u0159ipomenut\u00e1 z\u00e1kladn\u00ed historick\u00e1 fakta v noci z druh\u00e9ho na 3. srpna. 1944 zlikvidovali nacist\u00e9 romsk\u00fd t\u00e1bor v Osv\u011btimi, B\u0159ezince a 4200 v\u011bz\u0148\u016f zavra\u017edili v plynov\u00fdch komor\u00e1ch. Proto je pam\u00e1tn\u00fd den ob\u011bt\u00ed romsk\u00e9ho holocaustu pr\u00e1v\u011b 2. srpna. Z p\u016fvodn\u00ed \u010desk\u00e9 a Moravsk\u00e9 populace Rom\u016f se po konci v\u00e1lky vr\u00e1tilo z koncentra\u010dn\u00edch t\u00e1bor\u016f jen pouze 600 mu\u017e\u016f, \u017een a d\u011bt\u00ed, na \u00fazem\u00ed protektor\u00e1tu byly z\u0159\u00edzeny celkem dva koncentra\u010dn\u00ed nebo interna\u010dn\u00ed romsk\u00e9 t\u00e1bory, prvn\u00ed v letech u p\u00edsku a druh\u00fd v Hodon\u00edn\u011b u Kun\u0161t\u00e1tu. Nejprve slou\u017eily jako pracovn\u00ed t\u00e1bory pouze pro mu\u017ee, po pozd\u011bji jako sb\u011brn\u00e9 t\u00e1bory pro cel\u00e9 rodiny. V roce 1942 se staly p\u0159estupn\u00ed stanic\u00ed do Osv\u011btimi, kde vznikl pr\u00e1v\u011b ten zmi\u0148ovan\u00fd rodinn\u00fd romsk\u00fd t\u00e1bor. Jak u\u017e jsi \u0159\u00edkala v \u00favodu, ty, to vyv\u011b\u0161en\u00ed vlajky na pra\u017esk\u00e9 magistr\u00e1tu nen\u00ed jedinou pietn\u00ed akc\u00ed, kter\u00e1 se, kter\u00e1 dnes romsk\u00e9 ob\u011bti holocaustu p\u0159ipomene. Tou dal\u0161\u00ed je t\u0159eba vzpom\u00ednkov\u00fd ve\u010der s n\u00e1zvem lepery Ben. My nezapom\u00edn\u00e1me, kter\u00fd se uskute\u010dn\u00ed ve\u010der od 19 hodin na n\u00e1m\u011bst\u00ed Ji\u0159\u00edho z Pod\u011bbrad v Praze 3. b\u011bhem n\u011bj budou, se budou vypr\u00e1v\u011bt p\u0159\u00edb\u011bhy pam\u011btn\u00edk\u016f, zazn\u00ed \u017eiv\u00e1 hudba a budou se tak\u00e9 \u010d\u00edst jm\u00e9na ob\u011bt\u00ed romsk\u00e9ho holocaustu z knihy mrtv\u00fdch,<\/p>\n\n\n\n<p>mluv\u010d\u00ed 6,<br \/>Ve\u010der na ob\u011bti romsk\u00e9ho holocaustu se uskute\u010dn\u00ed dnes ve\u010der na pra\u017esk\u00e9m n\u00e1m\u011bst\u00ed Ji\u0159\u00edho z Pod\u011bbrad p\u0159ed chr\u00e1mem Nejsv\u011bt\u011bj\u0161\u00edho Srdce P\u00e1n\u011b si lid\u00e9 p\u0159ipomenou, \u017ee p\u0159ed 79 lety, 2. srpna. 1944, bylo zavra\u017ed\u011bno t\u00e9m\u011b\u0159 3000 Rom\u016f z tzv. Cik\u00e1nsk\u00e9ho t\u00e1bora v Osv\u011btimi b\u011bhem druh\u00e9 sv\u011btov\u00e9 v\u00e1lky zlikvidovali nacist\u00e9 na 500 000 Rom\u016f a Sint\u016f, zmizela tehdy prakticky cel\u00e1 populace \u010desk\u00fdch Rom\u016f, uvedl \u0159editel spolku ara. A David Ti\u0161er, kter\u00fd je te\u010f na\u0161\u00edm hostem, dobr\u00fd den v\u00e1m p\u0159eji, dobr\u00fd den. Jedn\u00e1 se o tradi\u010dn\u00ed vzpom\u00ednkov\u00e9 setk\u00e1n\u00ed. Letos, pokud jsem to spr\u00e1vn\u011b dopo\u010d\u00edtala, je to po\u0161est\u00e9, z\u00e1rove\u0148 poprv\u00e9 na pra\u017esk\u00e9m n\u00e1m\u011bst\u00ed Ji\u0159\u00edho z Pod\u011bbrad. Kolik lid\u00ed obvykle p\u0159ich\u00e1z\u00ed? M\u016f\u017ee to m\u00edsto, ta zm\u011bna m\u00edsta t\u0159eba ovlivnit po\u010det n\u00e1v\u0161t\u011bvn\u00edk\u016f?<br \/><br \/>mluv\u010d\u00ed 7,<br \/>Ka\u017ed\u00fd rok je tam kolem stovky lid\u00ed, ale my z\u00e1rove\u0148 tak\u00e9 \u017eiv\u011b p\u0159en\u00e1\u0161\u00edme tento program a nemysl\u00edm si, \u017ee zm\u011bna m\u00edsta n\u011bjak negativn\u011b ovlivn\u00ed tu n\u00e1v\u0161t\u011bvnost.<br \/><br \/>mluv\u010d\u00ed 6,<br \/>Jak\u00fd program je toho dne\u0161n\u00edho vzpom\u00ednkov\u00e9ho setk\u00e1n\u00ed.<br \/><br \/>mluv\u010d\u00ed 7,<br \/>A program je takov\u00fd, \u017ee vlastn\u011b sc\u00e9nicky vypr\u00e1v\u00edme konkr\u00e9tn\u00ed p\u0159\u00edb\u011bh, ka\u017ed\u00fd rok jin\u00fd a pot\u00e9 tam m\u00e1me i hudebn\u00ed program, jsou to vlastn\u011b p\u00edsn\u011b, kter\u00e9 jsou n\u011bjak spojen\u00e9 s t\u00edm obdob\u00ed t\u00e9 druh\u00e9 sv\u011btov\u00e9 v\u00e1lky, s holocaustem a potom romsk\u00e9 a neromsk\u00e9 osobnosti \u010dtou jm\u00e9na ob\u011bt\u00ed.<br \/><br \/>mluv\u010d\u00ed 6,<br \/>J\u00e1 se zastav\u00edm u toho sc\u00e9nick\u00e9ho vypr\u00e1v\u011bn\u00ed, jak jsem se do\u010detla, Pavl\u00edna matyov\u00e1, Michal \u017dolt\u00e1k z divadeln\u00ed skupiny ara Art budou dnes pr\u00e1v\u011b toto p\u0159edn\u00e1\u0161et nebo hr\u00e1t? Jak to vypad\u00e1? Sc\u00e9nick\u00e9 vypr\u00e1v\u011bn\u00ed p\u0159\u00edb\u011bhu?<br \/><br \/>mluv\u010d\u00ed 7,<br \/>\u017de to tak, \u017ee herci nastuduj\u00ed tyto p\u0159\u00edb\u011bhy a pot\u00e9 je vlastn\u011b sc\u00e9nicky vypr\u00e1v\u00ed, nen\u00ed to \u00fapln\u011b divadlo, pr\u00e1v\u011b chceme n\u011bjakou jako d\u016fstojnost tomu ponechat, ale odvypr\u00e1v\u00ed vlastn\u011b p\u0159\u00edb\u011bhy, kter\u00e9 se opravdu staly, letos to bude, budou p\u0159\u00edb\u011bhy man\u017eel\u016f demeterov\u00fdch.<br \/><br \/>mluv\u010d\u00ed 6,<br \/>To jsou pam\u011btn\u00edci, anebo o nich vypr\u00e1v\u00ed n\u011bkdo, kdo si pamatuje jejich smutn\u00fd p\u0159\u00edb\u011bh?<br \/><br \/>mluv\u010d\u00ed 7,<br \/>Dnes jsou to konkr\u00e9tn\u00ed pam\u011btn\u00edci, kte\u0159\u00ed pr\u00e1v\u011b p\u0159e\u017eili.<br \/><br \/>mluv\u010d\u00ed 6,<br \/>Na m\u00edst\u011b setk\u00e1n\u00ed zahraje taky kapela Josefa \u0161enkyho, kdo bude zp\u00edvat? M\u00e1te tam i d\u011btsk\u00fd sbor, tak n\u00e1s pozv\u011bte.<br \/><br \/>mluv\u010d\u00ed 7,<br \/>Zp\u00edvat bude Nat\u00e1lie Kuch\u00e1rov\u00e1, S\u00e1ra marcinov\u00e1, Petra gelbart, kter\u00e1 vlastn\u011b p\u0159ilet\u011bla z Ameriky, vystudovala Harvard a Marie Ol\u00e1hov\u00e1. Nem\u00e1me d\u011btsk\u00fd sbor, m\u00e1me dosp\u011bl\u00e1ck\u00fd sbor Romano balvaj, kter\u00fd pr\u00e1v\u011b pracuje nebo kter\u00fd se slo\u017eil v r\u00e1mci organizace ROM, tak\u017ee ten program je opravdu pestr\u00fd.<br \/><br \/>mluv\u010d\u00ed 6,<br \/>P\u0159ipome\u0148te, pros\u00edm, pro\u010d vzniklo to ozna\u010den\u00ed zapomenut\u00fd holocaust?<br \/><br \/>mluv\u010d\u00ed 7,<br \/>No, u\u017e t\u00edm p\u0159\u00edvlastkem n\u00e1m to jako jasn\u011b d\u00e1v\u00e1 na v\u011bdom\u00ed, vzniklo to v devades\u00e1t\u00fdch letech pr\u00e1v\u011b pro nedostatek informac\u00ed v tom ve\u0159ejn\u00e9m prostoru a jde o to, \u017ee i ve \u0161koln\u00edch osnov\u00e1ch, i v t\u011bch pam\u011btn\u00ed, ani vlastn\u011b pam\u011btn\u00ed m\u00edsta neexistovala, tak\u017ee proto se tomu za\u010dalo \u0159\u00edkat zapomenut\u00fd holocaust.<br \/><br \/>mluv\u010d\u00ed 6,<br \/>To zapomenut\u00ed nebo zapomn\u011bn\u00ed jen ze strany majoritn\u00ed spole\u010dnosti nebo t\u0159eba i mo\u017en\u00e1 tu hr\u016fznou trag\u00e9dii sp\u00e1chanou na romsk\u00e9 populaci. N\u011bkdy neznaj\u00ed ani mal\u00e9 romsk\u00e9 d\u011bti nebo mlad\u00ed Romov\u00e9.<br \/><br \/>mluv\u010d\u00ed 7,<br \/>No, pokud se bav\u00edme o sou\u010dasn\u00e9 ml\u00e1de\u017ei, tak samoz\u0159ejm\u011b taky nemus\u00ed zn\u00e1t, pokud ale neznaj\u00ed, tak je to zase, proto\u017ee Romov\u00e9 chod\u00ed do \u010desk\u00fdch \u0161kol a pokud se u\u017e t\u0159eba na z\u00e1kladn\u00ed \u0161kole nic nedozv\u00edme o romsk\u00e9m holocaustu, tak je to samoz\u0159ejm\u011b probl\u00e9m. Op\u011bt spole\u010densky.<br \/><br \/>mluv\u010d\u00ed 6,<br \/>M\u016f\u017ee v\u00e1\u0161 dne\u0161n\u00ed program n\u011bjak zm\u011bnit p\u0159\u00edpadn\u00e1 nep\u0159\u00edze\u0148 po\u010das\u00ed? Nebo za\u017eili jste to v minul\u00fdch letech? Po\u010das\u00ed si na v\u00e1s nep\u0159ijde.<br \/><br \/>mluv\u010d\u00ed 7,<br \/>Pr\u0161elo n\u00e1m opravdu n\u011bkolikr\u00e1t a nep\u0159ijde si na n\u00e1s po\u010das\u00ed, pokud je to takov\u00fdhle jako de\u0161t\u00edk, proto\u017ee my m\u00e1me samoz\u0159ejm\u011b, jsme na to p\u0159ipraveni, tak\u017ee m\u00e1me zast\u0159e\u0161en\u00e9 sezen\u00ed pro lidi, tak\u017ee se nemus\u00ed ob\u00e1vat a klidn\u011b mohou dneska p\u0159ij\u00edt.<br \/><br \/>mluv\u010d\u00ed 6,<br \/>M\u00e1te zku\u0161enost, \u017ee pr\u00e1v\u011b takov\u00e1to setk\u00e1n\u00ed opravdu, \u0159ekn\u011bme, napom\u00e1haj\u00ed p\u0159eklenout r\u016fzn\u00e1 vz\u00e1jemn\u00e1 nepochopen\u00ed mezi lidmi.<br \/><br \/>mluv\u010d\u00ed 7,<br \/>Kdybych tomu nev\u011b\u0159il, tak to samoz\u0159ejm\u011b neorganizujeme, j\u00e1 tomu v\u011b\u0159\u00edm. A pr\u00e1v\u011b proto, \u017ee ten p\u0159\u00edvlastek zapomenut\u00fd st\u00e1le je je\u0161t\u011b aktu\u00e1ln\u00ed, tak mnoho Rom\u016f i nerom\u016f a pr\u00e1v\u011b l\u00e1kaj\u00ed takov\u00e9to akce, proto\u017ee se tam dozv\u00ed mnohem v\u00edc informac\u00ed.<br \/><br \/>mluv\u010d\u00ed 6,<br \/>Krom\u011b toho dne\u0161n\u00edho programu, tak tak\u00e9 nacistick\u00e9 pron\u00e1sledov\u00e1n\u00ed, vra\u017edov\u00e1n\u00ed Rom\u016f p\u0159ipom\u00edn\u00e1 v\u00fdstava genocida Rom\u016f za druh\u00e9 sv\u011btov\u00e9 v\u00e1lky. Ta vernis\u00e1\u017e u\u017e byla, n\u00e1s pozv\u011bte, kam se m\u016f\u017eeme p\u0159ij\u00edt pod\u00edvat, co je k vid\u011bn\u00ed.<br \/><br \/>mluv\u010d\u00ed 7,<br \/>Ano, a v\u00fdstava je teda k vid\u011bn\u00ed u\u017e od v\u010derej\u0161ka, a to v kulturn\u00edm centru Vozovna, a to a\u017e do 18. srpna. Nutno podotknout, \u017ee tuto v\u00fdstavu vlastn\u011b zap\u016fj\u010dilo muzeum romsk\u00e9 kultury a m\u011bstsk\u00e9 \u010d\u00e1sti Prahy 3. k vid\u011bn\u00ed pr\u00e1v\u011b budou bannery, kter\u00e9 poukazuj\u00ed na tu genocidu Rom\u016f b\u011bhem druh\u00e9 sv\u011btov\u00e9 v\u00e1lky.<br \/><br \/>mluv\u010d\u00ed 6,<br \/>Tak je\u0161t\u011b pozv\u00e1n\u00ed, v kolik dne za\u010d\u00edn\u00e1 to uct\u011bn\u00ed pam\u00e1tky ob\u011bt\u00ed romsk\u00e9ho holocaustu na pra\u017esk\u00e9m n\u00e1m\u011bst\u00ed. Ji\u0159\u00edho z Pod\u011bbrad.<br \/><br \/>mluv\u010d\u00ed 7,<br \/>Dnes za\u010d\u00edn\u00e1me v sedm hodin, program je na hodinu, hodinu 15.<br \/><br \/>mluv\u010d\u00ed 6,<br \/>Tak a\u0165 p\u0159ijde hodn\u011b div\u00e1k\u016f, a\u0165 se v\u0161echno poda\u0159\u00ed. David Ti\u0161er, \u0159editel spole\u010dnosti nebo spolku ara Art, d\u00edky moc za n\u00e1v\u0161t\u011bvu, na shledanou.<br \/><br \/><\/p>\n","protected":false},"excerpt":{"rendered":"<div class=\"mh-excerpt\"><p>Lid\u00e9 po cel\u00e9m sv\u011bt\u011b si dnes p\u0159ipom\u00ednaj\u00ed Mezin\u00e1rodn\u00ed den romsk\u00fdch ob\u011bt\u00ed holocaustu. Podle odhad\u016f historik\u016f jich bylo a\u017e 1,5 milionu. P\u0159i t\u00e9to p\u0159\u00edle\u017eitosti se i <a class=\"mh-excerpt-more\" href=\"https:\/\/www.invarena.cz\/?p=41267\" title=\"Mezin\u00e1rodn\u00ed den romsk\u00fdch ob\u011bt\u00ed holocaustu\u00a0\u00a0\">[&#8230;]<\/a><\/p>\n<\/div>","protected":false},"author":1,"featured_media":41270,"comment_status":"open","ping_status":"closed","sticky":false,"template":"","format":"standard","meta":{"footnotes":""},"categories":[9],"tags":[],"class_list":["post-41267","post","type-post","status-publish","format-standard","has-post-thumbnail","hentry","category-zpravy"],"_links":{"self":[{"href":"https:\/\/www.invarena.cz\/index.php?rest_route=\/wp\/v2\/posts\/41267","targetHints":{"allow":["GET"]}}],"collection":[{"href":"https:\/\/www.invarena.cz\/index.php?rest_route=\/wp\/v2\/posts"}],"about":[{"href":"https:\/\/www.invarena.cz\/index.php?rest_route=\/wp\/v2\/types\/post"}],"author":[{"embeddable":true,"href":"https:\/\/www.invarena.cz\/index.php?rest_route=\/wp\/v2\/users\/1"}],"replies":[{"embeddable":true,"href":"https:\/\/www.invarena.cz\/index.php?rest_route=%2Fwp%2Fv2%2Fcomments&post=41267"}],"version-history":[{"count":0,"href":"https:\/\/www.invarena.cz\/index.php?rest_route=\/wp\/v2\/posts\/41267\/revisions"}],"wp:featuredmedia":[{"embeddable":true,"href":"https:\/\/www.invarena.cz\/index.php?rest_route=\/wp\/v2\/media\/41270"}],"wp:attachment":[{"href":"https:\/\/www.invarena.cz\/index.php?rest_route=%2Fwp%2Fv2%2Fmedia&parent=41267"}],"wp:term":[{"taxonomy":"category","embeddable":true,"href":"https:\/\/www.invarena.cz\/index.php?rest_route=%2Fwp%2Fv2%2Fcategories&post=41267"},{"taxonomy":"post_tag","embeddable":true,"href":"https:\/\/www.invarena.cz\/index.php?rest_route=%2Fwp%2Fv2%2Ftags&post=41267"}],"curies":[{"name":"wp","href":"https:\/\/api.w.org\/{rel}","templated":true}]}}