{"id":41285,"date":"2023-08-03T19:53:55","date_gmt":"2023-08-03T17:53:55","guid":{"rendered":"https:\/\/www.invarena.cz\/?p=41285"},"modified":"2023-08-03T19:53:56","modified_gmt":"2023-08-03T17:53:56","slug":"osetrovne-kdyz-zdravy-zamestnanec-pecuje-o-sveho-blizkeho","status":"publish","type":"post","link":"https:\/\/www.invarena.cz\/?p=41285","title":{"rendered":"O\u0161et\u0159ovn\u00e9 \u2013 kdy\u017e zdrav\u00fd zam\u011bstnanec pe\u010duje o sv\u00e9ho bl\u00edzk\u00e9ho"},"content":{"rendered":"\n<p><strong>\u010cesk\u00e1 spr\u00e1va soci\u00e1ln\u00edho zabezpe\u010den\u00ed (\u010cSSZ) informuje o mo\u017enostech a podm\u00ednk\u00e1ch n\u00e1hrady p\u0159\u00edjmu v obdob\u00ed, kdy zam\u011bstnanec nem\u016f\u017ee pracovat z&nbsp;d\u016fvodu nezbytn\u00e9 p\u00e9\u010de o sv\u00e9ho bl\u00edzk\u00e9ho. V&nbsp;p\u0159\u00edpad\u011b pot\u0159eby p\u00e9\u010de o bl\u00edzkou osobu je podle situace mo\u017en\u00e9 po\u017e\u00e1dat o jednu ze dvou d\u00e1vek: O\u0160ET\u0158OVN\u00c9, kter\u00e9 m\u016f\u017ee b\u00fdt vypl\u00e1ceno po dobu maxim\u00e1ln\u011b 9 (16) kalend\u00e1\u0159n\u00edch dn\u016f, anebo DLOUHODOB\u00c9 O\u0160ET\u0158OVN\u00c9, kter\u00e9 m\u016f\u017ee b\u00fdt vypl\u00e1ceno po dobu maxim\u00e1ln\u011b 90 dn\u016f.<\/strong><\/p>\n\n\n\n<p><strong><u>O\u0160ET\u0158OVN\u00c9 (kr\u00e1tkodob\u00e9)<\/u><\/strong><\/p>\n\n\n\n<p><strong>Podm\u00ednky pro p\u0159izn\u00e1n\u00ed a \u010derp\u00e1n\u00ed d\u00e1vky<\/strong><\/p>\n\n\n\n<p>Prvn\u00ed podm\u00ednkou je nemoc nebo \u00faraz bl\u00edzk\u00e9 osoby vy\u017eaduj\u00edc\u00ed nezbytnou p\u00e9\u010di druh\u00e9ho \u010dlov\u011bka. Je-li bl\u00edzkou osobou d\u00edt\u011b mlad\u0161\u00ed 10 let, je d\u016fvodem k nezbytn\u00e9 p\u00e9\u010di jak\u00e1koli nemoc nebo \u00faraz, kter\u00e9 utrp\u011blo. Dal\u0161\u00edm d\u016fvodem k&nbsp;p\u00e9\u010di je uzav\u0159en\u00ed \u0161kolsk\u00e9ho\/d\u011btsk\u00e9ho v\u00fdchovn\u00e9ho za\u0159\u00edzen\u00ed (z d\u016fvodu hav\u00e1rie, epidemie nebo jin\u00e9 nep\u0159edv\u00eddan\u00e9 ud\u00e1losti), na\u0159\u00edzen\u00ed karant\u00e9ny anebo onemocn\u011bn\u00ed osoby, kter\u00e1 o d\u00edt\u011b pe\u010duje.<\/p>\n\n\n\n<p>Druhou podm\u00ednkou je spole\u010dn\u00e1 dom\u00e1cnost obou osob anebo jejich p\u0159\u00edbuzensk\u00fd vztah: rodi\u010d, d\u00edt\u011b, sourozenec, man\u017eel\/man\u017eelka, registrovan\u00fd partner\/partnerka, rodi\u010d man\u017eela\/man\u017eelky anebo rodi\u010d registrovan\u00e9ho partnera\/partnerky.<\/p>\n\n\n\n<p>Nezbytnou podm\u00ednkou je \u00fa\u010dast zam\u011bstnance (pe\u010duj\u00edc\u00edho) na nemocensk\u00e9m poji\u0161t\u011bn\u00ed, av\u0161ak ne v\u0161ichni zam\u011bstnanci \u00fa\u010dastn\u00ed nemocensk\u00e9ho poji\u0161t\u011bn\u00ed maj\u00ed na o\u0161et\u0159ovn\u00e9 n\u00e1rok. N\u00e1rok na o\u0161et\u0159ovn\u00e9 maj\u00ed zejm\u00e9na zam\u011bstnanci v&nbsp;pracovn\u00edm nebo slu\u017eebn\u00edm pom\u011bru, naopak n\u00e1rok na o\u0161et\u0159ovn\u00e9 nemaj\u00ed zam\u011bstnanci \u010dinn\u00ed na z\u00e1klad\u011b dohody o proveden\u00ed pr\u00e1ce nebo dohody o pracovn\u00ed \u010dinnosti. N\u00e1rok na o\u0161et\u0159ovn\u00e9 nemaj\u00ed tak\u00e9 osoby samostatn\u011b v\u00fdd\u011ble\u010dn\u011b \u010dinn\u00e9 (OSV\u010c).<\/p>\n\n\n\n<p>D\u00e1vku lze \u010derpat maxim\u00e1ln\u011b 9 kalend\u00e1\u0159n\u00edch dn\u016f. V\u00fdjimkou je rodi\u010d samo\u017eivitel, kter\u00fd m\u016f\u017ee \u010derpat o\u0161et\u0159ovn\u00e9 a\u017e 16 dn\u016f, pokud pe\u010duje o d\u00edt\u011b mlad\u0161\u00ed 16 let pln\u00edc\u00ed povinnou \u0161koln\u00ed doch\u00e1zku. Pe\u010duj\u00edc\u00ed osoby se mohou v&nbsp;pr\u016fb\u011bhu tohoto obdob\u00ed v&nbsp;o\u0161et\u0159ov\u00e1n\u00ed jednou vyst\u0159\u00eddat.<\/p>\n\n\n\n<p><strong>Nezbytn\u00e9 podklady<\/strong><\/p>\n\n\n\n<p>V&nbsp;p\u0159\u00edpad\u011b nemoci nebo \u00farazu vypl\u0148uje o\u0161et\u0159uj\u00edc\u00ed l\u00e9ka\u0159 nemocn\u00e9 osoby \u010d\u00e1st A tiskopisu <em><a href=\"https:\/\/eportal.cssz.cz\/web\/portal\/-\/tiskopisy\/xxrpo\">Rozhodnut\u00ed o pot\u0159eb\u011b o\u0161et\u0159ov\u00e1n\u00ed (p\u00e9\u010de)<\/a><\/em>. \u017dadatel o d\u00e1vku vypl\u0148uje \u010d\u00e1st B a p\u0159ed\u00e1v\u00e1 sv\u00e9mu zam\u011bstnavateli (a ten p\u0159\u00edslu\u0161n\u00e9 OSSZ) I. d\u00edl tiskopisu (origin\u00e1ln\u00ed \u010d\u00e1st), II. d\u00edl tiskopisu (propsan\u00e1 kopie) slou\u017e\u00ed jako doklad zam\u011bstnavateli o ukon\u010den\u00ed p\u00e9\u010de.<\/p>\n\n\n\n<p>Pokud se pe\u010duj\u00edc\u00ed osoby st\u0159\u00eddaj\u00ed, II. samostatn\u00fd d\u00edl tiskopisu (podepsan\u00fd prvn\u00ed pe\u010duj\u00edc\u00ed osobou) p\u0159ed\u00e1v\u00e1 druh\u00e1 pe\u010duj\u00edc\u00ed osoba sv\u00e9mu zam\u011bstnavateli sou\u010dasn\u011b s vypln\u011bn\u00fdm tiskopisem <em><a href=\"https:\/\/eportal.cssz.cz\/web\/portal\/-\/tiskopisy\/zookpo\">\u017d\u00e1dost o o\u0161et\u0159ovn\u00e9 osoby, kter\u00e1 p\u0159evzala o\u0161et\u0159ov\u00e1n\u00ed (p\u00e9\u010di)<\/a><\/em>. Jako doklad zam\u011bstnavateli o ukon\u010den\u00ed p\u00e9\u010de prvn\u00ed pe\u010duj\u00edc\u00ed osobou slou\u017e\u00ed tiskopis <em><a href=\"https:\/\/eportal.cssz.cz\/web\/portal\/-\/tiskopisy\/xxptpo\">Potvrzen\u00ed o trv\u00e1n\u00ed pot\u0159eby o\u0161et\u0159ov\u00e1n\u00ed (p\u00e9\u010de)<\/a><\/em>.<\/p>\n\n\n\n<p>V&nbsp;p\u0159\u00edpad\u011b uzav\u0159en\u00ed \u0161kolsk\u00e9ho\/d\u011btsk\u00e9ho za\u0159\u00edzen\u00ed vypl\u0148uje z\u00e1stupce v\u00fdchovn\u00e9ho za\u0159\u00edzen\u00ed \u010d\u00e1st A tiskopisu <em><a href=\"https:\/\/eportal.cssz.cz\/web\/portal\/-\/tiskopisy\/zoppd\">\u017d\u00e1dost o o\u0161et\u0159ovn\u00e9 p\u0159i p\u00e9\u010di o d\u00edt\u011b z&nbsp;d\u016fvodu uzav\u0159en\u00ed \u0161kolsk\u00e9ho\/d\u011btsk\u00e9ho za\u0159\u00edzen\u00ed (\u0161koly)<\/a><\/em>. \u017dadatel o d\u00e1vku vypl\u0148uje \u010d\u00e1st B a p\u0159ed\u00e1v\u00e1 sv\u00e9mu zam\u011bstnavateli (a ten p\u0159\u00edslu\u0161n\u00e9 OSSZ) prvn\u00ed \u010d\u00e1st tiskopisu, kter\u00e1 slou\u017e\u00ed tak\u00e9 jako doklad o ukon\u010den\u00ed p\u00e9\u010de. Pokud se pe\u010duj\u00edc\u00ed osoby st\u0159\u00eddaj\u00ed, m\u00e1 p\u0159eb\u00edraj\u00edc\u00ed osoba k&nbsp;dispozici samostatn\u00fd d\u00edl t\u00e9to \u017e\u00e1dosti.<\/p>\n\n\n\n<p><strong><u>DLOUHODOB\u00c9 O\u0160ET\u0158OVN\u00c9<\/u><\/strong><\/p>\n\n\n\n<p><strong>Podm\u00ednky pro p\u0159izn\u00e1n\u00ed a \u010derp\u00e1n\u00ed d\u00e1vky<\/strong><\/p>\n\n\n\n<p>Prvn\u00ed podm\u00ednkou je zdravotn\u00ed stav bl\u00edzk\u00e9ho, kter\u00fd byl hospitalizov\u00e1n (minim\u00e1ln\u011b 4 po sob\u011b jdouc\u00ed dny v\u010detn\u011b prvn\u00edho a posledn\u00edho dne hospitalizace) a po propu\u0161t\u011bn\u00ed z hospitalizace vy\u017eaduje celodenn\u00ed p\u00e9\u010di v&nbsp;dom\u00e1c\u00edm prost\u0159ed\u00ed alespo\u0148 po dobu n\u00e1sleduj\u00edc\u00edch 30 kalend\u00e1\u0159n\u00edch dn\u016f. Rozhodnut\u00ed vystavuje o\u0161et\u0159uj\u00edc\u00ed l\u00e9ka\u0159 zdravotnick\u00e9ho za\u0159\u00edzen\u00ed poskytuj\u00edc\u00edho l\u016f\u017ekovou p\u00e9\u010di (zpravidla nemocnice). V p\u0159\u00edpad\u011b osoby v&nbsp;inkurabiln\u00edm stavu je podm\u00ednkou pot\u0159eba paliativn\u00ed a celodenn\u00ed p\u00e9\u010de v&nbsp;dom\u00e1c\u00edm prost\u0159ed\u00ed a rozhodnut\u00ed vystavuje jej\u00ed o\u0161et\u0159uj\u00edc\u00ed l\u00e9ka\u0159.<\/p>\n\n\n\n<p>Druhou podm\u00ednkou je vztah k dlouhodob\u011b o\u0161et\u0159ovan\u00e9 osob\u011b a jej\u00ed souhlas. O\u0161et\u0159uj\u00edc\u00ed osobou m\u016f\u017ee b\u00fdt man\u017eel\/man\u017eelka, registrovan\u00fd partner\/partnerka, p\u0159\u00edbuzn\u00fd v&nbsp;p\u0159\u00edm\u00e9 linii (tch\u00e1n\/tchyn\u011b, snacha\/ze\u0165, synovec\/nete\u0159, str\u00fdc\/teta), man\u017eel\/man\u017eelka nebo registrovan\u00fd partner\/partnerka t\u011bchto osob, druh\/dru\u017eka anebo jin\u00e1 osoba \u017eij\u00edc\u00ed s&nbsp;o\u0161et\u0159ovan\u00fdm v dom\u00e1cnosti. O\u0161et\u0159ovan\u00e1 osoba ud\u011bluje o\u0161et\u0159uj\u00edc\u00ed osob\u011b p\u00edsemn\u00fd souhlas na tiskopisu <em><a href=\"https:\/\/eportal.cssz.cz\/web\/portal\/-\/tiskopisy\/zodo\">\u017d\u00e1dost o dlouhodob\u00e9 o\u0161et\u0159ovn\u00e9<\/a><\/em>, kter\u00fd m\u016f\u017ee kdykoliv odvolat.<\/p>\n\n\n\n<p>Nezbytnou podm\u00ednkou je \u00fa\u010dast pe\u010duj\u00edc\u00edho na nemocensk\u00e9m poji\u0161t\u011bn\u00ed, a to u zam\u011bstnanc\u016f alespo\u0148 po dobu 90 kalend\u00e1\u0159n\u00edch dn\u016f v&nbsp;posledn\u00edch 4 m\u011bs\u00edc\u00edch a u osob samostatn\u011b v\u00fdd\u011ble\u010dn\u011b \u010dinn\u00fdch (OSV\u010c) alespo\u0148 3 m\u011bs\u00edce. OSV\u010c nesm\u00ed samostatnou v\u00fdd\u011ble\u010dnou \u010dinnost v&nbsp;dob\u011b pob\u00edr\u00e1n\u00ed t\u00e9to d\u00e1vky osobn\u011b vykon\u00e1vat.<\/p>\n\n\n\n<p><strong>Nezbytn\u00e9 podklady<\/strong><\/p>\n\n\n\n<p>O\u0161et\u0159uj\u00edc\u00ed l\u00e9ka\u0159 zdravotnick\u00e9ho za\u0159\u00edzen\u00ed (poskytuj\u00edc\u00edho l\u016f\u017ekovou p\u00e9\u010di) vystavuje tiskopis <em><a href=\"https:\/\/eportal.cssz.cz\/web\/portal\/-\/tiskopisy\/xxrpdp\">Rozhodnut\u00ed o pot\u0159eb\u011b dlouhodob\u00e9 p\u00e9\u010de<\/a><\/em> v&nbsp;den propu\u0161t\u011bn\u00ed z&nbsp;hospitalizace (nejpozd\u011bji do 3 pracovn\u00edch dn\u016f ode dne pod\u00e1n\u00ed \u017e\u00e1dosti). Pe\u010duj\u00edc\u00ed osoba vypl\u0148uje tiskopis <em><a href=\"https:\/\/eportal.cssz.cz\/web\/portal\/-\/tiskopisy\/zodo\">\u017d\u00e1dost o dlouhodob\u00e9 o\u0161et\u0159ovn\u00e9<\/a><\/em>, kter\u00fd o\u0161et\u0159ovan\u00e1 osoba (je-li zletil\u00e1) podepisuje a p\u0159edkl\u00e1d\u00e1 sv\u00e9mu zam\u011bstnavateli z\u00e1rove\u0148 s&nbsp;propsanou kopi\u00ed III. d\u00edlu tiskopisu <em><a href=\"https:\/\/eportal.cssz.cz\/web\/portal\/-\/tiskopisy\/xxrpdp\">Rozhodnut\u00ed o pot\u0159eb\u011b dlouhodob\u00e9 p\u00e9\u010de<\/a><\/em>.<\/p>\n\n\n\n<p>O d\u00e1vku lze po\u017e\u00e1dat do 8 dn\u016f po dni propu\u0161t\u011bn\u00ed z&nbsp;hospitalizace. Minim\u00e1ln\u011b jednou za m\u011bs\u00edc potvrzuje trv\u00e1n\u00ed pot\u0159eby dlouhodob\u00e9 p\u00e9\u010de o\u0161et\u0159uj\u00edc\u00ed praktick\u00fd nebo odborn\u00fd l\u00e9ka\u0159 na tiskopisu <em><a href=\"https:\/\/eportal.cssz.cz\/web\/portal\/-\/tiskopisy\/pt-rupdp\">Potvrzen\u00ed o trv\u00e1n\u00ed \/ Rozhodnut\u00ed o ukon\u010den\u00ed pot\u0159eby dlouhodob\u00e9 p\u00e9\u010de<\/a><\/em>, kter\u00fd pe\u010duj\u00edc\u00ed osoba p\u0159ed\u00e1v\u00e1 sv\u00e9mu zam\u011bstnavateli tak\u00e9 jako podklad pro pr\u016fb\u011b\u017enou v\u00fdplatu d\u00e1vky. Tento tiskopis je k&nbsp;dispozici pouze v&nbsp;ti\u0161t\u011bn\u00e9 podob\u011b na OSSZ.<\/p>\n\n\n\n<p><strong>V\u00fdplata d\u00e1vky O\u0160ET\u0158OVN\u00c9 a DLOUHODOB\u00c9 O\u0160ET\u0158OVN\u00c9<\/strong><strong><\/strong><\/p>\n\n\n\n<p>V\u00fd\u0161e d\u00e1vky odpov\u00edd\u00e1 60 % tzv. redukovan\u00e9ho denn\u00edho vym\u011b\u0159ovac\u00edho z\u00e1kladu (od prvn\u00edho kalend\u00e1\u0159n\u00edho dne). Orienta\u010dn\u00ed v\u00fd\u0161i lze zjistit zde: <a href=\"https:\/\/www.mpsv.cz\/web\/cz\/kalkulacka-pro-vypocet-davek-v-roce-2023\">Kalkula\u010dka pro v\u00fdpo\u010det d\u00e1vek v roce 2023<\/a>.<\/p>\n\n\n\n<p>O\u0161et\u0159ovn\u00e9 i dlouhodob\u00e9 o\u0161et\u0159ovn\u00e9 vypl\u00e1c\u00ed okresn\u00ed spr\u00e1va soci\u00e1ln\u00edho zabezpe\u010den\u00ed (OSSZ) p\u0159\u00edmo pe\u010duj\u00edc\u00edmu podle jeho volby na bankovn\u00ed \u00fa\u010det nebo hotov\u011b prost\u0159ednictv\u00edm \u010cesk\u00e9 po\u0161ty (n\u00e1klady na doru\u010den\u00ed hrad\u00ed p\u0159\u00edjemce), a to nejpozd\u011bji do 1 m\u011bs\u00edce n\u00e1sleduj\u00edc\u00edho po dni dod\u00e1n\u00ed \u0159\u00e1dn\u011b vypln\u011bn\u00fdch podklad\u016f.<\/p>\n\n\n\n<p>Ozn\u00e1men\u00ed o p\u0159izn\u00e1n\u00ed d\u00e1vky a jej\u00ed denn\u00ed v\u00fd\u0161e jsou uvedeny ve sd\u011blen\u00ed na v\u00fdpisu z&nbsp;\u00fa\u010dtu, po\u0161tovn\u00ed pouk\u00e1zce nebo (v p\u0159\u00edpad\u011b del\u0161\u00edho textu) ve zvl\u00e1\u0161tn\u00edm dopise.<\/p>\n\n\n\n<p>P\u0159\u00edpadn\u00e9 dotazy lze sm\u011brovat na call centrum nemocensk\u00e9ho poji\u0161t\u011bn\u00ed 800&nbsp;050&nbsp;248.<\/p>\n\n\n\n<p>\u00a0\u00a0<em>Odd\u011blen\u00ed komunikace \u010cSSZ<\/em><\/p>\n","protected":false},"excerpt":{"rendered":"<div class=\"mh-excerpt\"><p>\u010cesk\u00e1 spr\u00e1va soci\u00e1ln\u00edho zabezpe\u010den\u00ed (\u010cSSZ) informuje o mo\u017enostech a podm\u00ednk\u00e1ch n\u00e1hrady p\u0159\u00edjmu v obdob\u00ed, kdy zam\u011bstnanec nem\u016f\u017ee pracovat z&nbsp;d\u016fvodu nezbytn\u00e9 p\u00e9\u010de o sv\u00e9ho bl\u00edzk\u00e9ho. V&nbsp;p\u0159\u00edpad\u011b <a class=\"mh-excerpt-more\" href=\"https:\/\/www.invarena.cz\/?p=41285\" title=\"O\u0161et\u0159ovn\u00e9 \u2013 kdy\u017e zdrav\u00fd zam\u011bstnanec pe\u010duje o sv\u00e9ho bl\u00edzk\u00e9ho\">[&#8230;]<\/a><\/p>\n<\/div>","protected":false},"author":1,"featured_media":14574,"comment_status":"open","ping_status":"closed","sticky":false,"template":"","format":"standard","meta":{"footnotes":""},"categories":[9],"tags":[],"class_list":["post-41285","post","type-post","status-publish","format-standard","has-post-thumbnail","hentry","category-zpravy"],"_links":{"self":[{"href":"https:\/\/www.invarena.cz\/index.php?rest_route=\/wp\/v2\/posts\/41285","targetHints":{"allow":["GET"]}}],"collection":[{"href":"https:\/\/www.invarena.cz\/index.php?rest_route=\/wp\/v2\/posts"}],"about":[{"href":"https:\/\/www.invarena.cz\/index.php?rest_route=\/wp\/v2\/types\/post"}],"author":[{"embeddable":true,"href":"https:\/\/www.invarena.cz\/index.php?rest_route=\/wp\/v2\/users\/1"}],"replies":[{"embeddable":true,"href":"https:\/\/www.invarena.cz\/index.php?rest_route=%2Fwp%2Fv2%2Fcomments&post=41285"}],"version-history":[{"count":0,"href":"https:\/\/www.invarena.cz\/index.php?rest_route=\/wp\/v2\/posts\/41285\/revisions"}],"wp:featuredmedia":[{"embeddable":true,"href":"https:\/\/www.invarena.cz\/index.php?rest_route=\/wp\/v2\/media\/14574"}],"wp:attachment":[{"href":"https:\/\/www.invarena.cz\/index.php?rest_route=%2Fwp%2Fv2%2Fmedia&parent=41285"}],"wp:term":[{"taxonomy":"category","embeddable":true,"href":"https:\/\/www.invarena.cz\/index.php?rest_route=%2Fwp%2Fv2%2Fcategories&post=41285"},{"taxonomy":"post_tag","embeddable":true,"href":"https:\/\/www.invarena.cz\/index.php?rest_route=%2Fwp%2Fv2%2Ftags&post=41285"}],"curies":[{"name":"wp","href":"https:\/\/api.w.org\/{rel}","templated":true}]}}