{"id":41368,"date":"2023-08-08T03:19:26","date_gmt":"2023-08-08T01:19:26","guid":{"rendered":"https:\/\/www.invarena.cz\/?p=41368"},"modified":"2023-08-08T03:19:27","modified_gmt":"2023-08-08T01:19:27","slug":"vystava-psich-obrazu-ma-pomoci-holcicce-na-voziku","status":"publish","type":"post","link":"https:\/\/www.invarena.cz\/?p=41368","title":{"rendered":"V\u00fdstava ps\u00edch obraz\u016f m\u00e1 pomoci hol\u010di\u010dce na voz\u00edku\u00a0\u00a0"},"content":{"rendered":"\n<p>Julinka je p\u011btilet\u00e1 hol\u010di\u010dka, kter\u00e1 se narodila s posti\u017een\u00edm, kv\u016fli kter\u00e9mu je upout\u00e1na na\u00a0<strong>invalidn\u00ed<\/strong>\u00a0voz\u00edk. M\u00e1 za sebou n\u011bkolik operac\u00ed, ale ani to j\u00ed neub\u00edr\u00e1 na pozitivn\u00ed n\u00e1lad\u011b. Je roztomile upov\u00eddan\u00e1, kr\u00e1sn\u011b ovl\u00e1d\u00e1 jemnou motoriku a miluje zv\u00ed\u0159ata, hlavn\u011b pejsky. Nyn\u00ed se s pomoc\u00ed organizace Helppes u\u010d\u00ed ovl\u00e1dat sv\u00e9ho budouc\u00edho pejska Baru\u0161ku. Jeho v\u00fdcvik je ale drah\u00fd a tak se mal\u00ed\u0159ka Zuzana \u0160mejkalov\u00e1 rozhodla, \u017ee uspo\u0159\u00e1d\u00e1 v\u00fdstavu ps\u00edch obraz\u016f a mal\u00e9 Julince pom\u016f\u017ee.<\/p>\n\n\n\n<p>TV PRAHA<br \/><br \/>Zuzana \u0160mejkalov\u00e1, autorka v\u00fdstavy<br \/>To, co ob\u010das d\u00e1m, n\u011bjak\u00fdch p\u00e1r korun, nesta\u010d\u00ed a \u017ee by bylo zaj\u00edmav\u00e9 ty pejsky v\u011bnovat pro n\u00ed, proto\u017ee v\u00fdcvik jednoho asisten\u010dn\u00edho pejska stoj\u00ed 300 tis\u00edc.<br \/><br \/>Ond\u0159ej \u0160vec, redaktor<br \/>A tak za podpory Divadla Dobe\u0161ka, Centra v\u00fdcviku ps\u016f pro\u00a0<strong>posti\u017een\u00e9<\/strong>\u00a0Helppes a m\u011bstsk\u00e9 \u010d\u00e1sti Praha 4 vznikla v\u00fdstava olejomaleb \u010dty\u0159noh\u00fdch mil\u00e1\u010dk\u016f spole\u010dn\u00fdch p\u0159\u00e1tel a zn\u00e1m\u00fdch autorky, ale hlavn\u011b lid\u00ed z komunity pejska\u0159\u016f, kte\u0159\u00ed se \u010dasto potk\u00e1vaj\u00ed na proch\u00e1zk\u00e1ch u branick\u00e9 vyhl\u00eddky.<br \/><br \/>Ond\u0159ej Kub\u00edn, starosta M\u010c Praha 4<br \/>Na Dobe\u0161ce je to u\u017e tradi\u010dn\u00ed v\u00fdstava, u\u017e je to n\u011bkolik\u00e1t\u00e1 v\u00fdstava, nicm\u00e9n\u011b letos to bude na\u0161e prvn\u00ed aukce, kter\u00e1 prob\u011bhne v z\u00e1\u0159\u00ed, tyto kr\u00e1sn\u00e9 obrazy bude moci kdokoli i z div\u00e1k\u016f p\u0159ij\u00edt a vysout\u011b\u017eit nebo respektive p\u0159eplatit kupuj\u00edc\u00ed. Budeme r\u00e1di, proto\u017ee cel\u00fd ten v\u00fdt\u011b\u017eek p\u016fjde opravdu na pomoc hol\u010di\u010dce a jej\u00edmu pejskovi.<br \/><br \/>Ond\u0159ej \u0160vec, redaktor<br \/>Praha 4 se takov\u00e9to akce sna\u017e\u00ed podporovat dlouhodob\u011b, proto\u017ee sou\u010dasn\u00e1 doba je nesm\u00edrn\u011b slo\u017eit\u00e1 a pot\u0159ebn\u00fdm by se zkr\u00e1tka m\u011blo pom\u00e1hat. Na v\u00fdstav\u011b obraz\u016f s n\u00e1zvem Um\u011bn\u00ed ps\u016f jsou k vid\u011bn\u00ed des\u00edtky podobizen ps\u016f nejr\u016fzn\u011bj\u0161\u00edch plemen, mezi kter\u00fdmi si sv\u00e9ho obl\u00edbence na\u0161el i s\u00e1m pan starosta Ond\u0159ej Kub\u00edn.<br \/><br \/>Ond\u0159ej Kub\u00edn, starosta M\u010c Praha 4<br \/>Hol\u010di\u010dka Julinka m\u00e1 dvouletou kn\u00edra\u010dku, my m\u00e1me doma tak\u00e9 kn\u00edra\u010dku, tak\u017ee respektive moji rodi\u010de maj\u00ed kn\u00edra\u010dku, tak\u017ee k tomu m\u00e1m opravdu bl\u00edzko. V\u0161ichni ti pejsci jsou origin\u00e1l, jsou prav\u00ed, jsou \u017eij\u00edc\u00ed a jsou odtud z okol\u00ed Dobe\u0161ky.<br \/><br \/>redaktor<br \/>Aukce obraz\u016f prob\u011bhne 7. z\u00e1\u0159\u00ed od 17:30 v s\u00e1le Divadla Dobe\u0161ka a v\u00fdt\u011b\u017eek p\u016fjde pr\u00e1v\u011b na financov\u00e1n\u00ed v\u00fdcviku asisten\u010dn\u00edho pejska, kn\u00edra\u010dky Baru\u0161ky. Koup\u00ed n\u011bkter\u00e9ho z obraz\u016f tedy podpo\u0159\u00edte dobrou v\u011bc a je\u0161t\u011b budete m\u00edt doma malbu t\u0159eba zrovna toho va\u0161eho chlup\u00e1\u010de a \u010dty\u0159noh\u00e9ho kamar\u00e1da.<\/p>\n\n\n\n<p><\/p>\n","protected":false},"excerpt":{"rendered":"<div class=\"mh-excerpt\"><p>Julinka je p\u011btilet\u00e1 hol\u010di\u010dka, kter\u00e1 se narodila s posti\u017een\u00edm, kv\u016fli kter\u00e9mu je upout\u00e1na na\u00a0invalidn\u00ed\u00a0voz\u00edk. M\u00e1 za sebou n\u011bkolik operac\u00ed, ale ani to j\u00ed neub\u00edr\u00e1 na <a class=\"mh-excerpt-more\" href=\"https:\/\/www.invarena.cz\/?p=41368\" title=\"V\u00fdstava ps\u00edch obraz\u016f m\u00e1 pomoci hol\u010di\u010dce na voz\u00edku\u00a0\u00a0\">[&#8230;]<\/a><\/p>\n<\/div>","protected":false},"author":1,"featured_media":32498,"comment_status":"open","ping_status":"closed","sticky":false,"template":"","format":"standard","meta":{"footnotes":""},"categories":[7],"tags":[],"class_list":["post-41368","post","type-post","status-publish","format-standard","has-post-thumbnail","hentry","category-spolecnost"],"_links":{"self":[{"href":"https:\/\/www.invarena.cz\/index.php?rest_route=\/wp\/v2\/posts\/41368","targetHints":{"allow":["GET"]}}],"collection":[{"href":"https:\/\/www.invarena.cz\/index.php?rest_route=\/wp\/v2\/posts"}],"about":[{"href":"https:\/\/www.invarena.cz\/index.php?rest_route=\/wp\/v2\/types\/post"}],"author":[{"embeddable":true,"href":"https:\/\/www.invarena.cz\/index.php?rest_route=\/wp\/v2\/users\/1"}],"replies":[{"embeddable":true,"href":"https:\/\/www.invarena.cz\/index.php?rest_route=%2Fwp%2Fv2%2Fcomments&post=41368"}],"version-history":[{"count":0,"href":"https:\/\/www.invarena.cz\/index.php?rest_route=\/wp\/v2\/posts\/41368\/revisions"}],"wp:featuredmedia":[{"embeddable":true,"href":"https:\/\/www.invarena.cz\/index.php?rest_route=\/wp\/v2\/media\/32498"}],"wp:attachment":[{"href":"https:\/\/www.invarena.cz\/index.php?rest_route=%2Fwp%2Fv2%2Fmedia&parent=41368"}],"wp:term":[{"taxonomy":"category","embeddable":true,"href":"https:\/\/www.invarena.cz\/index.php?rest_route=%2Fwp%2Fv2%2Fcategories&post=41368"},{"taxonomy":"post_tag","embeddable":true,"href":"https:\/\/www.invarena.cz\/index.php?rest_route=%2Fwp%2Fv2%2Ftags&post=41368"}],"curies":[{"name":"wp","href":"https:\/\/api.w.org\/{rel}","templated":true}]}}