{"id":414,"date":"2012-11-22T09:32:09","date_gmt":"2012-11-22T09:32:09","guid":{"rendered":"http:\/\/www.invarena.cz\/?p=414"},"modified":"2012-12-12T04:23:30","modified_gmt":"2012-12-12T04:23:30","slug":"karty-pro-vyplatu-socialnich-davek-zustanou-povinne","status":"publish","type":"post","link":"https:\/\/www.invarena.cz\/?p=414","title":{"rendered":"Karty pro v\u00fdplatu soci\u00e1ln\u00edch d\u00e1vek z\u016fstanou povinn\u00e9?"},"content":{"rendered":"<p>Karty pro v\u00fdplatu soci\u00e1ln\u00edch d\u00e1vek budou podle v\u0161eho p\u0159eci jen povinn\u00e9. Ve Dvaceti minut\u00e1ch Radio\u017eurn\u00e1lu to prohl\u00e1sil Pavel Kysilka, \u0159editel \u010cS. Dobrovoln\u00e1 z\u016fstane jen jejich platebn\u00ed funkce, tedy mo\u017enost sKartami platit podobn\u011b jako b\u011b\u017en\u00fdmi kreditkami. Z\u00e1jemci si budou moci d\u00e1vky p\u0159eposlat na sv\u00e1 bankovn\u00ed konta. \u010cS jim tak\u00e9 nab\u00eddne mo\u017enost don\u00e1\u0161ky pen\u011bz \u010di pouk\u00e1zek a\u017e do domu, jak uvedl Kysilka.<!--more--><\/p>\n<p>Pavel KYSILKA, gener\u00e1ln\u00ed \u0159editel \u010cesk\u00e9 spo\u0159itelny:<br \/>\nTen syst\u00e9m, kter\u00fdm se mohou u\u017eivatel\u00e9 sKarty dostat ke sv\u00fdm pen\u011bz\u016fm, dopln\u00edme, nav\u00e1\u017eeme partnerstv\u00ed z n\u011bjakou instituc\u00ed, kterou si vybereme do konce t\u00fddne, \u017ee tenhle syst\u00e9m dopln\u00edme je\u0161t\u011b o mo\u017enost z\u00edskat ty pen\u00edze don\u00e1\u0161kou v hotovosti na ur\u010denou adresu nebo do vlastn\u00edch rukou a don\u00e1\u0161kou po\u0161tovn\u00ed pouk\u00e1zky.<\/p>\n<p>Jan RICHTER, moder\u00e1tor:<br \/>\n<strong>To byl gener\u00e1ln\u00ed \u0159editel \u010cesk\u00e9 spo\u0159itelny Pavel Kysilka ve Dvaceti minut\u00e1ch Radio\u017eurn\u00e1lu. Na podrobnosti jsme se zeptal mluv\u010d\u00ed Ministerstva pr\u00e1ce a soci\u00e1ln\u00edch v\u011bc\u00ed Viktorie Pl\u00edvov\u00e9.<\/strong><\/p>\n<p>Viktorie PL\u00cdVOV\u00c1, mluv\u010d\u00ed Ministerstva pr\u00e1ce a soci\u00e1ln\u00edch v\u011bc\u00ed:<br \/>\nJ\u00e1 samoz\u0159ejm\u011b nemohu hodnotit v\u00fdsledky jedn\u00e1n\u00ed pana Kysilky s panem premi\u00e9rem. Nicm\u00e9n\u011b, ta politick\u00e1 shoda mezi ministryn\u00ed pr\u00e1ce a soci\u00e1ln\u00edch v\u011bc\u00ed a panem premi\u00e9rem je o tom, \u017ee identifika\u010dn\u00ed funkce platebn\u00ed karty z\u016fstane zachov\u00e1na a platebn\u00ed funkce sKarty bude dobrovoln\u00e1.<\/p>\n<p>moder\u00e1tor:<br \/>\n<strong>Jin\u00fdmi slovy, v\u0161ichni p\u0159\u00edjemci soci\u00e1ln\u00edch d\u00e1vek si tu sKartu budou muset vyzvednout?<\/strong><\/p>\n<p>Viktorie PL\u00cdVOV\u00c1, mluv\u010d\u00ed Ministerstva pr\u00e1ce a soci\u00e1ln\u00edch v\u011bc\u00ed:<br \/>\nP\u0159\u00edjemci soci\u00e1ln\u00edch d\u00e1vek a dal\u0161\u00edch d\u00e1vek, kter\u00e9 jsou vypl\u00e1ceny prost\u0159ednictv\u00edm sKarty, si skute\u010dn\u011b tu kartu vyzvednou. Nicm\u00e9n\u011b, zp\u016fsoby v\u00fdplaty konkr\u00e9tn\u00edch d\u00e1vek budou roz\u0161\u00ed\u0159eny. Jak a jak\u00fdm zp\u016fsobem, to by ministerstvo spolu s dal\u0161\u00edmi partnery m\u011blo prezentovat v nejbli\u017e\u0161\u00edch dnech.<\/p>\n<p><strong>Pan Kysilka zm\u00ednil jeden z t\u011bch zp\u016fsob\u016f v tom rozhovoru ve Dvaceti minut\u00e1ch Radio\u017eurn\u00e1lu, kdy\u017e mluvil o tom, \u017ee \u010d\u00e1st samoz\u0159ejm\u011b p\u0159\u00edjemc\u016f soci\u00e1ln\u00edch d\u00e1vek nem\u00e1 bankovn\u00ed \u00fa\u010det, nevede si \u017e\u00e1dn\u00fd bankovn\u00ed \u00fa\u010det, na kter\u00fd by si mohli nechat p\u0159ev\u00e1d\u011bt ty soci\u00e1ln\u00ed d\u00e1vky. Kdy\u017e si tedy z\u00e1rove\u0148 nebudou cht\u00edt tu sKartu pou\u017e\u00edvat jako platebn\u00ed n\u00e1stroj, jak\u00fdm zp\u016fsobem se k t\u011bm soci\u00e1ln\u00edm d\u00e1vk\u00e1m dostanou? <\/strong><\/p>\n<p>Viktorie PL\u00cdVOV\u00c1, mluv\u010d\u00ed Ministerstva pr\u00e1ce a soci\u00e1ln\u00edch v\u011bc\u00ed:<br \/>\nJ\u00e1 bych necht\u011bla p\u0159edj\u00edmat v\u00fdsledky t\u011bch jedn\u00e1n\u00ed, ale ur\u010dit\u011b se uva\u017euje i o t\u011bch variant\u00e1ch, aby bylo my\u0161leno pr\u00e1v\u011b na p\u0159\u00edjemci t\u011bch d\u00e1vek, kte\u0159\u00ed nemaj\u00ed bankovn\u00ed \u00fa\u010det.<\/p>\n<p>Jan RICHTER, moder\u00e1tor:<br \/>\nPod\u00edvejte, ten probl\u00e9m je relativn\u011b praktick\u00fd, proto\u017ee zd\u00e1 se, \u017ee \u010cesk\u00e1 spo\u0159itelna dokonce t\u00fddne vybere n\u011bjak\u00e9ho subdodavatele nebo n\u011bjak\u00e9ho partnera, n\u011bjakou partnerskou spole\u010dnost, kter\u00e1 zajist\u00ed don\u00e1\u0161ku p\u0159\u00edmo t\u011bch pen\u011bz, pop\u0159\u00edpad\u011b doru\u010den\u00ed po\u0161tovn\u00edch pouk\u00e1zek tady s t\u011bmi, s tou v\u00fdplatou soci\u00e1ln\u00edch d\u00e1vek. Ot\u00e1zkou samoz\u0159ejm\u011b z\u016fst\u00e1v\u00e1, kdo n\u00e1klady na tu don\u00e1\u0161ku zaplat\u00ed? Podle pana Kysilky to ur\u010dit\u011b nebude \u010cesk\u00e1 spo\u0159itelna. Zd\u00e1 se, \u017ee pokud ten subdodavatel bude komer\u010dn\u00ed firma, tak ani ta, to znamen\u00e1, ty kone\u010dn\u00e9 n\u00e1klady z\u016fstanou na p\u0159\u00edjemc\u00edch t\u011bch soci\u00e1ln\u00edch d\u00e1vek?<\/p>\n<p>Viktorie PL\u00cdVOV\u00c1, mluv\u010d\u00ed Ministerstva pr\u00e1ce a soci\u00e1ln\u00edch v\u011bc\u00ed:<br \/>\nTo je jist\u011b jedna z mo\u017en\u00fdch \u00favah, kterou bych v tuto chv\u00edli opravdu necht\u011bla komentovat, nejsem p\u0159\u00edtomna t\u011bch jedn\u00e1n\u00ed a nezn\u00e1m jejich v\u00fdsledky. Jak jsem ji\u017e \u0159ekla, ministerstvo spolu s dal\u0161\u00edm subjekty bude v\u00fdsledky t\u011bchto jedn\u00e1n\u00ed velmi brzo prezentovat tak, aby i p\u0159\u00edjemci d\u00e1vek byli uji\u0161t\u011bni o tom, jak\u00e1 budoucnost sKaret a zp\u016fsobu v\u00fdplaty d\u00e1vek bude.<\/p>\n<p><strong>M\u016f\u017eete vylou\u010dit, \u017ee by nakonec klienti, kte\u0159\u00ed nemaj\u00ed \u00fa\u010det, museli za tu don\u00e1\u0161ku platit? <\/strong><\/p>\n<p>Viktorie PL\u00cdVOV\u00c1, mluv\u010d\u00ed Ministerstva pr\u00e1ce a soci\u00e1ln\u00edch v\u011bc\u00ed:<br \/>\nV tuto chv\u00edli skute\u010dn\u011b nemohu vylou\u010dit \u017e\u00e1dnou z variant.<\/p>\n<p><strong>Tolik mluv\u010d\u00ed Ministerstva pr\u00e1ce a soci\u00e1ln\u00edch v\u011bc\u00ed Viktorie Pl\u00edvov\u00e1. D\u011bkujeme za v\u00e1\u0161 \u010das a na sly\u0161enou. <\/strong><br \/>\n<strong>A \u017eiv\u011b jsme te\u010f ve spojen\u00ed se sen\u00e1torkou za Stranu zelen\u00fdch a tak\u00e9 b\u00fdvalou m\u00edstop\u0159edsedkyn\u00ed \u00dastavn\u00edho soudu Eli\u0161kou Wagnerovou, dobr\u00fd ve\u010der. <\/strong><\/p>\n<p>Eli\u0161ka WAGNEROV\u00c1, sen\u00e1torka:<br \/>\nDobr\u00fd ve\u010der.<\/p>\n<p><strong>Pan\u00ed sen\u00e1torko, co si vymysl\u00edte o tom, \u017ee ty sKarty p\u0159eci jenom budou povinn\u00e9, l\u00e9pe \u0159e\u010deno z\u016fstane zachov\u00e1na ta jejich identifika\u010dn\u00ed funkce? <\/strong><\/p>\n<p>Eli\u0161ka WAGNEROV\u00c1, sen\u00e1torka:<br \/>\nNo, j\u00e1 se domn\u00edv\u00e1m, \u017ee cel\u00e1 ta \u00faprava, tedy t\u011bch soci\u00e1ln\u00edch karet je prost\u011b nesmysln\u00e1, je paskvil pr\u00e1vn\u00ed. To za\u010dalo t\u00edm z\u00e1konem o \u00da\u0159ad pr\u00e1ce soci\u00e1ln\u00edch v\u011bci pr\u00e1v\u011b \u010cR a o zm\u011bn\u011b souvisej\u00edc\u00edch z\u00e1kon\u016f.s t\u00edm, \u017ee tedy j\u00ed bude krajsk\u00e1 pobo\u010dka m\u00edstn\u011b p\u0159\u00edslu\u0161n\u00e1 podle m\u00edsta bydli\u0161t\u011b osoby zabezpe\u010d\u00ed vyd\u00e1n\u00ed karty soci\u00e1ln\u00edch syst\u00e9m\u016f. Ale d\u00e1l potom u\u017e se ne\u0159\u00edk\u00e1, p\u0159ev\u00e9st to vypl\u00e1cen\u00ed pen\u011bz n\u011bjak\u00fdm soukrom\u00fdm subjektem, \u010dili ta u\u017e chyb\u00ed z\u00e1konn\u00e9 zmocn\u011bn\u00ed k tomu, aby vlastn\u011b mohlo do toho vstupovat n\u011bjak\u00fd soukrom\u00fd subjekt. To u\u017e se pak d\u011blo jak\u00fdmi divn\u00fdmi bu\u010f podz\u00e1konn\u00fdmi nebo ani ne podz\u00e1konn\u00fdmi p\u0159edpisy v tom vlastn\u00edm slova smyslu jako sp\u00ed\u0161e snad n\u011bjak\u00fdmi metodick\u00fdm pokyny a podobn\u011b, to je prost\u011b stav, kter\u00fd nen\u00ed mo\u017en\u00fd. Ten nen\u00ed mo\u017en\u00fd a te\u010f, tedy jestli na z\u00e1klad\u011b tohoto pr\u00e1vn\u00edho stavu uzav\u0159e j\u00e1 nev\u00edm, dokonce snad pouze n\u00e1m\u011bstek ministra pr\u00e1ce a soci\u00e1ln\u00edch v\u011bc\u00ed, smlouvu se soukrom\u00fdm subjektem, jak\u00fdm je tedy ta \u010cesk\u00e1 spo\u0159itelna, tak to je z\u0159ejm\u00e9 vykro\u010den\u00ed z opr\u00e1vn\u011bn\u00ed, kter\u00fdmi disponuje tato osoba jako je n\u00e1m\u011bstek ministra a prost\u011b \u0161lo o jedn\u00e1n\u00ed a ta smlouva prost\u011b nem\u016f\u017ee b\u00fdt platn\u00e1. To tedy se jako domn\u00edv\u00e1m, \u017ee snad tady toho si m\u011bla b\u00fdt v\u011bdoma i \u010cesk\u00e1 spo\u0159itelna.<\/p>\n<p><strong>Vy mysl\u00edte, \u017ee ta smlouva mezi ministerstvem pr\u00e1ce a soci\u00e1ln\u00edch v\u011bc\u00ed na jedn\u00e9 stran\u011b a \u010ceskou spo\u0159itelnou o provozov\u00e1n\u00ed toho syst\u00e9mu t\u011bch soci\u00e1ln\u00edch karet, je vlastn\u011b neplatn\u00e1? <\/strong><\/p>\n<p>Eli\u0161ka WAGNEROV\u00c1, sen\u00e1torka:<br \/>\nJ\u00e1 se domn\u00edv\u00e1m, \u017ee tedy to ministerstvo, respektive tedy v osob\u011b n\u00e1m\u011bstka, k tomu nem\u011blo z\u00e1konn\u00e9 zmocn\u011bn\u00ed a je t\u0159eba si uv\u011bdomit, \u017ee plat\u00ed \u00fastavn\u00ed princip, \u017ee vlastn\u011b st\u00e1t a jeho \u00fady sm\u011bj\u00ed \u010dinit jenom to, co jim z\u00e1kon v\u00fdslovn\u011b umo\u017e\u0148uje, oni nemaj\u00ed svou vlastn\u00ed v\u016fli. Oni mus\u00ed b\u00fdt zmocn\u011bni z\u00e1konem.<\/p>\n<p><strong>Kdy\u017e se v\u00e1s tedy zept\u00e1m jako b\u00fdval\u00e9 soudkyn\u011b \u00dastavn\u00edho soudu, jak tedy je ta situace \u0159e\u0161iteln\u00e1 v t\u00e9to chv\u00edli, kdy ta smlouva je uzav\u0159en\u00e1, protestuje proti n\u00ed opozice na jedn\u00e9 stran\u011b, na druh\u00e9 stran\u011b ve\u0159ejn\u00fd ochr\u00e1nce pr\u00e1v, kter\u00fd tak\u00e9 kritizuje tu podz\u00e1konnost t\u011bch norem, jak jste ji\u017e zmi\u0148ovala. Co se tedy m\u016f\u017ee st\u00e1t te\u010f? <\/strong><\/p>\n<p>Eli\u0161ka WAGNEROV\u00c1, sen\u00e1torka:<br \/>\nPo m\u00e9m soudu prost\u011b tady ta smlouva, ta vlastn\u011b z \u00fastavn\u00edho pohledu nen\u00ed pro n\u00e1s zaj\u00edmav\u00e1. Te\u010f se mus\u00ed za\u010d\u00edt u onoho Z\u00e1kon o \u00fa\u0159adu pr\u00e1ce \u010cesk\u00e9 republiky a na to navazuj\u00ed samoz\u0159ejm\u011b pak ty dal\u0161\u00ed z\u00e1kony, jako z\u00e1kon o st\u00e1tn\u00ed soci\u00e1ln\u00ed podpo\u0159e, z\u00e1kon o poskytov\u00e1n\u00ed d\u00e1vek osob\u00e1m se zdravotn\u00edm posti\u017een\u00edm a tak d\u00e1le a tyto z\u00e1kony u\u017e pracuj\u00ed prost\u011b vlastn\u011b s t\u00edm, co bylo v tom prv\u00e9m z\u00e1kon\u011b, tedy v tom z\u00e1kon\u011b o \u00da\u0159adu pr\u00e1ce \u010cesk\u00e9 republiky, jaksi \u0159e\u010deno k t\u00e9 kart\u011b, k t\u00e9 sKart\u011b. To ten prvotn\u00ed probl\u00e9m je v tomto z\u00e1kon\u011b a ten z\u00e1kon mus\u00ed b\u00fdt bu\u010f zru\u0161en \u00dastavn\u00edm soudem a nebo m\u016f\u017ee b\u00fdt samoz\u0159ejm\u011b zru\u0161en z\u00e1konem, kter\u00fd p\u0159ijme nov\u011b parlament.<\/p>\n<p><strong>\u0158\u00edk\u00e1 sen\u00e1torka za Stranu zelen\u00fdch Eli\u0161ka Wagnerov\u00e1. D\u011bkujeme za v\u00e1\u0161 \u010das a hezk\u00fd ve\u010der. <\/strong><\/p>\n","protected":false},"excerpt":{"rendered":"<div class=\"mh-excerpt\"><p>Karty pro v\u00fdplatu soci\u00e1ln\u00edch d\u00e1vek budou podle v\u0161eho p\u0159eci jen povinn\u00e9. Ve Dvaceti minut\u00e1ch Radio\u017eurn\u00e1lu to prohl\u00e1sil Pavel Kysilka, \u0159editel \u010cS. Dobrovoln\u00e1 z\u016fstane jen jejich <a class=\"mh-excerpt-more\" href=\"https:\/\/www.invarena.cz\/?p=414\" title=\"Karty pro v\u00fdplatu soci\u00e1ln\u00edch d\u00e1vek z\u016fstanou povinn\u00e9?\">[&#8230;]<\/a><\/p>\n<\/div>","protected":false},"author":1,"featured_media":0,"comment_status":"open","ping_status":"open","sticky":false,"template":"","format":"standard","meta":{"footnotes":""},"categories":[1,12,9],"tags":[],"class_list":["post-414","post","type-post","status-publish","format-standard","hentry","category-nezarazene","category-rozhovory","category-zpravy"],"_links":{"self":[{"href":"https:\/\/www.invarena.cz\/index.php?rest_route=\/wp\/v2\/posts\/414","targetHints":{"allow":["GET"]}}],"collection":[{"href":"https:\/\/www.invarena.cz\/index.php?rest_route=\/wp\/v2\/posts"}],"about":[{"href":"https:\/\/www.invarena.cz\/index.php?rest_route=\/wp\/v2\/types\/post"}],"author":[{"embeddable":true,"href":"https:\/\/www.invarena.cz\/index.php?rest_route=\/wp\/v2\/users\/1"}],"replies":[{"embeddable":true,"href":"https:\/\/www.invarena.cz\/index.php?rest_route=%2Fwp%2Fv2%2Fcomments&post=414"}],"version-history":[{"count":0,"href":"https:\/\/www.invarena.cz\/index.php?rest_route=\/wp\/v2\/posts\/414\/revisions"}],"wp:attachment":[{"href":"https:\/\/www.invarena.cz\/index.php?rest_route=%2Fwp%2Fv2%2Fmedia&parent=414"}],"wp:term":[{"taxonomy":"category","embeddable":true,"href":"https:\/\/www.invarena.cz\/index.php?rest_route=%2Fwp%2Fv2%2Fcategories&post=414"},{"taxonomy":"post_tag","embeddable":true,"href":"https:\/\/www.invarena.cz\/index.php?rest_route=%2Fwp%2Fv2%2Ftags&post=414"}],"curies":[{"name":"wp","href":"https:\/\/api.w.org\/{rel}","templated":true}]}}