{"id":41423,"date":"2023-08-10T03:44:44","date_gmt":"2023-08-10T01:44:44","guid":{"rendered":"https:\/\/www.invarena.cz\/?p=41423"},"modified":"2023-08-10T03:44:45","modified_gmt":"2023-08-10T01:44:45","slug":"pracujici-seniori-si-nepolepsi","status":"publish","type":"post","link":"https:\/\/www.invarena.cz\/?p=41423","title":{"rendered":"Pracuj\u00edc\u00ed senio\u0159i si nepolep\u0161\u00ed\u00a0\u00a0"},"content":{"rendered":"\n<p><br \/><strong>Ministr<\/strong>\u00a0<strong>pr\u00e1ce<\/strong>\u00a0a soci\u00e1ln\u00edch v\u011bc\u00ed Marian Jure\u010dka je ve sporu s ministrem financ\u00ed Zby\u0148kem Stanjurou. \u0160\u00e9f lidovc\u016f cht\u011bl pro pracuj\u00edc\u00ed d\u016fchodce \u00falevu ve form\u011b zpro\u0161t\u011bn\u00ed plateb soci\u00e1ln\u00edho poji\u0161t\u011bn\u00ed. Stanjura ale tvrd\u00ed, \u017ee si to rozpo\u010det nem\u016f\u017ee dovolit. Podle ekonom\u016f p\u0159itom pr\u00e1ce penzist\u016f m\u016f\u017ee zlep\u0161ovat nejen jejich finan\u010dn\u00ed zabezpe\u010den\u00ed, ale i p\u0159\u00edjmy st\u00e1tn\u00ed kasy.<\/p>\n\n\n\n<p>\u00a0Prima\u00a0&#8211; Hlavn\u00ed zpr\u00e1vy<br \/><br \/><br \/> redaktorka<br \/>Ministr Marian Jure\u010dka cht\u011bl m\u00edsto navy\u0161ov\u00e1n\u00ed penz\u00ed odpustit pracuj\u00edc\u00edm d\u016fchodc\u016fm soci\u00e1ln\u00ed odvody a motivovat je k pr\u00e1ci i v d\u016fchodov\u00e9m v\u011bku.<br \/><br \/>redaktor \/citace: Jakub AUGUSTA, tiskov\u00e9 odd\u011blen\u00ed ministerstva pr\u00e1ce a soci\u00e1ln\u00edch v\u011bc\u00ed\/<br \/>&#8222;<strong>MPSV<\/strong>\u00a0navrhovalo slevy na pojistn\u00e9m d\u016fchodov\u00e9ho poji\u0161t\u011bn\u00ed pro pracuj\u00edc\u00ed d\u016fchodce. A u OSV\u010c sn\u00ed\u017een\u00ed pojistn\u00e9 sazby.&#8220;<br \/><br \/>redaktorka<br \/>S n\u00e1vrhem ale na vl\u00e1d\u011b neusp\u011bl.<br \/><br \/>Petr HAB\u00c1\u0147, odd\u011blen\u00ed komunikace s m\u00e9dii ministerstva financ\u00ed<br \/>Sn\u00ed\u017een\u00ed soci\u00e1ln\u00edho poji\u0161t\u011bn\u00ed \u010d\u00e1sti ekonomick\u00fd aktivn\u00ed populace by znamenalo prohlouben\u00ed deficitu d\u016fchodov\u00e9ho \u00fa\u010dtu.<br \/><br \/>Monika BER\u00c1NKOV\u00c1, redaktorka<br \/>N\u00e1vrh po\u010d\u00edtal s t\u00edm, \u017ee senior\u016fm s hrubou mzdou 25 000 K\u010d by z\u016fstalo asi 1 600 K\u010d m\u011bs\u00ed\u010dn\u011b nav\u00edc. U 30tis\u00edcov\u00e9 mzdy by si p\u0159ilep\u0161ili o 1 900 K\u010d. Podle ministerstva financ\u00ed by ale zru\u0161en\u00edm odvod\u016f u pracuj\u00edc\u00edch d\u016fchodc\u016f st\u00e1t ro\u010dn\u011b p\u0159i\u0161el o 4-4,5 miliardy korun.<br \/><br \/>Milan BEDN\u00c1\u0158, ekonom, N\u00e1rodohospod\u00e1\u0159sk\u00e1 fakulta V\u0160E v Praze<br \/>V cel\u00e9m tom kontextu nen\u00ed tak obrovsk\u00e1 \u010d\u00e1stka.<br \/><br \/>Monika BER\u00c1NKOV\u00c1, redaktorka<br \/>Da\u0148ov\u00e9 zv\u00fdhodn\u011bn\u00ed nebo sn\u00ed\u017een\u00ed odvod\u016f, to jsou mo\u017enosti, ke kter\u00fdm podle n\u011bkter\u00fdch ekonom\u016f vl\u00e1da bude muset \u010dasem p\u0159istoupit, pokud chce udr\u017eet d\u016fchodce v pr\u00e1ci.<br \/><br \/>Danu\u0161e NERUDOV\u00c1, ekonomka<br \/>Domn\u00edv\u00e1m se, \u017ee jednu z t\u011bchto variant bude vl\u00e1da muset zvolit a bude muset b\u00fdt sou\u010d\u00e1st\u00ed t\u011bch zm\u011bn, kter\u00e9 se budou p\u0159edkl\u00e1dat.<br \/><br \/>Pavel PETERKA, hlavn\u00ed ekonom finan\u010dn\u00ed skupiny Roklen<br \/>A je ot\u00e1zkou, v jak\u00e9 m\u00ed\u0159e by pokra\u010dovaly nebo nepokra\u010dovaly v moment\u011b, kdy by tato da\u0148ov\u00e1 v\u00fdhoda pro\u0161la \u010di nepro\u0161la.<br \/><br \/>Milan BEDN\u00c1\u0158, ekonom, N\u00e1rodohospod\u00e1\u0159sk\u00e1 fakulta V\u0160E v Praze<br \/>To placen\u00ed tedy je takov\u00e9 pro m\u011b mo\u017en\u00e1 ne \u00fapln\u011b \u0161\u0165astn\u00e9.<br \/><br \/>Monika BER\u00c1NKOV\u00c1, redaktorka<br \/>Podle aktu\u00e1ln\u00edch dat \u010cesk\u00e9ho statistick\u00e9ho \u00fa\u0159adu v \u010cesku st\u00e1le pracuje v\u00edce ne\u017e 270 000 senior\u016f star\u0161\u00edch 65 let, a to nej\u010dast\u011bji v kultu\u0159e nebo administrativ\u011b.<\/p>\n\n\n\n<p> CNN Prima News.<br \/><br \/><\/p>\n\n\n\n<p><\/p>\n","protected":false},"excerpt":{"rendered":"<div class=\"mh-excerpt\"><p>Ministr\u00a0pr\u00e1ce\u00a0a soci\u00e1ln\u00edch v\u011bc\u00ed Marian Jure\u010dka je ve sporu s ministrem financ\u00ed Zby\u0148kem Stanjurou. \u0160\u00e9f lidovc\u016f cht\u011bl pro pracuj\u00edc\u00ed d\u016fchodce \u00falevu ve form\u011b zpro\u0161t\u011bn\u00ed plateb soci\u00e1ln\u00edho <a class=\"mh-excerpt-more\" href=\"https:\/\/www.invarena.cz\/?p=41423\" title=\"Pracuj\u00edc\u00ed senio\u0159i si nepolep\u0161\u00ed\u00a0\u00a0\">[&#8230;]<\/a><\/p>\n<\/div>","protected":false},"author":1,"featured_media":15769,"comment_status":"open","ping_status":"closed","sticky":false,"template":"","format":"standard","meta":{"footnotes":""},"categories":[1],"tags":[],"class_list":["post-41423","post","type-post","status-publish","format-standard","has-post-thumbnail","hentry","category-nezarazene"],"_links":{"self":[{"href":"https:\/\/www.invarena.cz\/index.php?rest_route=\/wp\/v2\/posts\/41423","targetHints":{"allow":["GET"]}}],"collection":[{"href":"https:\/\/www.invarena.cz\/index.php?rest_route=\/wp\/v2\/posts"}],"about":[{"href":"https:\/\/www.invarena.cz\/index.php?rest_route=\/wp\/v2\/types\/post"}],"author":[{"embeddable":true,"href":"https:\/\/www.invarena.cz\/index.php?rest_route=\/wp\/v2\/users\/1"}],"replies":[{"embeddable":true,"href":"https:\/\/www.invarena.cz\/index.php?rest_route=%2Fwp%2Fv2%2Fcomments&post=41423"}],"version-history":[{"count":0,"href":"https:\/\/www.invarena.cz\/index.php?rest_route=\/wp\/v2\/posts\/41423\/revisions"}],"wp:featuredmedia":[{"embeddable":true,"href":"https:\/\/www.invarena.cz\/index.php?rest_route=\/wp\/v2\/media\/15769"}],"wp:attachment":[{"href":"https:\/\/www.invarena.cz\/index.php?rest_route=%2Fwp%2Fv2%2Fmedia&parent=41423"}],"wp:term":[{"taxonomy":"category","embeddable":true,"href":"https:\/\/www.invarena.cz\/index.php?rest_route=%2Fwp%2Fv2%2Fcategories&post=41423"},{"taxonomy":"post_tag","embeddable":true,"href":"https:\/\/www.invarena.cz\/index.php?rest_route=%2Fwp%2Fv2%2Ftags&post=41423"}],"curies":[{"name":"wp","href":"https:\/\/api.w.org\/{rel}","templated":true}]}}