{"id":41531,"date":"2023-08-15T16:24:07","date_gmt":"2023-08-15T14:24:07","guid":{"rendered":"https:\/\/www.invarena.cz\/?p=41531"},"modified":"2023-08-15T16:24:13","modified_gmt":"2023-08-15T14:24:13","slug":"hrozi-vypadek-leku","status":"publish","type":"post","link":"https:\/\/www.invarena.cz\/?p=41531","title":{"rendered":"Hroz\u00ed v\u00fdpadek l\u00e9k\u016f\u00a0\u00a0"},"content":{"rendered":"\n<p><br \/>Mo\u017en\u00e1 jste si v\u0161imli, \u017ee v l\u00e9k\u00e1rn\u00e1ch st\u00e1le chyb\u00ed n\u011bkter\u00e9\u00a0<strong>l\u00e9ky<\/strong>. Sice to nen\u00ed tak v\u00e1\u017en\u00e9 jako loni na podzim, p\u0159esto u\u017e dlouho sch\u00e1z\u00ed t\u0159eba Endiaron nebo n\u011bkter\u00e1 antibiotika. Ministerstvo\u00a0<strong>zdravotnictv\u00ed<\/strong>\u00a0se h\u00e1j\u00ed t\u00edm, \u017ee vyjedn\u00e1v\u00e1 s dodavateli, aby p\u0159ed podzimn\u00ed sez\u00f3nou m\u011blo \u010cesko\u00a0<strong>l\u00e9k\u016f<\/strong>\u00a0dostatek. Schyt\u00e1v\u00e1 ale kritiku.<br \/><br \/>Prima\u00a0&#8211; Hlavn\u00ed zpr\u00e1vy<br \/><br \/>Nejde o ni\u010div\u00fd po\u017e\u00e1r? Podle l\u00e9k\u00e1rn\u00edk\u016f sp\u00ed\u0161 o mal\u00fd ohn\u00ed\u010dek. Tvrd\u00ed, \u017ee za chyb\u011bj\u00edc\u00ed medikamenty te\u010f maj\u00ed n\u00e1hradu. Podzimu se ale ob\u00e1vaj\u00ed.<br \/><br \/>Romana \u017dateck\u00e1, mluv\u010d\u00ed spole\u010dnosti L\u00e9karna.cz<br \/>Douf\u00e1me, \u017ee to, co jsme \u0159e\u0161ili v lo\u0148sk\u00e9m roce, u\u017e letos \u0159e\u0161it nebudeme.<br \/><br \/>Petra Nov\u00e1kov\u00e1, vedouc\u00ed l\u00e9k\u00e1rny T\u011b\u0161nov<br \/>Ti\u0161novk\u00e1rnu se sna\u017e\u00edme si rezervovat dostatek\u00a0<strong>l\u00e9k\u016f<\/strong>.<br \/><br \/>Melanie Kr\u00fdslov\u00e1, redaktorka<br \/>\u017de k v\u00fdpadk\u016fm dojde, je podle epidemiologa Romana Prymuly t\u00e9m\u011b\u0159 jist\u00e9.<br \/><br \/>Roman PRYMULA, epidemiolog, vakcinolog<br \/>Je ot\u00e1zkou, jestli ty kroky, kter\u00e9 ministerstvo v tuto chv\u00edli d\u011bl\u00e1, jsou dostate\u010dn\u00e9.<br \/><br \/>Melanie Kr\u00fdslov\u00e1, redaktorka<br \/>Ministerstvo\u00a0<strong>zdravotnictv\u00ed<\/strong>\u00a0tvrd\u00ed, \u017ee d\u011bl\u00e1 maximum pro to, aby\u00a0<strong>l\u00e9ky<\/strong>\u00a0v \u010cesku nechyb\u011bly. Probl\u00e9m je pr\u00fd u dodavatel\u016f.<br \/><br \/>Jakub DVO\u0158\u00c1\u010cEK, n\u00e1m\u011bstek ministra\u00a0<strong>zdravotnictv\u00ed<\/strong><br \/>Jsme si vytvo\u0159ili seznam l\u00e9\u010div, kde vid\u00edme vlastn\u011b nav\u00fd\u0161en\u00e9 dod\u00e1vky, kter\u00e9 by je m\u011bli bez probl\u00e9m\u016f pokr\u00fdt.<br \/><br \/>Melanie Kr\u00fdslov\u00e1, redaktorka<br \/>Podle ministerstva za nedostatek\u00a0<strong>l\u00e9k\u016f<\/strong>\u00a0mohou i lid\u00e9, kte\u0159\u00ed si d\u011blali zbyte\u010dn\u00e9 z\u00e1soby.<br \/><br \/>Jakub DVO\u0158\u00c1\u010cEK, n\u00e1m\u011bstek ministra\u00a0<strong>zdravotnictv\u00ed<\/strong><br \/>Z\u00e1soba, kter\u00e1 byla pl\u00e1novan\u00e1 na z\u00e1klad\u011b \/nesrozumiteln\u00e9\/ a sv\u00fdch spot\u0159eb na p\u016fl roku, tak v \u010cesk\u00e9 republice vlastn\u011b zmizela z l\u00e9k\u00e1ren b\u011bhem 14 dn\u016f.<br \/><br \/>obyvatelka<br \/>Pou\u017e\u00edv\u00e1me p\u0159\u00edrodn\u00ed medic\u00ednu, tak\u017ee v\u00fdpadky\u00a0<strong>l\u00e9k\u016f<\/strong>\u00a0n\u00e1s v\u016fbec nepotkaly.<br \/><br \/>obyvatelka<br \/>Z\u00e1soby si ned\u011bl\u00e1m.<br \/><br \/>obyvatelka<br \/>Pro jistotu jsem si koupila Nurofen pro mal\u00e9ho, kdyby n\u00e1hodou ten v\u00fdpadek byl.<br \/><br \/>Melanie Kr\u00fdslov\u00e1, redaktorka<br \/>Nejv\u011bt\u0161\u00ed pozornost podle ministerstva si zaslou\u017e\u00ed antibiotika. Na seznamu ohro\u017een\u00fdch\u00a0<strong>l\u00e9k\u016f<\/strong>\u00a0ale nechyb\u00ed ani n\u011bkter\u00e9 p\u0159\u00edpravky na hore\u010dku.<br \/><br \/>Vlastimil V\u00e1lek, ministr\u00a0<strong>zdravotnictv\u00ed<\/strong>\u00a0\/TOP 09\/<br \/>Jednak jsme oslovili dal\u0161\u00ed zem\u011b, od kter\u00fdch se jsem\u00a0<strong>l\u00e9k<\/strong>\u00a0nedost\u00e1valy, a zrychlen\u00fdm \u0159\u00edzen\u00edm schvalujeme to, aby tyto\u00a0<strong>l\u00e9ky<\/strong>\u00a0se dostaly na \u010desk\u00fd trh.<br \/><br \/>Kamal FARHAN, \u010dlen sn\u011bmovn\u00edho V\u00fdboru pro\u00a0<strong>zdravotnictv\u00ed<\/strong>\u00a0PSP \u010cR \/ANO\/<br \/>Je to pomal\u00fd ministr, je to neschopn\u00fd ministr. Je to ministr, kter\u00fd de facto se nezab\u00fdv\u00e1\u00a0<strong>zdravotnictv\u00ed<\/strong>.<br \/><br \/>Melanie Kr\u00fdslov\u00e1, redaktorka<br \/>\u0158e\u0161en\u00edm krize s\u00a0<strong>l\u00e9ky<\/strong>\u00a0by mohla b\u00fdt podle ministerstva novela z\u00e1kona o l\u00e9\u010divech, kter\u00e1 v\u00fdrobc\u016fm d\u00e1 povinnost dodr\u017eet dvoum\u011bs\u00ed\u010dn\u00ed z\u00e1soby\u00a0<strong>l\u00e9k\u016f<\/strong>\u00a0v \u010cesku. Takov\u00fd n\u00e1pad ale v\u00fdrobci kritizuj\u00ed a tvrd\u00ed, \u017ee naopak krizi prohloub\u00ed a\u00a0<strong>l\u00e9ky<\/strong>\u00a0zdra\u017e\u00ed.<br \/><\/p>\n","protected":false},"excerpt":{"rendered":"<div class=\"mh-excerpt\"><p>Mo\u017en\u00e1 jste si v\u0161imli, \u017ee v l\u00e9k\u00e1rn\u00e1ch st\u00e1le chyb\u00ed n\u011bkter\u00e9\u00a0l\u00e9ky. Sice to nen\u00ed tak v\u00e1\u017en\u00e9 jako loni na podzim, p\u0159esto u\u017e dlouho sch\u00e1z\u00ed t\u0159eba Endiaron <a class=\"mh-excerpt-more\" href=\"https:\/\/www.invarena.cz\/?p=41531\" title=\"Hroz\u00ed v\u00fdpadek l\u00e9k\u016f\u00a0\u00a0\">[&#8230;]<\/a><\/p>\n<\/div>","protected":false},"author":1,"featured_media":14126,"comment_status":"open","ping_status":"closed","sticky":false,"template":"","format":"standard","meta":{"footnotes":""},"categories":[7],"tags":[],"class_list":["post-41531","post","type-post","status-publish","format-standard","has-post-thumbnail","hentry","category-spolecnost"],"_links":{"self":[{"href":"https:\/\/www.invarena.cz\/index.php?rest_route=\/wp\/v2\/posts\/41531","targetHints":{"allow":["GET"]}}],"collection":[{"href":"https:\/\/www.invarena.cz\/index.php?rest_route=\/wp\/v2\/posts"}],"about":[{"href":"https:\/\/www.invarena.cz\/index.php?rest_route=\/wp\/v2\/types\/post"}],"author":[{"embeddable":true,"href":"https:\/\/www.invarena.cz\/index.php?rest_route=\/wp\/v2\/users\/1"}],"replies":[{"embeddable":true,"href":"https:\/\/www.invarena.cz\/index.php?rest_route=%2Fwp%2Fv2%2Fcomments&post=41531"}],"version-history":[{"count":0,"href":"https:\/\/www.invarena.cz\/index.php?rest_route=\/wp\/v2\/posts\/41531\/revisions"}],"wp:featuredmedia":[{"embeddable":true,"href":"https:\/\/www.invarena.cz\/index.php?rest_route=\/wp\/v2\/media\/14126"}],"wp:attachment":[{"href":"https:\/\/www.invarena.cz\/index.php?rest_route=%2Fwp%2Fv2%2Fmedia&parent=41531"}],"wp:term":[{"taxonomy":"category","embeddable":true,"href":"https:\/\/www.invarena.cz\/index.php?rest_route=%2Fwp%2Fv2%2Fcategories&post=41531"},{"taxonomy":"post_tag","embeddable":true,"href":"https:\/\/www.invarena.cz\/index.php?rest_route=%2Fwp%2Fv2%2Ftags&post=41531"}],"curies":[{"name":"wp","href":"https:\/\/api.w.org\/{rel}","templated":true}]}}