{"id":41535,"date":"2023-08-15T05:48:47","date_gmt":"2023-08-15T03:48:47","guid":{"rendered":"https:\/\/www.invarena.cz\/?p=41535"},"modified":"2023-08-15T05:48:52","modified_gmt":"2023-08-15T03:48:52","slug":"v-odlehlych-castech-moravskoslezskeho-kraje-budou-fungovat-tzv-telemed-pointy","status":"publish","type":"post","link":"https:\/\/www.invarena.cz\/?p=41535","title":{"rendered":"\u00a0V odlehl\u00fdch \u010d\u00e1stech Moravskoslezsk\u00e9ho kraje budou fungovat tzv. telemed pointy\u00a0\u00a0"},"content":{"rendered":"\n<p>V odlehl\u00fdch \u010d\u00e1stech Moravskoslezsk\u00e9ho kraje budou fungovat tzv. telemed pointy. Lid\u00e9 si pomoc\u00ed samoobslu\u017en\u00fdch p\u0159\u00edstroj\u016f sami ud\u011blaj\u00ed n\u011bkter\u00e1 z\u00e1kladn\u00ed l\u00e9ka\u0159sk\u00e1 vy\u0161et\u0159en\u00ed. Prvn\u00ed dva p\u0159\u00edstroje budou od z\u00e1\u0159\u00ed na Fr\u00fddeckom\u00edstecku.<\/p>\n\n\n\n<p>Radio\u017eurn\u00e1l\u00a0<br \/><br \/>Luk\u00e1\u0161 Chal\u00e1s, vedouc\u00ed odboru\u00a0<strong>zdravotnictv\u00ed<\/strong>, Moravskoslezsk\u00fd kraj<br \/>Jsou schopny sn\u00edmat krevn\u00ed tlak, EKG, krevn\u00ed cukr a podobn\u011b.<br \/><br \/>Nat\u00e1lie FLAJ\u017d\u00cdKOV\u00c1, redaktorka<br \/>Vysv\u011btluje Luk\u00e1\u0161 Chal\u00e1s z vedouc\u00ed Krajsk\u00e9ho odboru zdravotn\u00ed\u00a0<strong>zdravotnictv\u00ed<\/strong>. P\u0159\u00edstroj pacienty s\u00e1m vy\u0161et\u0159\u00ed, v\u00fdsledky vyhodnot\u00ed a po\u0161le je k praktik\u016fm, ke kter\u00fdm lid\u00e9 chod\u00ed. Telemed pointy budou um\u00edst\u011bn\u00e9 bu\u010f na obecn\u00edch \u00fa\u0159adech, nebo na jin\u00fdch ve\u0159ejn\u00fdch m\u00edstech a bude je obsluhovat n\u011bkdo ze zam\u011bstnanc\u016f. U\u017e od z\u00e1\u0159\u00ed za\u010dnou fungovat v obc\u00edch B\u00edl\u00e1 a Bukovec. Lidem v podhorsk\u00fdch oblastech tak u\u0161et\u0159\u00ed cestov\u00e1n\u00ed k l\u00e9ka\u0159\u016fm do m\u011bst. <\/p>\n\n\n\n<p>Radio\u017eurn\u00e1l.<\/p>\n","protected":false},"excerpt":{"rendered":"<div class=\"mh-excerpt\"><p>V odlehl\u00fdch \u010d\u00e1stech Moravskoslezsk\u00e9ho kraje budou fungovat tzv. telemed pointy. Lid\u00e9 si pomoc\u00ed samoobslu\u017en\u00fdch p\u0159\u00edstroj\u016f sami ud\u011blaj\u00ed n\u011bkter\u00e1 z\u00e1kladn\u00ed l\u00e9ka\u0159sk\u00e1 vy\u0161et\u0159en\u00ed. Prvn\u00ed dva p\u0159\u00edstroje budou <a class=\"mh-excerpt-more\" href=\"https:\/\/www.invarena.cz\/?p=41535\" title=\"\u00a0V odlehl\u00fdch \u010d\u00e1stech Moravskoslezsk\u00e9ho kraje budou fungovat tzv. telemed pointy\u00a0\u00a0\">[&#8230;]<\/a><\/p>\n<\/div>","protected":false},"author":1,"featured_media":15350,"comment_status":"open","ping_status":"closed","sticky":false,"template":"","format":"standard","meta":{"footnotes":""},"categories":[11],"tags":[],"class_list":["post-41535","post","type-post","status-publish","format-standard","has-post-thumbnail","hentry","category-zdravi"],"_links":{"self":[{"href":"https:\/\/www.invarena.cz\/index.php?rest_route=\/wp\/v2\/posts\/41535","targetHints":{"allow":["GET"]}}],"collection":[{"href":"https:\/\/www.invarena.cz\/index.php?rest_route=\/wp\/v2\/posts"}],"about":[{"href":"https:\/\/www.invarena.cz\/index.php?rest_route=\/wp\/v2\/types\/post"}],"author":[{"embeddable":true,"href":"https:\/\/www.invarena.cz\/index.php?rest_route=\/wp\/v2\/users\/1"}],"replies":[{"embeddable":true,"href":"https:\/\/www.invarena.cz\/index.php?rest_route=%2Fwp%2Fv2%2Fcomments&post=41535"}],"version-history":[{"count":0,"href":"https:\/\/www.invarena.cz\/index.php?rest_route=\/wp\/v2\/posts\/41535\/revisions"}],"wp:featuredmedia":[{"embeddable":true,"href":"https:\/\/www.invarena.cz\/index.php?rest_route=\/wp\/v2\/media\/15350"}],"wp:attachment":[{"href":"https:\/\/www.invarena.cz\/index.php?rest_route=%2Fwp%2Fv2%2Fmedia&parent=41535"}],"wp:term":[{"taxonomy":"category","embeddable":true,"href":"https:\/\/www.invarena.cz\/index.php?rest_route=%2Fwp%2Fv2%2Fcategories&post=41535"},{"taxonomy":"post_tag","embeddable":true,"href":"https:\/\/www.invarena.cz\/index.php?rest_route=%2Fwp%2Fv2%2Ftags&post=41535"}],"curies":[{"name":"wp","href":"https:\/\/api.w.org\/{rel}","templated":true}]}}