{"id":41586,"date":"2023-08-17T01:58:35","date_gmt":"2023-08-16T23:58:35","guid":{"rendered":"https:\/\/www.invarena.cz\/?p=41586"},"modified":"2023-08-17T01:58:36","modified_gmt":"2023-08-16T23:58:36","slug":"koblasa-zvladl-ve-skotsku-sest-disciplin-blyskl-se-ceskym-rekordem","status":"publish","type":"post","link":"https:\/\/www.invarena.cz\/?p=41586","title":{"rendered":"Koblasa zvl\u00e1dl ve Skotsku \u0161est discipl\u00edn. Bl\u00fdskl se \u010desk\u00fdm rekordem"},"content":{"rendered":"\n<p>Z velodromu Sira Chrise Hoye v Glasgow si na sv\u011btov\u00e9m \u0161ampion\u00e1tu ve Skotsku odsko\u010dil na silni\u010dn\u00ed z\u00e1vod i \u010dasovku a hned se p\u0159esunul do nizozemsk\u00e9ho Rotterdamu, kde v p\u00e1tek vstoup\u00ed do mistrovstv\u00ed Evropy. Brn\u011bnsk\u00fd hendikepovan\u00fd cyklista Ivo Koblasa pro\u017e\u00edv\u00e1 n\u00e1ro\u010dn\u00fd program.<\/p>\n\n\n\n<p>Na dr\u00e1ze ve Skotsku absolvoval \u010dty\u0159i discipl\u00edny, dal\u0161\u00ed dv\u011b pak na silnici v Dumfries. \u017d\u00e1dn\u00fd jin\u00fd \u010desk\u00fd paracyklista tam s n\u00edm nestartoval.<\/p>\n\n\n\n<p>Hned \u00favodn\u00ed kl\u00e1n\u00ed mu vy\u0161lo par\u00e1dn\u011b, kdy\u017e v kvalifikaci t\u0159\u00edkilometrov\u00e9 individu\u00e1ln\u00ed st\u00edha\u010dky stanovil nov\u00fd \u010desk\u00fd rekord kategorie C2 \u010dasem 3:44,749 minut a obsadil osm\u00e9 m\u00edsto. \u201eJe v\u00fdborn\u00e9, \u017ee se mi povedlo zlep\u0161it \u010desk\u00fd rekord,\u201c t\u011b\u0161ilo Koblasu.<\/p>\n\n\n\n<p>Ve scratchi byl sedm\u00fd, v kilometru s pevn\u00fdm startem dev\u00e1t\u00fd a v z\u00e1vod\u011b na 200 metr\u016f s letm\u00fdm startem des\u00e1t\u00fd. \u201eKilometr b\u00fdval moj\u00ed silnou discipl\u00ednou, ale konkurenti u\u017e te\u010f tr\u00e1v\u00ed v\u00edc \u010dasu v posilovn\u011b, aby na to m\u011bli figuru. \u010c\u00edm je \u010dlov\u011bk star\u0161\u00ed, specializuje se sp\u00ed\u0161 na del\u0161\u00ed \u0161treky,\u201c popsal z\u00e1vodn\u00edk Favoritu Brno.<\/p>\n\n\n\n<p>Poprv\u00e9 v historii startovali paracyklist\u00e9 na spole\u010dn\u00e9m \u0161ampion\u00e1tu s elitn\u00edmi z\u00e1vodn\u00edky, co\u017e se Koblasovi zamlouvalo. \u201eSpojen\u00ed zdrav\u00fdch a hendikepovan\u00fdch cyklist\u016f je v\u00fdborn\u00fd z\u00e1m\u011br a m\u011blo by se tak jezdit poka\u017ed\u00e9, nijak si nekonkurujeme. Na dr\u00e1ze jsem b\u00fdval spolu s Duklou Brno a bylo to super. Tren\u00e9r Petr Klime\u0161 mi pomohl t\u0159eba p\u0159i letm\u00e9m dvoukilu, m\u011bli tam i kucha\u0159e, co\u017e byl bonus, \u010dlov\u011bk se nemusel stresovat a v\u011bd\u011bl, co j\u00ed. Nav\u00edc jsem zbl\u00edzka vid\u011bl elitn\u00ed z\u00e1vodn\u00edky,\u201c l\u00ed\u010dil Koblasa, kter\u00fd \u017eije v \u010cern\u00e9 Ho\u0159e na Blanensku.<\/p>\n\n\n\n<p>Po konci dr\u00e1hov\u00e9ho programu zam\u00ed\u0159il do Dumfries, kde p\u0159i \u010dasovce kategorie C2 vybojoval des\u00e1tou p\u0159\u00ed\u010dku. V silni\u010dn\u00edm z\u00e1vod\u011b dlouh\u00e9m p\u0159es 64 kilometr\u016f dojel dev\u00e1t\u00fd. \u201eV \u010dasovce u\u017e se u m\u011b projevila \u00fanava, nic hrozn\u00e9ho, ale pom\u00fd\u0161lel jsem na lep\u0161\u00ed um\u00edst\u011bn\u00ed. Nap\u0159ed jsem z\u00e1vodil na dr\u00e1ze, co\u017e jsou pom\u011brn\u011b kr\u00e1tk\u00e9 discipl\u00edny a \u010dlov\u011bk u\u017e nen\u00ed tolik rozjet\u00fd na del\u0161\u00ed \u0161treky. Hromadn\u00fd z\u00e1vod se jel v de\u0161ti a byl extr\u00e9mn\u011b n\u00e1ro\u010dn\u00fd,\u201c popsal.<\/p>\n\n\n\n<p>Koblasa si uv\u011bdomuje, \u017ee absolvovat tolik discipl\u00edn nen\u00ed vhodn\u00fd model. \u201eSp\u00ed\u0161 se budu zam\u011b\u0159ovat na t\u0159i kilometry a scratch, plus silni\u010dn\u00ed z\u00e1vod a \u010dasovku. Kdy\u017e se jede \u0161est discipl\u00edn, m\u016f\u017ee se st\u00e1t, \u017ee \u010dlov\u011bku ve fin\u00e1le dojdou s\u00edly. Ve dvaceti m\u00e1 z\u00e1vodn\u00edk super v\u00fdbu\u0161nost, te\u010f je to sp\u00ed\u0161 o vytrvalosti a udr\u017een\u00ed kadence,\u201c uvedl t\u0159icetilet\u00fd \u010desk\u00fd reprezentant.<\/p>\n\n\n\n<p>Trojn\u00e1sobn\u00fd \u00fa\u010dastn\u00edk paralympijsk\u00fdch her by u\u017e m\u011bl m\u00edt jistou \u00fa\u010dast tak\u00e9 p\u0159\u00ed\u0161t\u00ed rok v Pa\u0159\u00ed\u017ei. \u201eDr\u00e1hu bych m\u011bl m\u00edt vyjetou a silnici taky. Do Pa\u0159\u00ed\u017ee se mus\u00edm zam\u011b\u0159it na t\u0159i kil\u00e1ky a scratch, kde to m\u016f\u017ee cinknout, pokud scratch v Pa\u0159\u00ed\u017ei v\u016fbec bude,\u201c podotkl.<\/p>\n\n\n\n<p>V p\u00e1tek ho na evropsk\u00e9m \u0161ampion\u00e1tu v Rotterdamu \u010dek\u00e1 \u010dasovka, o den pozd\u011bji hromadn\u00fd z\u00e1vod. \u201eR\u00e1d bych se um\u00edstil na bedn\u011b, pokud by mi p\u0159\u00e1lo \u0161t\u011bst\u00ed. Kdy\u017e budu do p\u00e1t\u00e9ho m\u00edsta, budu spokojen\u00fd. Konkurence je docela velk\u00e1, ale chci ulovit lep\u0161\u00ed pozici ne\u017e minul\u00fd t\u00fdden ve Skotsku,\u201c prohl\u00e1sil Koblasa.<\/p>\n\n\n\n<p>Jaroslav K\u00e1ra<\/p>\n\n\n\n<p>Brn\u011bnsk\u00fd den\u00edk<\/p>\n\n\n\n<p><a href=\"https:\/\/brnensky.denik.cz\/\" target=\"_blank\" rel=\"noreferrer noopener\">https:\/\/brnensky.denik.cz\/<\/a><\/p>\n","protected":false},"excerpt":{"rendered":"<div class=\"mh-excerpt\"><p>Z velodromu Sira Chrise Hoye v Glasgow si na sv\u011btov\u00e9m \u0161ampion\u00e1tu ve Skotsku odsko\u010dil na silni\u010dn\u00ed z\u00e1vod i \u010dasovku a hned se p\u0159esunul do nizozemsk\u00e9ho <a class=\"mh-excerpt-more\" href=\"https:\/\/www.invarena.cz\/?p=41586\" title=\"Koblasa zvl\u00e1dl ve Skotsku \u0161est discipl\u00edn. Bl\u00fdskl se \u010desk\u00fdm rekordem\">[&#8230;]<\/a><\/p>\n<\/div>","protected":false},"author":1,"featured_media":20629,"comment_status":"open","ping_status":"closed","sticky":false,"template":"","format":"standard","meta":{"footnotes":""},"categories":[9],"tags":[],"class_list":["post-41586","post","type-post","status-publish","format-standard","has-post-thumbnail","hentry","category-zpravy"],"_links":{"self":[{"href":"https:\/\/www.invarena.cz\/index.php?rest_route=\/wp\/v2\/posts\/41586","targetHints":{"allow":["GET"]}}],"collection":[{"href":"https:\/\/www.invarena.cz\/index.php?rest_route=\/wp\/v2\/posts"}],"about":[{"href":"https:\/\/www.invarena.cz\/index.php?rest_route=\/wp\/v2\/types\/post"}],"author":[{"embeddable":true,"href":"https:\/\/www.invarena.cz\/index.php?rest_route=\/wp\/v2\/users\/1"}],"replies":[{"embeddable":true,"href":"https:\/\/www.invarena.cz\/index.php?rest_route=%2Fwp%2Fv2%2Fcomments&post=41586"}],"version-history":[{"count":0,"href":"https:\/\/www.invarena.cz\/index.php?rest_route=\/wp\/v2\/posts\/41586\/revisions"}],"wp:featuredmedia":[{"embeddable":true,"href":"https:\/\/www.invarena.cz\/index.php?rest_route=\/wp\/v2\/media\/20629"}],"wp:attachment":[{"href":"https:\/\/www.invarena.cz\/index.php?rest_route=%2Fwp%2Fv2%2Fmedia&parent=41586"}],"wp:term":[{"taxonomy":"category","embeddable":true,"href":"https:\/\/www.invarena.cz\/index.php?rest_route=%2Fwp%2Fv2%2Fcategories&post=41586"},{"taxonomy":"post_tag","embeddable":true,"href":"https:\/\/www.invarena.cz\/index.php?rest_route=%2Fwp%2Fv2%2Ftags&post=41586"}],"curies":[{"name":"wp","href":"https:\/\/api.w.org\/{rel}","templated":true}]}}