{"id":4162,"date":"2013-04-24T11:14:58","date_gmt":"2013-04-24T09:14:58","guid":{"rendered":"http:\/\/www.invarena.cz\/?p=4162"},"modified":"2013-04-24T11:23:30","modified_gmt":"2013-04-24T09:23:30","slug":"ministerstvo-prace-a-socialnich-veci-znovu-varovalo-pred-uplnym-zrusenim-skaret","status":"publish","type":"post","link":"https:\/\/www.invarena.cz\/?p=4162","title":{"rendered":"Ministerstvo pr\u00e1ce pr\u00fd jen stra\u0161\u00ed lidi"},"content":{"rendered":"<p><strong>Ministerstvo pr\u00e1ce a soci\u00e1ln\u00edch v\u011bc\u00ed podle report\u00e1\u017ee TV Barrandov varuje, \u017ee zru\u0161en\u00ed sKaret by mohlo zap\u0159\u00ed\u010dinit zpo\u017ed\u011bn\u00ed v\u00fdplat d\u00e1vek. P\u0159edseda NRZP V\u00e1clav Kr\u00e1sa\u00a0 a poslankyn\u011b za ODS Lenka Kohoutov\u00e1 si ale mysl\u00ed, \u017ee MPSV jen stra\u0161\u00ed lidi.<\/strong><\/p>\n<p><!--more--><\/p>\n<p>Zru\u0161en\u00ed projektu sKaret po\u017eaduje opozice i vl\u00e1dn\u00ed ODS. Pro zachov\u00e1n\u00ed syst\u00e9mu je tak pouze TOP 09.<\/p>\n<p>Podle Ministerstva pr\u00e1ce a soci\u00e1ln\u00edch v\u011bc\u00ed by mohla b\u00fdt zru\u0161en\u00edm projektu sKaret zpo\u017ed\u011bna v\u00fdplata d\u00e1vek. Vypl\u00fdv\u00e1 to z d\u016fvodov\u00e9 zpr\u00e1vy k p\u0159epracovan\u00e9 novele z\u00e1kona o \u00fa\u0159adu pr\u00e1ce, kter\u00fd syst\u00e9m sKaret upravuje.<\/p>\n<p>Podle poslankyn\u011b za ODS Lenky Kohoutov\u00e9 i p\u0159edsedy N\u00e1rodn\u00ed rady zdravotn\u011b posti\u017een\u00fdch V\u00e1clava Kr\u00e1sy by v\u0161ak v p\u0159\u00edpad\u011b zru\u0161en\u00ed projektu sKaret k \u017e\u00e1dn\u00e9mu zpo\u017ed\u011bn\u00ed v\u00fdplaty d\u00e1vek doj\u00edt nem\u011blo.<\/p>\n<p>&#8222;To nem\u016f\u017ee d\u011blat \u017e\u00e1dn\u00fd probl\u00e9my. To je opravdu jenom stra\u0161en\u00ed nesmysln\u00e9, proto\u017ee ten star\u00fd p\u016fvodn\u00ed syst\u00e9m po\u0159\u00e1d funguje,&#8220; m\u00edn\u00ed V\u00e1clav Kr\u00e1sa z N\u00e1rodn\u00ed rady osob se zdravotn\u00edm posti\u017een\u00edm \u010cR.<\/p>\n<p>&#8222;Stejn\u011b v\u011bt\u0161ina d\u00e1vek se soci\u00e1ln\u00ed oblast\u00ed je vypl\u00e1cena je\u0161t\u011b b\u011b\u017en\u00fdm zp\u016fsobem. Milion ob\u010dan\u016f zhruba n\u011bco dost\u00e1v\u00e1 a sKartu vlastn\u00ed zhruba 280 tis\u00edc lid\u00ed,&#8220; dod\u00e1v\u00e1\u00a0Lenka Kohoutov\u00e1, poslankyn\u011b ODS.<\/p>\n<p>&#8222;Ministerstvo pr\u00e1ce to ale vid\u00ed jinak. Tvrd\u00ed, \u017ee zru\u0161en\u00ed bude m\u00edt nejen finan\u010dn\u00ed dopady, ale zv\u00fd\u0161\u00ed se i n\u00e1klady klient\u016fm a budou hrozit exekuce ,&#8220; \u0159\u00edk\u00e1 redaktor \u010dasopsisu T\u00fdden Zden\u011bk Rej\u0161ek.<\/p>\n<p>Podle \u0160t\u011bp\u00e1nky Filipov\u00e9, mluv\u010d\u00ed ministerstva pr\u00e1ce a soci\u00e1ln\u00edch v\u011bc\u00ed,\u00a0 d\u00e1vky, kter\u00e9 se vypl\u00e1cej\u00ed p\u0159es sKartu, nepodl\u00e9haj\u00ed exekuci. Exekuce by se podle n\u00ed nekonaly.<\/p>\n<p>Des\u00e1t\u00e9ho dubna vl\u00e1da smetla ze stolu n\u00e1vrh ministryn\u011b M\u00fcllerov\u00e9, kter\u00fd po\u010d\u00edtal s \u010d\u00e1ste\u010dn\u00fdm zachov\u00e1n\u00edm sKarer. Te\u010f ministryn\u011b poslala na vl\u00e1du n\u00e1vrh nov\u00fd, t\u00e9m\u011b\u0159 toto\u017en\u00fd s t\u00edm p\u0159ede\u0161l\u00fdm.<\/p>\n<p>&#8222;J\u00e1 si mysl\u00edm, \u017ee pan\u00ed ministryn\u011b hraje tu hru, \u017ee chce, aby sKarty zru\u0161il Parlament, aby to nebyla ona. Proto\u017ee se boj\u00ed, \u017ee by pravd\u011bpodobn\u011b ty sankce vy\u017eadovala \u010cesk\u00e1 spo\u0159itelna asi po ministerstvu,&#8220; spekuluje Kr\u00e1sa.<\/p>\n<p>Na projektu sKaret se nav\u00edc m\u00e1lem pod\u00edlela firma, kterou spoluzakl\u00e1dal exministr Jarom\u00edr Dr\u00e1bek. Pr\u00e1v\u011b on p\u0159itom sKarty za sv\u00e9ho ministrov\u00e1n\u00ed rozj\u00ed\u017ed\u011bl.<\/p>\n<p>&#8222;Teprve v pr\u016fb\u011bhu jsme se dozv\u011bd\u011bli, \u017ee syst\u00e9m na kontrolu um\u00ed jedin\u00e1 firma, IDTAX. D\u0159\u00edve firma pana Dr\u00e1bka a pana \u0160i\u0161ky, kterou prodali,&#8220; uvedla Kohoutov\u00e1.<\/p>\n<p>&#8222;Firma IDTAX nem\u011bla a nem\u00e1 se syst\u00e9mem v\u016fbec nic spole\u010dn\u00e9ho. Kdo tvrd\u00ed n\u011bco jin\u00e9ho, l\u017ee,&#8220; tvrd\u00ed ale Dr\u00e1bek.<\/p>\n<p>Syst\u00e9m na kontrolu d\u00e1vek nebyl nikdy spu\u0161t\u011bn. Mo\u017en\u00e1 jen proto se b\u00fdval\u00e1 firma exministra Dr\u00e1bka na projektu nepod\u00edlela. Ministerstvo pr\u00e1ce cht\u011blo, aby vl\u00e1da p\u0159epracovan\u00fd n\u00e1vrh projednala je\u0161t\u011b v dubnu. Nyn\u00ed je ale u\u017e jasn\u00e9, \u017ee vl\u00e1da to v dubnu projednat nestihne.<\/p>\n<p>TV Barrandov, invArena<\/p>\n","protected":false},"excerpt":{"rendered":"<div class=\"mh-excerpt\"><p>Ministerstvo pr\u00e1ce a soci\u00e1ln\u00edch v\u011bc\u00ed podle report\u00e1\u017ee TV Barrandov varuje, \u017ee zru\u0161en\u00ed sKaret by mohlo zap\u0159\u00ed\u010dinit zpo\u017ed\u011bn\u00ed v\u00fdplat d\u00e1vek. P\u0159edseda NRZP V\u00e1clav Kr\u00e1sa\u00a0 a poslankyn\u011b <a class=\"mh-excerpt-more\" href=\"https:\/\/www.invarena.cz\/?p=4162\" title=\"Ministerstvo pr\u00e1ce pr\u00fd jen stra\u0161\u00ed lidi\">[&#8230;]<\/a><\/p>\n<\/div>","protected":false},"author":1,"featured_media":1226,"comment_status":"open","ping_status":"open","sticky":false,"template":"","format":"standard","meta":{"footnotes":""},"categories":[9],"tags":[],"class_list":["post-4162","post","type-post","status-publish","format-standard","has-post-thumbnail","hentry","category-zpravy"],"_links":{"self":[{"href":"https:\/\/www.invarena.cz\/index.php?rest_route=\/wp\/v2\/posts\/4162","targetHints":{"allow":["GET"]}}],"collection":[{"href":"https:\/\/www.invarena.cz\/index.php?rest_route=\/wp\/v2\/posts"}],"about":[{"href":"https:\/\/www.invarena.cz\/index.php?rest_route=\/wp\/v2\/types\/post"}],"author":[{"embeddable":true,"href":"https:\/\/www.invarena.cz\/index.php?rest_route=\/wp\/v2\/users\/1"}],"replies":[{"embeddable":true,"href":"https:\/\/www.invarena.cz\/index.php?rest_route=%2Fwp%2Fv2%2Fcomments&post=4162"}],"version-history":[{"count":0,"href":"https:\/\/www.invarena.cz\/index.php?rest_route=\/wp\/v2\/posts\/4162\/revisions"}],"wp:featuredmedia":[{"embeddable":true,"href":"https:\/\/www.invarena.cz\/index.php?rest_route=\/wp\/v2\/media\/1226"}],"wp:attachment":[{"href":"https:\/\/www.invarena.cz\/index.php?rest_route=%2Fwp%2Fv2%2Fmedia&parent=4162"}],"wp:term":[{"taxonomy":"category","embeddable":true,"href":"https:\/\/www.invarena.cz\/index.php?rest_route=%2Fwp%2Fv2%2Fcategories&post=4162"},{"taxonomy":"post_tag","embeddable":true,"href":"https:\/\/www.invarena.cz\/index.php?rest_route=%2Fwp%2Fv2%2Ftags&post=4162"}],"curies":[{"name":"wp","href":"https:\/\/api.w.org\/{rel}","templated":true}]}}