{"id":41635,"date":"2023-08-21T05:47:47","date_gmt":"2023-08-21T03:47:47","guid":{"rendered":"https:\/\/www.invarena.cz\/?p=41635"},"modified":"2023-08-21T05:47:52","modified_gmt":"2023-08-21T03:47:52","slug":"opatreni-proti-zneuzivani-davek","status":"publish","type":"post","link":"https:\/\/www.invarena.cz\/?p=41635","title":{"rendered":"Opat\u0159en\u00ed proti zneu\u017e\u00edv\u00e1n\u00ed d\u00e1vek\u00a0\u00a0"},"content":{"rendered":"\n<p>Ministerstvo pr\u00e1ce a soci\u00e1ln\u00edch v\u011bc\u00ed chyst\u00e1 revizi d\u00e1vek, aby omezilo podporu lid\u00ed, kte\u0159\u00ed syst\u00e9m zneu\u017e\u00edvaj\u00ed. Pomoc se m\u00e1 zp\u0159ehlednit a b\u00fdt efektivn\u011bj\u0161\u00ed.<br \/><\/p>\n\n\n\n<p>\u010cT 1\u00a0&#8211; Ud\u00e1losti <\/p>\n\n\n\n<p><br \/>Marian Jure\u010dka,\u00a0<strong>ministr<\/strong>\u00a0<strong>pr\u00e1ce<\/strong>\u00a0a soc. v\u011bc\u00ed, p\u0159edseda strany \/KDU-\u010cSL\/<br \/>Zam\u011b\u0159\u00edme se na to, aby ten syst\u00e9m byl jednodu\u0161\u0161\u00ed, ale byl tak\u00e9 daleko v\u00edce adresn\u011bj\u0161\u00ed a transparentn\u011bj\u0161\u00ed. J\u00e1 chci m\u00edt tento n\u00e1vrh hotov\u00fd v paragrafov\u00e9m zn\u011bn\u00ed nejpozd\u011bji v pr\u016fb\u011bhu prvn\u00edho kvart\u00e1lu p\u0159\u00ed\u0161t\u00edho roku a chci, aby tyto zm\u011bny platily od 1. ledna. 2025.<br \/><br \/>Marcela Augustov\u00e1, moder\u00e1torka \u010cT<br \/>Pokra\u010dovat pak bude digitalizace \u00da\u0159adu pr\u00e1ce. Jednotliv\u00e9 syst\u00e9my by se m\u011bly hloub\u011bji propojit, co\u017e by usnadnilo sd\u00edlen\u00ed dat a informac\u00ed. Navr\u017een\u00e9 \u00fapravy v\u010detn\u011b p\u0159\u00edsn\u011bj\u0161\u00edch pravidel pro d\u00e1vky by mohla podpo\u0159it i opozice.<br \/><br \/>Ale\u0161 Juchelka, \u010dlen sn\u011bmovn\u00edho soci\u00e1ln\u00edho v\u00fdboru \/ANO\/<br \/>P\u0159esto\u017ee m\u00e1me takovouto n\u00edzkou nezam\u011bstnanost, tak v\u0161ichni ti, kte\u0159\u00ed maj\u00ed zdrav\u00e9 ruce a zdrav\u00e9 nohy, by prost\u011b nem\u011bli b\u00fdt na n\u00e1kladech st\u00e1tu, ale m\u011bli by se sna\u017eit o to, naj\u00edt si zam\u011bstn\u00e1n\u00ed.<\/p>\n\n\n\n<p><\/p>\n","protected":false},"excerpt":{"rendered":"<div class=\"mh-excerpt\"><p>Ministerstvo pr\u00e1ce a soci\u00e1ln\u00edch v\u011bc\u00ed chyst\u00e1 revizi d\u00e1vek, aby omezilo podporu lid\u00ed, kte\u0159\u00ed syst\u00e9m zneu\u017e\u00edvaj\u00ed. Pomoc se m\u00e1 zp\u0159ehlednit a b\u00fdt efektivn\u011bj\u0161\u00ed. \u010cT 1\u00a0&#8211; Ud\u00e1losti <a class=\"mh-excerpt-more\" href=\"https:\/\/www.invarena.cz\/?p=41635\" title=\"Opat\u0159en\u00ed proti zneu\u017e\u00edv\u00e1n\u00ed d\u00e1vek\u00a0\u00a0\">[&#8230;]<\/a><\/p>\n<\/div>","protected":false},"author":1,"featured_media":14065,"comment_status":"open","ping_status":"closed","sticky":false,"template":"","format":"standard","meta":{"footnotes":""},"categories":[6],"tags":[],"class_list":["post-41635","post","type-post","status-publish","format-standard","has-post-thumbnail","hentry","category-politika"],"_links":{"self":[{"href":"https:\/\/www.invarena.cz\/index.php?rest_route=\/wp\/v2\/posts\/41635","targetHints":{"allow":["GET"]}}],"collection":[{"href":"https:\/\/www.invarena.cz\/index.php?rest_route=\/wp\/v2\/posts"}],"about":[{"href":"https:\/\/www.invarena.cz\/index.php?rest_route=\/wp\/v2\/types\/post"}],"author":[{"embeddable":true,"href":"https:\/\/www.invarena.cz\/index.php?rest_route=\/wp\/v2\/users\/1"}],"replies":[{"embeddable":true,"href":"https:\/\/www.invarena.cz\/index.php?rest_route=%2Fwp%2Fv2%2Fcomments&post=41635"}],"version-history":[{"count":0,"href":"https:\/\/www.invarena.cz\/index.php?rest_route=\/wp\/v2\/posts\/41635\/revisions"}],"wp:featuredmedia":[{"embeddable":true,"href":"https:\/\/www.invarena.cz\/index.php?rest_route=\/wp\/v2\/media\/14065"}],"wp:attachment":[{"href":"https:\/\/www.invarena.cz\/index.php?rest_route=%2Fwp%2Fv2%2Fmedia&parent=41635"}],"wp:term":[{"taxonomy":"category","embeddable":true,"href":"https:\/\/www.invarena.cz\/index.php?rest_route=%2Fwp%2Fv2%2Fcategories&post=41635"},{"taxonomy":"post_tag","embeddable":true,"href":"https:\/\/www.invarena.cz\/index.php?rest_route=%2Fwp%2Fv2%2Ftags&post=41635"}],"curies":[{"name":"wp","href":"https:\/\/api.w.org\/{rel}","templated":true}]}}