{"id":41660,"date":"2023-08-22T01:00:50","date_gmt":"2023-08-21T23:00:50","guid":{"rendered":"https:\/\/www.invarena.cz\/?p=41660"},"modified":"2023-08-22T01:00:50","modified_gmt":"2023-08-21T23:00:50","slug":"nejen-kola-v-breclavi-i-invalidni-voziky-specialni-znacky-chrani-pred-zlodeji","status":"publish","type":"post","link":"https:\/\/www.invarena.cz\/?p=41660","title":{"rendered":"Nejen kola, v B\u0159eclavi i invalidn\u00ed voz\u00edky. Speci\u00e1ln\u00ed zna\u010dky chr\u00e1n\u00ed p\u0159ed zlod\u011bji"},"content":{"rendered":"\n<p>Nezam\u011bniteln\u00fdm identifika\u010dn\u00edm znakem si mohou nechat ozna\u010dit obyvatel\u00e9 B\u0159eclavi u\u017e i sv\u016fj elektrick\u00fd invalidn\u00ed voz\u00edk. Pom\u016f\u017ee ochr\u00e1nit jejich stroje p\u0159ed zlod\u011bji. \u201eLid\u00e9 m\u011bli z\u00e1jem o ochranu. Dokonce i invalidn\u00ed voz\u00edky jsou v hled\u00e1\u010dku zlod\u011bj\u016f,\u201d \u0159ekla mluv\u010d\u00ed m\u011bstsk\u00e9 policie v B\u0159eclavi Lenka Rig\u00f3. Pr\u00e1v\u011b tamn\u00ed str\u00e1\u017en\u00edci podobn\u00e1 voz\u00edtka ozna\u010duj\u00ed. Speci\u00e1ln\u00ed zna\u010dku u\u017e dali na n\u011bkolik invalidn\u00edch voz\u00edk\u016f.<\/p>\n\n\n\n<p>Lid\u00e9 si ji mohou nechat d\u00e1t tak\u00e9 na sv\u00e9 j\u00edzdn\u00ed kolo, elektrokolo nebo elektrokolob\u011b\u017eku. Metoda zna\u010den\u00ed a registrace v\u00fdrazn\u011b zvy\u0161uje \u0161anci, \u017ee ukraden\u00e1 v\u011bc se op\u011bt vr\u00e1t\u00ed ke sv\u00e9mu majiteli. \u201eM\u00e1me potvrzeno hned n\u011bkolik dohledan\u00fdch vr\u00e1cen\u00fdch kol a jin\u00fdch dopravn\u00edch prost\u0159edk\u016f, kter\u00e9 byly ukradeny,\u201d zm\u00ednila mluv\u010d\u00ed.<\/p>\n\n\n\n<p>Obyvatel\u00e9 B\u0159eclavi si mohou pro zna\u010dku p\u0159ij\u00edt zdarma do budovy m\u011bstsk\u00e9 policie. Mus\u00ed m\u00edt s sebou ob\u010dansk\u00fd pr\u016fkaz a svoje kolo \u010di kolob\u011b\u017eku s doklady o jejich nabyt\u00ed. \u201eZa celou dobu zna\u010den\u00ed m\u00e1me zaregistrov\u00e1no t\u00e9m\u011b\u0159 tis\u00edc kol, elektrokol, kolob\u011b\u017eek, elektrokolob\u011b\u017eek i invalidn\u00edch voz\u00edk\u016f dohromady,&#8220; vy\u010d\u00edslila Rig\u00f3. Zna\u010den\u00ed neprov\u00e1d\u00ed ka\u017ed\u00fd rok. Z\u00e1le\u017e\u00ed, zda je na to vyhl\u00e1\u0161en\u00fd dota\u010dn\u00ed program.<\/p>\n\n\n\n<p>Podobn\u00e1 speci\u00e1ln\u00ed evidence kol funguje i v n\u011bkter\u00fdch dal\u0161\u00edch m\u011bstech, nap\u0159\u00edklad v Brn\u011b nebo Znojm\u011b. \u201eByli bychom r\u00e1di, kdyby si co nejv\u00edce lid\u00ed svoje kola ozna\u010dilo. Zvl\u00e1\u0161t\u011b v dob\u011b letn\u00ed cyklistick\u00e9 sez\u00f3ny,&#8220; nab\u00e1dal p\u0159ed \u010dasem mluv\u010d\u00ed brn\u011bnsk\u00fdch str\u00e1\u017en\u00edk\u016f Jakub Ghanem.<\/p>\n\n\n\n<p>Nad ozna\u010den\u00edm sv\u00e9ho kola p\u0159em\u00fd\u0161l\u00ed i Mark\u00e9ta Tumov\u00e1, kter\u00e1 \u010dasto jezd\u00ed na cyklistick\u00e9 v\u00fdlety po Jihomoravsk\u00e9m kraji. \u201eMoje kolo je docela drah\u00e9 a mysl\u00edm si, \u017ee s policejn\u00ed zna\u010den\u00edm bude v\u00edc v bezpe\u010d\u00ed,&#8220; popsala Tumov\u00e1.<\/p>\n\n\n\n<p>MAREK BER\u010c\u00cdK<\/p>\n\n\n\n<p>B\u0159eclavsk\u00fd den\u00edk<\/p>\n\n\n\n<p><a href=\"https:\/\/breclavsky.denik.cz\/\" target=\"_blank\" rel=\"noreferrer noopener\">https:\/\/breclavsky.denik.cz\/<\/a><\/p>\n","protected":false},"excerpt":{"rendered":"<div class=\"mh-excerpt\"><p>Nezam\u011bniteln\u00fdm identifika\u010dn\u00edm znakem si mohou nechat ozna\u010dit obyvatel\u00e9 B\u0159eclavi u\u017e i sv\u016fj elektrick\u00fd invalidn\u00ed voz\u00edk. Pom\u016f\u017ee ochr\u00e1nit jejich stroje p\u0159ed zlod\u011bji. \u201eLid\u00e9 m\u011bli z\u00e1jem o <a class=\"mh-excerpt-more\" href=\"https:\/\/www.invarena.cz\/?p=41660\" title=\"Nejen kola, v B\u0159eclavi i invalidn\u00ed voz\u00edky. Speci\u00e1ln\u00ed zna\u010dky chr\u00e1n\u00ed p\u0159ed zlod\u011bji\">[&#8230;]<\/a><\/p>\n<\/div>","protected":false},"author":1,"featured_media":20469,"comment_status":"open","ping_status":"closed","sticky":false,"template":"","format":"standard","meta":{"footnotes":""},"categories":[9],"tags":[],"class_list":["post-41660","post","type-post","status-publish","format-standard","has-post-thumbnail","hentry","category-zpravy"],"_links":{"self":[{"href":"https:\/\/www.invarena.cz\/index.php?rest_route=\/wp\/v2\/posts\/41660","targetHints":{"allow":["GET"]}}],"collection":[{"href":"https:\/\/www.invarena.cz\/index.php?rest_route=\/wp\/v2\/posts"}],"about":[{"href":"https:\/\/www.invarena.cz\/index.php?rest_route=\/wp\/v2\/types\/post"}],"author":[{"embeddable":true,"href":"https:\/\/www.invarena.cz\/index.php?rest_route=\/wp\/v2\/users\/1"}],"replies":[{"embeddable":true,"href":"https:\/\/www.invarena.cz\/index.php?rest_route=%2Fwp%2Fv2%2Fcomments&post=41660"}],"version-history":[{"count":0,"href":"https:\/\/www.invarena.cz\/index.php?rest_route=\/wp\/v2\/posts\/41660\/revisions"}],"wp:featuredmedia":[{"embeddable":true,"href":"https:\/\/www.invarena.cz\/index.php?rest_route=\/wp\/v2\/media\/20469"}],"wp:attachment":[{"href":"https:\/\/www.invarena.cz\/index.php?rest_route=%2Fwp%2Fv2%2Fmedia&parent=41660"}],"wp:term":[{"taxonomy":"category","embeddable":true,"href":"https:\/\/www.invarena.cz\/index.php?rest_route=%2Fwp%2Fv2%2Fcategories&post=41660"},{"taxonomy":"post_tag","embeddable":true,"href":"https:\/\/www.invarena.cz\/index.php?rest_route=%2Fwp%2Fv2%2Ftags&post=41660"}],"curies":[{"name":"wp","href":"https:\/\/api.w.org\/{rel}","templated":true}]}}