{"id":41666,"date":"2023-08-22T01:06:59","date_gmt":"2023-08-21T23:06:59","guid":{"rendered":"https:\/\/www.invarena.cz\/?p=41666"},"modified":"2023-08-22T01:07:00","modified_gmt":"2023-08-21T23:07:00","slug":"duchodcu-s-exekucni-srazkou-vyrazne-ubylo","status":"publish","type":"post","link":"https:\/\/www.invarena.cz\/?p=41666","title":{"rendered":"D\u016fchodc\u016f s exeku\u010dn\u00ed sr\u00e1\u017ekou v\u00fdrazn\u011b ubylo"},"content":{"rendered":"\n<p>Po\u010det senior\u016f, kte\u0159\u00ed maj\u00ed exekuci na d\u016fchod, se za posledn\u00ed rok prudce sn\u00ed\u017eil. V \u010dervnu leto\u0161n\u00edho roku jich bylo 28 527, co\u017e je o 13 864 m\u00e9n\u011b ne\u017e loni stejnou dobou. To je pokles t\u00e9m\u011b\u0159 o t\u0159etinu. Vypl\u00fdv\u00e1 to z aktu\u00e1ln\u00edch dat \u010cesk\u00e9 spr\u00e1vy soci\u00e1ln\u00edho zabezpe\u010den\u00ed. Velk\u00fd pokles je i u exekuc\u00ed na invalidn\u00ed d\u016fchody. T\u011bch spr\u00e1va v \u010dervnu evidovala 13 308. Pokles oproti lo\u0148sk\u00e9mu \u010dervnu je o 13 619, tedy o 50,6 procenta.<\/p>\n\n\n\n<p>Cel\u00fd \u010dl\u00e1nek naleznete na novinky.cz: <a href=\"https:\/\/www.novinky.cz\/clanek\/finance-duchodcu-s-exekucni-srazkou-vyrazne-ubylo-40440945\" target=\"_blank\" rel=\"noreferrer noopener\">https:\/\/www.novinky.cz\/clanek\/finance-duchodcu-s-exekucni-srazkou-vyrazne-ubylo-40440945<\/a><\/p>\n","protected":false},"excerpt":{"rendered":"<div class=\"mh-excerpt\"><p>Po\u010det senior\u016f, kte\u0159\u00ed maj\u00ed exekuci na d\u016fchod, se za posledn\u00ed rok prudce sn\u00ed\u017eil. V \u010dervnu leto\u0161n\u00edho roku jich bylo 28 527, co\u017e je o 13 <a class=\"mh-excerpt-more\" href=\"https:\/\/www.invarena.cz\/?p=41666\" title=\"D\u016fchodc\u016f s exeku\u010dn\u00ed sr\u00e1\u017ekou v\u00fdrazn\u011b ubylo\">[&#8230;]<\/a><\/p>\n<\/div>","protected":false},"author":1,"featured_media":14134,"comment_status":"open","ping_status":"closed","sticky":false,"template":"","format":"standard","meta":{"footnotes":""},"categories":[9],"tags":[],"class_list":["post-41666","post","type-post","status-publish","format-standard","has-post-thumbnail","hentry","category-zpravy"],"_links":{"self":[{"href":"https:\/\/www.invarena.cz\/index.php?rest_route=\/wp\/v2\/posts\/41666","targetHints":{"allow":["GET"]}}],"collection":[{"href":"https:\/\/www.invarena.cz\/index.php?rest_route=\/wp\/v2\/posts"}],"about":[{"href":"https:\/\/www.invarena.cz\/index.php?rest_route=\/wp\/v2\/types\/post"}],"author":[{"embeddable":true,"href":"https:\/\/www.invarena.cz\/index.php?rest_route=\/wp\/v2\/users\/1"}],"replies":[{"embeddable":true,"href":"https:\/\/www.invarena.cz\/index.php?rest_route=%2Fwp%2Fv2%2Fcomments&post=41666"}],"version-history":[{"count":0,"href":"https:\/\/www.invarena.cz\/index.php?rest_route=\/wp\/v2\/posts\/41666\/revisions"}],"wp:featuredmedia":[{"embeddable":true,"href":"https:\/\/www.invarena.cz\/index.php?rest_route=\/wp\/v2\/media\/14134"}],"wp:attachment":[{"href":"https:\/\/www.invarena.cz\/index.php?rest_route=%2Fwp%2Fv2%2Fmedia&parent=41666"}],"wp:term":[{"taxonomy":"category","embeddable":true,"href":"https:\/\/www.invarena.cz\/index.php?rest_route=%2Fwp%2Fv2%2Fcategories&post=41666"},{"taxonomy":"post_tag","embeddable":true,"href":"https:\/\/www.invarena.cz\/index.php?rest_route=%2Fwp%2Fv2%2Ftags&post=41666"}],"curies":[{"name":"wp","href":"https:\/\/api.w.org\/{rel}","templated":true}]}}