{"id":41677,"date":"2023-08-22T22:32:22","date_gmt":"2023-08-22T20:32:22","guid":{"rendered":"https:\/\/www.invarena.cz\/?p=41677"},"modified":"2023-08-22T22:32:23","modified_gmt":"2023-08-22T20:32:23","slug":"zivot-detem-v-cr-se-rocne-narodi-az-2000-deti-s-poruchou-autistickeho-spektra","status":"publish","type":"post","link":"https:\/\/www.invarena.cz\/?p=41677","title":{"rendered":"\u017divot d\u011btem: V \u010cR se ro\u010dn\u011b narod\u00ed a\u017e 2000 d\u011bt\u00ed s poruchou autistick\u00e9ho spektra"},"content":{"rendered":"\n<p>Ka\u017edoro\u010dn\u00ed spole\u010dn\u00e1 sb\u00edrka obecn\u011b prosp\u011b\u0161n\u00e9 spole\u010dnosti \u017divot d\u011btem a \u0159et\u011bzce Lidl Srdce d\u011btem op\u011bt nad\u011blovala pot\u0159ebn\u00fdm. Je n\u00e1m pot\u011b\u0161en\u00edm v\u00e1s sezn\u00e1mit s p\u0159\u00edb\u011bhem dvoj\u010dat Ley a Ol\u00edvie, kter\u00e9 trp\u00ed poruchou autistick\u00e9ho spektra.<\/p>\n\n\n\n<p>Cel\u00fd \u010dl\u00e1nek naleznete v Parlamentn\u00edch Listech: <a href=\"https:\/\/www.parlamentnilisty.cz\/zpravy\/tiskovezpravy\/Zivot-detem-V-CR-se-rocne-narodi-az-2000-deti-s-poruchou-autistickeho-spektra-741592\" target=\"_blank\" rel=\"noreferrer noopener\">https:\/\/www.parlamentnilisty.cz\/zpravy\/tiskovezpravy\/Zivot-detem-V-CR-se-rocne-narodi-az-2000-deti-s-poruchou-autistickeho-spektra-741592<\/a><\/p>\n","protected":false},"excerpt":{"rendered":"<div class=\"mh-excerpt\"><p>Ka\u017edoro\u010dn\u00ed spole\u010dn\u00e1 sb\u00edrka obecn\u011b prosp\u011b\u0161n\u00e9 spole\u010dnosti \u017divot d\u011btem a \u0159et\u011bzce Lidl Srdce d\u011btem op\u011bt nad\u011blovala pot\u0159ebn\u00fdm. Je n\u00e1m pot\u011b\u0161en\u00edm v\u00e1s sezn\u00e1mit s p\u0159\u00edb\u011bhem dvoj\u010dat Ley <a class=\"mh-excerpt-more\" href=\"https:\/\/www.invarena.cz\/?p=41677\" title=\"\u017divot d\u011btem: V \u010cR se ro\u010dn\u011b narod\u00ed a\u017e 2000 d\u011bt\u00ed s poruchou autistick\u00e9ho spektra\">[&#8230;]<\/a><\/p>\n<\/div>","protected":false},"author":1,"featured_media":18792,"comment_status":"open","ping_status":"closed","sticky":false,"template":"","format":"standard","meta":{"footnotes":""},"categories":[9],"tags":[],"class_list":["post-41677","post","type-post","status-publish","format-standard","has-post-thumbnail","hentry","category-zpravy"],"_links":{"self":[{"href":"https:\/\/www.invarena.cz\/index.php?rest_route=\/wp\/v2\/posts\/41677","targetHints":{"allow":["GET"]}}],"collection":[{"href":"https:\/\/www.invarena.cz\/index.php?rest_route=\/wp\/v2\/posts"}],"about":[{"href":"https:\/\/www.invarena.cz\/index.php?rest_route=\/wp\/v2\/types\/post"}],"author":[{"embeddable":true,"href":"https:\/\/www.invarena.cz\/index.php?rest_route=\/wp\/v2\/users\/1"}],"replies":[{"embeddable":true,"href":"https:\/\/www.invarena.cz\/index.php?rest_route=%2Fwp%2Fv2%2Fcomments&post=41677"}],"version-history":[{"count":0,"href":"https:\/\/www.invarena.cz\/index.php?rest_route=\/wp\/v2\/posts\/41677\/revisions"}],"wp:featuredmedia":[{"embeddable":true,"href":"https:\/\/www.invarena.cz\/index.php?rest_route=\/wp\/v2\/media\/18792"}],"wp:attachment":[{"href":"https:\/\/www.invarena.cz\/index.php?rest_route=%2Fwp%2Fv2%2Fmedia&parent=41677"}],"wp:term":[{"taxonomy":"category","embeddable":true,"href":"https:\/\/www.invarena.cz\/index.php?rest_route=%2Fwp%2Fv2%2Fcategories&post=41677"},{"taxonomy":"post_tag","embeddable":true,"href":"https:\/\/www.invarena.cz\/index.php?rest_route=%2Fwp%2Fv2%2Ftags&post=41677"}],"curies":[{"name":"wp","href":"https:\/\/api.w.org\/{rel}","templated":true}]}}