{"id":41746,"date":"2023-08-29T12:48:37","date_gmt":"2023-08-29T10:48:37","guid":{"rendered":"https:\/\/www.invarena.cz\/?p=41746"},"modified":"2023-08-29T12:48:37","modified_gmt":"2023-08-29T10:48:37","slug":"desitky-socialne-znevyhodnenych-deti-trenovaly-tyden-zdarma-fotbal-se-spickovymi-italskymi-trenery","status":"publish","type":"post","link":"https:\/\/www.invarena.cz\/?p=41746","title":{"rendered":"Des\u00edtky soci\u00e1ln\u011b znev\u00fdhodn\u011bn\u00fdch d\u011bt\u00ed tr\u00e9novaly t\u00fdden zdarma fotbal se \u0161pi\u010dkov\u00fdmi italsk\u00fdmi tren\u00e9ry"},"content":{"rendered":"\n<p><\/p>\n\n\n\n<p><strong>Na sedmdes\u00e1t chlapc\u016f a d\u00edvek p\u0159ev\u00e1\u017en\u011b ze soci\u00e1ln\u011b znev\u00fdhodn\u011bn\u00e9ho prost\u0159ed\u00ed dostalo minul\u00fd t\u00fdden unik\u00e1tn\u00ed p\u0159\u00edle\u017eitost tr\u00e9novat fotbal s\u00a0profesion\u00e1ln\u00edmi italsk\u00fdmi tren\u00e9ry. Na soust\u0159ed\u011bn\u00ed Soccer Camp Prague v\u00a0pra\u017esk\u00fdch Hole\u0161ovic\u00edch se se\u0161ly jak d\u011bti, kter\u00e9 u\u017e fotbal z\u00e1vodn\u011b hraj\u00ed, tak ty, pro kter\u00e9 je pravideln\u00fd sport sp\u00ed\u0161e novinkou. D\u00edky Generali \u010cek\u00e9 Poji\u0161\u0165ovn\u011b m\u011bly \u00fa\u010dast po cel\u00fd t\u00fdden zcela zdarma.<\/strong><\/p>\n\n\n\n<p><em>\u201ePevn\u011b v\u011b\u0159\u00edm ve sportovn\u00ed hodnoty a iniciativy, jako je Soccer Camp Prague, jeho\u017e c\u00edlem je pomoci znev\u00fdhodn\u011bn\u00fdm d\u011btem vyr\u016fst prost\u0159ednictv\u00edm sportu,&#8220; <\/em>prohl\u00e1sil p\u0159i ned\u00e1vn\u00e9 n\u00e1v\u0161t\u011bv\u011b Prahy ambasador projektu, italsk\u00fd fotbalista <strong>Alessandro Del Piero<\/strong><em>. &#8222;Je nezbytn\u00e9 nab\u00eddnout v\u011bt\u0161in\u011b d\u011bt\u00ed rovn\u00e9 p\u0159\u00edle\u017eitosti, kter\u00e9 jim umo\u017en\u00ed rozv\u00edjet sv\u00e9 schopnosti.&#8220;<\/em><\/p>\n\n\n\n<p>Soccer Camp Prague prob\u011bhl od 21. do 25. srpna na h\u0159i\u0161ti Loko Vltav\u00edn v&nbsp;Praze 7. Po\u0159\u00e1d\u00e1 ho italsk\u00e1 organizace World Camp International, kter\u00e1 m\u00e1 s&nbsp;podobn\u00fdmi kempy ve sv\u011bt\u011b u\u017e dvacetiletou zku\u0161enost. V&nbsp;\u010cesku jde o prvn\u00ed ro\u010dn\u00edk, jeho\u017e partnerem je Generali \u010cesk\u00e1 poji\u0161\u0165ovna.<\/p>\n\n\n\n<p>Na z\u00e1v\u011br byli ocen\u011bn\u00ed t\u0159i nejlep\u0161\u00ed \u00fa\u010dastn\u00edci, kte\u0159\u00ed se spolu s&nbsp;d\u011btmi z&nbsp;podobn\u00fdch kemp\u016f v&nbsp;dal\u0161\u00edch zem\u00edch \u00fa\u010dastn\u00ed Dne italsk\u00e9ho fotbalov\u00e9ho kempu, t\u0159\u00eddenn\u00edho sportovn\u00edho programu v&nbsp;Covercianu, domovsk\u00e9m st\u0159edisku italsk\u00e9ho n\u00e1rodn\u00edho t\u00fdmu. B\u011bhem sv\u00e9 n\u00e1v\u0161t\u011bvy v&nbsp;It\u00e1lii budou m\u00edt d\u011bti mo\u017enost d\u00e1le rozv\u00edjet sv\u00e9 fotbalov\u00e9 schopnosti p\u0159i tr\u00e9ninku, z\u00e1vodech, z\u00e1pasech a tak\u00e9 nav\u0161t\u00edv\u00ed Italsk\u00e9 muzeum fotbalu a z\u00e1pas Serie A.<\/p>\n\n\n\n<p><\/p>\n","protected":false},"excerpt":{"rendered":"<div class=\"mh-excerpt\"><p>Na sedmdes\u00e1t chlapc\u016f a d\u00edvek p\u0159ev\u00e1\u017en\u011b ze soci\u00e1ln\u011b znev\u00fdhodn\u011bn\u00e9ho prost\u0159ed\u00ed dostalo minul\u00fd t\u00fdden unik\u00e1tn\u00ed p\u0159\u00edle\u017eitost tr\u00e9novat fotbal s\u00a0profesion\u00e1ln\u00edmi italsk\u00fdmi tren\u00e9ry. Na soust\u0159ed\u011bn\u00ed Soccer Camp Prague <a class=\"mh-excerpt-more\" href=\"https:\/\/www.invarena.cz\/?p=41746\" title=\"Des\u00edtky soci\u00e1ln\u011b znev\u00fdhodn\u011bn\u00fdch d\u011bt\u00ed tr\u00e9novaly t\u00fdden zdarma fotbal se \u0161pi\u010dkov\u00fdmi italsk\u00fdmi tren\u00e9ry\">[&#8230;]<\/a><\/p>\n<\/div>","protected":false},"author":1,"featured_media":21907,"comment_status":"open","ping_status":"closed","sticky":false,"template":"","format":"standard","meta":{"footnotes":""},"categories":[7],"tags":[],"class_list":["post-41746","post","type-post","status-publish","format-standard","has-post-thumbnail","hentry","category-spolecnost"],"_links":{"self":[{"href":"https:\/\/www.invarena.cz\/index.php?rest_route=\/wp\/v2\/posts\/41746","targetHints":{"allow":["GET"]}}],"collection":[{"href":"https:\/\/www.invarena.cz\/index.php?rest_route=\/wp\/v2\/posts"}],"about":[{"href":"https:\/\/www.invarena.cz\/index.php?rest_route=\/wp\/v2\/types\/post"}],"author":[{"embeddable":true,"href":"https:\/\/www.invarena.cz\/index.php?rest_route=\/wp\/v2\/users\/1"}],"replies":[{"embeddable":true,"href":"https:\/\/www.invarena.cz\/index.php?rest_route=%2Fwp%2Fv2%2Fcomments&post=41746"}],"version-history":[{"count":0,"href":"https:\/\/www.invarena.cz\/index.php?rest_route=\/wp\/v2\/posts\/41746\/revisions"}],"wp:featuredmedia":[{"embeddable":true,"href":"https:\/\/www.invarena.cz\/index.php?rest_route=\/wp\/v2\/media\/21907"}],"wp:attachment":[{"href":"https:\/\/www.invarena.cz\/index.php?rest_route=%2Fwp%2Fv2%2Fmedia&parent=41746"}],"wp:term":[{"taxonomy":"category","embeddable":true,"href":"https:\/\/www.invarena.cz\/index.php?rest_route=%2Fwp%2Fv2%2Fcategories&post=41746"},{"taxonomy":"post_tag","embeddable":true,"href":"https:\/\/www.invarena.cz\/index.php?rest_route=%2Fwp%2Fv2%2Ftags&post=41746"}],"curies":[{"name":"wp","href":"https:\/\/api.w.org\/{rel}","templated":true}]}}