{"id":4189,"date":"2013-04-25T10:24:34","date_gmt":"2013-04-25T08:24:34","guid":{"rendered":"http:\/\/www.invarena.cz\/?p=4189"},"modified":"2013-04-26T07:16:53","modified_gmt":"2013-04-26T05:16:53","slug":"ti-kdo-zamestnavaji-zdravotne-znevyhodnene-jsou-v-ohrozeni","status":"publish","type":"post","link":"https:\/\/www.invarena.cz\/?p=4189","title":{"rendered":"Ti, kdo zam\u011bstn\u00e1vaj\u00ed zdravotn\u011b znev\u00fdhodn\u011bn\u00e9, jsou v ohro\u017een\u00ed"},"content":{"rendered":"<p><strong>V\u00fdrobn\u00ed dru\u017estva, kter\u00e1 zam\u011bstn\u00e1vaj\u00ed zdravotn\u011b znev\u00fdhodn\u011bn\u00e9, maj\u00ed probl\u00e9m. Nedost\u00e1vaj\u00ed toti\u017e u\u017e na n\u011b p\u0159\u00edsp\u011bvek. Ten dost\u00e1vaj\u00ed jen na zdravotn\u011b posti\u017een\u00e9. Te\u010f mnoz\u00ed stoj\u00ed p\u0159ed dilematem: Propustit zdravotn\u011b znev\u00fdhodn\u011bn\u00e9 nebo zkrachovat?<\/strong><\/p>\n<p><!--more--><\/p>\n<p>Posledn\u00ed dobou dopl\u00e1cej\u00ed mnoh\u00e1 v\u00fdrobn\u00ed dru\u017estva, kter\u00e1 zam\u011bstn\u00e1vaj\u00ed zdravotn\u011b znev\u00fdhodn\u011bn\u00e9 osoby, na \u0161patn\u00e9 veden\u00ed ministerstva pr\u00e1ce a soci\u00e1ln\u00edch v\u011bc\u00ed p\u0159ede\u0161l\u00fdm ministrem Jarom\u00edrem Dr\u00e1bkem.<\/p>\n<p>Za jeho ministrov\u00e1n\u00ed byla zavedena novela z\u00e1kona, kter\u00e1 mj. postupn\u011b vylu\u010duje z mo\u017enosti podpory OZZ (osoby zdravotn\u011b znev\u00fdhodn\u011bn\u00e9) &#8211; tedy osoby, jejich\u017e handicap je pova\u017eov\u00e1n za men\u0161\u00ed a nepob\u00edraj\u00ed invalidn\u00ed d\u016fchod. Tyto osoby ztr\u00e1tou statutu OZZ p\u0159est\u00e1vaj\u00ed b\u00fdt pova\u017eov\u00e1ny za zdravotn\u011b posti\u017een\u00e9 (OZP), za kter\u00e9 by nov\u011b m\u011bly b\u00fdt pova\u017eov\u00e1ny jen ti, jim\u017e byla p\u0159izn\u00e1na invalidita I., II., nebo III. stupn\u011b.<\/p>\n<p>Uvedu p\u0159\u00edklad: za OZZ se pova\u017euje osoba, kter\u00e1 m\u00e1 sice leh\u010d\u00ed zdravotn\u00ed probl\u00e9my (nap\u0159. se zrakem nebo s pohybov\u00fdm apar\u00e1tem, m\u016f\u017ee v\u0161ak j\u00edt o kombinaci v\u00edce posti\u017een\u00ed, nebo kombinaci s ment\u00e1ln\u00edm posti\u017een\u00edm). Takov\u00fd \u010dlov\u011bk na trhu pr\u00e1ce nem\u00e1 \u0161anci, kdy\u017e u posudkov\u00e9 komise nedostane pot\u0159ebn\u00fdch 35 bod\u016f poklesu schopnosti pracovat.<\/p>\n<p>Ztrat\u00ed-li osoba se zdravotn\u00edm znev\u00fdhodn\u011bn\u00edm tento statut, nem\u016f\u017ee na ni jako na zam\u011bstnance uplatnit jej\u00ed zam\u011bstnavatel \u017e\u00e1dn\u00e9 v\u00fdhody, p\u0159\u00edsp\u011bvky, ba ani slevy dan\u00ed. Snadno tedy m\u016f\u017ee p\u0159ij\u00edt o zam\u011bstn\u00e1n\u00ed. Ka\u017ed\u00fd z n\u00e1s si dovede p\u0159edstavit, jak to mus\u00ed b\u00fdt pro tyto ob\u010dany t\u011b\u017ek\u00e9, kdy\u017e te\u010f p\u0159ijdou o zam\u011bstn\u00e1n\u00ed, kde mnoz\u00ed pracovali i v\u00edce ne\u017e 30 let. Definitivn\u00ed konec kategorie OZZ je stanoven na konec roku 2014.<\/p>\n<p>Ve Zl\u00ednsk\u00e9m kraji p\u016fsob\u00ed velk\u00e1 dru\u017estva jako Obzor, Integra, Irisa, kter\u00e1 zam\u011bstn\u00e1vaj\u00ed velk\u00fd po\u010det takov\u00fdch lid\u00ed. A nesm\u00edm opomenout ani CHVD D\u016fbrava ve Vala\u0161sk\u00fdch Klobouk\u00e1ch, kter\u00e9 m\u00e1 t\u0159i provozy &#8211; bytov\u00e1 chemie a kosmetika, karton\u00e1\u017e a galanterie. Dru\u017estvo zam\u011bstn\u00e1v\u00e1 zhruba 100 zam\u011bstnanc\u016f. V sou\u010dasn\u00e9 dob\u011b m\u00e1 30 lid\u00ed, kte\u0159\u00ed p\u0159ich\u00e1zej\u00ed o statut OZZ.<\/p>\n<p>A jak deklaroval p\u0159edseda dru\u017estva Emil Z\u016fbek: \u00bbPo v\u0161ech variant\u00e1ch a \u00favah\u00e1ch budeme nuceni tyto uzdraven\u00e9 pracovn\u00edky propustit, proto\u017ee bez p\u0159\u00edsp\u011bvku na jejich zam\u011bstn\u00e1v\u00e1n\u00ed nejsme schopni je udr\u017eet&#8230;\u00ab<\/p>\n<p>Pro tyto osoby, kter\u00e9 z\u016fstanou bez pr\u00e1ce a bez invalidn\u00edho d\u016fchodu, bude velk\u00fd probl\u00e9m naj\u00edt pr\u00e1ci i proto, \u017ee jejich produktivita pr\u00e1ce z d\u016fvodu zdravotn\u00edho posti\u017een\u00ed je r\u016fzn\u00fdm zp\u016fsobem omezena oproti lidem bez posti\u017een\u00ed. A podobn\u011b jsou na tom i zbyl\u00e1 dru\u017estva v cel\u00e9 \u010cR, i dal\u0161\u00ed zam\u011bstnavatel\u00e9 p\u0159ev\u00e1\u017en\u011b osob se zdravotn\u00edm posti\u017een\u00edm, vyu\u017e\u00edvaj\u00edc\u00ed podpory p\u0159\u00edsp\u011bvk\u016f \u00fa\u0159adu pr\u00e1ce.<\/p>\n<p>N\u011bkter\u00e1 z nich by v d\u016fsledku toho mohla v budoucnu \u00fapln\u011b zaniknout, nebo se profilovat jako b\u011b\u017en\u00e9 podniky u\u017e t\u00e9m\u011b\u0159 bez pod\u00edlu zdravotn\u011b posti\u017een\u00fdch.<\/p>\n<p>Jak sd\u011blil Ing. Karel Rycht\u00e1\u0159 ze Svazu \u010desk\u00fdch a moravsk\u00fdch v\u00fdrobn\u00edch dru\u017estev, za jeho\u017e v\u00fdznamn\u00e9 podpory tento \u010dl\u00e1nek vznikal, \u00bbproblematika posuzov\u00e1n\u00ed zdravotn\u00edho stavu pro trh pr\u00e1ce je \u2018aktu\u00e1ln\u00ed\u2019 a nen\u00ed \u0159e\u0161ena<br \/>\nu\u017e asi 15 let. St\u00e1le nen\u00ed do\u0159e\u0161ena jako syst\u00e9m, po\u0159\u00e1d jen n\u011bco flikujeme a v pr\u016fm\u011bru jednou za dva roky \u2018reformujeme\u2019&#8230;<\/p>\n<p>Bohu\u017eel dosavadn\u00ed reformy m\u011bly a maj\u00ed podobu sp\u00ed\u0161e plo\u0161n\u00fdch \u0161krt\u016f &#8211; ne\u017e skute\u010dn\u00e9ho syst\u00e9mu.\u00ab J\u00e1 z\u00e1sadn\u011b nesouhlas\u00edm s takov\u00fdm lacin\u00fdm pokusem &#8211; nechat tyto lidi bez pomoci. \u0160et\u0159en\u00ed v\u00fddaj\u016f st\u00e1tu omezov\u00e1n\u00edm p\u0159\u00edsp\u011bvk\u016f podnik\u016fm, kter\u00e9 se dok\u00e1\u017eou udr\u017eet na trhu a p\u0159itom zam\u011bstn\u00e1vaj\u00ed okolo 65 % zdravotn\u011b posti\u017een\u00fdch lid\u00ed, je kr\u00e1tkozrak\u00e9 a uboh\u00e9. Je to v\u00fdzva i pro KS\u010cM \u2013 my, komunist\u00e9, nem\u016f\u017eeme nechat zmi\u0148ovan\u00e9 ob\u010dany v t\u00e9to sv\u00edzeln\u00e9 situaci!<\/p>\n<p>Hal\u00f3 noviny<\/p>\n<p>V\u00e1clav LYS\u00c1K<\/p>\n","protected":false},"excerpt":{"rendered":"<div class=\"mh-excerpt\"><p>V\u00fdrobn\u00ed dru\u017estva, kter\u00e1 zam\u011bstn\u00e1vaj\u00ed zdravotn\u011b znev\u00fdhodn\u011bn\u00e9, maj\u00ed probl\u00e9m. Nedost\u00e1vaj\u00ed toti\u017e u\u017e na n\u011b p\u0159\u00edsp\u011bvek. Ten dost\u00e1vaj\u00ed jen na zdravotn\u011b posti\u017een\u00e9. Te\u010f mnoz\u00ed stoj\u00ed p\u0159ed dilematem: <a class=\"mh-excerpt-more\" href=\"https:\/\/www.invarena.cz\/?p=4189\" title=\"Ti, kdo zam\u011bstn\u00e1vaj\u00ed zdravotn\u011b znev\u00fdhodn\u011bn\u00e9, jsou v ohro\u017een\u00ed\">[&#8230;]<\/a><\/p>\n<\/div>","protected":false},"author":1,"featured_media":2927,"comment_status":"open","ping_status":"open","sticky":false,"template":"","format":"standard","meta":{"footnotes":""},"categories":[7],"tags":[],"class_list":["post-4189","post","type-post","status-publish","format-standard","has-post-thumbnail","hentry","category-spolecnost"],"_links":{"self":[{"href":"https:\/\/www.invarena.cz\/index.php?rest_route=\/wp\/v2\/posts\/4189","targetHints":{"allow":["GET"]}}],"collection":[{"href":"https:\/\/www.invarena.cz\/index.php?rest_route=\/wp\/v2\/posts"}],"about":[{"href":"https:\/\/www.invarena.cz\/index.php?rest_route=\/wp\/v2\/types\/post"}],"author":[{"embeddable":true,"href":"https:\/\/www.invarena.cz\/index.php?rest_route=\/wp\/v2\/users\/1"}],"replies":[{"embeddable":true,"href":"https:\/\/www.invarena.cz\/index.php?rest_route=%2Fwp%2Fv2%2Fcomments&post=4189"}],"version-history":[{"count":0,"href":"https:\/\/www.invarena.cz\/index.php?rest_route=\/wp\/v2\/posts\/4189\/revisions"}],"wp:featuredmedia":[{"embeddable":true,"href":"https:\/\/www.invarena.cz\/index.php?rest_route=\/wp\/v2\/media\/2927"}],"wp:attachment":[{"href":"https:\/\/www.invarena.cz\/index.php?rest_route=%2Fwp%2Fv2%2Fmedia&parent=4189"}],"wp:term":[{"taxonomy":"category","embeddable":true,"href":"https:\/\/www.invarena.cz\/index.php?rest_route=%2Fwp%2Fv2%2Fcategories&post=4189"},{"taxonomy":"post_tag","embeddable":true,"href":"https:\/\/www.invarena.cz\/index.php?rest_route=%2Fwp%2Fv2%2Ftags&post=4189"}],"curies":[{"name":"wp","href":"https:\/\/api.w.org\/{rel}","templated":true}]}}