{"id":41929,"date":"2023-09-07T03:13:00","date_gmt":"2023-09-07T01:13:00","guid":{"rendered":"https:\/\/www.invarena.cz\/?p=41929"},"modified":"2023-09-07T05:14:26","modified_gmt":"2023-09-07T03:14:26","slug":"uz-rok-ceka-na-duchod","status":"publish","type":"post","link":"https:\/\/www.invarena.cz\/?p=41929","title":{"rendered":"U\u017e rok \u010dek\u00e1 na d\u016fchod\u00a0\u00a0"},"content":{"rendered":"\n<p>V\u00e1h\u00e1n\u00ed prezidenta Petra Pavla s podpisem novely d\u016fchodov\u00e9ho z\u00e1kona umo\u017en\u00ed odej\u00edt do p\u0159ed\u010dasn\u00e9ho d\u016fchodu je\u0161t\u011b podle nyn\u00ed platn\u00fdch a v\u00fdhodn\u011bj\u0161\u00edch pravidel tis\u00edc\u016fm \u010cech\u016f. Lid\u00e9, kte\u0159\u00ed se rozhodli si je\u0161t\u011b na posledn\u00ed chv\u00edli o p\u0159ed\u010dasn\u00fd d\u016fchod za\u017e\u00e1dat, te\u010f na \u00fa\u0159adech \u010cesk\u00e9 spr\u00e1vy soci\u00e1ln\u00edho zabezpe\u010den\u00ed \u010dekaj\u00ed i dlouh\u00e9 hodiny.<\/p>\n\n\n\n<p>Prima\u00a0&#8211; Hlavn\u00ed zpr\u00e1vy<br \/><br \/>&#8212;&#8212;&#8212;&#8212;&#8212;&#8212;&#8211;<br \/>Jaroslav Martin\u00edk pracuje cel\u00fd \u017eivot manu\u00e1ln\u011b. Aktu\u00e1ln\u011b u \u017e\u00edhac\u00edch pec\u00ed. V 60 letech u\u017e je ale unaven\u00fd.<br \/><br \/>Jaroslav MARTIN\u00cdK, \u017eadatel o p\u0159ed\u010dasn\u00fd d\u016fchod, Ostrava<br \/>&#8212;&#8212;&#8212;&#8212;&#8212;&#8212;&#8211;<br \/>Je to nam\u00e1hav\u00e9 a horko tam je. P\u0159esazujete pec a ta m\u00e1 800 stup\u0148\u016f. Po p\u011btapades\u00e1tce nasko\u010dily n\u011bjak\u00e9 pr\u00e1\u0161ky, vysok\u00fd tlak a takov\u00e9 v\u011bci.<br \/><br \/>Adriana Kubisov\u00e1, redaktorka<br \/>&#8212;&#8212;&#8212;&#8212;&#8212;&#8212;&#8211;<br \/>I proto si Jaroslav dnes p\u0159i\u0161el po\u017e\u00e1dat o p\u0159ed\u010dasn\u00fd d\u016fchod. Netu\u0161il v\u0161ak, co ho na \u00fa\u0159ad\u011b \u010dek\u00e1. Na okresn\u00ed spr\u00e1v\u011b soci\u00e1ln\u00edho zabezpe\u010den\u00ed v Ostrav\u011b vy\u0159izuj\u00ed \u017e\u00e1dosti o p\u0159ed\u010dasn\u00fd d\u016fchod pouze dv\u011b \u00fa\u0159ednice. Dal\u0161\u00ed \u010dty\u0159i p\u0159ep\u00e1\u017eky jsou kv\u016fli nep\u0159\u00edzniv\u00e9 person\u00e1ln\u00ed situaci zav\u0159en\u00e9. Aktu\u00e1ln\u011b uvnit\u0159 \u010dek\u00e1 asi 30 \u017eadatel\u016f. Vyhr\u00e1no ale nemaj\u00ed ani ti, kter\u00fdm u\u017e se \u017e\u00e1dost poda\u0159ilo podat. Peter \u010capl\u00e1k z Ostravy ji podal p\u0159ed rokem a d\u016fchod st\u00e1le nem\u00e1.<br \/><br \/>Peter \u010capl\u00e1k, \u017eadatel o p\u0159ed\u010dasn\u00fd d\u016fchod, Ostrava<br \/>&#8212;&#8212;&#8212;&#8212;&#8212;&#8212;&#8211;<br \/>Rok nic. Z\u00edtra to bude rok. Celej \u017eivot jsem chodil norm\u00e1ln\u011b poctiv\u011b do pr\u00e1ce. J\u00e1 jsem ztratil hodn\u011b zdrav\u00ed, skoro 10 let na \u0161acht\u011b.<br \/><br \/>Adriana Kubisov\u00e1, redaktorka<br \/>&#8212;&#8212;&#8212;&#8212;&#8212;&#8212;&#8211;<br \/>Do p\u0159ed\u010dasn\u00e9ho d\u016fchodu pot\u0159eboval Peter j\u00edt kv\u016fli nemocn\u00e9 man\u017eelce a\u00a0<strong>posti\u017een\u00e9mu<\/strong>\u00a0synovi. Aby nep\u0159i\u0161el o n\u00e1rok na d\u016fchod, nesm\u00ed pracovat. \u00daspory jsou pry\u010d a dluhy nar\u016fstaj\u00ed.<br \/><br \/>Peter \u010capl\u00e1k, \u017eadatel o p\u0159ed\u010dasn\u00fd d\u016fchod, Ostrava<br \/>&#8212;&#8212;&#8212;&#8212;&#8212;&#8212;&#8211;<br \/>To vych\u00e1z\u00ed skoro 160 000.<br \/><br \/>Adriana Kubisov\u00e1, redaktorka<br \/>&#8212;&#8212;&#8212;&#8212;&#8212;&#8212;&#8211;<br \/>Komu dlu\u017e\u00edte?<br \/><br \/>Peter \u010capl\u00e1k, \u017eadatel o p\u0159ed\u010dasn\u00fd d\u016fchod, Ostrava<br \/>&#8212;&#8212;&#8212;&#8212;&#8212;&#8212;&#8211;<br \/>Kamar\u00e1d\u016fm, kter\u00fd mi cht\u011bj\u00ed pomoct.<br \/><br \/>Adriana Kubisov\u00e1, redaktorka<br \/>&#8212;&#8212;&#8212;&#8212;&#8212;&#8212;&#8211;<br \/>Rodina te\u010f doslova p\u0159e\u017e\u00edv\u00e1 z d\u00e1vek, kter\u00e9 dost\u00e1v\u00e1\u00a0<strong>invalidn\u00ed<\/strong>\u00a0man\u017eelka a\u00a0<strong>posti\u017een\u00fd<\/strong>\u00a0syn. Co teda bude dneska P\u00e9\u0165a j\u00edst?<br \/><br \/>Peter \u010capl\u00e1k, \u017eadatel o p\u0159ed\u010dasn\u00fd d\u016fchod, Ostrava<br \/>&#8212;&#8212;&#8212;&#8212;&#8212;&#8212;&#8211;<br \/>No, a\u017e se vr\u00e1t\u00ed, tak m\u00e1me tady akor\u00e1t ty pa\u0161tiky, no a to je v\u0161echno. P\u00e1r vaj\u00ed\u010dek.<br \/><br \/>Adriana Kubisov\u00e1, redaktorka<br \/>&#8212;&#8212;&#8212;&#8212;&#8212;&#8212;&#8211;<br \/>Podle mluv\u010d\u00ed \u010cesk\u00e9 spr\u00e1vy soci\u00e1ln\u00edho zabezpe\u010den\u00ed se st\u00e1v\u00e1, \u017ee lid\u00e9, kte\u0159\u00ed pracovali tak\u00e9 na Slovensku, \u010dekaj\u00ed na vy\u0159\u00edzen\u00ed sv\u00e9 \u017e\u00e1dosti d\u00e9le.<br \/><br \/>\u00fa\u0159ednice, Soci\u00e1na pois\u0165ov\u0148a, Bratislava<br \/>&#8212;&#8212;&#8212;&#8212;&#8212;&#8212;&#8211;<br \/>Popros\u00edme o strpen\u00ed, dob\u0159e? Po\u0161lu to do Prahy na \u010deskou spr\u00e1vu. M\u00e1me lh\u016ftu 60 dn\u00ed.<br \/><br \/>Adriana Kubisov\u00e1, redaktorka<br \/>&#8212;&#8212;&#8212;&#8212;&#8212;&#8212;&#8211;<br \/>Peter \u010capl\u00e1k douf\u00e1, \u017ee dostane sv\u016fj d\u016fchod 14. z\u00e1\u0159\u00ed tak, jak mu to dnes sl\u00edbila soci\u00e1ln\u00ed pracovnice. <\/p>\n\n\n\n<p>CNN Prima News\u00a0<\/p>\n","protected":false},"excerpt":{"rendered":"<div class=\"mh-excerpt\"><p>V\u00e1h\u00e1n\u00ed prezidenta Petra Pavla s podpisem novely d\u016fchodov\u00e9ho z\u00e1kona umo\u017en\u00ed odej\u00edt do p\u0159ed\u010dasn\u00e9ho d\u016fchodu je\u0161t\u011b podle nyn\u00ed platn\u00fdch a v\u00fdhodn\u011bj\u0161\u00edch pravidel tis\u00edc\u016fm \u010cech\u016f. Lid\u00e9, kte\u0159\u00ed <a class=\"mh-excerpt-more\" href=\"https:\/\/www.invarena.cz\/?p=41929\" title=\"U\u017e rok \u010dek\u00e1 na d\u016fchod\u00a0\u00a0\">[&#8230;]<\/a><\/p>\n<\/div>","protected":false},"author":1,"featured_media":14424,"comment_status":"open","ping_status":"closed","sticky":false,"template":"","format":"standard","meta":{"footnotes":""},"categories":[9],"tags":[],"class_list":["post-41929","post","type-post","status-publish","format-standard","has-post-thumbnail","hentry","category-zpravy"],"_links":{"self":[{"href":"https:\/\/www.invarena.cz\/index.php?rest_route=\/wp\/v2\/posts\/41929","targetHints":{"allow":["GET"]}}],"collection":[{"href":"https:\/\/www.invarena.cz\/index.php?rest_route=\/wp\/v2\/posts"}],"about":[{"href":"https:\/\/www.invarena.cz\/index.php?rest_route=\/wp\/v2\/types\/post"}],"author":[{"embeddable":true,"href":"https:\/\/www.invarena.cz\/index.php?rest_route=\/wp\/v2\/users\/1"}],"replies":[{"embeddable":true,"href":"https:\/\/www.invarena.cz\/index.php?rest_route=%2Fwp%2Fv2%2Fcomments&post=41929"}],"version-history":[{"count":0,"href":"https:\/\/www.invarena.cz\/index.php?rest_route=\/wp\/v2\/posts\/41929\/revisions"}],"wp:featuredmedia":[{"embeddable":true,"href":"https:\/\/www.invarena.cz\/index.php?rest_route=\/wp\/v2\/media\/14424"}],"wp:attachment":[{"href":"https:\/\/www.invarena.cz\/index.php?rest_route=%2Fwp%2Fv2%2Fmedia&parent=41929"}],"wp:term":[{"taxonomy":"category","embeddable":true,"href":"https:\/\/www.invarena.cz\/index.php?rest_route=%2Fwp%2Fv2%2Fcategories&post=41929"},{"taxonomy":"post_tag","embeddable":true,"href":"https:\/\/www.invarena.cz\/index.php?rest_route=%2Fwp%2Fv2%2Ftags&post=41929"}],"curies":[{"name":"wp","href":"https:\/\/api.w.org\/{rel}","templated":true}]}}