{"id":41986,"date":"2023-09-08T06:16:38","date_gmt":"2023-09-08T04:16:38","guid":{"rendered":"https:\/\/www.invarena.cz\/?p=41986"},"modified":"2023-09-08T06:17:25","modified_gmt":"2023-09-08T04:17:25","slug":"5-000-kc-na-dite-rodice-letos-nedostanou","status":"publish","type":"post","link":"https:\/\/www.invarena.cz\/?p=41986","title":{"rendered":"5 000 K\u010d na d\u00edt\u011b rodi\u010de letos nedostanou\u00a0\u00a0"},"content":{"rendered":"\n<p><strong>Ministr<\/strong>\u00a0<strong>pr\u00e1ce<\/strong>\u00a0a soci\u00e1ln\u00edch v\u011bc\u00ed Marian Jure\u010dka ozn\u00e1mil, \u017ee mimo\u0159\u00e1dn\u00e1 plo\u0161n\u00e1 pomoc, kter\u00e1 byla v lo\u0148sk\u00e9m roce vypl\u00e1cena ve v\u00fd\u0161i 5 000 K\u010d na d\u00edt\u011b, letos nebude. Problematiku, kterou \u0159e\u0161il\u00a0<strong>ministr<\/strong>\u00a0<strong>pr\u00e1ce<\/strong>\u00a0a soci\u00e1ln\u00edch v\u011bc\u00ed Marian Jure\u010dka nejv\u00edce, tak byla ta mimo\u0159\u00e1dn\u00e1 jednor\u00e1zov\u00e1 pomoc pro samo\u017eivitele, samo\u017eivitelky. <\/p>\n\n\n\n<p>CNN Prima News<\/p>\n\n\n\n<p>Ta pomoc nebude plo\u0161n\u00e1, ale bude vypl\u00e1cena vlastn\u011b t\u011bm rodin\u00e1m, u kter\u00fdch se zohledn\u00ed ta jejich finan\u010dn\u00ed a majetkov\u00e1 situace. Podle jeho slov je tato d\u00e1vka nen\u00e1rokov\u00e1, n\u00e1rok vznik\u00e1 ve chv\u00edli, kdy je osoba \u00da\u0159adem pr\u00e1ce uzn\u00e1na osobou v hmotn\u00e9 nouzi. Zmi\u0148oval tu mimo\u0159\u00e1dnou pomoc v lo\u0148sk\u00e9m roce, tak to bylo p\u0159ibli\u017en\u011b 1 500 d\u00e1vek za to druh\u00e9 pololet\u00ed v objemu asi 3,7 miliardy korun. Pak tak\u00e9 zmi\u0148oval od 1. z\u00e1\u0159\u00ed, \u017ee pob\u011b\u017e\u00ed zase projekt Ob\u011bdy do \u0161kol, toho vyu\u017eilo t\u00e9m\u011b\u0159 10 000 d\u011bt\u00ed a v\u00edce ne\u017e 1 200 \u0161kolsk\u00fdch za\u0159\u00edzen\u00ed. Tak\u00e9 apeloval vlastn\u011b na t\u00e9ma sla\u010fov\u00e1n\u00ed pracovn\u00edho a rodinn\u00e9ho \u017eivota, ot\u00e1zka vlastn\u011b kapacit pro d\u011bti, \u017ee chyb\u00ed kapacity, apeloval na starosty na t\u011bch men\u0161\u00edch m\u011bstech \u010di obc\u00edch, \u017ee vlastn\u011b by m\u011bli z\u0159izovat ty kapacity. Podle jeho slov je vy\u010dlen\u011bno t\u00e9m\u011b\u0159 dev\u011bt miliard korun na rekonstrukce objekt\u016f nebo na n\u00e1kupy nemovitost\u00ed. Tak\u00e9 zm\u00ednil je\u0161t\u011b podporu \u010d\u00e1ste\u010dn\u00fdch \u00favazk\u016f, to bylo spu\u0161t\u011bno 1. \u00fanora, zmi\u0148oval, \u017ee se do toho projektu nebo do t\u00e9 v\u011bci zapojilo t\u00e9m\u011b\u0159 65 000 lid\u00ed, 39 % z toho byly osoby nad 55 let a 38 % z toho byly osoby, kter\u00e9 pe\u010duj\u00ed o d\u011bti, kter\u00e9 jsou mlad\u0161\u00ed ne\u017e 10 let. Poskytli tak\u00e9 slevu 415 000 000 milion\u016f korun od \u00fanora, 73 % z toho byly \u017eeny.<\/p>\n\n\n\n<p>CNN Prima News<\/p>\n","protected":false},"excerpt":{"rendered":"<div class=\"mh-excerpt\"><p>Ministr\u00a0pr\u00e1ce\u00a0a soci\u00e1ln\u00edch v\u011bc\u00ed Marian Jure\u010dka ozn\u00e1mil, \u017ee mimo\u0159\u00e1dn\u00e1 plo\u0161n\u00e1 pomoc, kter\u00e1 byla v lo\u0148sk\u00e9m roce vypl\u00e1cena ve v\u00fd\u0161i 5 000 K\u010d na d\u00edt\u011b, letos nebude. <a class=\"mh-excerpt-more\" href=\"https:\/\/www.invarena.cz\/?p=41986\" title=\"5 000 K\u010d na d\u00edt\u011b rodi\u010de letos nedostanou\u00a0\u00a0\">[&#8230;]<\/a><\/p>\n<\/div>","protected":false},"author":1,"featured_media":600,"comment_status":"open","ping_status":"closed","sticky":false,"template":"","format":"standard","meta":{"footnotes":""},"categories":[1],"tags":[],"class_list":["post-41986","post","type-post","status-publish","format-standard","has-post-thumbnail","hentry","category-nezarazene"],"_links":{"self":[{"href":"https:\/\/www.invarena.cz\/index.php?rest_route=\/wp\/v2\/posts\/41986","targetHints":{"allow":["GET"]}}],"collection":[{"href":"https:\/\/www.invarena.cz\/index.php?rest_route=\/wp\/v2\/posts"}],"about":[{"href":"https:\/\/www.invarena.cz\/index.php?rest_route=\/wp\/v2\/types\/post"}],"author":[{"embeddable":true,"href":"https:\/\/www.invarena.cz\/index.php?rest_route=\/wp\/v2\/users\/1"}],"replies":[{"embeddable":true,"href":"https:\/\/www.invarena.cz\/index.php?rest_route=%2Fwp%2Fv2%2Fcomments&post=41986"}],"version-history":[{"count":0,"href":"https:\/\/www.invarena.cz\/index.php?rest_route=\/wp\/v2\/posts\/41986\/revisions"}],"wp:featuredmedia":[{"embeddable":true,"href":"https:\/\/www.invarena.cz\/index.php?rest_route=\/wp\/v2\/media\/600"}],"wp:attachment":[{"href":"https:\/\/www.invarena.cz\/index.php?rest_route=%2Fwp%2Fv2%2Fmedia&parent=41986"}],"wp:term":[{"taxonomy":"category","embeddable":true,"href":"https:\/\/www.invarena.cz\/index.php?rest_route=%2Fwp%2Fv2%2Fcategories&post=41986"},{"taxonomy":"post_tag","embeddable":true,"href":"https:\/\/www.invarena.cz\/index.php?rest_route=%2Fwp%2Fv2%2Ftags&post=41986"}],"curies":[{"name":"wp","href":"https:\/\/api.w.org\/{rel}","templated":true}]}}