{"id":42069,"date":"2023-09-12T05:28:24","date_gmt":"2023-09-12T03:28:24","guid":{"rendered":"https:\/\/www.invarena.cz\/?p=42069"},"modified":"2023-09-12T10:28:46","modified_gmt":"2023-09-12T08:28:46","slug":"nedostatek-leku-v-cr","status":"publish","type":"post","link":"https:\/\/www.invarena.cz\/?p=42069","title":{"rendered":"\u00a0O\u010dkov\u00e1n\u00ed zraniteln\u00fdch skupin obyvatel\u00a0\u00a0\u00a0\u00a0"},"content":{"rendered":"\n<p>Naka\u017een\u00fdch covidem m\u00edrn\u011b p\u0159ib\u00fdv\u00e1. Ministerstvo zdravotnictv\u00ed eviduje za posledn\u00ed t\u00fdden zhruba 900 nemocn\u00fdch. Testuje se ale m\u00e1lo, a tak skute\u010dn\u00fd po\u010det bude vy\u0161\u0161\u00ed. Rizikov\u00ed pacienti by se proto podle \u0161\u00e9fa rezortu m\u011bli nechat o\u010dkovat. V tuzemsku u\u017e jsou k dispozici prvn\u00ed dod\u00e1vky nejnov\u011bj\u0161\u00ed vakc\u00edny upraven\u00e9 na nov\u00e9 varianty viru. Chr\u00e1nit se ale maj\u00ed lid\u00e9 nejen proti covidu, ale taky proti ch\u0159ipce. O\u010dkovat by se podle ministra m\u011bli hlavn\u011b senio\u0159i, lid\u00e9 po transplantac\u00edch a ti s ni\u017e\u0161\u00ed imunitou, <br \/><br \/>\u010cT 24 <\/p>\n\n\n\n<p>&#8212;&#8212;&#8212;&#8212;&#8212;&#8212;&#8211;<br \/>Ka\u017ed\u00e9 t\u0159i m\u011bs\u00edce podobn\u00e1 ot\u00e1zka.&nbsp;<strong>Invalidn\u00ed<\/strong>&nbsp;d\u016fchodce Ladislav Cimr se v IKEMu l\u00e9\u010d\u00ed s cukrovkou.<br \/><br \/>Ladislav CIMR, pacient<br \/>Pr\u00e1\u0161ky m\u00e1m r\u00e1no a odpoledne a t\u0159ikr\u00e1t denn\u011b denn\u00ed inzulin a jednou no\u010dn\u00ed inzulin.<br \/><br \/>redaktorka \u010cT<br \/>Pat\u0159\u00ed mezi rizikov\u00e9 pacienty. Proti covidu je o\u010dkovan\u00fd. Kv\u016fli prevenci te\u010f pl\u00e1nuje posiluj\u00edc\u00ed d\u00e1vku.<br \/><br \/>Ladislav CIMR, pacient<br \/>Co se t\u00fd\u010de covidu ur\u010dit\u011b, co se t\u00fd\u010de ch\u0159ipky, uvid\u00edm, co mi nab\u00eddne ambulantn\u00ed l\u00e9ka\u0159.<br \/><br \/>redaktorka \u010cT<br \/>Dostat by mohl ob\u011b injekce najednou. V IKEMu je budou sv\u00fdm pacient\u016fm nab\u00edzet od \u0159\u00edjna, hlavn\u011b p\u011bti tis\u00edc\u016fm lid\u00ed po transplantaci.<br \/><br \/>Ond\u0159ej VIKLICK\u00dd, p\u0159ednosta Transplantcentra a Kliniky nefrologie IKEM<br \/>&#8212;&#8212;&#8212;&#8212;&#8212;&#8212;&#8211;<br \/>My si mysl\u00edme, \u017ee pacient, pro n\u011b to bude p\u0159\u00edjemn\u011bj\u0161\u00ed. Bude mu odebr\u00e1na krev, mo\u010d, pohovo\u0159\u00ed se sv\u00fdm l\u00e9ka\u0159em, nap\u00ed\u0161e mu l\u00e9ky na dal\u0161\u00ed t\u0159i m\u011bs\u00edce, ale z\u00e1rove\u0148 mu bude nab\u00eddnuta vakcinace jak proti ch\u0159ipce, tak proti covid-19.<br \/><br \/>Krist\u00fdna Jel\u00ednkov\u00e1, redaktorka \u010cT<br \/>&#8212;&#8212;&#8212;&#8212;&#8212;&#8212;&#8211;<br \/>Ta na covid bude upraven\u00e1 tak, aby chr\u00e1nila i proti nov\u011bj\u0161\u00edm variant\u00e1m.<br \/><br \/>Josef PAVLOVIC, n\u00e1m\u011bstek ministra zdravotnictv\u00ed \/Pir\u00e1ti\/<br \/>&#8212;&#8212;&#8212;&#8212;&#8212;&#8212;&#8211;<br \/>V tuto chv\u00edli n\u00e1m u\u017e za\u010d\u00ednaj\u00ed do \u010cesk\u00e9 republiky p\u0159ich\u00e1zet prvn\u00ed z\u00e1silky vlastn\u011b t\u00e9 nejnov\u011bj\u0161\u00ed vakc\u00edny. Je to postupn\u011b v des\u00edtk\u00e1ch tis\u00edc kus\u016f, ale bude n\u00e1m to postupn\u011b nab\u00edhat, to znamen\u00e1, u\u017e nyn\u00ed b\u011bhem p\u0159\u00ed\u0161t\u00edho t\u00fddne o\u010dek\u00e1v\u00e1me, \u017ee bude mo\u017enost si tuto vakc\u00ednu objednat.<br \/><br \/>Krist\u00fdna Jel\u00ednkov\u00e1, redaktorka \u010cT<br \/>&#8212;&#8212;&#8212;&#8212;&#8212;&#8212;&#8211;<br \/>O\u010dkovat se od za\u010d\u00e1tku z\u00e1\u0159\u00ed nechali v cel\u00e9 zemi necel\u00e9 dv\u011b stovky lid\u00ed, p\u0159ev\u00e1\u017en\u011b to bylo ve fakultn\u00edch nemocnic\u00edch. V t\u00e9 Thomayerov\u011b v Praze te\u010f nej\u010dast\u011bji m\u00ed\u0159\u00ed u\u017e pro p\u00e1tou a \u0161estou d\u00e1vku.<br \/><br \/>Petr SULEK, mluv\u010d\u00ed Thomayerovy nemocnice Praha<br \/>&#8212;&#8212;&#8212;&#8212;&#8212;&#8212;&#8211;<br \/>Lid\u00e9 volaj\u00ed, ptaj\u00ed se na nov\u00fd typ vakc\u00edny. My tu vakc\u00ednu v brzk\u00e9 dob\u011b o\u010dek\u00e1v\u00e1me. Pro o\u010dkov\u00e1n\u00ed proti covidu-19 m\u00e1me p\u0159ipraven\u00e9 dv\u011b ambulance. Tady je jedna z nich, tady m\u00e1me vlastn\u011b druhou ambulanci. V p\u0159\u00edpad\u011b velk\u00e9ho z\u00e1jmu o o\u010dkov\u00e1n\u00ed proti covidu-19 m\u016f\u017eeme otev\u0159\u00edt i t\u0159et\u00ed ambulanci.<br \/><br \/>Krist\u00fdna Jel\u00ednkov\u00e1, redaktorka \u010cT<br \/>&#8212;&#8212;&#8212;&#8212;&#8212;&#8212;&#8211;<br \/>Te\u010f je z\u00e1jem mal\u00fd. Pro je\u0161t\u011b lo\u0148skou vakc\u00ednu sem chod\u00ed asi t\u0159i lidi denn\u011b, a to i p\u0159esto, \u017ee covidu v populaci p\u0159ib\u00fdv\u00e1. Laborato\u0159e za posledn\u00ed t\u00fdden zachytily 900 p\u0159\u00edpad\u016f, sedmkr\u00e1t v\u00edc ne\u017e za\u010d\u00e1tkem srpna.<br \/><br \/>Pavla SVR\u010cINOV\u00c1, hlavn\u00ed hygieni\u010dka \u010cR<br \/>&#8212;&#8212;&#8212;&#8212;&#8212;&#8212;&#8211;<br \/>To se dalo o\u010dek\u00e1vat s t\u00edm, \u017ee nastupuje podzim a vr\u00e1tili jsme se z dovolen\u00fdch z pr\u00e1zdnin a op\u011bt se skl\u00e1daj\u00ed kolektivy.<br \/><br \/>redaktorka \u010cT<br \/>&#8212;&#8212;&#8212;&#8212;&#8212;&#8212;&#8211;<br \/>Pozvolna to za\u010d\u00edn\u00e1 pozorovat i praktick\u00fd l\u00e9ka\u0159 z pra\u017esk\u00fdch Kobylis.<br \/><br \/>Vojt\u011bch MUCHA, praktick\u00fd l\u00e9ka\u0159, Praha<br \/>&#8212;&#8212;&#8212;&#8212;&#8212;&#8212;&#8211;<br \/>\u0158ekl bych, \u017ee to bylo letos malinko posunuto s t\u00edm, \u017ee zat\u00edm je\u0161t\u011b nep\u0159i\u0161lo to podzimn\u00ed ochlazen\u00ed, tak zat\u00edm je\u0161t\u011b po\u0159\u00e1d t\u011bch respira\u010dn\u00edch infekt\u016f obecn\u011b m\u00e1me sp\u00ed\u0161e m\u00e9n\u011b, tak\u017ee \u010dek\u00e1me, \u017ee se to zhor\u0161\u00ed, respektive, \u017ee jich p\u0159ibude, a\u017e se ochlad\u00ed.<br \/><br \/>Krist\u00fdna Jel\u00ednkov\u00e1, redaktorka \u010cT<br \/>&#8212;&#8212;&#8212;&#8212;&#8212;&#8212;&#8211;<br \/>V\u011bt\u0161ina pacient\u016f, u kter\u00fdch n\u00e1kazu koronavirem potvrd\u00ed, m\u00e1 zat\u00edm jenom m\u00edrn\u00fd pr\u016fb\u011bh. Redakce a Krist\u00fdna Jel\u00ednkov\u00e1, \u010cesk\u00e1 televize.<br \/><br \/>Tereza \u0158ezn\u00ed\u010dkov\u00e1, moder\u00e1torka \u010cT<br \/>&#8212;&#8212;&#8212;&#8212;&#8212;&#8212;&#8211;<br \/>No, a jak jsme tedy na tom s l\u00e9ky te\u010f p\u0159ed n\u00e1stupem respira\u010dn\u00edch onemocn\u011bn\u00ed. O tom si budu pov\u00eddat s Jakubem Dvo\u0159\u00e1\u010dkem, n\u00e1m\u011bstkem ministra zdravotnictv\u00ed. <br \/>&#8212;&#8212;&#8212;&#8212;&#8212;&#8212;&#8211;<br \/>A po m\u00e9 pravici je Kamal Farhan za ANO, st\u00ednov\u00fd ministr zdravotnictv\u00ed a \u010dlen zdravotnick\u00e9ho v\u00fdboru Poslaneck\u00e9 sn\u011bmovny. Hezk\u00fd ve\u010der i v\u00e1m.<br \/><br \/>Pane n\u00e1m\u011bstku, j\u00e1 za\u010dnu u v\u00e1s. &#8222;L\u00e9ky budou, \u017e\u00e1dn\u00fd strach, \u017e\u00e1dn\u00e1 panika.&#8220; Nemus\u00ed tohle ministerstvo \u0159\u00edkat a\u017e p\u0159\u00edli\u0161 \u010dasto?<br \/><br \/>Jakub DVO\u0158\u00c1\u010cEK, n\u00e1m\u011bstek ministra zdravotnictv\u00ed<br \/>&#8212;&#8212;&#8212;&#8212;&#8212;&#8212;&#8211;<br \/>No, mus\u00edme to \u0159\u00edkat p\u0159\u00edli\u0161 \u010dasto, \u0159\u00edk\u00e1me to p\u0159\u00edli\u0161 \u010dasto a z jednoho prost\u00e9ho d\u016fvodu; kdy\u017e se pod\u00edv\u00e1m tu st\u00e1vaj\u00edc\u00ed situaci pr\u00e1v\u011b t\u0159eba v oblasti penicilinu, tak velkou \u010d\u00e1st probl\u00e9m\u016f, kter\u00fd m\u00e1me, je vlastn\u011b nerovnom\u011brn\u00e1 distribuce, kter\u00e1 je zp\u016fsoben\u00e1 t\u00edm, \u017ee samoz\u0159ejm\u011b l\u00e9k\u00e1rny po t\u00e9 zku\u0161enosti z minul\u00e9ho podzimu zemi stahuj\u00ed pom\u011brn\u011b velk\u00e9 mno\u017estv\u00ed jako l\u00e9\u010div k sob\u011b vlastn\u011b na l\u00e9k\u00e1rnu a pak je ob\u010das velmi komplikovan\u00e9 vlastn\u011b ten p\u0159\u00edpravek objednat v moment\u011b u t\u00e9 l\u00e9k\u00e1rny, kde zrovna ten p\u0159\u00edpravek nen\u00ed pro toho konkr\u00e9tn\u00edho pacienta. Tak\u017ee jakoby uklidnit ve\u0159ejnost jako a vysv\u011btlit, \u017ee situace na tento rok je vlastn\u011b stabiln\u00ed a \u017ee ty forecasty, kter\u00e9 m\u00e1me, ty v\u00fdrobn\u00ed p\u0159edpoklady by m\u011bly zvl\u00e1dnout bez probl\u00e9m\u016f jako to, co o\u010dek\u00e1v\u00e1me, \u017ee p\u0159ijde, a vych\u00e1z\u00edme z dat vlastn\u011b toho lo\u0148sk\u00e9ho roku, tak je v t\u00e9to chv\u00edli velmi d\u016fle\u017eit\u00e9.<br \/><br \/>Tereza \u0158ezn\u00ed\u010dkov\u00e1, moder\u00e1torka \u010cT<br \/>&#8212;&#8212;&#8212;&#8212;&#8212;&#8212;&#8211;<br \/>A s t\u00edm se ned\u00e1 nic d\u011blat? Proto\u017ee sice se mluv\u00ed o tom, \u017ee se \u010dek\u00e1 na tu novelu z\u00e1kona o l\u00e9\u010divech, \u017ee potom budou ty va\u0161e ruce uvoln\u011bn\u011bj\u0161\u00ed, ale p\u0159ece tady u\u017e funguje n\u011bco, co se jmenuje chr\u00e1n\u011bn\u00fd distribu\u010dn\u00ed syst\u00e9m. L\u00e9k\u00e1rn\u00edci na to upozor\u0148uj\u00ed, \u017ee v ide\u00e1ln\u00edm p\u0159\u00edpad\u011b by tohle m\u011blo pomoct, ale \u017ee to nikdo nevym\u00e1h\u00e1, \u017ee to nikdo nekontroluje, jak to je?<br \/><br \/>Jakub DVO\u0158\u00c1\u010cEK, n\u00e1m\u011bstek ministra zdravotnictv\u00ed<br \/>&#8212;&#8212;&#8212;&#8212;&#8212;&#8212;&#8211;<br \/>Chr\u00e1n\u011bn\u00fd distribu\u010dn\u00ed syst\u00e9m, tyhle DTP modely, Direct to Pharmacy, kdy vlastn\u011b z\u016fst\u00e1v\u00e1 majitelem toho l\u00e9\u010diva konkr\u00e9tn\u00ed v\u00fdrobce, tak se v z\u00e1sad\u011b pou\u017e\u00edvaj\u00ed u l\u00e9\u010div, kter\u00e9 jsou ur\u010den\u00e9 pro mnohem men\u0161\u00ed mno\u017estv\u00ed pacient\u016f. Pro v\u00fdrobce je vlastn\u011b velmi komplikovan\u00e9 administrovat jako takov\u00fdhle kan\u00e1l v moment\u011b, kdy se opravdu jedn\u00e1 o desetitis\u00edce a\u017e statis\u00edce balen\u00ed. Tak\u017ee v tomhle tom p\u0159\u00edpadu ten chr\u00e1n\u011bn\u00fd distribu\u010dn\u00ed kan\u00e1l nevyu\u017e\u00edv\u00e1me nebo nen\u00ed mo\u017en\u00e9 ho vyu\u017e\u00edt. Jak jsem zm\u00ednil, pou\u017e\u00edv\u00e1 se t\u0159eba u l\u00e9\u010div, kter\u00e9 sm\u011b\u0159uj\u00ed do nemocnic a jsou to l\u00e9\u010diva, kter\u00e1 jsou ur\u010den\u00e1 pro pacienty, kter\u00fdch nen\u00ed takov\u00e9 mno\u017estv\u00ed v t\u00e9 konkr\u00e9tn\u00ed oblasti.<br \/><br \/>Tereza \u0158ezn\u00ed\u010dkov\u00e1, moder\u00e1torka \u010cT<br \/>&#8212;&#8212;&#8212;&#8212;&#8212;&#8212;&#8211;<br \/>Pane poslan\u010de, zm\u00ednili jsme tady ty z\u00e1kladn\u00ed d\u016fvody, kter\u00e9 ministerstvo zmi\u0148uje. Distribuce a to, \u017ee n\u011bkter\u00e9 l\u00e9ky tedy nejdou objednat. Ne\u017e je budeme rozeb\u00edrat podrobn\u011bji, kde je za v\u00e1s ten hlavn\u00ed probl\u00e9m?<br \/><br \/>Kamal FARHAN, \u010dlen sn\u011bmovn\u00edho v\u00fdboru pro zdravotnictv\u00ed \/ANO\/<br \/>&#8212;&#8212;&#8212;&#8212;&#8212;&#8212;&#8211;<br \/>Tak j\u00e1 bych nejd\u0159\u00edv \u0159ekl, \u017ee ten zakopan\u00fd pes je v tom naopak, \u017ee ministerstvo nezklid\u0148uje tu situaci, \u017ee neust\u00e1le slibovalo, \u017ee to zajist\u00ed. Slibovalo to v zim\u011b, slibovalo to na ja\u0159e, a\u017e se zlep\u0161\u00ed po\u010das\u00ed. J\u00e1 si mysl\u00edm, \u017ee nem\u011blo d\u00e1vat tyto plan\u00e9 sliby. To pova\u017euju za velkou chybu, proto\u017ee znejis\u0165uje to ve\u0159ejnost, znejis\u0165uje to pacienty a znejistuje to v\u0161echny. Net\u00fdk\u00e1 se to samoz\u0159ejm\u011b jenom penicinu. V tuhle tu chv\u00edli je to takov\u00e9 nejaktu\u00e1ln\u011bj\u0161\u00ed t\u00e9ma. Dnes jsme se dozv\u011bd\u011bli, \u017ee dorazila prvn\u00ed dod\u00e1vka. Za to samoz\u0159ejm\u011b jsou v\u0161ichni r\u00e1di, proto\u017ee nikdo si nep\u0159eje, aby ty l\u00e9ky nebyly, ale to, co se kolem toho d\u011bje, je velk\u00fd chaos, kter\u00fd se d\u011bje i na Ministerstvu zdravotnictv\u00ed. J\u00e1 jsem jenom cht\u011bl \u0159\u00edct, \u017ee v\u0161echno je to polo\u017een\u00e9 na podkladech typu &#8222;sl\u00edbil&#8220;, je to takov\u00e9 virtu\u00e1ln\u00ed, nikde nedohled\u00e1te \u017e\u00e1dnou r\u00e1mcovou smlouvu, \u017e\u00e1dnou smlouvu. Prost\u011b je to jenom na n\u011bjak\u00e9 domluv\u011b. A ministr \u0159\u00edk\u00e1: &#8222;Koup\u00edme celou v\u00fdrobu, sp\u00e1l\u00edme ty l\u00e9ky, pokud jich budeme m\u00edt moc, ale&#8230;&#8220;<br \/><br \/>Tereza \u0158ezn\u00ed\u010dkov\u00e1, moder\u00e1torka \u010cT<br \/>&#8212;&#8212;&#8212;&#8212;&#8212;&#8212;&#8211;<br \/>Co tedy m\u00e1 \u0159\u00edct? &#8222;L\u00e9ky nejsou a jezte ovoce a zeleninu&#8220;?<br \/><br \/>Kamal FARHAN, \u010dlen sn\u011bmovn\u00edho v\u00fdboru pro zdravotnictv\u00ed \/ANO\/<br \/>&#8212;&#8212;&#8212;&#8212;&#8212;&#8212;&#8211;<br \/>Ne, to si nemysl\u00edm. M\u011bl by \u010dinit jednotliv\u00e9 kroky. To nen\u00ed jenom o tom, \u017ee se zajist\u00ed penicilin. To je vlastn\u011b t\u0159eba zm\u011bna cel\u00e9ho syst\u00e9mu, zm\u011bna legislativy, zm\u011bna cen a \u00fahrad, zm\u011bna zaji\u0161t\u011bn\u00ed kritick\u00fdch z\u00e1sob, aby byly na sklad\u011b v \u010cesk\u00e9 republice. T\u011bch v\u011bc\u00ed je samoz\u0159ejm\u011b spousta. To nen\u00ed jenom toto. J\u00e1 jenom tvrd\u00edm, \u017ee prost\u011b v\u0161echno je to jenom na &#8222;jedna pan\u00ed pov\u00eddala&#8220;, nen\u00ed tam \u017e\u00e1dn\u00e1 smlouva. Kdy\u017e \u0159eknu p\u0159\u00edklad; d\u00edval jsem se do registru smluv, tam dohled\u00e1te, \u017ee si ministerstvo objedn\u00e1 za 28 000 000 letenky na cestov\u00e1n\u00ed, to v tom minul\u00fd t\u00fdden bylo vlo\u017eeno. Ale \u017ee by se tam vlo\u017eilo, \u017ee se objednaly antibiotika nebo \u017ee se koupili, jak \u0159ekl ministr, proto\u017ee nem\u016f\u017eete nic p\u00e1lit, pokud to nen\u00ed va\u0161e, tak to tam nedohled\u00e1te. Ani antibiotika, ani ne l\u00e9ky.<br \/><br \/>Tereza \u0158ezn\u00ed\u010dkov\u00e1, moder\u00e1torka \u010cT<br \/>&#8212;&#8212;&#8212;&#8212;&#8212;&#8212;&#8211;<br \/>Pane N\u00e1m\u011bstku, pros\u00edm, va\u0161e reakce.<br \/><br \/>Jakub DVO\u0158\u00c1\u010cEK, n\u00e1m\u011bstek ministra zdravotnictv\u00ed<br \/>&#8212;&#8212;&#8212;&#8212;&#8212;&#8212;&#8211;<br \/>Ur\u010dit\u011b, Ministerstvo zdravotnictv\u00ed opravdu, a pan poslanec Farhan to p\u0159esn\u011b popsal, nenakupuje \u017e\u00e1dn\u00e1 l\u00e9\u010diva a vlastn\u011b cel\u00fd syst\u00e9m vlastn\u011b l\u00e9\u010div, kter\u00e9 sm\u011b\u0159uj\u00ed do ve\u0159ejn\u00fdch l\u00e9k\u00e1ren, je postaven na smluvn\u00edch vztaz\u00edch mezi v\u00fdrobcem, distributorem, fin\u00e1ln\u011b l\u00e9k\u00e1rnou. My v t\u00e9to chv\u00edli, co d\u011bl\u00e1me, domlouv\u00e1me dod\u00e1vky jako od dal\u0161\u00edch dodavatel\u016f, kte\u0159\u00ed na tom \u010desk\u00e9m trhu bu\u010f nebyli, nebo byli zastoupeni mnohem men\u0161\u00edm pom\u011bru. A je pravda, \u017ee jsou to dohody, jsou to gentlemansk\u00e9 dohody. My v t\u00e9to chv\u00edli nem\u00e1me jak vym\u00e1hat vlastn\u011b tu konkr\u00e9tn\u00ed danou dod\u00e1vku, proto nov\u00e1 legislativa, proto vlastn\u011b m\u011bn\u00edme syst\u00e9m, ale zm\u011bnit z\u00e1kon v \u010cesk\u00e9 republice, to je pr\u00e1ce minim\u00e1ln\u011b na rok. Tak\u017ee my jsme vlastn\u011b v z\u00e1sad\u011b za\u010dali u\u017e na podzim v dob\u011b, kdy ta situace se za\u010dala v\u00fdznamn\u00fdm zp\u016fsobem zhor\u0161ovat. A j\u00e1 o\u010dek\u00e1v\u00e1m, \u017ee vlastn\u011b ve spolupr\u00e1ci vlastn\u011b s celou sn\u011bmovnou tuto novelu prost\u011b doru\u010d\u00edme tak, aby vlastn\u011b od ledna p\u0159\u00ed\u0161t\u00edho roku byla \u00fa\u010dinn\u00e1, abysme ty n\u00e1stroje, kter\u00e9 n\u00e1m chyb\u00ed a po kter\u00fdch vol\u00e1 pan poslanec Farhan, abysme m\u011bli, abysme spole\u010dn\u011b vlastn\u011b jako dok\u00e1zali to, \u017ee nejenom jedn\u00e1me s v\u00fdrobci a bav\u00edme se o n\u011bjak\u00fdch konkr\u00e9tn\u00edch dohod\u00e1ch, ale ne smluvn\u00edch vztaz\u00edch, ale abysme opravdu byli schopni jako takovou dod\u00e1vku prost\u011b n\u00e1sledn\u011b vym\u00e1hat.<br \/><br \/>Tereza \u0158ezn\u00ed\u010dkov\u00e1, moder\u00e1torka \u010cT<br \/>&#8212;&#8212;&#8212;&#8212;&#8212;&#8212;&#8211;<br \/>Pan poslanec tady taky zm\u00ednil jedno d\u016fle\u017eit\u00e9 slovo, a to je cenotvorba. Pt\u00e1 se na to taky div\u00e1k Ji\u0159\u00ed Pet\u00e1k. &#8222;V\u00fdrobci a distributo\u0159i si st\u011b\u017euj\u00ed na n\u00edzkou cenu za n\u011bkter\u00e9 l\u00e9ky, argumentuj\u00ed dra\u017e\u0161\u00ed v\u00fdrobou a komponenty. Je to jen v\u00fdmluva, nebo v \u010cesku opravdu plat\u00edme m\u00e1lo?&#8220; Tak jak je to? Proto\u017ee N\u011bmci vy\u0159e\u0161ili nebo \u0159e\u0161\u00ed nedostatek l\u00e9k\u016f t\u00edm, \u017ee vlastn\u011b p\u0159epl\u00e1cej\u00ed, \u017ee p\u0159id\u00e1vaj\u00ed. My trh nezv\u011bt\u0161\u00edme, tak\u017ee nen\u00ed te\u010f ten \u010das, abychom si \u0159ekli &#8222;dob\u0159e, tak ty l\u00e9ky budou o 50, 60 K\u010d dra\u017e\u0161\u00ed, ale budou&#8220;?<br \/><br \/>Jakub DVO\u0158\u00c1\u010cEK, n\u00e1m\u011bstek ministra zdravotnictv\u00ed<br \/>&#8212;&#8212;&#8212;&#8212;&#8212;&#8212;&#8211;<br \/>To, co se d\u011bje v N\u011bmecku, a vlastn\u011b ta novelizace teprve prob\u00edh\u00e1, \u017ee nen\u00ed to o tom, \u017ee u\u017e dneska vlastn\u011b N\u011bmecko jako je schopn\u00e9 zvedat ty ceny tak, jak by asi cht\u011blo, a u n\u011bkter\u00fdch p\u0159\u00edpravk\u016f, a bav\u00edme se op\u011bt jako p\u0159\u00edpravky typu antibiotika, antivirotika, p\u0159edev\u0161\u00edm d\u011btsk\u00e9 p\u0159\u00edpravky jako a tak d\u00e1l, bude N\u011bmecko schopn\u00e9 nav\u00fd\u0161it tu cenu a\u017e o 50 %. My postupujeme vlastn\u011b u\u017e v dne\u0161n\u00ed dob\u011b t\u00edm, \u017ee k tomu p\u0159istupujeme individu\u00e1ln\u011b, \u017ee v moment\u011b, kdy n\u00e1m prost\u011b v\u00fdrobce ozn\u00e1m\u00ed &#8222;ano, \u00fa\u010dinn\u00e1 l\u00e1tka m\u011b st\u00e1la tolik a tolik, je to takov\u00fdhle n\u00e1sobek toho, kolik st\u00e1la p\u0159edt\u00edm&#8220;, St\u00e1tn\u00ed \u00fastav pro kontrolu l\u00e9\u010div, vlastn\u011b poji\u0161\u0165ovny zdravotn\u00ed a navy\u0161ujeme cenu ve ve\u0159ejn\u00e9m z\u00e1jmu. Ale d\u011bl\u00e1me to individu\u00e1ln\u011b. U t\u011bch l\u00e9\u010div je to opravdu, je pot\u0159eba, kde n\u00e1m v\u00fdrobce jasn\u011b prok\u00e1\u017ee, \u017ee k tomu nav\u00fd\u0161en\u00ed do\u0161lo. J\u00e1 ch\u00e1pu, \u017ee prost\u011b ka\u017ed\u00fd v\u00fdrobce by cht\u011bl dostat v\u00edc, v\u0161ichni cht\u011bj\u00ed prost\u011b, aby se platilo v\u00edc, nicm\u00e9n\u011b ten \u010desk\u00fd syst\u00e9m tak\u00e9 nen\u00ed \u00fapln\u011b nafukovac\u00ed a mus\u00edme si uv\u011bdomit, \u017ee my vyd\u00e1v\u00e1me za l\u00e9\u010diva v\u00edc ne\u017e 50 miliard ro\u010dn\u011b a pot\u0159ebujeme ten syst\u00e9m udr\u017eet v n\u011bjak\u00e9 rovnov\u00e1ze. A v t\u00e9to chv\u00edli v \u010cesk\u00e9 republice my vlastn\u011b ceny stanovujeme na z\u00e1klad\u011b pr\u016fm\u011bru t\u0159ech nejni\u017e\u0161\u00edch v Evropsk\u00e9 unii. Nebo respektive v referen\u010dn\u00edm ko\u0161i, kter\u00fd je je\u0161t\u011b n\u011bjak\u00fdm zp\u016fsobem z\u00fa\u017een. Ale je pot\u0159eba \u0159\u00edct, \u017ee to jsou ve\u0159ejn\u00e9 ceny. Ty ceny, za kter\u00e9 se opravdu ve fin\u00e1le obchoduje, jsou v\u00fdrazn\u011b ni\u017e\u0161\u00ed. A zm\u00ednili N\u011bmecko, tak tam se vlastn\u011b d\u011blaj\u00ed tendry na jednotliv\u00fdch, vlastn\u011b v r\u00e1mci jednotliv\u00fdch spolkov\u00fdch zem\u00ed a ta cena je v\u00fdznamn\u011b ni\u017e\u0161\u00ed jako je\u0161t\u011b, ne\u017e je u n\u00e1s.<br \/><br \/>Tereza \u0158ezn\u00ed\u010dkov\u00e1, moder\u00e1torka \u010cT<br \/>&#8212;&#8212;&#8212;&#8212;&#8212;&#8212;&#8211;<br \/>Pane poslan\u010de, tak sly\u0161eli jsme, jak \u0159e\u0161\u00ed cenotvorbu Ministerstvo zdravotnictv\u00ed? Jak byste ji \u0159e\u0161il vy? Tady jste sly\u0161el ty argumenty.<br \/><br \/>Kamal FARHAN, \u010dlen sn\u011bmovn\u00edho v\u00fdboru pro zdravotnictv\u00ed \/ANO\/<br \/>&#8212;&#8212;&#8212;&#8212;&#8212;&#8212;&#8211;<br \/>Takhle, co se t\u00fdk\u00e1 cenotvorby l\u00e9k\u016f, samoz\u0159ejm\u011b to jsou jedny ze z\u00e1kladn\u00edch krok\u016f, kter\u00e9 tady pan n\u00e1m\u011bstek Dvo\u0159\u00e1\u010dek \u0159ekl. T\u0159eba n\u00e1s \u010dek\u00e1 v tuhle tu chv\u00edli revize cen, kter\u00e1 prob\u00edh\u00e1 jednou za t\u0159i roky. J\u00e1 t\u0159eba za sebe bych zv\u00e1\u017eil to, \u017ee bych ji odlo\u017eil, proto\u017ee tam se dostane v\u00edce ne\u017e 3000 l\u00e9k\u016f. U\u017e jenom na z\u00e1klad\u011b kurzov\u00fdho rozd\u00edlu, kter\u00fd byl p\u0159ed t\u0159ema rokama, tak se v\u0161echny zlevn\u00ed a j\u00e1 jsem p\u0159esv\u011bd\u010den\u00fd o tom, \u017ee i d\u00edky tomu zase vypadnou dal\u0161\u00ed l\u00e9\u010diva z toho ko\u0161e nebo nebude z\u00e1jem t\u011bch firem, aby je tady m\u011bly. Tak\u017ee to je jedna z v\u011bc\u00ed. Dal\u0161\u00ed v\u011bc, co jste tady zm\u00ednila tu novelu, tak samoz\u0159ejm\u011b do t\u00fd novely je t\u0159eba vlo\u017eit spoustu dal\u0161\u00edch pozm\u011b\u0148ovac\u00edch n\u00e1vrh\u016f, proto\u017ee tak, jak je v tuhle tu chv\u00edli p\u0159ipraven\u00e1, tak nezajist\u00ed ten dostatek l\u00e9k\u016f, kter\u00fd ministerstvo slibovalo. P\u0159ipravuje ji v\u00edce ne\u017e rok, ta novela ve fin\u00e1le bude platit a\u017e n\u011bkdy v druh\u00e9 polovin\u011b p\u0159\u00ed\u0161t\u00edho roku, nabude jej\u00ed takovou tu \u00fa\u010dinnost, ten b\u011bh. A j\u00e1 si mysl\u00edm, \u017ee ta novela nevy\u0159e\u0161\u00ed tu situaci s t\u011bmi l\u00e9ky.<br \/><br \/>Tereza \u0158ezn\u00ed\u010dkov\u00e1, moder\u00e1torka \u010cT<br \/>&#8212;&#8212;&#8212;&#8212;&#8212;&#8212;&#8211;<br \/>Pro\u010d p\u0159esn\u011b to nevy\u0159e\u0161\u00ed?<br \/><br \/>Kamal FARHAN, \u010dlen sn\u011bmovn\u00edho v\u00fdboru pro zdravotnictv\u00ed \/ANO\/<br \/>&#8212;&#8212;&#8212;&#8212;&#8212;&#8212;&#8211;<br \/>Proto\u017ee t\u0159eba jedna z v\u011bc\u00ed, kter\u00e1 tam chyb\u00ed, je, co se t\u00fdk\u00e1 voln\u011b prodejn\u00fdch l\u00e9\u010div. Jeden z pozm\u011b\u0148ovac\u00edch n\u00e1vrh\u016f, kter\u00fd p\u0159edkl\u00e1d\u00e1m j\u00e1, je, aby bylo mo\u017en\u00e9 v r\u00e1mci Evropsk\u00fd unie t\u0159eba dov\u00e9st, \u0159eknu, t\u0159eba Nurofen v cizojazy\u010dn\u00e9m balen\u00ed, akor\u00e1t se k tomu p\u0159ibal\u00ed \u010desk\u00fd p\u0159\u00edbalov\u00fd let\u00e1k, co\u017e samoz\u0159ejm\u011b pom\u016f\u017ee. Dal\u0161\u00ed z pozm\u011b\u0148ovac\u00edch n\u00e1vrh\u016f, kter\u00fd j\u00e1 tam t\u0159eba vkl\u00e1d\u00e1m, je, aby byly zaji\u0161t\u011bny u kritick\u00fdch l\u00e9k\u016f z\u00e1soby na \u00fazem\u00ed \u010cesk\u00e9 republiky. A to, co jsem mluvil s kolegy, tak ta novela ur\u010dit\u011b bude m\u00edt v\u00edce, m\u016fj odhad je n\u011bkde mezi 10 a 20 pozm\u011b\u0148ovac\u00edmi n\u00e1vrhy. A pak v\u011b\u0159\u00edm, \u017ee i ta ro\u010dn\u00ed pr\u00e1ce, kterou tady ministerstvo dalo, tak n\u011bjak\u00fdm zp\u016fsobem se posune, \u017ee by n\u011bkter\u00e9 v\u011bci se mohly zm\u011bnit, pokud ty pozm\u011b\u0148ovac\u00ed n\u00e1vrhy projdou. Pokud to projde, jako je to v sou\u010dasn\u00e9 chv\u00edli napl\u00e1nov\u00e1no, tak to byl pro m\u011b jenom takov\u00fd f\u00edkov\u00fd list pro novin\u00e1\u0159e, aby m\u011bli o \u010dem rok ps\u00e1t a budou o tom ps\u00e1t je\u0161t\u011b p\u016fl roku a de facto to bude platit a\u017e p\u0159\u00ed\u0161t\u00ed, j\u00e1 nev\u00edm, od l\u00e9ta.<br \/><br \/>Tereza \u0158ezn\u00ed\u010dkov\u00e1, moder\u00e1torka \u010cT<br \/>&#8212;&#8212;&#8212;&#8212;&#8212;&#8212;&#8211;<br \/>Pane n\u00e1m\u011bstku, tak kdy to bude platit tedy? Jak to je?<br \/><br \/>Jakub DVO\u0158\u00c1\u010cEK, n\u00e1m\u011bstek ministra zdravotnictv\u00ed<br \/>&#8212;&#8212;&#8212;&#8212;&#8212;&#8212;&#8211;<br \/>Tak j\u00e1 douf\u00e1m, \u017ee to nebude f\u00edkov\u00fd list jako. Ale j\u00e1 mus\u00edm \u0159\u00edct, \u017ee j\u00e1 jsem r\u00e1d jako za pozm\u011b\u0148ovac\u00ed n\u00e1vrhy, kter\u00fd p\u0159ich\u00e1zej\u00ed ze sn\u011bmovny a samo ministerstvo jako vlastn\u011b iniciovalo n\u011bkolik dal\u0161\u00edch zm\u011bn vlastn\u011b po tom, co ten dokument, co to novela vlastn\u011b p\u0159i\u0161la.<br \/><br \/>Tereza \u0158ezn\u00ed\u010dkov\u00e1, moder\u00e1torka \u010cT<br \/>&#8212;&#8212;&#8212;&#8212;&#8212;&#8212;&#8211;<br \/>L\u00e9k\u00e1rny maj\u00ed jist\u00e9 v\u00fdtky. Nap\u0159\u00edklad kdo donut\u00ed firmy farmaceutick\u00e9, aby distribuovaly podle toho, jak vlastn\u011b st\u00e1t \u0159ekne, kdy\u017e to takhle \u00fapln\u011b zjednodu\u0161\u00edm?<br \/><br \/>Jakub DVO\u0158\u00c1\u010cEK, n\u00e1m\u011bstek ministra zdravotnictv\u00ed<br \/>&#8212;&#8212;&#8212;&#8212;&#8212;&#8212;&#8211;<br \/>Jenom se je\u0161t\u011b vr\u00e1t\u00edm k t\u011bm pozm\u011b\u0148ovac\u00edm n\u00e1vrh\u016fm, jak jste zm\u00ednil. Ta novela vlastn\u011b vych\u00e1z\u00ed z n\u011bjak\u00e9 zku\u0161enosti, kterou jsme si proch\u00e1zeli vlastn\u011b v tu lo\u0148skou zimu, leto\u0161n\u00ed jaro, a my do n\u00ed zakomponov\u00e1v\u00e1me postupn\u011b ty parametry, kter\u00e9 n\u011bjak\u00fdm zp\u016fsobem vyplynuly jako z t\u00e9 zku\u0161enosti. A od toho je tady sn\u011bmovna, aby pokava\u010f jsme i my n\u011bco opomn\u011bli, a j\u00e1 douf\u00e1m jako, \u017ee toho nebude mnoho, proto\u017ee n\u011bkter\u00e9 ty pozm\u011b\u0148ovac\u00ed n\u00e1vrhy jsou iniciov\u00e1ny z na\u0161\u00ed strany, tak\u017ee to uprav\u00edme a \u017ee to bude spole\u010dn\u00e1 pr\u00e1ce. A \u00e1 jsem opravdu r\u00e1d, jako \u017ee se opozice do t\u00e9 pr\u00e1ce zapojila, a pokud to jsou n\u00e1vrhy, kter\u00e9 jsou n\u011bjak\u00fdm zp\u016fsobem tak, aby tu novelu je\u0161t\u011b jako n\u011bjak\u00fdm zp\u016fsobem posunuly d\u00e1l, j\u00e1 jsem za to r\u00e1d a v\u011b\u0159\u00edm tomu, \u017ee ta spole\u010dn\u00e1 pr\u00e1ce se potom projev\u00ed v tom, \u017ee ten syst\u00e9m bude fungovat dob\u0159e. Nikdo nejsme neomyln\u00ed. Jako j\u00e1 v\u00edm, \u017ee ten materi\u00e1l nen\u00ed perfektn\u00ed, on ani b\u00fdt nem\u016f\u017ee perfektn\u00ed, proto\u017ee ta situace je velmi dynamick\u00e1 a neust\u00e1le se m\u011bn\u00ed a my vlastn\u011b te\u010f za\u017e\u00edv\u00e1me jakoby dal\u0161\u00ed v\u00fdpadky, kter\u00e9 jsou z jin\u00fdch oblast\u00ed. Proto\u017ee j\u00e1 u\u017e bych jako oblast antibiotik, nechci \u0159\u00edct, uzav\u0159el, jako po\u0159\u00e1d na tom bude spousta pr\u00e1ce, ale to, co se tam povedlo, tak si mysl\u00edm, \u017ee ten syst\u00e9m jako stabilizuje. Ale jin\u00e9 oblasti, kde vid\u00edme velk\u00e9 probl\u00e9my, p\u0159\u00edpad diabetu nebo Parkinsonova onemocn\u011bn\u00ed, po\u0159\u00e1d se tady objevuj\u00ed vlastn\u011b situace, na kter\u00e9 my mus\u00edme hledat nov\u00e9 n\u00e1stroje. Jedn\u00edm z nich je i vlastn\u011b jako mnohem v\u011bt\u0161\u00ed zapojen\u00ed zdravotn\u00edch poji\u0161\u0165oven vlastn\u011b do toho, abysme byli schopni ty v\u00fdrobce namotivovat v moment\u011b, kdy vlastn\u011b n\u00e1m dod\u00e1v\u00e1 p\u0159\u00edpravek, kter\u00fd pak bude velmi t\u011b\u017ek\u00e9 vlastn\u011b na tom trhu udat, kdy\u017e ty st\u00e1vaj\u00edc\u00ed v\u00fdrobci dopln\u00ed.<br \/><br \/>Tereza \u0158ezn\u00ed\u010dkov\u00e1, moder\u00e1torka \u010cT<br \/>&#8212;&#8212;&#8212;&#8212;&#8212;&#8212;&#8211;<br \/>A do t\u00e9 doby, ne\u017e ta novela za\u010dne platit, tak nen\u00ed v roce 2023 \u017e\u00e1dn\u00e1 p\u00e1ka na to, aby byl p\u0159ehled v tom, v kter\u00e9 l\u00e9k\u00e1rn\u011b je kter\u00fd l\u00e9k, aby to t\u0159eba l\u00e9ka\u0159i nemuseli slo\u017eit\u011b vyhled\u00e1vat na str\u00e1nk\u00e1ch St\u00e1tn\u00edho \u00fastavu pro kontrolu l\u00e9\u010div, co je a co nen\u00ed? Zkr\u00e1tka n\u011bjak\u00e1 datab\u00e1ze, kde by to bylo jasn\u011b p\u0159ehledn\u011b pro l\u00e9ka\u0159e, pro pacienty a pro v\u00e1s, pro ministerstvo?<br \/><br \/>Jakub DVO\u0158\u00c1\u010cEK, n\u00e1m\u011bstek ministra zdravotnictv\u00ed<br \/>&#8212;&#8212;&#8212;&#8212;&#8212;&#8212;&#8211;<br \/>Pro l\u00e9ka\u0159e ten syst\u00e9m, bych \u0159ekl, v t\u00e9to chv\u00edli ji\u017e funguje. Nen\u00ed to optim\u00e1ln\u00ed, proto\u017ee pot\u0159ebuj\u00ed vlastn\u011b upravit, respektive st\u00e1hnout ur\u010dit\u00fd modul do jejich vlastn\u00edho softwaru, tam potom vlastn\u011b dost\u00e1vaj\u00ed informaci o tom, kter\u00e9 l\u00e9ky aktu\u00e1ln\u011b nahl\u00e1sili nebo v\u00fdrobci, kter\u00e9 nahl\u00e1sili p\u0159eru\u0161en\u00ed dod\u00e1vky a tak d\u00e1l. My vid\u00edme na \u00farove\u0148 distribuce, v t\u00e9to chv\u00edli nevid\u00edme na \u00farove\u0148 l\u00e9k\u00e1rny. To znamen\u00e1, v moment\u011b, kdy prost\u011b pou\u017eiju p\u0159\u00edklad jako minul\u00fd t\u00fdden, 38 000 balen\u00ed, tento t\u00fdden 30 000 balen\u00ed penicilinu, vlastn\u011b jsou distribuov\u00e1ny do syst\u00e9mu, v moment\u011b, kdy vlastn\u011b opou\u0161t\u00ed ten p\u0159\u00edpravek vlastn\u011b distribuci a sm\u011b\u0159uje do l\u00e9k\u00e1rny, tak je vlastn\u011b viditeln\u00fd pouze u n\u011bkter\u00fdch l\u00e9k\u00e1ren, kter\u00e9 te\u010fko vlastn\u011b dobrovoln\u011b zve\u0159ej\u0148uj\u00ed a informuj\u00ed pacienty o tom, \u017ee ten l\u00e9\u010d\u00ed p\u0159\u00edpravek je u nich k dohled\u00e1n\u00ed. Ale krom\u011b toho, \u0159ekn\u011bme, form\u00e1ln\u00edho syst\u00e9mu, funguje vlastn\u011b i velmi \u00fazk\u00e1 spolupr\u00e1ce mezi p\u0159edepisuj\u00edc\u00edmi l\u00e9ka\u0159i a l\u00e9k\u00e1rn\u00edky a pokud tato komunikace tam je, tak samoz\u0159ejm\u011b l\u00e9ka\u0159 p\u0159edepisuje ten konkr\u00e9tn\u00ed l\u00e9\u010div\u00fd p\u0159\u00edpravek, kter\u00fd v l\u00e9k\u00e1rn\u011b je. A my ka\u017ed\u00fd \u010dtvrtek vlastn\u011b informujeme o tom, kter\u00e9 typy antibiotik jsou st\u00e1le problematick\u00e9 a kter\u00e9 jsou u\u017e b\u011b\u017en\u011b dostupn\u00e9.<br \/><br \/>Tereza \u0158ezn\u00ed\u010dkov\u00e1, moder\u00e1torka \u010cT<br \/>&#8212;&#8212;&#8212;&#8212;&#8212;&#8212;&#8211;<br \/>Pane poslan\u010de, nen\u00ed tohle rest i minul\u00fdch vl\u00e1d, \u017ee tohle mus\u00edme \u0159e\u0161it v roce 2023, \u017ee tady zkr\u00e1tka nefunguje n\u011bjak\u00fd digitalizovan\u00fd syst\u00e9m a n\u011bjak\u00fd jasn\u00fd p\u0159ehled?<br \/><br \/>Kamal FARHAN, \u010dlen sn\u011bmovn\u00edho v\u00fdboru pro zdravotnictv\u00ed \/ANO\/<br \/>&#8212;&#8212;&#8212;&#8212;&#8212;&#8212;&#8211;<br \/>Tak digitalizace jako digitalizace jako takov\u00e1 jako moc nefunguje obecn\u011b ve v\u0161ech \u00farovn\u00edch jako v \u010cesk\u00e9 republice. J\u00e1 si mysl\u00edm, \u017ee mn\u011b sp\u00ed\u0161 vad\u00ed ta komunikace ministerstva zdravotnictv\u00ed a pana ministra. I te\u010fka jsme sly\u0161eli z \u00fast pana n\u00e1m\u011bstka Dvo\u0159\u00e1\u010dka, \u017ee ta novela nen\u00ed perfektn\u00ed. To je poprv\u00e9, co to sly\u0161\u00edme, proto\u017ee do t\u00e9 doby jsme sly\u0161eli, \u017ee ta novela de facto v\u0161echno vy\u0159e\u0161\u00ed. A mysl\u00edm si, \u017ee ta obecn\u00e1 obec nebo pacienti, lid\u00e9, novin\u00e1\u0159i, v\u0161ichni jako od toho o\u010dek\u00e1vaj\u00ed z\u00e1zraky. T\u011bch nepravd, kter\u00e9 byly publikov\u00e1ny kolem t\u00e9 novely z \u00fast ministerstva, je velk\u00e9 mno\u017estv\u00ed. M\u016f\u017eu je samoz\u0159ejm\u011b v\u0161echny n\u011bjak\u00fdm zp\u016fsobem okomentovat, a to si mysl\u00edm, \u017ee k t\u00e9 novele, a.<br \/><br \/>Tereza \u0158ezn\u00ed\u010dkov\u00e1, moder\u00e1torka \u010cT<br \/>&#8212;&#8212;&#8212;&#8212;&#8212;&#8212;&#8211;<br \/>Tak je\u0161t\u011b k t\u00e9 komunikaci tedy, tak ud\u011blejme takov\u00fd vzkaz div\u00e1k\u016fm. M\u00e1me p\u0159ed t\u00edm obdob\u00edm t\u011bch respira\u010dn\u00edch onemocn\u011bn\u00ed, tak\u017ee co n\u00e1s \u010dek\u00e1 na podzim? Co \u010dek\u00e1 rodi\u010de s d\u011btmi, kter\u00e9 u\u017e te\u010f za\u010daly chodit do \u0161kolky, do \u0161koly? Zn\u00e1me to. Samoz\u0159ejm\u011b, \u017ee se ty respira\u010dn\u00ed onemocn\u011bn\u00ed mo\u017en\u00e1 mezi d\u011btmi \u0161\u00ed\u0159\u00ed u\u017e te\u010f. Bude dost l\u00e9k\u016f, nebude dost l\u00e9k\u016f, jak se p\u0159ipravit?<br \/><br \/>Jakub DVO\u0158\u00c1\u010cEK, n\u00e1m\u011bstek ministra zdravotnictv\u00ed<br \/>&#8212;&#8212;&#8212;&#8212;&#8212;&#8212;&#8211;<br \/>Co se t\u00fdk\u00e1 antibiotik, co se t\u00fdk\u00e1 antivirotik, tak j\u00e1 tu situaci pova\u017euji za velmi dobrou. Co se t\u00fdk\u00e1 vlastn\u011b toho, co n\u00e1m v\u00fdrobci p\u0159isl\u00edbili, i ty \u010dasy, kter\u00e9 nahl\u00e1sili, kdy ty dod\u00e1vky maj\u00ed p\u0159ij\u00edt. Zat\u00edm ty sliby pln\u00ed v moment\u011b, kdy by m\u011blo doj\u00edt k tomu, \u017ee tam bude n\u011bjak\u00fd probl\u00e9m, op\u011bt jsme schopni vlastn\u011b je\u0161t\u011b jako z dodate\u010dn\u00fdch zdroj\u016f jako doplnit to mno\u017estv\u00ed. A i co se t\u00fdk\u00e1 vlastn\u011b sirup\u016f, tam je ta situace asi nejkomplikovan\u011bj\u0161\u00ed, ale i tam ty dod\u00e1vky na z\u00e1\u0159\u00ed, \u0159\u00edjen by m\u011bly stabilizovat to prost\u0159ed\u00ed. A n\u00e1sledn\u011b jako j\u00e1 v\u011b\u0159\u00edm, \u017ee v moment\u011b, kdy se ty l\u00e9k\u00e1rny saturuj\u00ed, \u017ee potom u\u017e ten probl\u00e9m jako nebude vlastn\u011b s t\u00edm, aby pacient ten l\u00e9k musel hledat. Co se t\u00fdk\u00e1 novely samotn\u00e9, j\u00e1 v\u011b\u0159\u00edm, \u017ee novela vy\u0159e\u0161\u00ed v\u011bt\u0161inu probl\u00e9m\u016f, kter\u00e9 m\u00e1me. \u017d\u00e1dn\u00e1 novela, \u017e\u00e1dn\u00fd z\u00e1kon ani v\u0161esp\u00e1sn\u00fd a samoz\u0159ejm\u011b z\u00e1le\u017e\u00ed na tom, jak se bude vyv\u00edjet prost\u0159ed\u00ed kolem n\u00e1s. My nejsme izolovan\u00fd ostrov uprost\u0159ed Evropy, kter\u00fd by byl n\u011bjak\u00fdm zp\u016fsobem nez\u00e1visl\u00fd na tom, co se kolem n\u00e1s odehr\u00e1v\u00e1 a vid\u00edme, \u017ee ty probl\u00e9my ne\u0159e\u0161\u00edme jenom my, ale i dal\u0161\u00ed evropsk\u00e9 st\u00e1ty. Tak\u00e9 hodn\u011b z\u00e1le\u017e\u00ed na tom, zda se poda\u0159\u00ed Evrop\u011b zpracovat to, co vlastn\u011b p\u0159isl\u00edbila Evropsk\u00e1 komise u\u017e p\u0159ed n\u011bkolika m\u011bs\u00edci. To znamen\u00e1 anal\u00fdza toho, jak\u00fdm zp\u016fsobem a jak budou dod\u00e1v\u00e1ny \u00fa\u010dinn\u00e9 l\u00e1tky, zda jich bude dostate\u010dn\u00e9 mno\u017estv\u00ed a zda vlastn\u011b jako \u010dlensk\u00e9 st\u00e1ty Evropsk\u00e9 unie budeme schopni n\u011bjak\u00fdm zp\u016fsobem si vypomoct v moment\u011b, kdy ten probl\u00e9m bude opravdu z\u00e1va\u017en\u00fd. Sign\u00e1ly tam jsou, ale je to samoz\u0159ejm\u011b pom\u011brn\u011b dlouhodob\u00e1 pr\u00e1ce.<br \/><br \/>moder\u00e1torka \u010cT<br \/>&#8212;&#8212;&#8212;&#8212;&#8212;&#8212;&#8211;<br \/>\u0158\u00edk\u00e1 n\u00e1m\u011bstek ministra zdravotnictv\u00ed Jakub Dvo\u0159\u00e1\u010dek. Kr\u00e1sn\u00fd ve\u010der v\u00e1m p\u0159eju, d\u011bkuji, \u017ee jste byl na\u0161\u00edm hostem. A stejn\u011b tak se lou\u010d\u00edm taky s Kamalem Farhanem z ANO, st\u00ednov\u00fdm ministrem zdravotnictv\u00ed a \u010dlenem zdravotnick\u00e9ho v\u00fdboru Poslaneck\u00e9 sn\u011bmovny, hezk\u00fd ve\u010der i v\u00e1m.<br \/><br \/>&#8212;&#8212;&#8212;&#8212;&#8212;&#8212;&#8211;<br \/>Do \u010ceska dorazila taky prvn\u00ed desetina z 300 000 p\u0159isl\u00edben\u00fdch antibiotik. V n\u011bkter\u00fdch l\u00e9k\u00e1rn\u00e1ch se ale st\u00e1le nedaj\u00ed sehnat. Podle ministra zdravotnictv\u00ed je v tuto chv\u00edli rozv\u00e1\u017e\u00ed distributo\u0159i.<br \/><br \/>Denisa Kotkov\u00e1, redaktorka \u010cT<br \/>&#8212;&#8212;&#8212;&#8212;&#8212;&#8212;&#8211;<br \/>Dv\u011b palety krabic a v nich to, \u010demu l\u00e9ka\u0159i r\u00e1di \u0159\u00edkaj\u00ed poklad. Antibiotikum prvn\u00ed volby ve dvou r\u016fzn\u00fdch sil\u00e1ch.<br \/><br \/>skladn\u00edk<br \/>&#8212;&#8212;&#8212;&#8212;&#8212;&#8212;&#8211;<br \/>To znamen\u00e1, kdy\u017e se pod\u00edv\u00e1te dovnit\u0159, nach\u00e1z\u00ed se tam penicilin, kter\u00fd vlastn\u011b n\u00e1m vypadl.<br \/><br \/>Denisa Kotkov\u00e1, redaktorka \u010cT<br \/>&#8212;&#8212;&#8212;&#8212;&#8212;&#8212;&#8211;<br \/>Jen v tomhle skladu distributor p\u0159ijal 10 000 balen\u00ed, to je pro 350 l\u00e9k\u00e1ren, kter\u00e9 zav\u00e1\u017e\u00ed, z\u00e1soba asi na m\u011bs\u00edc.<br \/><br \/>skladn\u00edk<br \/>&#8212;&#8212;&#8212;&#8212;&#8212;&#8212;&#8211;<br \/>\u0160t\u00edtek s adresou.<br \/><br \/>Monika Nov\u00e1kov\u00e1, mluv\u010d\u00ed l\u00e9k\u00e1rensk\u00e9ho velkoobchodu Phoenix<br \/>&#8212;&#8212;&#8212;&#8212;&#8212;&#8212;&#8211;<br \/>Aktu\u00e1ln\u011b za mnou u\u017e vid\u00edte, \u017ee jednotliv\u00e9 krabice rozd\u011blujeme a distribuci jsme zah\u00e1jili. V s\u00edti na\u0161ich l\u00e9k\u00e1ren tahle ta z\u00e1silka bude b\u011bhem z\u00edt\u0159ej\u0161\u00edho dne.<br \/><br \/>Vlastimil V\u00e1lek, ministr zdravotnictv\u00ed \/TOP 09\/<br \/>&#8212;&#8212;&#8212;&#8212;&#8212;&#8212;&#8211;<br \/>Ministerstvo opravdu zajistilo 30 000 balen\u00ed penicilinov\u00fdch antibiotik, kter\u00e1 dorazila a v sedm r\u00e1no, tu\u0161\u00edm, tento den se za\u010dala distribuovat, kam? To je ot\u00e1zka na distributory.<br \/><br \/>Tom\u00e1\u0161 Indrei, redaktor<br \/>&#8212;&#8212;&#8212;&#8212;&#8212;&#8212;&#8211;<br \/>Ani do t\u00e9to s\u00edt\u011b l\u00e9k\u00e1ren dnes penicilin nenavezli, a to i p\u0159esto, \u017ee se pot\u00fdkaj\u00ed s jejich nedostatkem. Jednotliv\u00e9 pobo\u010dky si navz\u00e1jem dok\u00e1\u017e\u00ed omezen\u011b vypomoct.<br \/><br \/>Eva Vesel\u00e1, vedouc\u00ed l\u00e9k\u00e1rnice, L\u00e9k\u00e1rna Bazalka<br \/>&#8212;&#8212;&#8212;&#8212;&#8212;&#8212;&#8211;<br \/>V\u0161echno to bude?<br \/><br \/>Denisa Kotkov\u00e1, redaktorka \u010cT<br \/>&#8212;&#8212;&#8212;&#8212;&#8212;&#8212;&#8211;<br \/>To tahle mal\u00e1 l\u00e9k\u00e1rna v Ostrav\u011b s\u00e1hnout do z\u00e1sob na jin\u00e9 prodejn\u011b nem\u016f\u017ee. Jestli se dostane z aktu\u00e1ln\u00edch z\u00e1sob i na ni, zdej\u0161\u00ed l\u00e9k\u00e1rn\u00edci nev\u011bd\u00ed, objedn\u00e1vky maj\u00ed u v\u0161ech distributor\u016f. Zpr\u00e1vy o dod\u00e1vce zat\u00edm ne.<br \/><br \/>Eva Vesel\u00e1, vedouc\u00ed l\u00e9k\u00e1rnice, L\u00e9k\u00e1rna Bazalka<br \/>&#8212;&#8212;&#8212;&#8212;&#8212;&#8212;&#8211;<br \/>Nej\u010dast\u011bji vol\u00e1m l\u00e9ka\u0159i, pokud v\u00edme opravdu, \u017ee to antibiotikum je dlouhodob\u011b nedostatkov\u00e9, tak vol\u00e1me l\u00e9ka\u0159i pro zm\u011bnu medikace.<br \/><br \/>Denisa Kotkov\u00e1, redaktorka \u010cT<br \/>&#8212;&#8212;&#8212;&#8212;&#8212;&#8212;&#8211;<br \/>T\u0159eba u ang\u00edn je ale pr\u00e1v\u011b penicilin nejvhodn\u011bj\u0161\u00ed, dal\u0161\u00ed antibiotika nejsou tak \u0161etrn\u00e1. To \u0159\u00edk\u00e1 i d\u011btsk\u00e1 l\u00e9ka\u0159ka Hana Cabrnochov\u00e1.<br \/><br \/>Hana Cabrnochov\u00e1, pediatri\u010dka, m\u00edstop\u0159edsedkyn\u011b, Sdru\u017een\u00ed praktick\u00fdch l\u00e9ka\u0159\u016f pro d\u011bti a dorost<br \/>&#8212;&#8212;&#8212;&#8212;&#8212;&#8212;&#8211;<br \/>Ur\u010dit\u011b bychom pot\u0159ebovali sirupy v t\u00e9 s\u00edle, tak, jak jsme byli zvykl\u00ed p\u0159edepisovat, a p\u0159\u00edpadn\u011b tabletov\u00e9 formy, ale minim\u00e1ln\u011b ve dvou, ve t\u0159ech sil\u00e1ch.<br \/><br \/>Denisa Kotkov\u00e1, redaktorka \u010cT<br \/>&#8212;&#8212;&#8212;&#8212;&#8212;&#8212;&#8211;<br \/>Pomoc vy\u0159e\u0161it probl\u00e9m s opakovan\u00fdm nedostatkem n\u011bkter\u00fdch medikament\u016f m\u00e1 novela z\u00e1kona o l\u00e9\u010divech. Ukl\u00e1d\u00e1 toti\u017e nov\u00e9 povinnosti st\u00e1tn\u00edm \u00fa\u0159ad\u016fm, v\u00fdrobc\u016fm, distributor\u016fm i l\u00e9k\u00e1rn\u00edk\u016fm. Poslanci ji zat\u00edm projednali v prvn\u00edm \u010dten\u00ed. Redakce a Denisa Kotkov\u00e1, \u010cesk\u00e1 televize.<br \/><br \/>Tereza \u0158ezn\u00ed\u010dkov\u00e1, moder\u00e1torka \u010cT<br \/>&#8212;&#8212;&#8212;&#8212;&#8212;&#8212;&#8211;<br \/>P\u00e1tr\u00e1n\u00ed v tuzemsk\u00fdch l\u00e9k\u00e1rn\u00e1ch po p\u0159\u00edpravc\u00edch na vyka\u0161l\u00e1v\u00e1n\u00ed nebo d\u011btsk\u00fdch sirupech. Pro pacienty v \u010cesku n\u011bkdy u\u017e b\u011b\u017en\u00e1 praxe, u n\u011bkter\u00fdch l\u00e9k\u016f jsou v\u00fdpadky patrn\u00e9 u\u017e te\u010f a kter\u00e9 to konkr\u00e9tn\u011b jsou? Krom\u011b p\u0159\u00edpravk\u016f na vyka\u0161l\u00e1v\u00e1n\u00ed chyb\u00ed v posledn\u00edch dnech daleko p\u0159ed obdob\u00edm ang\u00edn, t\u0159eba penicilin. Do \u010ceska dnes r\u00e1no podle rezortu zdravotnictv\u00ed dorazilo, jak u\u017e jsme ostatn\u011b \u0159\u00edkali, 30 000 balen\u00ed od spole\u010dnosti BBfarma. Do poloviny listopadu by jich m\u011blo b\u00fdt v tuzemsku desetkr\u00e1t tolik, no a sch\u00e1z\u00ed tak\u00e9 n\u011bkter\u00e9 p\u0159\u00edpravky na hubnut\u00ed nebo vysok\u00fd krevn\u00ed tlak. Periodicky pak doch\u00e1z\u00ed i k v\u00fdpadkum l\u00e9k\u016f typu Betahistin, ur\u010den\u00e9mu k l\u00e9\u010db\u011b z\u00e1vrat\u00ed \u010di nevolnosti. Podobn\u011b je na tom i p\u0159\u00edpravek na pr\u016fjem Endiaron. V\u00fdrobce ho nebude podle St\u00e1tn\u00edho \u00fastavu pro kontrolu l\u00e9\u010div dod\u00e1vat a\u017e do ledna p\u0159\u00ed\u0161t\u00edho roku. Zm\u00edn\u011bn\u00e9 d\u011btsk\u00e9 l\u00e9ky proti hore\u010dce pak chyb\u00ed v reg\u00e1lech u\u017e asi rok a p\u016fl. Ty ale d\u00edky dostupn\u00fdm alternativ\u00e1m nebudou alespo\u0148 zkraje podzimu podle l\u00e9k\u00e1rn\u00edk\u016f probl\u00e9m. Podle ministerstva je hlavn\u00edm d\u016fvodem nedostatku l\u00e9k\u016f panika. Pacient\u016fm doporu\u010duj\u00ed si l\u00e9ky p\u0159edem rezervovat. No a j\u00e1 u\u017e te\u010f zdrav\u00edm do Ostravy Marka Hampela, p\u0159edsedu p\u0159edstavenstva Gr\u00e9mia majitel\u016f l\u00e9k\u00e1ren, j\u00e1 v\u00e1m p\u0159eju kr\u00e1sn\u00fd ve\u010der.<br \/><br \/>Marek Hampel, p\u0159edseda Gr\u00e9mia majitel\u016f l\u00e9k\u00e1ren<br \/>&#8212;&#8212;&#8212;&#8212;&#8212;&#8212;&#8211;<br \/>Kr\u00e1sn\u00fd ve\u010der.<br \/><br \/>Tereza \u0158ezn\u00ed\u010dkov\u00e1, moder\u00e1torka \u010cT<br \/>&#8212;&#8212;&#8212;&#8212;&#8212;&#8212;&#8211;<br \/>Tak my jsme tady poslouchali tu debatu pana n\u00e1m\u011bstka s panem poslancem o tom, \u017ee kdo za to tedy m\u016f\u017ee, \u017ee nejsou l\u00e9ky? Sly\u0161eli jsme tady uji\u0161\u0165ov\u00e1n\u00ed od pana n\u00e1m\u011bstka, \u017ee l\u00e9ky budou. Tak mi \u0159ekn\u011bte, vy jako l\u00e9k\u00e1rn\u00edk, jak\u00e1 je re\u00e1ln\u00e1 situace te\u010f v l\u00e9k\u00e1rn\u00e1ch a jestli v\u011b\u0159\u00edte tomu, \u017ee novela z\u00e1kona o l\u00e9\u010divech v\u00e1s z t\u00e9hle situace dostane.<br \/><br \/>Marek Hampel, p\u0159edseda Gr\u00e9mia majitel\u016f l\u00e9k\u00e1ren<br \/>&#8212;&#8212;&#8212;&#8212;&#8212;&#8212;&#8211;<br \/>Tak j\u00e1 bych tu ot\u00e1zku rozli\u0161il na dv\u011b \u010d\u00e1sti. Zat\u00edm jsme sly\u0161eli pouze tiskovou konferenci nebo n\u011bkter\u00e9, n\u011bkolik tiskov\u00fdch konferenci a je to v rovin\u011b slib\u016f. J\u00e1 mohu potvrdit, \u017ee opravdu ve velk\u00e9 \u010d\u00e1sti l\u00e9k\u00e1ren se penicilin je\u0161t\u011b nenach\u00e1z\u00ed, pokud se pt\u00e1te konkr\u00e9tn\u011b na tento l\u00e9k. Nicm\u00e9n\u011b ta situace n\u011bjak\u00fdm zp\u016fsobem zrovna u tohoto p\u0159\u00edpravku vygradovala. A ta druh\u00e1 ot\u00e1zka je, jestli to \u0159e\u0161\u00ed novela z\u00e1kona o l\u00e9\u010divech. Tak mus\u00edm tady ve\u0159ejnosti sd\u011blit, \u017ee a Poslaneck\u00e9 sn\u011bmovn\u011b bych \u0159ekl, \u017ee ta novela to ne\u0159e\u0161\u00ed.<br \/><br \/>Tereza \u0158ezn\u00ed\u010dkov\u00e1, moder\u00e1torka \u010cT<br \/>&#8212;&#8212;&#8212;&#8212;&#8212;&#8212;&#8211;<br \/>Pro\u010d to ne\u0159e\u0161\u00ed, jak\u00fd je tam probl\u00e9m?<br \/><br \/>Marek Hampel, p\u0159edseda Gr\u00e9mia majitel\u016f l\u00e9k\u00e1ren<br \/>&#8212;&#8212;&#8212;&#8212;&#8212;&#8212;&#8211;<br \/>Ona vlastn\u011b ne\u0159e\u0161\u00ed p\u0159\u00ed\u010dinu, ona \u0159e\u0161\u00ed a\u017e n\u011bjak\u00e9 d\u016fsledky. \u010cili ona si takzvan\u011b ministerstvo a St\u00e1tn\u00ed \u00fastav pro kontrolu l\u00e9\u010div z\u00edsk\u00e1v\u00e1 \u010das a asi pot\u0159ebuje \u010das na n\u011bjak\u00e9 jedn\u00e1n\u00ed s dal\u0161\u00edmi v\u00fdrobci o mimo\u0159\u00e1dn\u00fdch dovozech, tak to ch\u00e1pu j\u00e1. A takto je to naps\u00e1no, nicm\u00e9n\u011b ona ne\u0159e\u0161\u00ed tu p\u0159\u00ed\u010dinu a nebo p\u0159\u00ed\u010diny, t\u011bch je n\u011bkolik. A \u0159ekl bych, \u017ee v z\u00e1sad\u011b tam nen\u00ed nic, co by \u0159e\u0161ilo tu ot\u00e1zku u v\u00fdroby. To znamen\u00e1, co se t\u00fdk\u00e1 v\u00fdrobc\u016f, ta dokonce t\u011bm v\u00fdrobc\u016fm jenom uleh\u010duje \u010dinnost, proto\u017ee oni vlastn\u011b ozn\u00e1m\u00ed dva m\u011bs\u00edce dop\u0159edu, nebo dokonce n\u011bkte\u0159\u00ed i \u0161est m\u011bs\u00edc\u016f dop\u0159edu, \u017ee dod\u00e1vky l\u00e9k\u016f nebudou dod\u00e1vat nebo p\u0159eru\u0161\u00ed do \u010cesk\u00e9 republiky a vlastn\u011b jsou z kontroln\u00ed \u010dinnosti a gesce toho St\u00e1tn\u00edho \u00fastavu pro kontrolu l\u00e9\u010div vlastn\u011b vy\u0148ati. To znamen\u00e1, to je prvn\u00ed ot\u00e1zka, co se t\u00fdk\u00e1 ot\u00e1zky distribuce, tam bych \u0159ekl, \u017ee tak\u00e9 se tam vytv\u00e1\u0159\u00ed n\u011bjak\u00fd syst\u00e9m rezervn\u00edch z\u00e1sob, ale on paradoxn\u011b vlastn\u011b nen\u00ed propojen na ty v\u00fdrobce. To znamen\u00e1, \u017ee tady do\u0161lo, \u0159ekn\u011bme, k nedod\u011blku, nebo jestli to byl z\u00e1m\u011br, nedok\u00e1\u017eu posoudit, nicm\u00e9n\u011b pokud je n\u011b\u010deho nedostatek, tak vlastn\u011b ten distributor m\u00e1 povinnost vytvo\u0159it rezervn\u00ed z\u00e1sobu, ale nem\u00e1 u\u017e pr\u00e1vo u toho v\u00fdrobce si tu dod\u00e1vku podle posledn\u00edch 12 m\u011bs\u00edc\u016f jakoby vymoci, jo. To znamen\u00e1, tady je jeden nebo dal\u0161\u00ed oblast, kter\u00e1 je pot\u0159eba \u0159e\u0161it. A co se t\u00fdk\u00e1 l\u00e9k\u00e1ren, tak samoz\u0159ejm\u011b ty jsou na tom nejh\u016f\u0159, proto\u017ee ty vlastn\u011b vych\u00e1z\u00ed pouze z toho, \u017ee mohou objedn\u00e1vat to, co bylo v minulosti a ru\u0161\u00ed se ten chr\u00e1n\u011bn\u00fd distribu\u010dn\u00ed kan\u00e1l, o kter\u00e9m jste vlastn\u011b v report\u00e1\u017ei nebo v tom ve studiu hovo\u0159ili. To znamen\u00e1, \u017ee chr\u00e1n\u011bn\u00fd distribu\u010dn\u00ed kan\u00e1l mus\u00edm uv\u00e9st pana n\u00e1m\u011bstka Dvo\u0159\u00e1\u010dka na pravou m\u00edru, to nen\u00ed n\u011bjak\u00fd DTP kan\u00e1l, jak on \u0159\u00edk\u00e1, to je standardn\u00ed z\u00e1sobovac\u00ed instrument. V z\u00e1kon\u011b je v n\u011bmeck\u00fdch l\u00e9k\u00e1rn\u00e1ch zcela b\u011b\u017en\u011b pou\u017e\u00edv\u00e1n, proto\u017ee vytv\u00e1\u0159\u00ed pr\u00e1v\u011b tu ochranu mezi l\u00e9k\u00e1rnou, distributorem a v\u00fdrobcem. To znamen\u00e1, ka\u017ed\u00fd tam m\u00e1me rozd\u011blenou tu svoji roli. Pokud vy tady tento chr\u00e1n\u011bn\u00fd kan\u00e1l n\u011bjak\u00fdm zp\u016fsobem p\u0159eru\u0161\u00edte, co\u017e v tom syst\u00e9mu rezervn\u00edch z\u00e1sob je, to znamen\u00e1, \u017ee ten distributor nen\u00ed schopen ty l\u00e9\u010diva sehnat ani v omezen\u00e9m mno\u017estv\u00ed, nato\u017e kdy\u017e jejich dostatek. To znamen\u00e1, tam nen\u00ed ta provazba na toho v\u00fdrobce. No a l\u00e9k\u00e1rna, tam je d\u016fle\u017eit\u00e9 pro ve\u0159ejnost pochopit i pro starosty, proto\u017ee j\u00e1 komunikuji se starosty p\u0159edev\u0161\u00edm v men\u0161\u00edch obc\u00edch, proto\u017ee tam ta l\u00e9k\u00e1rna je na pokraji v podstat\u011b likvidace, tak tam je pot\u0159eba \u0159\u00edct, \u017ee pro ni je to extr\u00e9mn\u011b d\u016fle\u017eit\u00e9, proto\u017ee ona to okol\u00ed, tu sp\u00e1dovou oblast velice dob\u0159e zn\u00e1, komunikuje s p\u0159edepisuj\u00edc\u00edmi l\u00e9ka\u0159i ve sp\u00e1dov\u00e9 oblasti a ona takzvan\u011b popt\u00e1vku, co pot\u0159ebuje pro sv\u00e9 pacienty, ona um\u00ed ur\u010dit. To znamen\u00e1, \u017ee ona se potom obr\u00e1t\u00ed na distributora a distributor m\u00e1 pr\u00e1vo po\u017e\u00e1dat toho v\u00fdrobce, \u017ee tady jsou l\u00e9k\u00e1rny, kter\u00e9 maj\u00ed tuto popt\u00e1vku a znamen\u00e1 to, \u017ee ten v\u00fdrobce m\u00e1 tu povinnost dodat tomu distributorovi, a to je stra\u0161n\u011b d\u016fle\u017eit\u00e9 pro pochopen\u00ed t\u00e9 situace, o co se tady vlastn\u011b hraje. Tady se ru\u0161\u00ed syst\u00e9m, kter\u00fd je v Evrop\u011b stabiln\u00ed a zaji\u0161\u0165uje rovnom\u011brn\u00e9 dod\u00e1vky do v\u0161ech l\u00e9k\u00e1ren, do v\u0161ech typ\u016f l\u00e9k\u00e1ren. Tady jsme sv\u011bdky toho, \u017ee jsou up\u0159ednost\u0148ov\u00e1ny \u0159et\u011bzcov\u00e9 l\u00e9k\u00e1rny. Tady sama jste to v report\u00e1\u017ei tady mohla ve\u0159ejnost vid\u011bt z p\u0159\u00edm\u00e9ho p\u0159enosu. J\u00e1, pros\u00edm v\u00e1s ani dnes nem\u00e1m penicilin, ale v\u00edm a v\u011b\u0159\u00edm v\u00e1m, \u017ee je v republice ji\u017e asi p\u0159\u00edtomen, ale je p\u0159\u00edtomen pouze, ale ne u n\u00e1s, a je u distributora, vy jste ho dokonce uvedli, ale on m\u00e1 sv\u016fj vlastn\u00ed \u0159et\u011bzec. A dokonce ta pan\u00ed, kter\u00e1 tam hovo\u0159ila, \u0159\u00edkala, \u017ee bude p\u0159ednostn\u011b z\u00edtra rozvezeno do jejich \u0159et\u011bzcov\u00fdch 350 l\u00e9k\u00e1ren. Pros\u00edm v\u00e1s, tady mus\u00edm se proti tomu z\u00e1sadn\u011b ohradit, proto\u017ee my tady zastupujeme p\u0159edev\u0161\u00edm l\u00e9k\u00e1rny nez\u00e1visl\u00e9. My nem\u00e1me \u017e\u00e1dn\u00e9ho distributora za sebou, notabene n\u00e1s distributo\u0159i odkazuj\u00ed na n\u011bjak\u00fd rezerva\u010dn\u00ed syst\u00e9m, kdy\u017e na spole\u010dnost F\u00e9nix zavol\u00e1te, tak n\u00e1m \u0159eknou, a\u0165 se obr\u00e1t\u00edme na S\u00daKL, \u017ee na jejich str\u00e1nk\u00e1ch je naps\u00e1no, \u017ee l\u00e9k\u016f je nedostatek, ale vid\u00edte, \u017ee ji\u017e v t\u00e9 s\u00edti z\u00edtra bude. To znamen\u00e1, tady se diskriminuje podstatn\u00e1 \u010d\u00e1st \u010desk\u00fdch ob\u010dan\u016f, pacient\u016f, a to je v z\u00e1sad\u011b pro n\u00e1s naprosto nep\u0159ijateln\u00e9. J\u00e1 jsem kontaktoval starosty a mus\u00edm \u0159\u00edct, \u017ee tady rozhodn\u011b v t\u00e9to v\u011bci budeme spole\u010dn\u011b postupovat, proto\u017ee nen\u00ed mo\u017en\u00e9, aby tento chr\u00e1n\u011bn\u00fd kan\u00e1l, kter\u00fd jedin\u00fd garantuje rovnom\u011brn\u00e9 dod\u00e1vky do v\u0161ech l\u00e9k\u00e1ren, aby se up\u0159ednost\u0148ovali jenom u jednoho \u0159et\u011bzce se svoj\u00ed distribuc\u00ed, notabene zahrani\u010dn\u00ed.<br \/><br \/>moder\u00e1torka \u010cT<br \/>&#8212;&#8212;&#8212;&#8212;&#8212;&#8212;&#8211;<br \/>Situaci na trhu, popsal Marek Hampel, p\u0159edseda p\u0159edstavenstva Gr\u00e9mia majitel\u016f l\u00e9k\u00e1ren. Moc v\u00e1m d\u011bkujeme za v\u00e1\u0161 \u010das, na shledanou.<br \/><br \/><\/p>\n","protected":false},"excerpt":{"rendered":"<div class=\"mh-excerpt\"><p>Naka\u017een\u00fdch covidem m\u00edrn\u011b p\u0159ib\u00fdv\u00e1. Ministerstvo zdravotnictv\u00ed eviduje za posledn\u00ed t\u00fdden zhruba 900 nemocn\u00fdch. Testuje se ale m\u00e1lo, a tak skute\u010dn\u00fd po\u010det bude vy\u0161\u0161\u00ed. Rizikov\u00ed pacienti <a class=\"mh-excerpt-more\" href=\"https:\/\/www.invarena.cz\/?p=42069\" title=\"\u00a0O\u010dkov\u00e1n\u00ed zraniteln\u00fdch skupin obyvatel\u00a0\u00a0\u00a0\u00a0\">[&#8230;]<\/a><\/p>\n<\/div>","protected":false},"author":1,"featured_media":14172,"comment_status":"open","ping_status":"closed","sticky":false,"template":"","format":"standard","meta":{"footnotes":""},"categories":[11],"tags":[],"class_list":["post-42069","post","type-post","status-publish","format-standard","has-post-thumbnail","hentry","category-zdravi"],"_links":{"self":[{"href":"https:\/\/www.invarena.cz\/index.php?rest_route=\/wp\/v2\/posts\/42069","targetHints":{"allow":["GET"]}}],"collection":[{"href":"https:\/\/www.invarena.cz\/index.php?rest_route=\/wp\/v2\/posts"}],"about":[{"href":"https:\/\/www.invarena.cz\/index.php?rest_route=\/wp\/v2\/types\/post"}],"author":[{"embeddable":true,"href":"https:\/\/www.invarena.cz\/index.php?rest_route=\/wp\/v2\/users\/1"}],"replies":[{"embeddable":true,"href":"https:\/\/www.invarena.cz\/index.php?rest_route=%2Fwp%2Fv2%2Fcomments&post=42069"}],"version-history":[{"count":0,"href":"https:\/\/www.invarena.cz\/index.php?rest_route=\/wp\/v2\/posts\/42069\/revisions"}],"wp:featuredmedia":[{"embeddable":true,"href":"https:\/\/www.invarena.cz\/index.php?rest_route=\/wp\/v2\/media\/14172"}],"wp:attachment":[{"href":"https:\/\/www.invarena.cz\/index.php?rest_route=%2Fwp%2Fv2%2Fmedia&parent=42069"}],"wp:term":[{"taxonomy":"category","embeddable":true,"href":"https:\/\/www.invarena.cz\/index.php?rest_route=%2Fwp%2Fv2%2Fcategories&post=42069"},{"taxonomy":"post_tag","embeddable":true,"href":"https:\/\/www.invarena.cz\/index.php?rest_route=%2Fwp%2Fv2%2Ftags&post=42069"}],"curies":[{"name":"wp","href":"https:\/\/api.w.org\/{rel}","templated":true}]}}