{"id":42116,"date":"2023-09-12T23:49:59","date_gmt":"2023-09-12T21:49:59","guid":{"rendered":"https:\/\/www.invarena.cz\/?p=42116"},"modified":"2023-09-12T23:54:48","modified_gmt":"2023-09-12T21:54:48","slug":"hendikepovani-ziskali-moderni-byty-v-nove-vsi-dalsi-domy-ma-kraj-v-planu","status":"publish","type":"post","link":"https:\/\/www.invarena.cz\/?p=42116","title":{"rendered":"Hendikepovan\u00ed z\u00edskali modern\u00ed byty v Nov\u00e9 Vsi, dal\u0161\u00ed domy m\u00e1 kraj v\u00a0pl\u00e1nu"},"content":{"rendered":"\n<p>V Libereck\u00e9m kraji nad\u00e1le pokra\u010duje transformace soci\u00e1ln\u00edch slu\u017eeb. Nyn\u00ed se poda\u0159ilo dokon\u010dit dal\u0161\u00ed etapu, kdy\u017e v Nov\u00e9 Vsi vznikl domov pro dev\u011bt osob s poruchami autistick\u00e9ho spektra, ment\u00e1ln\u00edm a kombinovan\u00fdm posti\u017een\u00edm.<\/p>\n\n\n\n<p>M\u00edsto k \u017eivotu zde na\u0161li posti\u017een\u00ed, o kter\u00e9 pe\u010duje krajsk\u00e1 p\u0159\u00edsp\u011bvkov\u00e1 organizace APOSS. Ti nebudou muset nad\u00e1le \u017e\u00edt v nevyhovuj\u00edc\u00edm z\u00e1zem\u00ed, jeho\u017e \u00farove\u0148 u\u017e d\u00e1vno neodpov\u00eddala sou\u010dasn\u00fdm po\u017eadavk\u016fm na komfortn\u00ed \u017eivot handicapovan\u00fdch. \u201eNejv\u011bt\u0161\u00ed p\u0159\u00ednos transformace spo\u010d\u00edv\u00e1 toti\u017e pr\u00e1v\u011b v tom, \u017ee soci\u00e1ln\u00ed za\u0159\u00edzen\u00ed a \u017eivoty jejich klient\u016f povznese na \u00farove\u0148, kter\u00e1 odpov\u00edd\u00e1 stolet\u00ed jedenadvac\u00e1t\u00e9mu,\u201c \u0159ekl hejtman Libereck\u00e9ho kraje Martin P\u016fta.<\/p>\n\n\n\n<p>Podle n\u00e1m\u011bstka hejtmana pro resort soci\u00e1ln\u00edch v\u011bc\u00ed Petra Tulpy pat\u0159\u00ed mezi hlavn\u00ed c\u00edl transformace umo\u017enit klient\u016fm za\u0159\u00edzen\u00ed soci\u00e1ln\u00edch slu\u017eeb opustit velk\u00e9 instituce, respektive \u00fastavy, a \u017e\u00edt \u017eivot podobn\u00fd tomu, kter\u00fd \u017eij\u00ed jejich zdrav\u00ed vrstevn\u00edci. \u201eS podporou jsou schopni \u017e\u00edt v b\u011b\u017en\u00fdch dom\u00e1cnostech, vykon\u00e1vat obvykl\u00e9 denn\u00ed \u010dinnosti, zvl\u00e1dat p\u00e9\u010di o sebe samotn\u00e9 a chodit do zam\u011bstn\u00e1n\u00ed \u010di chr\u00e1n\u011bn\u00e9ho denn\u00edho programu,\u201c zd\u016fraznil Tulpa.<\/p>\n\n\n\n<p>Projekt APOSS Nov\u00e1 Ves doprov\u00e1zely po\u010d\u00e1te\u010dn\u00ed pot\u00ed\u017ee s v\u00fdb\u011brem zhotovitele, p\u0159esto se poda\u0159ilo stavbu dokon\u010dit v pom\u011brn\u011b rychl\u00e9m \u010dase. Za\u010dala v prosinci 2021 a skon\u010dila letos v dubnu.<\/p>\n\n\n\n<p>Do procesu transformace v r\u00e1mci projektu ministerstva pr\u00e1ce a soci\u00e1ln\u00edch v\u011bc\u00ed jako prvn\u00ed vstoupily dv\u011b krajsk\u00e9 p\u0159\u00edsp\u011bvkov\u00e9 organizace pe\u010duj\u00edc\u00ed o handicapovan\u00e9, a to Domov Slune\u010dn\u00ed dv\u016fr a n\u011bkdej\u0161\u00ed Domov pro osoby se zdravotn\u00edm posti\u017een\u00edm Ma\u0159enice, dnes pod n\u00e1zvem Ostara.<\/p>\n\n\n\n<p>V Domov\u011b Slune\u010dn\u00ed dv\u016fr na \u010ceskolipsku byl projekt u\u017e zavr\u0161en. Roku 2019 organizace zprovoznila obytn\u00fd d\u016fm v \u010cesk\u00e9 L\u00edp\u011b se t\u0159emi byty a jednou garsonkou pro 8 obyvatel. O rok pozd\u011bji byl otev\u0159en d\u016fm se dv\u011bma byty v Sosnov\u00e9 pro 12 lid\u00ed. Od \u0159\u00edjna 2020 je v provozu d\u016fm pro 6 osob na Ladech v \u010cesk\u00e9 L\u00edp\u011b a koncem roku 2021 byly p\u0159ed\u00e1ny nov\u00e9 domovy v Jest\u0159eb\u00ed. Klientky organizace Ostara od roku 2016 bydl\u00ed nam\u00edsto objektu u lesa v Ma\u0159enic\u00edch ve \u010dty\u0159ech nov\u00fdch domech, dva jsou ve Cvikov\u011b a dva v Nov\u00e9m Boru.<\/p>\n\n\n\n<p>\u201eNed\u00e1vno bylo dokon\u010deno bydlen\u00ed pro osoby se zdravotn\u00edm posti\u017een\u00edm v Raspenav\u011b, jeho\u017e c\u00edlovou skupinou jsou d\u011bti a ml\u00e1de\u017e od 3 do 26 let s t\u011b\u017e\u0161\u00edm ment\u00e1ln\u00edm kombinovan\u00fdm posti\u017een\u00edm a v\u00fdraznou pot\u0159ebou p\u00e9\u010de a podpory. N\u00e1klady \u010dinily 66 milion\u016f korun, kraj p\u0159isp\u011bl 18 miliony,\u201c dodal mluv\u010d\u00ed krajsk\u00e9ho \u00fa\u0159adu Jan Mikuli\u010dka.<\/p>\n\n\n\n<p>Hotov\u00fd je tak\u00e9 D\u016fm Jana v Hodkovic\u00edch nad Mohelkou, kter\u00fd slou\u017e\u00ed zvl\u00e1\u0161t\u011b t\u011bm, kte\u0159\u00ed trp\u00ed roztrou\u0161enou skler\u00f3zou. P\u0159\u00ed\u0161t\u00ed rok na ja\u0159e by se m\u011bly za\u010d\u00edt budovat dal\u0161\u00ed domy APOSSU Ve Vratislavic\u00edch nad Nisou, kde vzniknou dva domovy pro 6 a 12 lid\u00ed s poruchami autistick\u00e9ho spektra, ment\u00e1ln\u00edm a kombinovan\u00fdm posti\u017een\u00edm.<\/p>\n\n\n\n<p>Ji\u0159\u00ed Louda<\/p>\n\n\n\n<p>Libereck\u00fd den\u00edk<\/p>\n\n\n\n<p><a href=\"https:\/\/liberecky.denik.cz\/\" target=\"_blank\" rel=\"noreferrer noopener\">https:\/\/liberecky.denik.cz\/<\/a><\/p>\n","protected":false},"excerpt":{"rendered":"<div class=\"mh-excerpt\"><p>V Libereck\u00e9m kraji nad\u00e1le pokra\u010duje transformace soci\u00e1ln\u00edch slu\u017eeb. Nyn\u00ed se poda\u0159ilo dokon\u010dit dal\u0161\u00ed etapu, kdy\u017e v Nov\u00e9 Vsi vznikl domov pro dev\u011bt osob s poruchami <a class=\"mh-excerpt-more\" href=\"https:\/\/www.invarena.cz\/?p=42116\" title=\"Hendikepovan\u00ed z\u00edskali modern\u00ed byty v Nov\u00e9 Vsi, dal\u0161\u00ed domy m\u00e1 kraj v\u00a0pl\u00e1nu\">[&#8230;]<\/a><\/p>\n<\/div>","protected":false},"author":1,"featured_media":21032,"comment_status":"open","ping_status":"closed","sticky":false,"template":"","format":"standard","meta":{"footnotes":""},"categories":[9],"tags":[],"class_list":["post-42116","post","type-post","status-publish","format-standard","has-post-thumbnail","hentry","category-zpravy"],"_links":{"self":[{"href":"https:\/\/www.invarena.cz\/index.php?rest_route=\/wp\/v2\/posts\/42116","targetHints":{"allow":["GET"]}}],"collection":[{"href":"https:\/\/www.invarena.cz\/index.php?rest_route=\/wp\/v2\/posts"}],"about":[{"href":"https:\/\/www.invarena.cz\/index.php?rest_route=\/wp\/v2\/types\/post"}],"author":[{"embeddable":true,"href":"https:\/\/www.invarena.cz\/index.php?rest_route=\/wp\/v2\/users\/1"}],"replies":[{"embeddable":true,"href":"https:\/\/www.invarena.cz\/index.php?rest_route=%2Fwp%2Fv2%2Fcomments&post=42116"}],"version-history":[{"count":0,"href":"https:\/\/www.invarena.cz\/index.php?rest_route=\/wp\/v2\/posts\/42116\/revisions"}],"wp:featuredmedia":[{"embeddable":true,"href":"https:\/\/www.invarena.cz\/index.php?rest_route=\/wp\/v2\/media\/21032"}],"wp:attachment":[{"href":"https:\/\/www.invarena.cz\/index.php?rest_route=%2Fwp%2Fv2%2Fmedia&parent=42116"}],"wp:term":[{"taxonomy":"category","embeddable":true,"href":"https:\/\/www.invarena.cz\/index.php?rest_route=%2Fwp%2Fv2%2Fcategories&post=42116"},{"taxonomy":"post_tag","embeddable":true,"href":"https:\/\/www.invarena.cz\/index.php?rest_route=%2Fwp%2Fv2%2Ftags&post=42116"}],"curies":[{"name":"wp","href":"https:\/\/api.w.org\/{rel}","templated":true}]}}