{"id":42135,"date":"2023-09-14T07:21:07","date_gmt":"2023-09-14T05:21:07","guid":{"rendered":"https:\/\/www.invarena.cz\/?p=42135"},"modified":"2023-09-14T07:23:10","modified_gmt":"2023-09-14T05:23:10","slug":"penze-2024-valorizace-a-zmeny","status":"publish","type":"post","link":"https:\/\/www.invarena.cz\/?p=42135","title":{"rendered":"Penze 2024 \u2013 valorizace a zm\u011bny\u00a0\u00a0"},"content":{"rendered":"\n<p>D\u016fchody od ledna porostou o 360 K\u010d. Na\u0159\u00edzen\u00ed, kter\u00e9 je zvy\u0161uje, schv\u00e1lila vl\u00e1da. Tady jsou slova\u00a0<strong>ministra<\/strong>\u00a0<strong>pr\u00e1ce<\/strong>\u00a0a soci\u00e1ln\u00edch v\u011bc\u00ed Mariana Jure\u010dky.<\/p>\n\n\n\n<p>\u010cesk\u00e1 televize<br \/><br \/>Marian JURE\u010cKA<br \/>&#8212;&#8212;&#8212;&#8212;&#8212;&#8212;&#8211;<br \/>Vl\u00e1da dnes projednala dv\u011b na\u0159\u00edzen\u00ed vl\u00e1dy z rezortu Ministerstva pr\u00e1ce a soci\u00e1ln\u00edch v\u011bc\u00ed. T\u00edm prvn\u00edm na\u0159\u00edzen\u00edm je opravdu ji\u017e definitivn\u00ed stanoven\u00ed r\u016fstu d\u016fchod\u016f v \u010cesk\u00e9 republice od 1. ledna 2024. My jsme to ji\u017e avizovali. Ten r\u016fst bude od ledna o 360 K\u010d a bude se t\u00fdkat v\u0161ech d\u016fchod\u016f, tedy nejenom starobn\u00edch, ale tak\u00e9\u00a0<strong>invalidn\u00edch<\/strong>, vdovsk\u00fdch, vdoveck\u00fdch, sirot\u010d\u00edch. A tato \u010d\u00e1stka 360 K\u010d, tak o n\u00ed bude nav\u00fd\u0161ena z\u00e1kladn\u00ed v\u00fdm\u011bra. Z\u00e1kladn\u00ed v\u00fdm\u011bna proto, proto\u017ee v leto\u0161n\u00edm roce m\u00e1me takovou specifickou situaci, kdy sice od \u00fanora do \u010dervna, co\u017e bylo to posledn\u00ed rozhodn\u00e9 obdob\u00ed, kter\u00e9 m\u011blo vliv na to zv\u00fd\u0161en\u00ed t\u011bch d\u016fchod\u016f, kdy inflace za toto obdob\u00ed u spot\u0159ebn\u00edho ko\u0161e d\u016fchodcovsk\u00fdch dom\u00e1cnost\u00ed rostla o 1,3 %, tak toto nav\u00fd\u0161en\u00ed vlastn\u011b se vlo\u017eilo do toho r\u016fstu t\u00e9 z\u00e1kladn\u00ed v\u00fdm\u011bry, kter\u00e1 z\u00e1rove\u0148 zase mus\u00ed odpov\u00eddat t\u00e9 z\u00e1kladn\u00ed v\u00fdm\u011b\u0159e 10 procent\u016fm pr\u016fm\u011brn\u00e9 mzdy. Proto rostou od 1. ledna p\u0159\u00ed\u0161t\u00edho roku ty d\u016fchody o t\u011bch 360 K\u010d v\u0161em stejn\u011b. Je to takov\u00e1, \u0159ekn\u011bme, specifick\u00e1, v\u00fdjime\u010dn\u00e1 situace, souhra t\u011bchto, \u0159ekn\u011bme, specifick\u00fdch parametr\u016f, kter\u00e9 se se\u0161ly, nicm\u00e9n\u011b kdy\u017e se pod\u00edv\u00e1me na ten v\u00fdvoj za t\u011bch 12 m\u011bs\u00edc\u016f, tak mezi 1. lednem. 2023 a 1. lednem 2024 pr\u016fm\u011brn\u00fd d\u016fchod v \u010cesk\u00e9 republice vzroste i d\u00edky mimo\u0159\u00e1dn\u00e9 valorizaci, kter\u00e1 prob\u011bhla v \u010dervnu, o 1 120 K\u010d. Kdy\u017e v pr\u016fm\u011bru, kdy\u017e k tomu p\u0159ipo\u010d\u00edt\u00e1me je\u0161t\u011b v\u00fdchovn\u00e9, tak u \u017een to bude v\u00edce jak 2 120 K\u010d meziro\u010dn\u00ed n\u00e1r\u016fst pr\u016fm\u011brn\u00e9 v\u00fd\u0161e d\u016fchodu. Ta pr\u016fm\u011brn\u00e1 v\u00fd\u0161e se dostane v tom p\u0159\u00ed\u0161t\u00edm roce na hodnotu 20 693 K\u010d. Kdy\u017e tak \u010dasto velmi srovn\u00e1v\u00e1me t\u0159eba parametry mezi \u010ceskou republiku a Slovenskem, tak u\u017e dnes ten pr\u016fm\u011brn\u00fd d\u016fchod je v \u010cesk\u00e9 republice o 5 000 K\u010d vy\u0161\u0161\u00ed ne\u017e na Slovensku.<br \/><br \/>moder\u00e1tor<br \/>&#8212;&#8212;&#8212;&#8212;&#8212;&#8212;&#8211;<br \/>Jak u\u017e zazn\u011blo od ministra Jure\u010dky, valorizovat se budou d\u016fchody stejn\u011b v\u0161em penzist\u016fm, v\u010detn\u011b t\u011bch\u00a0<strong>invalidn\u00edch<\/strong>\u00a0nebo poz\u016fstalostn\u00edch. Pr\u016fm\u011brn\u00fd starobn\u00ed d\u016fchod se tak dostane k hranici 20 700 K\u010d. Lid\u00e9 taky nejsp\u00ed\u0161 budou moci od prosince pod\u00e1vat \u017e\u00e1dosti o d\u016fchod elektronicky, tedy bez nutnosti osobn\u011b nav\u0161t\u00edvit \u00fa\u0159ad.<br \/><br \/>osoba<br \/>&#8212;&#8212;&#8212;&#8212;&#8212;&#8212;&#8211;<br \/>Jedna hez\u010d\u00ed ne\u017e druh\u00e1.<br \/><br \/>Kate\u0159ina Samkov\u00e1, redaktorka \u010cT<br \/>&#8212;&#8212;&#8212;&#8212;&#8212;&#8212;&#8211;<br \/>Pro ob\u011bdy si do t\u00e9to j\u00eddelny, kterou provozuje soci\u00e1ln\u00ed slu\u017eba Prahy 9, chod\u00ed pravideln\u011b. Tito dva senio\u0159i jsou skoro soused\u00e9. Jeden \u017eije s\u00e1m, druh\u00fd bere j\u00eddlo dom\u016f i pro svou nemocnou \u017eenu.<br \/><br \/>Milan KOVBACKO, senior<br \/>&#8212;&#8212;&#8212;&#8212;&#8212;&#8212;&#8211;<br \/>Ano, to je pro babi\u010dku.<br \/><br \/>kucha\u0159ka<br \/>&#8212;&#8212;&#8212;&#8212;&#8212;&#8212;&#8211;<br \/>P\u0159ejeme dobrou chu\u0165.<br \/><br \/>Milan KOVBACKO, senior<br \/>&#8212;&#8212;&#8212;&#8212;&#8212;&#8212;&#8211;<br \/>Ano, vy\u0159\u00edd\u00edm.<br \/><br \/>Kate\u0159ina Samkov\u00e1, redaktorka \u010cT<br \/>&#8212;&#8212;&#8212;&#8212;&#8212;&#8212;&#8211;<br \/>Sami jsou zvykl\u00ed j\u00edst p\u0159\u00edmo tady. Za ob\u011bd s pol\u00e9vkou plat\u00ed necelou stovku. \u0158\u00edkaj\u00ed, \u017ee je to pro n\u011b bez pr\u00e1ce a po\u0159\u00e1d v\u00fdhodn\u00e9.<br \/><br \/>Milan KOVBACKO, senior<br \/>&#8212;&#8212;&#8212;&#8212;&#8212;&#8212;&#8211;<br \/>Pro m\u011b je to dobr\u00fd. Zat\u00edm, ano, proto\u017ee n\u011bkde jsou ty ob\u011bdy dra\u017e\u0161\u00ed.<br \/><br \/>Ladislav MAKOV\u00dd, senior<br \/>&#8212;&#8212;&#8212;&#8212;&#8212;&#8212;&#8211;<br \/>Kdy\u017e jsem cht\u011bl zm\u011bnu, tak jsem si koupil v masn\u011b do krabi\u010dky za 135 K\u010d.<br \/><br \/>Kate\u0159ina Samkov\u00e1, redaktorka \u010cT<br \/>&#8212;&#8212;&#8212;&#8212;&#8212;&#8212;&#8211;<br \/>Podle jednoho by jejich penze mohli r\u016fst v\u00fdrazn\u011bji, druh\u00fd je spokojen\u00fd. V lednu se pr\u016fm\u011brn\u00e1 v\u00fd\u0161e starobn\u00edho d\u016fchodu dostane na t\u00e9m\u011b\u0159 20 700. Mimo\u0159\u00e1dn\u011b se letos zvy\u0161ovaly v \u010dervnu, kdy pr\u016fm\u011br p\u0159ekonal hranici 20 000. Na konci lo\u0148sk\u00e9ho roku to bylo zhruba o 2000 m\u00ed\u0148.<br \/><br \/>Marian Jure\u010dka,\u00a0<strong>ministr<\/strong>\u00a0<strong>pr\u00e1ce<\/strong>\u00a0a soci\u00e1ln\u00edch v\u011bc\u00ed, vicepremi\u00e9r \/KDU-\u010cSL\/<br \/>&#8212;&#8212;&#8212;&#8212;&#8212;&#8212;&#8211;<br \/>Toto zv\u00fd\u0161en\u00ed je vlastn\u011b definov\u00e1no na\u0159\u00edzen\u00edm vl\u00e1dy, to znamen\u00e1, d\u00e1l to n\u011bkam v legislativn\u00edm procesu \/nesrozumiteln\u00e9\/.<br \/><br \/>Kate\u0159ina Samkov\u00e1, redaktorka \u010cT<br \/>&#8212;&#8212;&#8212;&#8212;&#8212;&#8212;&#8211;<br \/>Podle z\u00e1stupc\u016f sn\u011bmovn\u00ed opozice by m\u011bly d\u016fchody od ledna r\u016fst v\u00edc. N\u00e1vrh, kter\u00fd by je zvy\u0161oval nad r\u00e1mec z\u00e1konn\u00e9 valorizace, by ale musel proj\u00edt Parlamentem a tam m\u00e1 koalice jasnou v\u011bt\u0161inu.<br \/><br \/>Alena Schillerov\u00e1, p\u0159edsedkyn\u011b poslaneck\u00e9ho klubu \/ANO\/<br \/>&#8212;&#8212;&#8212;&#8212;&#8212;&#8212;&#8211;<br \/>My se porad\u00edme na klubu na toto t\u00e9ma. Ur\u010dit\u011b zase jsme si v\u011bdomi toho, \u017ee maj\u00ed 108 a p\u0159ev\u00e1lcuj\u00ed n\u00e1s, ale prost\u011b my ml\u010det nebudeme.<br \/><br \/>Lucie \u0160afr\u00e1nkov\u00e1, m\u00edstop\u0159edsedkyn\u011b sn\u011bmovn\u00edho soci\u00e1ln\u00edho v\u00fdboru \/SPD\/<br \/>&#8212;&#8212;&#8212;&#8212;&#8212;&#8212;&#8211;<br \/>By se m\u011bly podle n\u00e1s je\u0161t\u011b nad r\u00e1mec nav\u00fd\u0161it d\u016fchody alespo\u0148 o 220 K\u010d.<br \/><br \/>redaktorka \u010cT<br \/>&#8212;&#8212;&#8212;&#8212;&#8212;&#8212;&#8211;<br \/>Na to ale podle p\u0159edstavitel\u016f koali\u010dn\u00edch uskupen\u00ed pen\u00edze nejsou. Letos u\u017e se penzijn\u00ed \u00fa\u010det po p\u016fl roce propadl v\u00edc ne\u017e 40 miliard do minusu.<br \/><br \/>Jan Jakob, p\u0159edseda poslaneck\u00e9ho klubu \/TOP 09\/<br \/>&#8212;&#8212;&#8212;&#8212;&#8212;&#8212;&#8211;<br \/>Situace na\u0161\u00ed zem\u011b z ekonomick\u00e9ho pohledu, z rozpo\u010dtov\u00e9ho neumo\u017e\u0148uje, abychom navy\u0161ovali d\u016fchody nad r\u00e1mec z\u00e1konn\u00e9ho nav\u00fd\u0161en\u00ed.<br \/><br \/>Pavla Pivo\u0148ka Va\u0148kov\u00e1, m\u00edstop\u0159edsedkyn\u011b sn\u011bmovn\u00edho v\u00fdboru pro soci\u00e1ln\u00ed politiku \/STAN\/<br \/>&#8212;&#8212;&#8212;&#8212;&#8212;&#8212;&#8211;<br \/>Mohlo by se zd\u00e1t, \u017ee to je \u010d\u00e1stka n\u00edzk\u00e1, ale mus\u00edme si uv\u011bdomit, \u017ee u\u017e jednou se d\u016fchody v leto\u0161n\u00edm roce zvy\u0161ovaly v pr\u016fm\u011bru o 750 K\u010d.<br \/><br \/>Kate\u0159ina Samkov\u00e1, redaktorka \u010cT<br \/>&#8212;&#8212;&#8212;&#8212;&#8212;&#8212;&#8211;<br \/>\u0158\u00e1dn\u00e1 lednov\u00e1 valorizace zvedne v p\u0159\u00ed\u0161t\u00edm roce v\u00fddaje na d\u016fchody o 12 300 000 000 K\u010d. Karol\u00edna Jel\u00ednkov\u00e1 a Kate\u0159ina Samkov\u00e1, \u010cesk\u00e1 televize.<br \/><br \/>Roman Fojta, moder\u00e1tor<br \/>&#8212;&#8212;&#8212;&#8212;&#8212;&#8212;&#8211;<br \/>A prvn\u00edm hostem dne\u0161n\u00ed Devades\u00e1tky Martin Pot\u016f\u010dek, analytik ve\u0159ejn\u00e9 politiky z Institutu sociologick\u00fdch studi\u00ed Fakulty soci\u00e1ln\u00edch v\u011bd Univerzity Karlovy a tak\u00e9 b\u00fdval\u00fd p\u0159edseda odborn\u00e9 komise pro d\u016fchodovou reformu p\u0159i Sobotkov\u011b vl\u00e1d\u011b. Dobr\u00fd ve\u010der v\u00e1m p\u0159eju.<br \/><br \/>&#8212;&#8212;&#8212;&#8212;&#8212;&#8212;&#8211;<br \/>Tak u\u017e to zazn\u011blo, pr\u016fm\u011brn\u00fd d\u016fchod by se m\u011bl od ledna zv\u00fd\u0161it o 360 K\u010d na 20 635 K\u010d. Jak vn\u00edmat tohle \u010d\u00edslo? St\u00e1le plat\u00ed, \u017ee d\u016fchodci jsou tou nejohro\u017een\u011bj\u0161\u00ed skupinou?<br \/><br \/>Martin POT\u016e\u010cEK, analytik ve\u0159ejn\u00e9 politiky, Institut sociologick\u00fdch studi\u00ed FSV UK<br \/>&#8212;&#8212;&#8212;&#8212;&#8212;&#8212;&#8211;<br \/>Je to velmi diferencovan\u00e9. Jsou mezi n\u00e1mi spoluob\u010dan\u00e9, kte\u0159\u00ed jsou na tom h\u016f\u0159e ne\u017e n\u011bkte\u0159\u00ed d\u016fchodci a je tomu samoz\u0159ejm\u011b i naopak.<br \/><br \/>Roman Fojta, moder\u00e1tor<br \/>&#8212;&#8212;&#8212;&#8212;&#8212;&#8212;&#8211;<br \/>Mimochodem, jak vypov\u00eddaj\u00edc\u00ed je to pr\u016fm\u011brn\u00e9 \u010d\u00edslo, ten pr\u016fm\u011brn\u00fd d\u016fchodce, jak velk\u00e1 \u010d\u00e1st d\u016fchodc\u016f na n\u011bj v\u016fbec nedos\u00e1hne?<br \/><br \/>Martin POT\u016e\u010cEK, analytik ve\u0159ejn\u00e9 politiky, Institut sociologick\u00fdch studi\u00ed FSV UK<br \/>&#8212;&#8212;&#8212;&#8212;&#8212;&#8212;&#8211;<br \/>No, v\u011bt\u0161ina d\u016fchodc\u016f se na ten pr\u016fm\u011brn\u00fd d\u016fchod nedostane. Medi\u00e1n, co\u017e je p\u0159esn\u011b ta polovina t\u011bch d\u016fchodc\u016f z hlediska t\u00e9 k\u0159ivky, je ni\u017e\u0161\u00ed ne\u017e ten pr\u016fm\u011br, tak\u017ee ten medi\u00e1n by pravd\u011bpodobn\u011b, alespo\u0148 podle m\u00e9ho n\u00e1zoru o jaksi aktu\u00e1ln\u00ed situaci d\u016fchodc\u016f vypov\u00eddal l\u00e9pe. Ale jsou samoz\u0159ejm\u011b d\u016fchodci, kte\u0159\u00ed jsou na tom velmi \u0161patn\u011b, pokud jde o jejich d\u016fchody, a jsou samoz\u0159ejm\u011b i d\u016fchodci, kte\u0159\u00ed jsou na tom relativn\u011b dob\u0159e.<br \/><br \/>Roman Fojta, moder\u00e1tor<br \/>&#8212;&#8212;&#8212;&#8212;&#8212;&#8212;&#8211;<br \/>Podle \u010d\u00edsel pr\u016fm\u011brn\u00e1 penze by m\u011bla od ledna p\u0159edstavovat 56,8 % pr\u016fm\u011brn\u00e9 \u010dist\u00e9 mzdy a 44,9 % hrub\u00e9ho v\u00fdd\u011blku. Je mo\u017en\u00e9 takov\u00fd pom\u011br do budoucna udr\u017eet?<br \/><br \/>Martin POT\u016e\u010cEK, analytik ve\u0159ejn\u00e9 politiky, Institut sociologick\u00fdch studi\u00ed FSV UK<br \/>&#8212;&#8212;&#8212;&#8212;&#8212;&#8212;&#8211;<br \/>Samoz\u0159ejm\u011b, \u017ee kdyby byla politick\u00e1 v\u016fle, tak by to mo\u017en\u00e9 bylo. A probl\u00e9m je pr\u00e1v\u011b v tom, \u017ee tak, jako jste te\u010f \u0159ekl, jaksi probl\u00e9m je v\u00fd\u0161e d\u016fchod\u016f, tak mn\u011b se nel\u00edb\u00ed cel\u00fd ten zp\u016fsob, kter\u00fdm se o d\u016fchodech a o jejich zvy\u0161ov\u00e1n\u00ed v na\u0161\u00ed zemi hovo\u0159\u00ed.<br \/><br \/>Roman Fojta, moder\u00e1tor<br \/>&#8212;&#8212;&#8212;&#8212;&#8212;&#8212;&#8211;<br \/>Co p\u0159esn\u011b se v\u00e1m nel\u00edb\u00ed?<br \/><br \/>Martin POT\u016e\u010cEK, analytik ve\u0159ejn\u00e9 politiky, Institut sociologick\u00fdch studi\u00ed FSV UK<br \/>&#8212;&#8212;&#8212;&#8212;&#8212;&#8212;&#8211;<br \/>C\u00edlem by m\u011blo, aby d\u016fchodci m\u011bli slu\u0161n\u00fd n\u00e1rok nebo \u0161anci na d\u016fstojn\u00fd \u017eivot. To by podle m\u011b m\u011blo b\u00fdt jaksi hlavn\u00ed krit\u00e9rium toho, jak bychom se m\u011bli na d\u016fchod a na d\u016fchodov\u00fd syst\u00e9m a jeho zm\u011bny d\u00edvat. A bohu\u017eel ten diskurz, kter\u00fd te\u010f je stimulov\u00e1n zejm\u00e9na t\u011bmi, kte\u0159\u00ed dnes rozhoduj\u00ed o zm\u011bn\u00e1ch d\u016fchod\u016f nebo d\u016fchodov\u00e9ho syst\u00e9mu jako takov\u00e9ho, uplat\u0148uj\u00ed hlavn\u011b to ekonomick\u00e9 krit\u00e9rium, na d\u016fchody nebude. A bohu\u017eel jsou tam dv\u011b z\u00e1sadn\u00ed chyby analytick\u00e9. Prvn\u00ed analytick\u00e1 chyba je, \u017ee se mluv\u00ed st\u00e1le o d\u016fchodov\u00e9m \u00fa\u010dtu. Ten d\u016fchodov\u00fd \u00fa\u010det nikdy neslou\u017eil jako jedin\u00fd zdroj prost\u0159edk\u016f na d\u016fchody. Ten nem\u00e1 smysl. A smysl m\u00e1 a st\u00e1le v\u00edce bude m\u00edt financovat d\u016fchodov\u00fd syst\u00e9m z v\u00edce zdroj\u016f. Tak\u017ee to nen\u00ed jenom probl\u00e9m financov\u00e1n\u00ed, je to z\u00e1rove\u0148 probl\u00e9m p\u0159\u00edjm\u016f. A probl\u00e9m d\u016fchodov\u00e9ho syst\u00e9mu je, \u017ee to je dnes skoro 600 miliard korun za rok, tak\u017ee pro ty, kte\u0159\u00ed cht\u011bj\u00ed \u0161et\u0159it, \u0161et\u0159it a \u0161et\u0159it, tak to je v\u00edtan\u00e9 sousto pro p\u0159\u00edpadn\u00e9 \u00faspory. A ta druh\u00e1 strana, to znamen\u00e1, jak to dopadne na tu populaci, o kterou jde, ta nen\u00ed p\u0159\u00edli\u0161 br\u00e1na v potaz. To je samoz\u0159ejm\u011b jeden probl\u00e9m. A druh\u00fd probl\u00e9m vn\u00edm\u00e1m v tom \u2013 a tady bych si dovolil citovat z prohl\u00e1\u0161en\u00ed sou\u010dasn\u00e9 vl\u00e1dy \u2013 ona ve sv\u00e9m vl\u00e1dn\u00edm prohl\u00e1\u0161en\u00ed napsala: &#8222;Reforma penzijn\u00edho syst\u00e9mu bude postavena na celospole\u010densk\u00e9m konsensu, kter\u00fd zajist\u00ed dlouhodobou perspektivu.&#8220; To byl jej\u00ed c\u00edl v okam\u017eiku, kdy p\u0159edstupovala p\u0159ed Poslaneckou sn\u011bmovnu. A v\u00edme, jak\u00e1 te\u010f je situace. Ten diskurz na \u00farovni politik\u016f je roz\u0161t\u011bpen na koalici sm\u011brn\u00fdmi odchylkami uvnit\u0159 koalice a na opozici. A ten celospole\u010densk\u00fd konsensus se naprosto vytratil. A to je pro budoucnost d\u016fchodov\u00e9ho syst\u00e9mu velmi \u0161patn\u00e1 zpr\u00e1va.<br \/><br \/>Roman Fojta, moder\u00e1tor<br \/>&#8212;&#8212;&#8212;&#8212;&#8212;&#8212;&#8211;<br \/>Ano, j\u00e1 se na to je\u0161t\u011b budu pt\u00e1t. Pro tuhle chv\u00edli v\u00e1m d\u011bkuju. Vl\u00e1dn\u00ed penzijn\u00ed novela, kter\u00e1 bude \u00fa\u010dinn\u00e1 od \u0159\u00edjna, p\u0159in\u00e1\u0161\u00ed p\u0159edev\u0161\u00edm zp\u0159\u00edsn\u011bn\u00ed pravidel p\u0159ed\u010dasn\u00fdch d\u016fchod\u016f. N\u00e1rok na n\u011b maj\u00ed m\u00edt ti, kter\u00fdm do penzijn\u00edho v\u011bku zb\u00fdvaj\u00ed nanejv\u00fd\u0161 t\u0159i roky m\u00edsto sou\u010dasn\u00fdch p\u011bti. Pob\u00edran\u00e1 \u010d\u00e1stka se bude nav\u00edc kr\u00e1tit. Norma taky prodlu\u017euje dobu poji\u0161t\u011bn\u00ed. Zm\u011bny se dotknou i valorizac\u00ed. Ty \u0159\u00e1dn\u00e9 se maj\u00ed vedle inflace nov\u011b navy\u0161ovat jen o t\u0159etinu r\u016fstu re\u00e1ln\u00fdch mezd nam\u00edsto sou\u010dasn\u00e9 poloviny. A m\u011bn\u00ed se i ty mimo\u0159\u00e1dn\u00e9. Nahradit je m\u00e1 do\u010dasn\u00fd p\u0159\u00edsp\u011bvek, kter\u00fd pokryje 60 % r\u016fstu cen. Syst\u00e9m penz\u00ed \u010dekaj\u00ed postupn\u011b i dal\u0161\u00ed zm\u011bny. D\u016fchodov\u00fd v\u011bk by se m\u011bl nov\u011b nastavit podle v\u00fdvoje doby do\u017eit\u00ed ka\u017ed\u00fd rok lidem, kter\u00fdm je 50 let. V penzi by m\u011bly pr\u016fm\u011brn\u011b str\u00e1vit 21,5 roku. Zaru\u010den\u00fd d\u016fchod by m\u011bl odpov\u00eddat p\u011btin\u011b pr\u016fm\u011brn\u00e9 mzdy. Nov\u00e9 penze maj\u00ed b\u00fdt o n\u011bco ni\u017e\u0161\u00ed ne\u017e dnes. Po\u010d\u00edt\u00e1 se i s d\u0159\u00edv\u011bj\u0161\u00edmi d\u016fchody pro n\u00e1ro\u010dn\u00e9 profese. Postupn\u011b by se tak\u00e9 mohly zv\u00fd\u0161it odvody \u017eivnostn\u00edk\u016fm a lidem pracuj\u00edc\u00edm na dohodu. Reforma obsahuje i dobrovoln\u00fd spole\u010dn\u00fd vym\u011b\u0159ovac\u00ed z\u00e1klad man\u017eel\u016f a fiktivn\u00ed odvody za dobu p\u00e9\u010de o d\u011bti. Ty maj\u00ed nahradit tzv. v\u00fdchovn\u00e9.Pane Pot\u016f\u010dku, pokud jde o ta pravidla do p\u0159ed\u010dasn\u00e9ho d\u016fchodu, kter\u00e1 za\u010dnou platit te\u010f od \u0159\u00edjna, ono se jednak bude v\u00edc kr\u00e1tit a pob\u00edran\u00e1 \u010d\u00e1stka a jednak se a\u017e do \u0159\u00e1dn\u00e9ho term\u00ednu penze nebude valorizovat z\u00e1sluhov\u00e1 \u010d\u00e1st d\u016fchodu, nen\u00ed tohle p\u0159ece jenom p\u0159\u00edli\u0161 p\u0159\u00edsn\u00e9? Nen\u00ed to jak\u00e9si dvoj\u00ed trest\u00e1n\u00ed t\u011bch, kte\u0159\u00ed cht\u011bj\u00ed odej\u00edt do p\u0159ed\u010dasn\u00e9 penze?<br \/><br \/>Martin POT\u016e\u010cEK, analytik ve\u0159ejn\u00e9 politiky, Institut sociologick\u00fdch studi\u00ed FSV UK<br \/>&#8212;&#8212;&#8212;&#8212;&#8212;&#8212;&#8211;<br \/>Odpov\u011bd\u011bl jste na svoji ot\u00e1zku. Ano, je to tak. Je tam n\u011bkolik probl\u00e9m\u016f. Jeden probl\u00e9m je, \u017ee z m\u011bs\u00edce na m\u011bs\u00edc se ty podm\u00ednky m\u011bn\u00ed a sta\u010d\u00ed rozd\u00edl v m\u011bs\u00edci narozen\u00ed, kter\u00fd v\u00fdrazn\u011b zp\u0159\u00edsn\u00ed a\u017e o dva roky a o v\u00fd\u0161i pak vym\u011b\u0159en\u00e9ho p\u0159ed\u010dasn\u00e9ho d\u016fchodu t\u011bm, kte\u0159\u00ed maj\u00ed tu sm\u016flu, \u017ee se narodili o ten m\u011bs\u00edc pozd\u011bji. To je samo o sob\u011b absurdn\u00ed. Druh\u00e1 absurdita, kterou vn\u00edm\u00e1m, je ta, \u017ee doch\u00e1z\u00ed k nevyv\u00e1\u017een\u00e9 valorizaci mezi t\u011bmi p\u0159ed\u010dasn\u00fdmi d\u016fchodci a t\u011bmi, kte\u0159\u00ed budou pob\u00edrat ten \u0159\u00e1dn\u00fd d\u016fchod. Bude inflace n\u011bjak\u00e1, ur\u010dit\u011b asi ne tak vysok\u00e1 jako nyn\u00ed, ale inflace bude. Za ty t\u0159i roky to m\u016f\u017ee b\u00fdt pom\u011brn\u011b zna\u010dn\u00fd rozd\u00edl. Mo\u017en\u00e1, \u017ee se zase zv\u00fd\u0161\u00ed pr\u016fm\u011brn\u00e1 mzda a t\u00edm p\u00e1dem ta \u0159\u00e1dn\u00e1 valorizace t\u011bch \u0159\u00e1dn\u00fdch d\u016fchodc\u016f bude tak\u00e9 nar\u016fstat. No a u t\u011bch p\u0159ed\u010dasn\u00fdch d\u016fchodc\u016f m\u00e1 b\u00fdt zmrazen\u00e1? To vytv\u00e1\u0159\u00ed velikou nerovnov\u00e1hu podle m\u00e9ho n\u00e1zoru. A samoz\u0159ejm\u011b to, \u017ee kdo odejde, \u0159ekn\u011bme, a\u017e to vstoup\u00ed v platnost, tady tahle novela, co\u017e by asi m\u011blo nastat a nastane od 1. \u0159\u00edjna, tak se zv\u00fd\u0161\u00ed penalizace t\u011bch p\u0159ed\u010dasn\u00fdch d\u016fchod\u016f. Tak\u017ee pokud n\u011bkdo p\u016fjde skute\u010dn\u011b o t\u0159i roky v p\u0159edstihu do p\u0159ed\u010dasn\u00e9ho d\u016fchodu, tak mu ten d\u016fchod nakonec vypo\u010d\u00edt\u00e1 \u010cesk\u00e1 spr\u00e1va soci\u00e1ln\u00edho zabezpe\u010den\u00ed o 18 % ni\u017e\u0161\u00ed, ne\u017e by m\u011bl, pokud by jaksi ty t\u0159i roky je\u0161t\u011b pracoval a \u0161el potom do \u0159\u00e1dn\u00e9ho d\u016fchodu. Mysl\u00edm si, \u017ee ta p\u016fvodn\u00ed pravidla tak\u00e9 penalizovala ten p\u0159ed\u010dasn\u00fd d\u016fchod. ale v\u00edce odpov\u00eddala \u017eivotn\u00edm situac\u00edm mnoha lid\u00ed v tom p\u0159edd\u016fchodov\u00e9m v\u011bku.<br \/><br \/>Roman FOJTA, moder\u00e1tor<br \/>&#8212;&#8212;&#8212;&#8212;&#8212;&#8212;&#8211;<br \/>Ona vl\u00e1da chce co nejd\u00e9le lidi udr\u017eet na pracovn\u00edm trhu, chce pr\u00e1v\u011b omezit ty odchody do p\u0159ed\u010dasn\u00fdch d\u016fchod\u016f. Jsou p\u0159ed\u010dasn\u00e9 d\u016fchody z principu \u0161patn\u011b? Pro\u010d by m\u011bli lid\u00e9 d\u00e9le z\u016fst\u00e1vat na pracovn\u00edm trhu?<br \/><br \/>Martin POT\u016e\u010cEK, analytik ve\u0159ejn\u00e9 politiky, Institut sociologick\u00fdch studi\u00ed FSV UK<br \/>&#8212;&#8212;&#8212;&#8212;&#8212;&#8212;&#8211;<br \/>A t\u011bch d\u016fvod\u016f m\u016f\u017ee b\u00fdt cel\u00e1 \u0159ada, m\u016f\u017ee to b\u00fdt zdravotn\u00ed stav, m\u016f\u017ee to b\u00fdt soci\u00e1ln\u00ed nebo rodinn\u00e1 situace t\u011bch potenci\u00e1ln\u00edch d\u016fchodc\u016f a m\u016f\u017ee to b\u00fdt tak\u00e9 situace na trhu pr\u00e1ce, kdy skute\u010dn\u011b pro ty, kte\u0159\u00ed u\u017e sm\u011b\u0159uj\u00ed k d\u016fchodu, nemus\u00ed b\u00fdt nab\u00eddka pr\u00e1ce bu\u010f jaksi p\u0159\u00edmo nasnad\u011b, anebo nemus\u00ed b\u00fdt v\u016fbec.<br \/><br \/>Roman FOJTA, moder\u00e1tor<br \/>&#8212;&#8212;&#8212;&#8212;&#8212;&#8212;&#8211;<br \/>J\u00e1 tomu rozum\u00edm, ale ta snaha vl\u00e1dy omezit p\u0159ed\u010dasn\u00e9 d\u016fchody je spr\u00e1vn\u011b, je na m\u00edst\u011b?<br \/><br \/>Martin POT\u016e\u010cEK, analytik ve\u0159ejn\u00e9 politiky, Institut sociologick\u00fdch studi\u00ed FSV UK<br \/>&#8212;&#8212;&#8212;&#8212;&#8212;&#8212;&#8211;<br \/>Kdyby to bylo diferencovan\u00e9, kdyby to bylo l\u00e9pe p\u0159izp\u016fsoben\u00e9 t\u011bm konkr\u00e9tn\u00edm \u017eivotn\u00edm situac\u00edm, o kter\u00fdch, trouf\u00e1m si tvrdit, dnes nev\u00ed po\u0159\u00e1dn\u011b ani akademici, to je dal\u0161\u00ed probl\u00e9m d\u016fchodov\u00e9 reformy v \u010cesk\u00e9 republice, \u017ee \u010dasto se ty n\u00e1vrhy, jako kdyby lov\u00ed odn\u011bkud, ale nejsou podlo\u017eeny solidn\u00edmi v\u00fdzkumy, kter\u00e9 by d\u00e1vali lep\u0161\u00ed p\u0159edpoklady pro odpov\u011bdn\u00e9 rozhodov\u00e1n\u00ed v tom smyslu, aby neubl\u00ed\u017eili t\u011bm, kte\u0159\u00ed to pot\u0159ebuj\u00ed, a naopak aby neusnad\u0148ovali situaci t\u011bm, kte\u0159\u00ed to nepot\u0159ebuj\u00ed.<br \/><br \/>Roman FOJTA, moder\u00e1tor<br \/>&#8212;&#8212;&#8212;&#8212;&#8212;&#8212;&#8211;<br \/>A my se na ty konkr\u00e9tn\u00ed dopady budeme pt\u00e1t z\u00e1stupc\u016f seniorsk\u00fdch organizac\u00ed hned po tomto rozhovoru. Zaj\u00edm\u00e1 m\u011b je\u0161t\u011b jedna v\u011bc, j\u00e1 jsem tady vypo\u010d\u00edt\u00e1val ty hlavn\u00ed zm\u011bny v tom syst\u00e9mu penz\u00ed, kter\u00e9 vl\u00e1da je\u0161t\u011b pl\u00e1nuje, kter\u00e9 je\u0161t\u011b bude schvalovat, kdy\u017e se nad t\u00edm zamysl\u00edte, jak se v\u00e1m tyhle kroky l\u00edb\u00ed, co se v\u00e1m tam p\u0159\u00edpadn\u011b nel\u00edb\u00ed, co se v\u00e1m tam p\u0159\u00edpadn\u011b nel\u00edb\u00ed?<br \/><br \/>Martin POT\u016e\u010cEK, analytik ve\u0159ejn\u00e9 politiky, Institut sociologick\u00fdch studi\u00ed FSV UK<br \/>&#8212;&#8212;&#8212;&#8212;&#8212;&#8212;&#8211;<br \/>Mn\u011b se hlavn\u011b nel\u00edb\u00ed ten proces. Ten proces, ve kter\u00e9m na rozd\u00edl od p\u0159edchoz\u00edch dvou obdob\u00ed v t\u00e9 vl\u00e1d\u011b Sobotkov\u011b, kde se m\u011bl tu \u010dest p\u0159edsedat odborn\u00e9 komisi pro d\u016fchodovou reformu a nakonec i v t\u00e9 komisi pan\u00ed Nerudov\u00e9 za ministrov\u00e1n\u00ed pan\u00ed Mal\u00e1\u010dov\u00e9, ty poradn\u00ed sbory, ty komise byly v\u017edy slo\u017eeny z politik\u016f, a\u0165 u\u017e koali\u010dn\u00edch nebo opozi\u010dn\u00edch, z odborn\u00edk\u016f r\u016fzn\u00e9ho lad\u011bn\u00ed, r\u016fzn\u00e9ho zam\u011b\u0159en\u00ed a z p\u0159edstavitel\u016f pr\u00e1v\u011b t\u011bch neziskov\u00fdch organizac\u00ed, kter\u00e9 vyjad\u0159ovaly z\u00e1jmy t\u011bch sou\u010dasn\u00fdch a budouc\u00edch d\u016fchodc\u016f. Jak k tomu p\u0159istoupila sou\u010dasn\u00e1 vl\u00e1da? Cht\u011bla m\u00edt celospole\u010densk\u00fd konsenzus, ale p\u0159itom to p\u0159ipravovala jednak se zpo\u017ed\u011bn\u00edm a jednak v gr\u00e9mi\u00edch, kter\u00e9 si sama vytvo\u0159ila, a\u0165 u\u017e to byl poradn\u00ed sbor pana ministra Jure\u010dky nebo N\u00e1rodn\u00ed ekonomick\u00e1 rada vl\u00e1dy a opozice k tomu byla p\u0159izv\u00e1v\u00e1na ke konzultac\u00edm a\u017e \u00fapln\u011b na konci cel\u00e9ho toho procesu p\u0159\u00edprav a tot\u00e9\u017e se d\u00e1 \u0159\u00edci i o p\u0159\u00edstupu t\u011bch ob\u010dansk\u00fdch sdru\u017een\u00ed, tak\u017ee nerad bych, aby to bylo vn\u00edm\u00e1no&#8230;<br \/><br \/>Roman FOJTA, moder\u00e1tor<br \/>&#8212;&#8212;&#8212;&#8212;&#8212;&#8212;&#8211;<br \/>Promi\u0148te, \u017ee v\u00e1m do toho vstupuju, na druhou stranu nek\u0159ivdili jenom vl\u00e1d\u011b. T\u011bch d\u016fchodov\u00fdch komis\u00ed tady bylo n\u011bkolik, to t\u00e9ma se \u0159e\u0161\u00ed v\u00edce ne\u017e 20 let, tu celospole\u010denskou shodu se nepoda\u0159ilo naj\u00edt za celou tu dobu. Jak si to vysv\u011btlujete. Pro\u010d je to tak \/nesrozumiteln\u00e9\/ t\u00e9ma.<br \/><br \/>Martin POT\u016e\u010cEK, analytik ve\u0159ejn\u00e9 politiky, Institut sociologick\u00fdch studi\u00ed FSV UK<br \/>&#8212;&#8212;&#8212;&#8212;&#8212;&#8212;&#8211;<br \/>Rozum\u00edm v\u00e1m. Nen\u00ed to tak \u00fapln\u011b pravda, nechci jaksi vyvy\u0161ovat tu na\u0161\u00ed komisi, ale my jsme zformulovali 8 z\u00e1v\u011br\u016f z na\u0161eho jedn\u00e1n\u00ed, kter\u00e9 do sou\u010dasn\u00e9 doby u\u017e jsou ukotveny v z\u00e1konech, v platn\u00fdch z\u00e1konech, tak\u017ee tam se k d\u00edl\u010d\u00edmu souhlasu v n\u011bkter\u00fdch aspektech do\u0161lo, nicm\u00e9n\u011b po t\u011bch 3,5 letech na\u0161\u00ed pr\u00e1ce. J\u00e1 jsem v\u00e1m to tady dokonce n\u011bkde, hned v\u00e1m to uk\u00e1\u017eu, jsme zformulovali thesaurus probl\u00e9m\u016f a n\u00e1vrh\u016f k pokra\u010dov\u00e1n\u00ed d\u016fchodov\u00e9 reformy, kde jsme vymezili p\u0159es 20 t\u00e9mat, na kter\u00fdch by se m\u011blo d\u00e1le pokra\u010dovat. A jeden z t\u011bch n\u00e1vrh\u016f byl, \u017ee takhle to s t\u011bmi komisemi d\u00e1l asi nep\u016fjde podle t\u011bch na\u0161ich dobr\u00fdch i \u0161patn\u00fdch zku\u0161enost\u00ed a \u017ee se mus\u00ed soust\u0159edit mnohem v\u00edce jaksi zdroj\u016f a hlavn\u011b organiza\u010dn\u00edho \u00fasil\u00ed na \u00farovni, ne jednoho nebo dvou ministerstev, ale na \u00farovni vl\u00e1dy tak, aby se solidn\u011b p\u0159ipravila d\u016fchodov\u00e1 reforma, kter\u00e1 vydr\u017e\u00ed alespo\u0148 10, 15, ale m\u011bla by vydr\u017eet 20 let. A bohu\u017eel \u017e\u00e1dn\u00e1 z t\u011bch n\u00e1sleduj\u00edc\u00edch vl\u00e1d nebyla schopna tady tuhle tu v\u00fdzvu, kterou jsem dokonce n\u011bkolikr\u00e1t opakoval ve ve\u0159ejn\u00e9m sektoru, vz\u00edt v\u00e1\u017en\u011b, a proto je to te\u010f tady takov\u00e1, nezlobte, nezlobte se, ale ten v\u00fdraz pou\u017eiju, takov\u00e1 sal\u00e1mov\u00e1 metoda, \u017ee se v\u017edycky najde n\u011bjak\u00e9 d\u00edl\u010d\u00ed \u0159e\u0161en\u00ed, n\u011bjak\u00fdm zp\u016fsobem se zd\u016fvodn\u00ed bu\u010f, \u0159ekn\u011bme, regul\u00e9rn\u011b, anebo s v\u011bt\u0161\u00edmi otazn\u00edky. A ten syst\u00e9m, ne, \u017ee se zjednodu\u0161uje, ten syst\u00e9m je vlastn\u011b st\u00e1le slo\u017eit\u011bj\u0161\u00ed.<br \/><br \/>Roman FOJTA, moder\u00e1tor<br \/>&#8212;&#8212;&#8212;&#8212;&#8212;&#8212;&#8211;<br \/>\u0158\u00edk\u00e1 b\u00fdval\u00fd p\u0159edseda odborn\u00e9 komise pro d\u016fchodovou reformu p\u0159i Sobotkov\u011b vl\u00e1d\u011b Martin Pot\u016f\u010dek. D\u011bkuju, \u017ee jste p\u0159i\u0161el. D\u00edky za rozhovor. Hezk\u00fd ve\u010der.<br \/><br \/>&#8212;&#8212;&#8212;&#8212;&#8212;<br \/>Zdra\u017eov\u00e1n\u00ed energi\u00ed postihlo nejv\u00edc lid\u00ed v d\u016fchodu, vypl\u00fdv\u00e1 to z dat ministerstva pr\u00e1ce a soci\u00e1ln\u00edch v\u011bc\u00ed. Pr\u016fm\u011brn\u00e1 dom\u00e1cnost podle rezortu platila v \u010dervnu za energie o 62 % v\u00edc ne\u017e p\u0159ed 2 lety, penzist\u016fm ale v\u00fddaje stouply o 73 %. Po \u00fahrad\u011b energi\u00ed tak maj\u00ed k dispozici o 9 % m\u00e9n\u011b pen\u011bz.<br \/><br \/>Marian JURE\u010cKA,\u00a0<strong>ministr<\/strong>\u00a0<strong>pr\u00e1ce<\/strong>\u00a0a soci\u00e1ln\u00edch v\u011bc\u00ed, p\u0159edseda strany \/KDU-\u010cSL\/<br \/>&#8212;&#8212;&#8212;&#8212;&#8212;&#8212;&#8211;<br \/>Kdy\u017e zohledn\u00edme \u010dist\u00fd p\u0159\u00edjem r\u016fzn\u00fdch socioekonomick\u00fdch skupin, tak pr\u016fm\u011brn\u00e1 dom\u00e1cnost za to dvoulet\u00e9 obdob\u00ed ztratila 5,6 % sv\u00e9ho \u010dist\u00e9ho p\u0159\u00edjmu. A kdy\u017e shrneme ty nejv\u00edce\u00a0<strong>posti\u017een\u00e9<\/strong>\u00a0skupiny za toto dvoulet\u00e9 obdob\u00ed, tak ta ztr\u00e1ta byla 9,3 % \u010dist\u00e9ho p\u0159\u00edjmu u penzist\u016f, u n\u00edzkop\u0159\u00edjmov\u00fdch rodin to bylo 7,4 %, u vlastn\u00edk\u016f dom\u016f 7 % a rodiny z nejmen\u0161\u00edch obc\u00ed \u010di ne\u00fapln\u00e9 rodiny byly 7 % a 6,9 %. Kdy\u017e se pod\u00edv\u00e1me na je\u0161t\u011b podrobn\u011bj\u0161\u00ed data, \u0159ekn\u011bme, toho meziro\u010dn\u00edho n\u00e1r\u016fstu cen energi\u00ed podle skupin spot\u0159ebitel\u016f, tak u t\u011bchto dat vid\u00edme v tom obdob\u00ed \u010derven 2022 a\u017e \u010derven 2023 velmi podrobn\u00fd rozpad. Tady se opravdu jasn\u011b ukazuje, \u017ee t\u00edm nejv\u00edce zasa\u017een\u00fdm, nebo tou nejv\u00edce zasa\u017eenou skupinou byli pr\u00e1v\u011b penzist\u00e9.<br \/><br \/>Roman FOJTA, moder\u00e1tor<br \/>&#8212;&#8212;&#8212;&#8212;&#8212;&#8212;&#8211;<br \/>P\u0159id\u00e1me dal\u0161\u00ed koment\u00e1\u0159. Hosty ve vys\u00edl\u00e1n\u00ed jsou Lenka Desatov\u00e1, p\u0159edsedkyn\u011b Rady senior\u016f \u010cesk\u00e9 republiky. Dobr\u00fd ve\u010der.<br \/><br \/>A tak\u00e9 Jaroslav Reichl Lorman, \u0159editel nadace \u017divot 90. I v\u00e1m p\u0159eju dobr\u00fd ve\u010der.<br \/><br \/>Pan\u00ed Desatov\u00e1, pr\u016fm\u011brn\u00fd d\u016fchod v sou\u010dasnosti dosahuje v\u00fd\u0161e 20 216 K\u010d, jak se \u017eije s takovou \u010d\u00e1stkou za t\u00e9hle inflace, kterou m\u00e1me?<br \/><br \/>Lenka DESATOV\u00c1, p\u0159edsedkyn\u011b, Rada senior\u016f \u010cR<br \/>&#8212;&#8212;&#8212;&#8212;&#8212;&#8212;&#8211;<br \/>Tak z\u00e1le\u017e\u00ed na tom, kde bydl\u00edte a jestli m\u00e1te vlastn\u00ed bydlen\u00ed nebo n\u00e1jemn\u00ed, proto\u017ee senio\u0159i, kte\u0159\u00ed bydl\u00ed v n\u00e1jemn\u00edm bydlen\u00ed ve velk\u00fdch m\u011bstech, to je \u00fapln\u011b extra kapitola, kter\u00e9 se \u017eije asi nejh\u016f\u0159e. Samoz\u0159ejm\u011b, pokud n\u011bkdo m\u00e1 vlastn\u00ed bydlen\u00ed, tak ty n\u00e1klady jsou p\u0159ece jenom o n\u011bco ni\u017e\u0161\u00ed, nicm\u00e9n\u011b je t\u0159eba je\u0161t\u011b dodat, \u017ee 50 % senior\u016f na ten pr\u016fm\u011brn\u00fd d\u016fchod nedosahuje. Tak\u017ee tu \u010d\u00e1stku 20 000 rozhodn\u011b nedost\u00e1vaj\u00ed a touto optikou je t\u0159eba se na to koukat.<br \/><br \/>Roman FOJTA, moder\u00e1tor<br \/>&#8212;&#8212;&#8212;&#8212;&#8212;&#8212;&#8211;<br \/>Pane Lormane, va\u0161e nadace provozuje mimo jin\u00e9 Linku d\u016fv\u011bry. Jak \u010dasto se b\u011bhem telefon\u00e1tu setk\u00e1v\u00e1te s ekonomick\u00fdmi obavami senior\u016f?<br \/><br \/>Jaroslav REICHL LORMAN, \u0159editel, \u017divot 90<br \/>&#8212;&#8212;&#8212;&#8212;&#8212;&#8212;&#8211;<br \/>Tak s t\u011bmi obavami se setk\u00e1v\u00e1me od po\u010d\u00e1tku ekonomick\u00e9 krize. Skute\u010dn\u011b ta situace seniory a seniorky tr\u00e1p\u00ed. \u0158e\u0161\u00ed to, \u017ee jim miz\u00ed \u00faspory, kter\u00e9 m\u011bli na sv\u00e9 st\u00e1\u0159\u00ed, ale ta situace je skute\u010dn\u011b r\u016fzn\u00e1, u r\u016fzn\u00fdch, r\u016fzn\u00fdch lid\u00ed, mus\u00edm tvrdit to, co bylo \u0159e\u010deno u\u017e n\u011bkolikr\u00e1t p\u0159ede mnou, v\u011bt\u0161ina nebo v\u011bt\u0161ina t\u011bch \u010desk\u00fdch senior\u016f, seniorek na ten pr\u016fm\u011brn\u00fd d\u016fchod nedos\u00e1hne a zkuste si ve velk\u00e9m m\u011bst\u011b v Praze, dejme tomu, vy\u017e\u00edt s 20 000.<br \/><br \/>Roman FOJTA, moder\u00e1tor<br \/>&#8212;&#8212;&#8212;&#8212;&#8212;&#8212;&#8211;<br \/>Pan\u00ed Desatov\u00e1, jak \u010dast\u00e9 jsou p\u0159\u00edpady, kdy senior nevy\u017eije se sv\u00fdm d\u016fchodem, \u017ee prost\u011b ten d\u016fchod nepokryje ani ty z\u00e1kladn\u00ed \u017eivotn\u00ed pot\u0159eby?<br \/><br \/>Lenka DESATOV\u00c1, p\u0159edsedkyn\u011b, Rada senior\u016f \u010cR<br \/>&#8212;&#8212;&#8212;&#8212;&#8212;&#8212;&#8211;<br \/>J\u00e1 nev\u00edm, jak \u010dast\u00e9 to je, nicm\u00e9n\u011b&#8230;<br \/><br \/>Roman FOJTA, moder\u00e1tor<br \/>&#8212;&#8212;&#8212;&#8212;&#8212;&#8212;&#8211;<br \/>Z va\u0161\u00ed praxe.<br \/><br \/>Lenka DESATOV\u00c1, p\u0159edsedkyn\u011b, Rada senior\u016f \u010cR<br \/>&#8212;&#8212;&#8212;&#8212;&#8212;&#8212;&#8211;<br \/>Je to odborn\u00e9, je to odborn\u00e9 soci\u00e1ln\u00ed poradenstv\u00ed, tak jsme zaznamenali loni 30% n\u00e1r\u016fst senior\u016f, kte\u0159\u00ed se k n\u00e1m chod\u00ed radit a z velk\u00e9 \u010d\u00e1sti to byli pr\u00e1v\u011b senio\u0159i, kter\u00e9 tr\u00e1pily velk\u00e9, velk\u00e9 ceny energie, velk\u00e9 z\u00e1lohy, velk\u00e9 nedoplatky a nev\u011bd\u011bli si s t\u00edm rady. Ono to, \u017ee senio\u0159i jsou tou energetickou kriz\u00ed v podstat\u011b je\u0161t\u011b v\u00edce zat\u00ed\u017eeni ne\u017e v\u011bt\u0161inov\u00e1 populace, je d\u00e1no i t\u00edm, \u017ee spousta lid\u00ed st\u0159edn\u00edho v\u011bku se um\u00ed br\u00e1nit, pokava\u010f se jim z\u00e1lohy nel\u00edb\u00ed, um\u00ed obvolat n\u011bkolik poskytovatel\u016f a tu cenu si sn\u00ed\u017eit i t\u00edm, \u017ee si ud\u011bl\u00e1 popt\u00e1vkov\u00e9 \u0159\u00edzen\u00ed, ale senior v podstat\u011b t\u00e9to mo\u017enosti nevyu\u017e\u00edv\u00e1, je to pro n\u011bj n\u011bco nep\u0159edstaviteln\u00e9ho, z\u016fst\u00e1v\u00e1 v\u011bt\u0161inou u sv\u00e9ho poskytovatele energi\u00ed, a pokud mu nepom\u016f\u017ee rodina nebo bl\u00edzk\u00e9 okol\u00ed, tak potom se dost\u00e1v\u00e1 do situace, kdy se uskrov\u0148uje na \u00fakor sv\u00e9ho zdrav\u00ed, sv\u00fdch pot\u0159eb, proto\u017ee t\u0159eba utr\u00e1c\u00ed m\u00e9n\u011b za zdrav\u00e9 j\u00eddlo a d\u00e1v\u00e1 to pr\u00e1v\u011b do t\u011bch energi\u00ed, tak\u017ee ten po\u010det senior\u016f se skute\u010dn\u011b zvy\u0161uje.<br \/><br \/>Roman FOJTA, moder\u00e1tor<br \/>&#8212;&#8212;&#8212;&#8212;&#8212;&#8212;&#8211;<br \/>Pokud u\u017e nen\u00ed mo\u017en\u00e9 se d\u00e1le uskrom\u0148ovat, nen\u00ed k dispozici ani pomoc rodiny, jakou jinou mo\u017enost maj\u00ed senio\u0159i, kter\u00fdm pr\u00e1v\u011b do d\u016fchodu nepokr\u00fdv\u00e1 ani z\u00e1kladn\u00ed pot\u0159eby? Co jim v takov\u00fdch p\u0159\u00edpadech rad\u00edte?<br \/><br \/>Lenka DESATOV\u00c1, p\u0159edsedkyn\u011b, Rada senior\u016f \u010cR<br \/>&#8212;&#8212;&#8212;&#8212;&#8212;&#8212;&#8211;<br \/>My jim v ka\u017ed\u00e9m p\u0159\u00edpad\u011b rad\u00edme zkusit po\u017e\u00e1dat o p\u0159\u00edsp\u011bvek na bydlen\u00ed. V n\u011bkter\u00fdch p\u0159\u00edpadech, kdy jsou na tom opravdu \u0161patn\u011b, vypo\u010d\u00edt\u00e1me, \u017ee by m\u011bli n\u00e1rok i na doplatek na bydlen\u00ed. A pokud se jedn\u00e1 o okam\u017eit\u00e9 pen\u00edze, kdy jsme \u0159e\u0161ili t\u0159eba nedoplatky 20, 30 000 za elektrickou energii za rok, tak pom\u00e1h\u00e1me pod\u00e1vat \u017e\u00e1dosti o mimo\u0159\u00e1dnou d\u00e1vku okam\u017eit\u00e9 hmotn\u00e9 pomoci, kde je ov\u0161em probl\u00e9m, \u017ee ta d\u00e1vka nen\u00ed n\u00e1rokov\u00e1 a je to v podstat\u011b na rozhodnut\u00ed dan\u00e9ho \u00fa\u0159adu pr\u00e1ce, jestli tu d\u00e1vku p\u0159id\u011bl\u00ed nebo ne. A druh\u00e1 v\u011bc samoz\u0159ejm\u011b je, \u017ee zpracov\u00e1n\u00ed t\u011bch d\u00e1vek n\u011bjakou dobu trv\u00e1 a jde je\u0161t\u011b o to, jak vy\u0159e\u0161it obdob\u00ed 2-3 m\u011bs\u00edc\u016f, ne\u017e je ta d\u00e1vka poskytnuta.<br \/><br \/>Roman FOJTA, moder\u00e1tor<br \/>&#8212;&#8212;&#8212;&#8212;&#8212;&#8212;&#8211;<br \/>Pane Lormane, m\u00e1me tady dotaz div\u00e1ka, Michal Weber se pt\u00e1: &#8222;Z jak\u00e9ho d\u016fvodu st\u00e1t neum\u00ed d\u016fchodc\u016fm s nejni\u017e\u0161\u00edmi d\u016fchody automaticky p\u0159iznat a vypl\u00e1cet jako sou\u010d\u00e1st d\u016fchodu alespo\u0148 \u010d\u00e1st p\u0159\u00edsp\u011bvku na bydlen\u00ed, na kter\u00fd nejsp\u00ed\u0161e maj\u00ed n\u00e1rok?&#8220;<br \/><br \/>Jaroslav REICHL LORMAN, \u0159editel, \u017divot 90<br \/>&#8212;&#8212;&#8212;&#8212;&#8212;&#8212;&#8211;<br \/><br \/>No, j\u00e1 mysl\u00edm, \u017ee to je pochopiteln\u011b z toho d\u016fvodu, \u017ee to nen\u00ed mo\u017en\u00e9 uznat takto plo\u0161n\u011b, \u017ee tam skute\u010dn\u011b z\u00e1le\u017e\u00ed na t\u011bch p\u0159\u00edjmech, kter\u00e9 ten dan\u00fd \u010dlov\u011bk m\u00e1 a na t\u011bch n\u00e1kladech, kter\u00e9 s bydlen\u00edm souvis\u00ed, to znamen\u00e1, to, \u017ee to nen\u00ed takto plo\u0161n\u011b d\u00e1no, to si mysl\u00edm, \u017ee nen\u00ed, nen\u00ed v nepo\u0159\u00e1dku.<br \/><br \/>Roman FOJTA, moder\u00e1tor<br \/>&#8212;&#8212;&#8212;&#8212;&#8212;&#8212;&#8211;<br \/>Je\u0161t\u011b jedna v\u011bc. U\u017e v \u010dervnu vl\u00e1da na posledn\u00ed chv\u00edli zpomalovala mimo\u0159\u00e1dnou valorizaci penz\u00ed, d\u016fchodci dostali p\u0159id\u00e1no zhruba o 1 000 K\u010d m\u00e9n\u011b, ne\u017e m\u011bli dostat podle p\u0159edchoz\u00edch pravidel. Tam jste registrovali nebo s odstupem \u010dasu registrujete n\u011bjak\u00e9 z\u00e1sadn\u00ed negativn\u00ed dopady na \u017eivotn\u00ed \u00farove\u0148 senior\u016f?<br \/><br \/>Jaroslav REICHL LORMAN, \u0159editel, \u017divot 90<br \/>&#8212;&#8212;&#8212;&#8212;&#8212;&#8212;&#8211;<br \/>T\u011b\u017eko se to d\u00e1 takto \u0159\u00edct, to skute\u010dn\u011b vid\u00edme u na\u0161ich, u na\u0161ich klient\u016f, lid\u00ed, kte\u0159\u00ed se na n\u00e1s obracej\u00ed t\u0159eba na Senior telefonu, nebo kte\u0159\u00ed se obrac\u00ed v poradn\u00e1ch, tak po\u010d\u00edtaj\u00ed, \u017ee skute\u010dn\u011b \u0161et\u0159\u00ed, \u017ee se sna\u017e\u00ed spo\u0159it, \u017ee spo\u0159\u00ed na j\u00eddle, \u017ee spo\u0159\u00ed na sv\u00fdch, na sv\u00fdch n\u00e1kladech, na sv\u00fdch v\u00fddaj\u00edch. Z\u00e1rove\u0148 vid\u00edme, \u017ee velkou roli hraje tak\u00e9 to, jak je ta dom\u00e1cnost slo\u017een\u00e1, jestli je ten \u010dlov\u011bk s\u00e1m a bydl\u00ed v byt\u011b s\u00e1m, nebo jestli bydl\u00ed s partnerem, s man\u017eelem, s rodinou, to v\u0161echno tam hraje velkou roli, ale samoz\u0159ejm\u011b ta situace nen\u00ed r\u016f\u017eov\u00e1. Na druhou stranu mus\u00edme p\u0159ipustit i to, co u\u017e bylo \u0159e\u010deno od pana profesora Pot\u016f\u010dka, cel\u00e1 \u0159ada star\u0161\u00edch lid\u00ed na tom finan\u010dn\u011b nen\u00ed \u0161patn\u011b, setk\u00e1v\u00e1me se i s t\u00edm, \u017ee ch\u00e1pou celou tu situaci a \u017ee maj\u00ed vlastn\u011b dost, jsou zvykl\u00ed \u0161et\u0159it a vych\u00e1zet velmi, velmi \u00fasporn\u011b.<br \/><br \/>Roman FOJTA, moder\u00e1tor<br \/>&#8212;&#8212;&#8212;&#8212;&#8212;&#8212;&#8211;<br \/>20 700 K\u010d, zhruba takov\u00e9 v\u00fd\u0161e m\u00e1 v lednu dos\u00e1hnout pr\u016fm\u011brn\u00fd starobn\u00ed d\u016fchod, odhadlo to ministerstvo pr\u00e1ce a soci\u00e1ln\u00edch v\u011bc\u00ed. Kdy\u017e se pod\u00edv\u00e1me na v\u00fdvoj za posledn\u00ed roky, tak vid\u00edme, \u017ee d\u0159\u00edve penze rostly pozvoln\u011bji, zhruba tempem 1 000 K\u010d za rok. Mezi lety 2021 a 2022 u\u017e je ale patrn\u00e9 skokov\u00e9 zv\u00fd\u0161en\u00ed. Pr\u016fm\u011br stoupl o v\u00edc ne\u017e 2 500. Posledn\u00ed statistiku m\u00e1 soci\u00e1ln\u00ed spr\u00e1va za \u010derven, pr\u016fm\u011brn\u00fd d\u016fchod p\u0159esahoval 20 200 K\u010d, co\u017e je o 2 000 v\u00edc ne\u017e na konci roku. Pokra\u010dujeme v rozhovoru, m\u00e1me tady dotaz div\u00e1ka, Jirka se pt\u00e1: &#8222;Ceny se od konce roku 2019 do konce roku 2023 zv\u00fd\u0161\u00ed asi o 35 %, pr\u016fm\u011brn\u00fd d\u016fchod by po t\u00e9to valorizaci m\u011bl b\u00fdt 20 693 K\u010d, na konci roku 2019 byl dle \u010cS\u00da 13 487 K\u010d, to je r\u016fst o 53 %. To nesta\u010d\u00ed? Pro\u010d opozice a \u010d\u00e1st ve\u0159ejnosti po\u017eaduj\u00ed v\u00edc na \u00fakor zadlu\u017een\u00ed?&#8220; Pan\u00ed Desatov\u00e1, co byste div\u00e1kovi odpov\u011bd\u011bla?<br \/><br \/>Lenka DESATOV\u00c1, p\u0159edsedkyn\u011b, Rada senior\u016f \u010cR<br \/>&#8212;&#8212;&#8212;&#8212;&#8212;&#8212;&#8211;<br \/>No, je to pr\u00e1v\u011b o tom, \u017ee tam hr\u00e1la velkou roli ta mimo\u0159\u00e1dn\u00e1 valorizace, kdy valorizov\u00e1ny byly d\u016fchody hned t\u0159ikr\u00e1t a ta mimo\u0159\u00e1dn\u00e1 valorizace bohu\u017eel byla nastavena na p\u0159\u00edpad, \u017ee pravd\u011bpodobn\u011b nastane jednou za dlouh\u00e9 obdob\u00ed. Nelze vy\u010d\u00edtat asi t\u011bm, kdo toto ustanoven\u00ed do z\u00e1kona d\u00e1vali, \u017ee nep\u0159edpokl\u00e1dali, \u017ee obrovsk\u00e1 inflace vydr\u017e\u00ed del\u0161\u00ed \u010dasov\u00e9 obdob\u00ed, a t\u00edm se stalo to, \u017ee daleko v\u00edce ne\u017e on\u011bch 2 500 dost\u00e1vali lid\u00e9 s vysok\u00fdmi d\u016fchody a naopak lidi, kte\u0159\u00ed nedos\u00e1hli na ten pr\u016fm\u011brn\u00fd d\u016fchod, dostali v\u00fdrazn\u011b m\u00e9n\u011b a jsme zase u toho, \u017ee v\u00edce ne\u017e 50 % senior\u016f na tu pr\u016fm\u011brnou penzi nedosahuje a ti tedy nedos\u00e1hli ani zdaleka na on\u011bch 53 % a o t\u011bch se tady bav\u00edme, pokud se bav\u00edme o t\u011bch seniorech, kter\u00fdm se nevede dob\u0159e. U t\u00e9 mimo\u0159\u00e1dn\u00e9 valorizace nav\u00edc bylo nastaveno to, \u017ee ta valorizace se prom\u00edtala do ka\u017ed\u00e9 dal\u0161\u00ed valorizace a do v\u00fd\u0161e d\u016fchod\u016f, nebylo to tedy nic mimo\u0159\u00e1dn\u00e9ho jako mimo\u0159\u00e1dn\u00e1 d\u00e1vka, kterou nyn\u00ed ministerstvo navrhuje. A pr\u00e1v\u011b proto do\u0161lo k tomu enormn\u00edmu n\u00e1r\u016fstu, ale zase ti, co to v podstat\u011b tolik nepot\u0159ebovali, tak maj\u00ed daleko v\u00edc ne\u017e 53 % a ti nejzraniteln\u011bj\u0161\u00ed, t\u011bm ta inflace pokryta nebyla.<br \/><br \/>Roman FOJTA, moder\u00e1tor<br \/>&#8212;&#8212;&#8212;&#8212;&#8212;&#8212;&#8211;<br \/>Pane Lormane, u\u017e jsme tady mluvili o d\u016fchodov\u00e9 novele, kter\u00e1 za\u010dne platit od \u0159\u00edjna, konkr\u00e9tn\u011b o tom zp\u0159\u00edsn\u011bn\u00ed podm\u00ednek pro p\u0159ed\u010dasn\u00fd odchod do d\u016fchodu. Co na tu zm\u011bnu \u0159\u00edk\u00e1te, jak na ty podm\u00ednky nastaven\u00ed parametr\u016f, tak na to, \u017ee to za\u010dne platit pom\u011brn\u011b n\u00e1hle, co\u017e kritizuje opozice nebo i prezident?<br \/><br \/>Jaroslav REICHL LORMAN, \u0159editel, \u017divot 90<br \/>&#8212;&#8212;&#8212;&#8212;&#8212;&#8212;&#8211;<br \/>J\u00e1 si mysl\u00edm, \u017ee ta kritika je pochopiteln\u00e1, skute\u010dn\u011b ten n\u00e1hl\u00fd n\u00e1stup nebo ta zm\u011bna, kter\u00e1 je vlastn\u011b z m\u011bs\u00edce na m\u011bs\u00edc, tak je n\u011bco, co je obt\u00ed\u017en\u00e9, t\u011b\u017eko pochopiteln\u00e9 a t\u011b\u017eko se obhajuje. Na druhou stranu je srozumiteln\u00e9 to, \u017ee se vl\u00e1da t\u00edmhle t\u00edm sm\u011brem vlastn\u011b vyd\u00e1v\u00e1, ale skute\u010dn\u011b ta kritika, mysl\u00edm si, \u017ee je pochopiteln\u011b na m\u00edst\u011b.<br \/><br \/>Roman FOJTA, moder\u00e1tor<br \/>&#8212;&#8212;&#8212;&#8212;&#8212;&#8212;&#8211;<br \/>Z va\u0161\u00ed zku\u0161enosti, pokud budou star\u0161\u00ed lid\u00e9 d\u00e9le z\u016fst\u00e1vat na trhu pr\u00e1ce, najdou v tom p\u0159edd\u016fchodov\u00e9m v\u011bku pr\u00e1ci, maj\u00ed o n\u011b zam\u011bstnavatel\u00e9 z\u00e1jem.<br \/><br \/>Jaroslav REICHL LORMAN, \u0159editel, \u017divot 90<br \/>&#8212;&#8212;&#8212;&#8212;&#8212;&#8212;&#8211;<br \/>Je to samoz\u0159ejm\u011b pot\u00ed\u017e. V\u00edme, \u017ee ta nezam\u011bstnanost v tom p\u0159edd\u016fchodov\u00e9m v\u011bku je vysok\u00e1, \u017ee ti lid\u00e9 \u0159e\u0161\u00ed celou \u0159adu dal\u0161\u00edch probl\u00e9m\u016f, dejme tomu, s p\u00e9\u010d\u00ed o sv\u00e9 bl\u00edzk\u00e9 a tak d\u00e1l, ale mysl\u00edm si, \u017ee je spr\u00e1vn\u00e1 ta \u00favaha nebo ta snaha o to, aby \u010dlov\u011bk z\u016fst\u00e1val na trhu pr\u00e1ce tak dlouho, dokud chce a dokud je mo\u017en\u00e9, aby tam byl, to znamen\u00e1, c\u00edlem, mysl\u00edm si, \u017ee na\u0161\u00edm c\u00edlem skute\u010dn\u011b nen\u00ed, aby lid\u00e9 p\u0159ed\u010dasn\u011b d\u0159\u00edve odch\u00e1zeli do d\u016fchodu, maj\u00ed co nab\u00eddnout, pokud mohou, pokud samoz\u0159ejm\u011b jim to zdrav\u00ed umo\u017e\u0148uje.<br \/><br \/>Roman FOJTA, moder\u00e1tor<br \/>&#8212;&#8212;&#8212;&#8212;&#8212;&#8212;&#8211;<br \/>Pan\u00ed Desatov\u00e1, pr\u00e1v\u011b na v\u00e1s tu ot\u00e1zku obr\u00e1t\u00edme, maj\u00ed lid\u00e9 v p\u0159edd\u016fchodov\u00e9m v\u011bku z\u00e1jem pracovat? A p\u0159\u00edpadn\u011b z va\u0161\u00ed zku\u0161enosti, jak\u00e9 b\u00fdvaj\u00ed ty nej\u010dast\u011bj\u0161\u00ed d\u016fvody pro odchod do p\u0159ed\u010dasn\u00e9ho d\u016fchodu?<br \/><br \/>Lenka DESATOV\u00c1, p\u0159edsedkyn\u011b, Rada senior\u016f \u010cR<br \/>&#8212;&#8212;&#8212;&#8212;&#8212;&#8212;&#8211;<br \/>Tak z na\u0161\u00ed zku\u0161enosti ti lid\u00e9 z\u00e1jem pracovat maj\u00ed, a dokonce nejenom v p\u0159edd\u016fchodov\u00e9m, ale i d\u016fchodov\u00e9m v\u011bku. To, po \u010dem hodn\u011b volaj\u00ed, jsou zkr\u00e1cen\u00e9 pracovn\u00ed \u00favazky, ov\u0161em v\u017edycky dod\u00e1vaj\u00ed, \u017ee to mus\u00ed b\u00fdt zkr\u00e1cen\u00fd pracovn\u00ed \u00favazek smyslupln\u00fd, to jest, \u017ee za polovinu pen\u011bz ud\u011bl\u00e1m skute\u010dn\u011b polovinu pr\u00e1ce nebo v\u011bnuj\u00ed polovi\u010dn\u00ed \u010das, a ne to, s \u010d\u00edm se n\u011bkte\u0159\u00ed setkali a \u0159e\u0161ili jsme to taky, \u017ee v podstat\u011b zkr\u00e1cen\u00fd \u00favazek znamenal akor\u00e1t i ni\u017e\u0161\u00ed pen\u00edze a stejnou pracovn\u00ed z\u00e1t\u011b\u017e. Ti lid\u00e9 u\u017e necht\u011bj\u00ed b\u00fdt pod takov\u00fdm tlakem, nec\u00edt\u00ed se na to odv\u00e1d\u011bt pln\u00fd v\u00fdkon 8 hodin, ale 4, 6 hodin ve zkr\u00e1cen\u00e9m \u00favazku jim rozhodn\u011b nevad\u00ed. To je prvn\u00ed \u010d\u00e1st ot\u00e1zky. Tak\u017ee zcela jist\u011b z\u00e1jem je. A j\u00e1 bych na tomto m\u00edst\u011b r\u00e1da uvedla i pr\u016fzkum Hospod\u00e1\u0159sk\u00e9 komory \u010cesk\u00e9 republiky, kter\u00fd jsme iniciovali a do kter\u00e9ho jsme jako rada senior\u016f byli zapojeni a z n\u011bho se ukazuje, \u017ee i firmy vn\u00edmaj\u00ed seniory jako p\u0159\u00ednosn\u00e9, \u017ee naopak zhruba 40 % firem nem\u00e1 \u017e\u00e1dnou p\u0159ek\u00e1\u017eku v tom zam\u011bstn\u00e1vat lidi p\u0159ed seniorsk\u00e9ho a seniorsk\u00e9ho v\u011bku, u toho p\u0159ed seniorsk\u00e9ho je to dokonce je\u0161t\u011b vy\u0161\u0161\u00ed \u010d\u00edslo. A \u017ee naopak vn\u00edmaj\u00ed tyto pracovn\u00edky jako velmi zku\u0161en\u00e9 loaj\u00e1ln\u00ed a s velkou pracovn\u00ed mor\u00e1lkou, \u017ee mohou j\u00edt p\u0159\u00edkladem. Tak\u017ee j\u00e1 bych \u0159ekla, \u017ee to, \u017ee ti lid\u00e9 jsou nezam\u011bstnateln\u00ed, je takov\u00e9 kli\u0161\u00e9, kter\u00e9 se tu v\u017eilo, ale ve sv\u00e9 podstat\u011b u\u017e i firmy se na to koukaj\u00ed jinak. To, pro\u010d ti lid\u00e9 odch\u00e1zej\u00ed do p\u0159ed\u010dasn\u00e9ho d\u016fchodu a vol\u00ed to, je pr\u00e1v\u011b to, \u017ee nemohou naj\u00edt ten zkr\u00e1cen\u00fd pracovn\u00ed \u00favazek, kter\u00fd by jim vyhovoval, anebo \u017ee mus\u00ed \u0159e\u0161it probl\u00e9m p\u00e9\u010de o sv\u00e9ho bl\u00edzk\u00e9ho. Ono p\u016fl roku nebo 3 m\u011bs\u00edce o\u0161et\u0159ovn\u00e9ho o star\u0161\u00edho \u010dlov\u011bka v\u00e1m \u0159e\u0161\u00ed jeden \u00faraz v nemocnici, ale ne\u0159e\u0161\u00ed v\u00e1m to dlouhodobou p\u00e9\u010di, kterou n\u011bkdo bl\u00edzk\u00fd pot\u0159ebuje. A v ten moment, kdy\u017e se o toho \u010dlov\u011bka skute\u010dn\u011b pot\u0159ebujete starat 24 hodin denn\u011b, tak si nem\u016f\u017eete dovolit k tomu b\u00fdt zam\u011bstn\u00e1n, proto ti lid\u00e9 velmi \u010dasto odch\u00e1zej\u00ed.<br \/><br \/>Roman FOJTA, moder\u00e1tor<br \/>&#8212;&#8212;&#8212;&#8212;&#8212;&#8212;&#8211;<br \/>Pane Lormane, pokud odhl\u00e9dneme od t\u011bch nebo bezprost\u0159edn\u00edch dopad\u016f, kter\u00e9 te\u010f vl\u00e1da \u0159e\u0161ila, tak ty hlavn\u00ed zm\u011bny v d\u016fchodov\u00e9m syst\u00e9mu bude teprve vl\u00e1da schvalovat, dotknou se dne\u0161n\u00edch lid\u00ed v produktivn\u00edm v\u011bku. Z toho, co zat\u00edm bylo p\u0159edstaveno, jak se v\u00e1m ty navrhovan\u00e9 zm\u011bny zamlouvaj\u00ed?<br \/><br \/>Jaroslav REICHL LORMAN, \u0159editel, \u017divot 90<br \/>&#8212;&#8212;&#8212;&#8212;&#8212;&#8212;&#8211;<br \/>No, ty navrhovan\u00e9 zm\u011bny jsou samoz\u0159ejm\u011b n\u011bco, co lze o\u010dek\u00e1vat, vid\u00edme v \u010desk\u00e9 spole\u010dnosti, \u017ee nen\u00ed \u017e\u00e1dn\u00e1, \u017ee nen\u00ed \u017e\u00e1dn\u00fd velk\u00fd odpor, tak jak to vid\u00edme t\u0159eba ve Francii nebo, nebo v jin\u00fdch st\u00e1tech, ale ty zm\u011bny z m\u00e9ho pohledu a z pohledu i na\u0161\u00ed organizace, jak m\u00e1me zku\u0161enosti, tak jsou pochopiteln\u00e9, jsou vn\u00edm\u00e1ny jako srozumiteln\u00e9.<br \/><br \/>Roman FOJTA, moder\u00e1tor<br \/>&#8212;&#8212;&#8212;&#8212;&#8212;&#8212;&#8211;<br \/>Nap\u0159\u00edklad hodn\u011b emoc\u00ed vyvol\u00e1v\u00e1 hranice pro odchod do d\u016fchodu. Nakonec bude klouzav\u00e1 a bude se \u0159\u00eddit podle v\u00fdvoje doby do\u017eit\u00ed. Je zrovna tohle dob\u0159e? Nem\u011bla by se vl\u00e1da sp\u00ed\u0161 \u0159\u00eddit t\u00edm krit\u00e9riem do\u017eit\u00ed ve zdrav\u00ed?<br \/><br \/>Jaroslav REICHL LORMAN, \u0159editel, \u017divot 90<br \/>&#8212;&#8212;&#8212;&#8212;&#8212;&#8212;&#8211;<br \/>Samoz\u0159ejm\u011b, \u017ee by bylo vhodn\u011bj\u0161\u00ed do\u017eit\u00ed ve zdrav\u00ed jako krit\u00e9rium, proto\u017ee ne ka\u017ed\u00e9mu, nebo nelze to m\u011b\u0159it pau\u0161\u00e1ln\u011b pro v\u0161echny, tak\u017ee na tuhle tu ot\u00e1zku mus\u00edm odpov\u011bd\u011bt ano, do\u017eit\u00ed ve zdrav\u00ed by bylo mnohem vhodn\u011bj\u0161\u00ed krit\u00e9rium. Na druhou stranu nen\u00ed to jednodu\u0161e uplatiteln\u00e9.<br \/><br \/>Roman FOJTA, moder\u00e1tor<br \/>&#8212;&#8212;&#8212;&#8212;&#8212;&#8212;&#8211;<br \/>Rozum\u00edm. Pan\u00ed Desatov\u00e1, jste tak\u00e9 tak shov\u00edvav\u00e1 k tomu, co vl\u00e1da chyst\u00e1 v syst\u00e9mu penz\u00ed?<br \/><br \/>Lenka DESATOV\u00c1, p\u0159edsedkyn\u011b, Rada senior\u016f \u010cR<br \/>&#8212;&#8212;&#8212;&#8212;&#8212;&#8212;&#8211;<br \/>Tak pokava\u010f to bude p\u0159edv\u00eddateln\u00e9 a ti lid\u00e9 se budou moct p\u0159ipravit dlouho dop\u0159edu, tak samoz\u0159ejm\u011b ano, v\u0161ichni asi ch\u00e1pou, \u017ee n\u011bjak\u00e1 reforma skute\u010dn\u011b pot\u0159eba je, nicm\u00e9n\u011b je pot\u0159eba d\u00e1t \u010das a prostor lidem se na to skute\u010dn\u011b n\u011bjak\u00fdm zp\u016fsobem p\u0159ipravit. A j\u00e1 nejsem \u00fapln\u011b optimistick\u00e1 v tom, \u017ee si ka\u017ed\u00fd dok\u00e1\u017ee na d\u016fchod naspo\u0159it dostate\u010dn\u00e9 mno\u017estv\u00ed prost\u0159edk\u016f ve chv\u00edli, kdy v\u011bt\u0161inu va\u0161ich p\u0159\u00edjm\u016f n\u00e1m tady spolknou hypot\u00e9ky nebo n\u00e1jmy a p\u00e9\u010de o d\u011bti. J\u00e1 jsem p\u0159esv\u011bd\u010dena o tom, \u017ee ani lid\u00e9 s pr\u016fm\u011brn\u00fdm p\u0159\u00edjmem si nem\u016f\u017eou odkl\u00e1dat 5-10 000 m\u011bs\u00ed\u010dn\u011b na jednoho, pota\u017emo 2 lidi pro to, aby si spo\u0159ili na d\u016fchod. A pak je tu samoz\u0159ejm\u011b je\u0161t\u011b dal\u0161\u00ed ot\u00e1zka, kam ty pen\u00edze ulo\u017e\u00edte. Kdo v\u00e1m za garantuje, \u017ee za t\u011bch 30, 40 let skute\u010dn\u011b budou m\u00edt alespo\u0148 tu hodnotu, v jak\u00e9 je tam ukl\u00e1d\u00e1te. To je dal\u0161\u00ed obrovsk\u00e9 riziko, a proto jsme podporovali i jeden z n\u00e1vrh\u016f odborn\u00e9 komise, pana Pot\u016f\u010dka, \u017ee tady by m\u011bl b\u00fdt n\u011bjak\u00fd alternativn\u00ed t\u0159et\u00ed d\u016fchodov\u00fd pil\u00ed\u0159, kde to spo\u0159en\u00ed by bylo v podstat\u011b garantov\u00e1no st\u00e1tem, kde by v podstat\u011b ty pen\u00edze mohly j\u00edt t\u0159eba do st\u00e1tem spoluvlastn\u011bn\u00fdch podnik\u016f a tam by byla potom ta garance, \u017ee by byly v\u00fdnosy z dividend, nap\u0159\u00edklad \u010cEZu. Tak\u017ee za n\u00e1s je tam je\u0161t\u011b spousta nedo\u0159e\u0161en\u00fdch ot\u00e1zek. A vid\u00edme to tak, \u017ee i ta d\u016fchodov\u00e1 reforma se \u0161ije, v podstat\u011b aplikuje na sou\u010dasn\u00fd stav, ale chyb\u00ed tam jak\u00e9koliv pojistky pro nep\u0159edpokl\u00e1dan\u00fd, ne\u010dekan\u00fd v\u00fdvoj, nehled\u011b na to, \u017ee nikdo si nem\u016f\u017ee um\u011bt p\u0159edstavit, co se n\u00e1m stane za 30 let na trhu pr\u00e1ce. Pod\u00edvejte se, jak se zm\u011bnil trh pr\u00e1ce a spole\u010dnost jenom od roku 91, kdy se do sv\u011bta roz\u0161\u00ed\u0159il internet. Nikdo jsme si nedovedli p\u0159edstavit, \u017ee za 30 let bude hlavn\u00edm fenom\u00e9nem digitalizace.<br \/><br \/>Roman FOJTA, moder\u00e1tor<br \/>&#8212;&#8212;&#8212;&#8212;&#8212;&#8212;&#8211;<br \/>Na\u0161imi hosty byli p\u0159edsedkyn\u011b Rady senior\u016f Lenka Desatov\u00e1 a \u0159editel nadace \u017divot 90 Jaroslav Reichl Lorman. Ob\u011bma d\u011bkuju, ob\u011bma, p\u0159eju hezk\u00fd ve\u010der.<br \/><br \/>moder\u00e1tor<br \/>&#8212;&#8212;&#8212;&#8212;&#8212;&#8212;&#8211;<br \/>Starobn\u00ed penze od soci\u00e1ln\u00ed spr\u00e1vy pob\u00edraj\u00ed v \u010cesku zhruba 2 360 000 lid\u00ed, p\u0159eva\u017euj\u00ed \u017eeny, d\u016fchodky\u0148 je asi 1 400 000, d\u016fchodc\u016f pak 950 000. Lid\u00e9 nad 65 let tvo\u0159\u00ed v tuzemsku p\u011btinu populace, podle progn\u00f3z jejich pod\u00edl do roku 2050 stoupne skoro na t\u0159etinu. Spolu s t\u00edm rostou v\u00fddaje st\u00e1tu na d\u016fchody, podle posledn\u00edch dat \u0161lo loni na starobn\u00ed penze 480 miliard korun, o 46 miliard v\u00edc ne\u017e o rok d\u0159\u00edve. Ve srovn\u00e1n\u00ed s rokem 2012 jde o n\u00e1r\u016fst ve v\u00fd\u0161i 185 miliard. A nab\u00eddneme pohled ekonoma, konkr\u00e9tn\u011b Petra Jansk\u00e9ho z Institutu ekonomick\u00fdch studi\u00ed fakulty soci\u00e1ln\u00edch v\u011bd Univerzity Karlovy a tak\u00e9 \u010dlena N\u00e1rodn\u00ed ekonomick\u00e9 rady vl\u00e1dy. Dobr\u00fd ve\u010der v\u00e1m p\u0159eju.<br \/><br \/>d\u016fchody v posledn\u00edch letech hodn\u011b rostly, pr\u016fm\u011brn\u00e1 penze by m\u011bla od ledna p\u0159edstavovat, u\u017e jsem ta \u010d\u00edsla \u0159\u00edkal, 56,8 % pr\u016fm\u011brn\u00e9 \u010dist\u00e9 mzdy a 44,9 % hrub\u00e9ho v\u00fdd\u011blku. Je takov\u00fd pom\u011br obvykl\u00fd. Je udr\u017eiteln\u00fd?<br \/><br \/>Petr JANSK\u00dd, \u010dlen N\u00e1rodn\u00ed ekonomick\u00e9 rady vl\u00e1dy, ekonom, Institut ekonomick\u00fdch studi\u00ed FSV UK<br \/>&#8212;&#8212;&#8212;&#8212;&#8212;&#8212;&#8211;<br \/>Tak v \u010cesk\u00e9 republice je velmi neobvykl\u00fd, je velmi vysok\u00fd, za posledn\u00edch 30 let jsme \u017e\u00e1dn\u00e9 takov\u00e9 pom\u011bry nevid\u011bli. Tak\u017ee v t\u011bch, jak u\u017e jste \u0159\u00edkal, v t\u011bch posledn\u00edch letech ty d\u016fchody rostly velmi v\u00fdrazn\u011b. Je to v\u00fdborn\u00e9, d\u016fchodci maj\u00ed v\u00edce pen\u011bz, to je dob\u0159e, do t\u00e9 doby, ne\u017e si uv\u011bdom\u00edme, jestli n\u00e1m n\u00e1hodou budou ty pen\u00edze sta\u010dit i v budoucnu a jestli n\u00e1hodou t\u011bch pen\u011bz m\u00e1me dost i na ostatn\u00ed a d\u016fle\u017eit\u00e9 v\u011bci, krom\u011b d\u016fchodc\u016f chceme platit u\u010ditel\u00e9, chceme stav\u011bt d\u00e1lnice, tak\u017ee pak je to ot\u00e1zka velk\u00e1 ekonomick\u00e1 i politick\u00e1.<br \/><br \/>Roman FOJTA, moder\u00e1tor<br \/>&#8212;&#8212;&#8212;&#8212;&#8212;&#8212;&#8211;<br \/>Ano, vl\u00e1da \u0159\u00edk\u00e1, \u017ee na penz\u00edch mus\u00ed \u0161et\u0159it, opozice \u0159\u00edk\u00e1, \u017ee to nen\u00ed pot\u0159eba. Jak se na to d\u00edv\u00e1te vy jako ekonom?<br \/><br \/>Petr JANSK\u00dd, \u010dlen N\u00e1rodn\u00ed ekonomick\u00e9 rady vl\u00e1dy, ekonom, Institut ekonomick\u00fdch studi\u00ed FSV UK<br \/>&#8212;&#8212;&#8212;&#8212;&#8212;&#8212;&#8211;<br \/>J\u00e1 bych to vid\u011bl n\u011bkde mezi. Nem\u016f\u017eeme zvy\u0161ovat d\u016fchody na vy\u0161\u0161\u00ed \u00farove\u0148, ne\u017e jsou dnes v t\u011bch pom\u011brech v\u016f\u010di hrub\u00e9 nebo \u010dist\u00e9 mzd\u011b a dlouhodob\u011b tak vysok\u00e9 \u00farovn\u011b nejsou udr\u017eiteln\u00e9, pokud chceme, aby st\u00e1t plnil jina\u010d\u00ed role, ne\u017e jenom zaji\u0161\u0165oval vysok\u00e9 d\u016fchody, co\u017e je d\u016fle\u017eit\u00e9, a te\u010f mn\u011b osobn\u011b p\u0159ijde, kdy\u017e se d\u00edv\u00e1m na ta \u010d\u00edsla, \u017ee ty \u00farovn\u011b d\u016fchod\u016f jsou p\u0159\u00edli\u0161 vysok\u00e9 a nebudou n\u00e1m pen\u00edze zb\u00fdvat na ostatn\u00ed a d\u016fle\u017eit\u00e9 v\u011bci, a\u0165 u\u017e jsou to investice do infrastruktury nebo do vzd\u011bl\u00e1n\u00ed v podob\u011b \u0161kolstv\u00ed. Te\u010f ta situace je\u0161t\u011b nen\u00ed tak vyhrocen\u00e1 v roce 2023, ale jen do t\u00e9 doby, ne\u017e se pod\u00edv\u00e1me do budoucna a v\u00edme, je to relativn\u011b p\u0159edpov\u00eddateln\u00e9, \u017ee v budoucnu bude m\u00edt mnohem v\u00edce d\u016fchodc\u016f a bude m\u00edt mnohem m\u00e9n\u011b pracuj\u00edc\u00edch lid\u00ed, kte\u0159\u00ed budou odv\u00e1d\u011bt soci\u00e1ln\u00ed poji\u0161t\u011bn\u00ed a dan\u011b do toho syst\u00e9mu. A ten n\u00e1\u0161 syst\u00e9m je pr\u016fb\u011b\u017en\u00fd, \u017ee na ty d\u016fchodce, co v tom dan\u00e9m roce m\u00e1me, tak na jejich d\u016fchody se skl\u00e1daj\u00ed ostatn\u00ed lid\u00e9, kte\u0159\u00ed v tom roce pracuj\u00ed. A v budoucnu t\u011bch lid\u00ed, co pracuj\u00ed a p\u0159isp\u00edvaj\u00ed na ty d\u016fchody, bude mnohem m\u00e9n\u011b, ne\u017e je dnes v tom pom\u011bru k t\u011bm d\u016fchodc\u016fm, proto\u017ee ten po\u010det d\u016fchodc\u016f naopak v\u00fdrazn\u011b a poroste.<br \/><br \/>Roman FOJTA, moder\u00e1tor<br \/>&#8212;&#8212;&#8212;&#8212;&#8212;&#8212;&#8211;<br \/>J\u00e1 se na to je\u0161t\u011b budu pt\u00e1t, te\u010f je\u0161t\u011b ale jedna v\u011bc, ono se mluv\u00ed o deficitu d\u016fchodov\u00e9ho syst\u00e9mu, ten by m\u011bl letos dos\u00e1hnout a\u017e 80 miliard korun. Je nutn\u00e9, aby tento syst\u00e9m penz\u00ed byl vyrovnan\u00fd? Je z principu \u0161patn\u011b dotovat penze p\u0159erozd\u011blov\u00e1n\u00edm z jin\u00fdch slo\u017eek rozpo\u010dtu, nebo jde sp\u00ed\u0161 jenom o to, aby to bylo n\u011bjak\u00fdm zp\u016fsobem udr\u017eiteln\u00e9?<br \/><br \/>Petr JANSK\u00dd, \u010dlen N\u00e1rodn\u00ed ekonomick\u00e9 rady vl\u00e1dy, ekonom, Institut ekonomick\u00fdch studi\u00ed FSV UK<br \/>&#8212;&#8212;&#8212;&#8212;&#8212;&#8212;&#8211;<br \/>V principu, to za m\u011b nen\u00ed probl\u00e9m. Ono soci\u00e1ln\u00ed poji\u0161t\u011bn\u00ed nen\u00ed nic jin\u00e9ho v t\u00e9 v sou\u010dasn\u00e9 podob\u011b ne\u017e n\u00e1zev pro da\u0148 z p\u0159\u00edjm\u016f fyzick\u00fdch osob, tak, jak plat\u00edme ze zam\u011bstn\u00e1n\u00ed a z dal\u0161\u00edch p\u0159\u00edjm\u016f dan\u011b z p\u0159\u00edjm\u016f fyzick\u00fdch osob, tak v\u011bt\u0161inu t\u011bch p\u0159\u00edjm\u016f plat\u00edme i soci\u00e1ln\u00ed poji\u0161t\u011bn\u00ed, hlavn\u011b tedy zam\u011bstnanci. A nen\u00ed nikde naps\u00e1no, \u017ee jenom ta \u010d\u00e1st dan\u00ed, kter\u00e1 se naz\u00fdv\u00e1 soci\u00e1ln\u00ed poji\u0161t\u011bn\u00ed, \u017ee jenom z toho mus\u00edme platit ty d\u016fchody. Z\u00e1rove\u0148 to, \u017ee dr\u017e\u00edme ten d\u016fchodov\u00fd \u00fa\u010det separ\u00e1tn\u011b, n\u00e1m umo\u017e\u0148uje vid\u011bt, jak moc velkou \u010d\u00e1st, a to soci\u00e1ln\u00ed poji\u0161t\u011bn\u00ed je vysok\u00e9, d\u00e1v\u00e1me na ty d\u016fchody. A vid\u00edme, \u017ee i v leto\u0161n\u00edm roce, kdy je\u0161t\u011b nedoch\u00e1z\u00ed k tomu demografick\u00e9mu v\u00fdvoji, kter\u00fd jsem p\u0159edchoz\u00ed odpov\u011bdi nazna\u010doval, tak vid\u00edme, \u017ee i letos u\u017e v t\u011bchto letech, tak n\u00e1m to nesta\u010d\u00ed, a to te\u010f bychom m\u011bli m\u00edt sp\u00ed\u0161 ty p\u0159ebytky, abychom ten deficit toho d\u016fchodov\u00e9ho \u00fa\u010dtu nem\u011bli p\u0159\u00edli\u0161 vysok\u00fd. V dne\u0161n\u00edch cen\u00e1ch by ten deficit byl n\u011bkolikan\u00e1sobn\u011b vy\u0161\u0161\u00ed ne\u017e 80 miliard, t\u0159eba 300, 400 miliard za 10 nebo sp\u00ed\u0161e 20 let.<br \/><br \/>Roman FOJTA, moder\u00e1tor<br \/>&#8212;&#8212;&#8212;&#8212;&#8212;&#8212;&#8211;<br \/>Pokud jde o ten demografick\u00fd v\u00fdvoj, m\u00e1me za sebou covidovou krizi s \u00famrt\u00edm des\u00edtek tis\u00edc lid\u00ed nebo p\u0159\u00edchod statis\u00edc\u016f ukrajinsk\u00fdch uprchl\u00edk\u016f, kte\u0159\u00ed jsou ekonomicky aktivn\u00ed. M\u016f\u017ee n\u011bjak\u00fdm zp\u016fsobem tohle z\u00e1sadn\u011bji zm\u011bnit pr\u00e1v\u011b tu demografickou situaci? A podot\u00e1zka, m\u00e1me na to v\u016fbec \u010derstv\u00e1 data? Proto\u017ee jeden z odbor\u00e1\u0159\u016f V\u00edt Samek, ten \u0159\u00edk\u00e1, \u017ee vl\u00e1da pracuje s daty z roku 2018.<br \/><br \/>Petr JANSK\u00dd, \u010dlen N\u00e1rodn\u00ed ekonomick\u00e9 rady vl\u00e1dy, ekonom, Institut ekonomick\u00fdch studi\u00ed FSV UK<br \/>&#8212;&#8212;&#8212;&#8212;&#8212;&#8212;&#8211;<br \/>Samoz\u0159ejm\u011b tyto demografick\u00e9 zm\u011bny, tak tu situaci m\u011bn\u00ed, ale pokud j\u00e1 v\u00edm, tak j\u00ed nem\u011bn\u00ed z\u00e1sadn\u011b.<br \/><br \/>Roman FOJTA, moder\u00e1tor<br \/>&#8212;&#8212;&#8212;&#8212;&#8212;&#8212;&#8211;<br \/>Nicm\u00e9n\u011b bylo by&#8230;<br \/><br \/>Petr JANSK\u00dd, \u010dlen N\u00e1rodn\u00ed ekonomick\u00e9 rady vl\u00e1dy, ekonom, Institut ekonomick\u00fdch studi\u00ed FSV UK<br \/>&#8212;&#8212;&#8212;&#8212;&#8212;&#8212;&#8211;<br \/>&#8230;demografick\u00e9 progn\u00f3zy pravideln\u011b a maj\u00ed ur\u010dit\u00e9 zpo\u017ed\u011bn\u00ed. Tak\u017ee jakoby z\u00e1rove\u0148 nevid\u011bl jsem tu dekompozici, jo, o kolik vy\u0161\u0161\u00ed bylo to \u00famrt\u00ed, o kolik se to projev\u00ed v t\u011bch demografick\u00fdch progn\u00f3z\u00e1ch do budoucna, podobn\u011b nev\u00edme samoz\u0159ejm\u011b, jak dopadne agrese Ruska na Ukrajin\u011b, kdy snad skon\u010d\u00ed a kolik Ukrajinc\u016f, kte\u0159\u00ed tady jsou, nebo t\u0159eba je\u0161t\u011b p\u0159ijdou, kolik jich tady z\u016fstane. Tak\u017ee jsou to velk\u00e9 nejistoty. Ale neo\u010dek\u00e1v\u00e1m, \u017ee by zvr\u00e1tili, a\u0165 ten nebo ten v\u00fdvoj, tak\u017ee by zvr\u00e1tili ten v\u00fdhled do budoucna, kter\u00fd je pozitivn\u00ed v tom smyslu, \u017ee lid\u00e9 se do\u017e\u00edvaj\u00ed del\u0161\u00edho v\u011bku, to je pozitivn\u00ed, to j\u00e1 v\u00edt\u00e1m. A z\u00e1rove\u0148 nem\u00e1me na to udr\u017eiteln\u00e9, nem\u00e1me na to ud\u011blan\u00e9 udr\u017eiteln\u00e9 financov\u00e1n\u00ed toho d\u016fchodov\u00e9ho syst\u00e9mu a v tom vid\u00edm probl\u00e9m, a to je n\u011bco, co mus\u00edme \u0159e\u0161it ji\u017e dnes, nem\u016f\u017eeme to nech\u00e1vat a\u017e za t\u011bch 20, 30 let.<br \/><br \/>Roman FOJTA, moder\u00e1tor<br \/>&#8212;&#8212;&#8212;&#8212;&#8212;&#8212;&#8211;<br \/>M\u016f\u017ee demografickou situaci n\u011bjak\u00fdmi opat\u0159en\u00edmi zm\u011bnit vl\u00e1da? Pt\u00e1m se proto, \u017ee neust\u00e1le se mluv\u00ed o siln\u00e9 generaci Hus\u00e1kov\u00fdch d\u011bt\u00ed, pro\u010d nen\u00ed mo\u017en\u00e9 n\u011bco takov\u00e9ho zopakovat? Zav\u00e9st ekonomick\u00e9 pob\u00eddky tak, aby byly mlad\u00e9 rodiny motivovan\u00e9 m\u00edt v\u00edce d\u011bt\u00ed? Tak nev\u00edm, jestli Hus\u00e1kovy d\u011bti a s n\u00edm spojenou normalizaci. Kdy\u017e to je jenom \u010d\u00e1st toho, tak bychom m\u011bli opakovat. Podpora rodin s d\u011btmi, pokud je spr\u00e1vn\u011b c\u00edlen\u00e1, tak je samoz\u0159ejm\u011b na m\u00edst\u011b, nez\u00e1visle na tom, \u017ee to m\u00e1, m\u016f\u017ee m\u00edt a m\u00e1 pozitivn\u00ed dopad i na d\u016fchodov\u00fd syst\u00e9m. To, \u017ee nejsme schopn\u00fd v \u0159ad\u011b obc\u00ed \u010cesk\u00e9 republiky zajistit p\u0159ed\u0161koln\u00ed vzd\u011bl\u00e1v\u00e1n\u00ed d\u011bt\u00ed, \u0161kolky pro d\u011bti od t\u0159\u00ed let a j\u00e1 bych to ide\u00e1ln\u011b vid\u011bl, a\u0165 je to d\u0159\u00edve, a\u0165 tu mo\u017enost rodi\u010de maj\u00ed, tak to je obrovsk\u00fd probl\u00e9m, kter\u00fd znesnad\u0148uje mlad\u00fdm rodi\u010d\u016fm \u017eivot, kter\u00fd znesnad\u0148uje zam\u011bstn\u00e1v\u00e1n\u00ed p\u0159edev\u0161\u00edm matek t\u011bch d\u011bt\u00ed v \u010cesk\u00e9 republice.<br \/><br \/>moder\u00e1tor<br \/>&#8212;&#8212;&#8212;&#8212;&#8212;&#8212;&#8211;<br \/>\u0158\u00edk\u00e1 ekonom Petr Jansk\u00fd, Moc v\u00e1m d\u011bkuju, \u017ee jste byl hostem Devades\u00e1tky, p\u0159eju hezk\u00fd ve\u010der.<br \/><br \/><\/p>\n","protected":false},"excerpt":{"rendered":"<div class=\"mh-excerpt\"><p>D\u016fchody od ledna porostou o 360 K\u010d. Na\u0159\u00edzen\u00ed, kter\u00e9 je zvy\u0161uje, schv\u00e1lila vl\u00e1da. Tady jsou slova\u00a0ministra\u00a0pr\u00e1ce\u00a0a soci\u00e1ln\u00edch v\u011bc\u00ed Mariana Jure\u010dky. \u010cesk\u00e1 televize Marian JURE\u010cKA&#8212;&#8212;&#8212;&#8212;&#8212;&#8212;&#8211;Vl\u00e1da dnes <a class=\"mh-excerpt-more\" href=\"https:\/\/www.invarena.cz\/?p=42135\" title=\"Penze 2024 \u2013 valorizace a zm\u011bny\u00a0\u00a0\">[&#8230;]<\/a><\/p>\n<\/div>","protected":false},"author":1,"featured_media":14577,"comment_status":"open","ping_status":"closed","sticky":false,"template":"","format":"standard","meta":{"footnotes":""},"categories":[1],"tags":[],"class_list":["post-42135","post","type-post","status-publish","format-standard","has-post-thumbnail","hentry","category-nezarazene"],"_links":{"self":[{"href":"https:\/\/www.invarena.cz\/index.php?rest_route=\/wp\/v2\/posts\/42135","targetHints":{"allow":["GET"]}}],"collection":[{"href":"https:\/\/www.invarena.cz\/index.php?rest_route=\/wp\/v2\/posts"}],"about":[{"href":"https:\/\/www.invarena.cz\/index.php?rest_route=\/wp\/v2\/types\/post"}],"author":[{"embeddable":true,"href":"https:\/\/www.invarena.cz\/index.php?rest_route=\/wp\/v2\/users\/1"}],"replies":[{"embeddable":true,"href":"https:\/\/www.invarena.cz\/index.php?rest_route=%2Fwp%2Fv2%2Fcomments&post=42135"}],"version-history":[{"count":0,"href":"https:\/\/www.invarena.cz\/index.php?rest_route=\/wp\/v2\/posts\/42135\/revisions"}],"wp:featuredmedia":[{"embeddable":true,"href":"https:\/\/www.invarena.cz\/index.php?rest_route=\/wp\/v2\/media\/14577"}],"wp:attachment":[{"href":"https:\/\/www.invarena.cz\/index.php?rest_route=%2Fwp%2Fv2%2Fmedia&parent=42135"}],"wp:term":[{"taxonomy":"category","embeddable":true,"href":"https:\/\/www.invarena.cz\/index.php?rest_route=%2Fwp%2Fv2%2Fcategories&post=42135"},{"taxonomy":"post_tag","embeddable":true,"href":"https:\/\/www.invarena.cz\/index.php?rest_route=%2Fwp%2Fv2%2Ftags&post=42135"}],"curies":[{"name":"wp","href":"https:\/\/api.w.org\/{rel}","templated":true}]}}