{"id":42137,"date":"2023-09-14T07:11:27","date_gmt":"2023-09-14T05:11:27","guid":{"rendered":"https:\/\/www.invarena.cz\/?p=42137"},"modified":"2023-09-14T07:11:33","modified_gmt":"2023-09-14T05:11:33","slug":"starobni-invalidni-a-pozustalostni-penze-se-od-ledna-zvysi-o-360-kc","status":"publish","type":"post","link":"https:\/\/www.invarena.cz\/?p=42137","title":{"rendered":"Starobn\u00ed, invalidn\u00ed a poz\u016fstalostn\u00ed penze se od ledna zv\u00fd\u0161\u00ed o 360\u00a0K\u010d\u00a0\u00a0"},"content":{"rendered":"\n<p>Starobn\u00ed,\u00a0<strong>invalidn\u00ed<\/strong>\u00a0a poz\u016fstalostn\u00ed penze se od ledna zv\u00fd\u0161\u00ed o 360 K\u010d. P\u0159ed chv\u00edl\u00ed o tom rozhodla vl\u00e1da. St\u00e1tn\u00edmu rozpo\u010dtu tak v\u00fddaje na d\u016fchody vzrostou o v\u00edc ne\u017e 12 miliard korun. Od prosince by m\u011blo b\u00fdt mo\u017en\u00e9 o d\u016fchody \u017e\u00e1dat i online. Schv\u00e1lili to poslanci. Te\u010f novelu dostane k posouzen\u00ed Sen\u00e1t.<br \/><br \/>Radio\u017eurn\u00e1l\u00a0<br \/>&#8212;&#8212;&#8212;&#8212;&#8212;&#8212;&#8211;<br \/>Sn\u011bmovna schv\u00e1lila pot\u0159ebn\u00fd z\u00e1kon jednomysln\u011b a bez jak\u00fdchkoliv n\u00e1mitek. Pokud ho podpo\u0159\u00ed i Sen\u00e1t a prezident, lid\u00e9 si budou moci od prosince za\u017e\u00e1dat o penzi jak p\u0159es internet, tak i osobn\u011b. M\u011bn\u00ed se tak\u00e9 term\u00edny v\u00fdplaty penz\u00ed. Dost\u00e1vat by je lid\u00e9 m\u011bli nov\u011b pouze v p\u011bti term\u00ednech nam\u00edsto sou\u010dasn\u00fdch dvan\u00e1cti. Pokra\u010duje\u00a0<strong>ministr<\/strong>\u00a0<strong>pr\u00e1ce<\/strong>\u00a0Marian Jure\u010dka z KDU-\u010cSL.<br \/><br \/>Marian Jure\u010dka,\u00a0<strong>ministr<\/strong>\u00a0<strong>pr\u00e1ce<\/strong>\u00a0a soci\u00e1ln\u00edch v\u011bc\u00ed, vicepremi\u00e9r \/KDU-\u010cSL\/<br \/>&#8212;&#8212;&#8212;&#8212;&#8212;&#8212;&#8211;<br \/>Tyto v\u00fdplatn\u00ed term\u00edny budou do prvn\u00ed poloviny m\u011bs\u00edce tak, aby ty d\u016fchody opravdu v prvn\u00ed polovin\u011b m\u011bs\u00edce byly vyplaceny.<br \/><br \/>redaktorka<br \/>&#8212;&#8212;&#8212;&#8212;&#8212;&#8212;&#8211;<br \/>D\u00e1l ale bude platit, \u017ee na vy\u0159\u00edzen\u00ed \u017e\u00e1dosti o odchod do d\u016fchodu bude m\u00edt Spr\u00e1va soci\u00e1ln\u00edho zabezpe\u010den\u00ed 90 dn\u016f. Kv\u016fli velk\u00e9mu z\u00e1jmu \u00fa\u0159ad v posledn\u00ed dob\u011b \u010delil n\u00e1poru \u017eadatel\u016f o penzi. Nap\u0159\u00edklad v \u010dervnu evidoval 12 500 \u017e\u00e1dost\u00ed po z\u00e1konn\u00e9 lh\u016ft\u011b. Z toho asi polovina byla o p\u0159ed\u010dasn\u00fd d\u016fchod. <\/p>\n\n\n\n<p>Radio\u017eurn\u00e1l.<br \/><\/p>\n","protected":false},"excerpt":{"rendered":"<div class=\"mh-excerpt\"><p>Starobn\u00ed,\u00a0invalidn\u00ed\u00a0a poz\u016fstalostn\u00ed penze se od ledna zv\u00fd\u0161\u00ed o 360 K\u010d. P\u0159ed chv\u00edl\u00ed o tom rozhodla vl\u00e1da. St\u00e1tn\u00edmu rozpo\u010dtu tak v\u00fddaje na d\u016fchody vzrostou o v\u00edc <a class=\"mh-excerpt-more\" href=\"https:\/\/www.invarena.cz\/?p=42137\" title=\"Starobn\u00ed, invalidn\u00ed a poz\u016fstalostn\u00ed penze se od ledna zv\u00fd\u0161\u00ed o 360\u00a0K\u010d\u00a0\u00a0\">[&#8230;]<\/a><\/p>\n<\/div>","protected":false},"author":1,"featured_media":35592,"comment_status":"open","ping_status":"closed","sticky":false,"template":"","format":"standard","meta":{"footnotes":""},"categories":[1],"tags":[],"class_list":["post-42137","post","type-post","status-publish","format-standard","has-post-thumbnail","hentry","category-nezarazene"],"_links":{"self":[{"href":"https:\/\/www.invarena.cz\/index.php?rest_route=\/wp\/v2\/posts\/42137","targetHints":{"allow":["GET"]}}],"collection":[{"href":"https:\/\/www.invarena.cz\/index.php?rest_route=\/wp\/v2\/posts"}],"about":[{"href":"https:\/\/www.invarena.cz\/index.php?rest_route=\/wp\/v2\/types\/post"}],"author":[{"embeddable":true,"href":"https:\/\/www.invarena.cz\/index.php?rest_route=\/wp\/v2\/users\/1"}],"replies":[{"embeddable":true,"href":"https:\/\/www.invarena.cz\/index.php?rest_route=%2Fwp%2Fv2%2Fcomments&post=42137"}],"version-history":[{"count":0,"href":"https:\/\/www.invarena.cz\/index.php?rest_route=\/wp\/v2\/posts\/42137\/revisions"}],"wp:featuredmedia":[{"embeddable":true,"href":"https:\/\/www.invarena.cz\/index.php?rest_route=\/wp\/v2\/media\/35592"}],"wp:attachment":[{"href":"https:\/\/www.invarena.cz\/index.php?rest_route=%2Fwp%2Fv2%2Fmedia&parent=42137"}],"wp:term":[{"taxonomy":"category","embeddable":true,"href":"https:\/\/www.invarena.cz\/index.php?rest_route=%2Fwp%2Fv2%2Fcategories&post=42137"},{"taxonomy":"post_tag","embeddable":true,"href":"https:\/\/www.invarena.cz\/index.php?rest_route=%2Fwp%2Fv2%2Ftags&post=42137"}],"curies":[{"name":"wp","href":"https:\/\/api.w.org\/{rel}","templated":true}]}}