{"id":42139,"date":"2023-09-14T07:08:31","date_gmt":"2023-09-14T05:08:31","guid":{"rendered":"https:\/\/www.invarena.cz\/?p=42139"},"modified":"2023-09-14T07:08:32","modified_gmt":"2023-09-14T05:08:32","slug":"cesko-daruje-libyi-5-milionu-kc","status":"publish","type":"post","link":"https:\/\/www.invarena.cz\/?p=42139","title":{"rendered":"\u010cesko daruje Libyi 5 milion\u016f\u00a0K\u010d\u00a0\u00a0"},"content":{"rendered":"\n<p>\u010cesko vy\u010dlenilo na pomoc z\u00e1plavami\u00a0<strong>posti\u017een\u00e9<\/strong>\u00a0Libyi 5 milion\u016f K\u010d. Podle Ministerstva zahrani\u010d\u00ed je po\u0161le prost\u0159ednictv\u00edm Mezin\u00e1rodn\u00edho \u010derven\u00e9ho k\u0159\u00ed\u017ee. Po\u010det potvrzen\u00fdch ob\u011bt\u00ed katastrofick\u00fdch z\u00e1plav v Libyi je v\u00edc ne\u017e 5 300. Tamn\u00ed \u00fa\u0159ady odhaduj\u00ed, \u017ee kone\u010dn\u00e1 bilance p\u0159ekro\u010d\u00ed 10 000.<br \/><br \/>Radio\u017eurn\u00e1l<br \/>&#8212;&#8212;&#8212;&#8212;&#8212;&#8212;&#8211;<br \/>V nejh\u016f\u0159e\u00a0<strong>posti\u017een\u00e9m<\/strong>\u00a0m\u011bst\u011b Darna pokra\u010duje prohled\u00e1v\u00e1n\u00ed trosek. Na ulic\u00edch le\u017e\u00ed zakryt\u00e1 t\u011bla, mezi kter\u00fdmi zoufal\u00ed p\u0159e\u017eiv\u0161\u00ed hledaj\u00ed svoje p\u0159\u00edbuzn\u00e9. Vlna ze dvou protr\u017een\u00fdch p\u0159ehrad m\u011bsto smetla v noci na \u00fater\u00fd a mnoho lid\u00ed zastihla sp\u00edc\u00ed v jejich domovech. Podle m\u00edstn\u00edch p\u0159edstavitel\u016f mo\u0159e st\u00e1le vyplavuje nov\u00e1 a nov\u00e1 mrtv\u00e1 t\u011bla. Povodn\u011b zas\u00e1hly oblast, ve kter\u00e9 \u017eij\u00ed skoro 2 miliony lid\u00ed, kte\u0159\u00ed budou pot\u0159ebovat provizorn\u00ed p\u0159\u00edst\u0159e\u0161\u00ed, potraviny, l\u00e9ky a pitnou vodu. Pomoc u\u017e vyslaly arabsk\u00e9 zem\u011b. Na cest\u011b jsou tak\u00e9 z\u00e1soby z N\u011bmecka, Rumunska, Finska nebo It\u00e1lie. Francie pl\u00e1nuje poskytnout poln\u00ed nemocnici. <\/p>\n\n\n\n<p> Radio\u017eurn\u00e1l.<\/p>\n","protected":false},"excerpt":{"rendered":"<div class=\"mh-excerpt\"><p>\u010cesko vy\u010dlenilo na pomoc z\u00e1plavami\u00a0posti\u017een\u00e9\u00a0Libyi 5 milion\u016f K\u010d. Podle Ministerstva zahrani\u010d\u00ed je po\u0161le prost\u0159ednictv\u00edm Mezin\u00e1rodn\u00edho \u010derven\u00e9ho k\u0159\u00ed\u017ee. Po\u010det potvrzen\u00fdch ob\u011bt\u00ed katastrofick\u00fdch z\u00e1plav v Libyi je <a class=\"mh-excerpt-more\" href=\"https:\/\/www.invarena.cz\/?p=42139\" title=\"\u010cesko daruje Libyi 5 milion\u016f\u00a0K\u010d\u00a0\u00a0\">[&#8230;]<\/a><\/p>\n<\/div>","protected":false},"author":1,"featured_media":13634,"comment_status":"open","ping_status":"closed","sticky":false,"template":"","format":"standard","meta":{"footnotes":""},"categories":[1],"tags":[],"class_list":["post-42139","post","type-post","status-publish","format-standard","has-post-thumbnail","hentry","category-nezarazene"],"_links":{"self":[{"href":"https:\/\/www.invarena.cz\/index.php?rest_route=\/wp\/v2\/posts\/42139","targetHints":{"allow":["GET"]}}],"collection":[{"href":"https:\/\/www.invarena.cz\/index.php?rest_route=\/wp\/v2\/posts"}],"about":[{"href":"https:\/\/www.invarena.cz\/index.php?rest_route=\/wp\/v2\/types\/post"}],"author":[{"embeddable":true,"href":"https:\/\/www.invarena.cz\/index.php?rest_route=\/wp\/v2\/users\/1"}],"replies":[{"embeddable":true,"href":"https:\/\/www.invarena.cz\/index.php?rest_route=%2Fwp%2Fv2%2Fcomments&post=42139"}],"version-history":[{"count":0,"href":"https:\/\/www.invarena.cz\/index.php?rest_route=\/wp\/v2\/posts\/42139\/revisions"}],"wp:featuredmedia":[{"embeddable":true,"href":"https:\/\/www.invarena.cz\/index.php?rest_route=\/wp\/v2\/media\/13634"}],"wp:attachment":[{"href":"https:\/\/www.invarena.cz\/index.php?rest_route=%2Fwp%2Fv2%2Fmedia&parent=42139"}],"wp:term":[{"taxonomy":"category","embeddable":true,"href":"https:\/\/www.invarena.cz\/index.php?rest_route=%2Fwp%2Fv2%2Fcategories&post=42139"},{"taxonomy":"post_tag","embeddable":true,"href":"https:\/\/www.invarena.cz\/index.php?rest_route=%2Fwp%2Fv2%2Ftags&post=42139"}],"curies":[{"name":"wp","href":"https:\/\/api.w.org\/{rel}","templated":true}]}}