{"id":42169,"date":"2023-09-18T03:27:25","date_gmt":"2023-09-18T01:27:25","guid":{"rendered":"https:\/\/www.invarena.cz\/?p=42169"},"modified":"2023-09-18T07:15:15","modified_gmt":"2023-09-18T05:15:15","slug":"cerne-ovce-nemoc","status":"publish","type":"post","link":"https:\/\/www.invarena.cz\/?p=42169","title":{"rendered":"\u010cern\u00e9 ovce \u2013 Nemoc\u00a0\u00a0"},"content":{"rendered":"\n<p>\u010cT 1&nbsp;&#8211; \u010cern\u00e9 ovce. V\u00e1\u017en\u00e1 nemoc d\u00edt\u011bte je no\u010dn\u00ed m\u016frou ka\u017ed\u00e9ho rodi\u010de. I kv\u016fli t\u011bmto t\u011b\u017ek\u00fdm \u017eivotn\u00edm situac\u00edm ale uzav\u00edr\u00e1me pojistky. Jen\u017ee co kdy\u017e nakonec nebojujeme jen s v\u00e1\u017enou nemoc\u00ed, ale i s poji\u0161\u0165ovnou?<br \/><br \/>Tom\u00e1\u0161 POKORN\u00dd, otec Bruna<br \/>&#8212;&#8212;&#8212;&#8212;&#8212;&#8212;&#8211;<br \/>Poji\u0161\u0165ovnu \u010cPP jsem si sjednal vlastn\u011b z d\u016fvodu, \u017ee obsahovala v r\u00e1mci \u017eivotn\u00edho poji\u0161t\u011bn\u00ed a \u00farazov\u00e9ho i p\u0159ipoji\u0161t\u011bn\u00ed odpov\u011bdnosti.<br \/><br \/>&#8212;&#8212;&#8212;&#8212;&#8212;&#8212;&#8211;<br \/>Pan Pokorn\u00fd z Krnova si v roce 2019 sjednal nov\u00e9 \u017eivotn\u00ed poji\u0161t\u011bn\u00ed kv\u016fli po\u017eadavk\u016fm zam\u011bstnavatele, kter\u00fd trval na poji\u0161t\u011bn\u00ed odpov\u011bdnosti za p\u0159\u00edpadnou zp\u016fsobenou \u0161kodu. Do nov\u00e9ho poji\u0161t\u011bn\u00ed u \u010cesk\u00e9 podnikatelsk\u00e9 poji\u0161\u0165ovny si mohl p\u0159idat i syna, a tak to ud\u011blal. <br \/><br \/>&#8212;&#8212;&#8212;&#8212;&#8212;&#8212;&#8211;<br \/>Jmenuje\u0161 se Bruno. A chod\u00ed\u0161 u\u017e do \u0161koly?<br \/><br \/>Bruno POKORN\u00dd, chlapec<br \/>&#8212;&#8212;&#8212;&#8212;&#8212;&#8212;&#8211;<br \/>Ne.<br \/><br \/>Bohunka Fra\u0148kov\u00e1, redaktorka<br \/>&#8212;&#8212;&#8212;&#8212;&#8212;&#8212;&#8211;<br \/>Nechod\u00ed\u0161. A kolik je ti let?<br \/><br \/>Bruno POKORN\u00dd, chlapec<br \/>&#8212;&#8212;&#8212;&#8212;&#8212;&#8212;&#8211;<br \/>\u0160est.<br \/><br \/>Tom\u00e1\u0161 POKORN\u00dd, otec Bruna<br \/>&#8212;&#8212;&#8212;&#8212;&#8212;&#8212;&#8211;<br \/>Jsme platili 15 stovek dohromady i se synem, tak\u017ee ro\u010dn\u011b to d\u011blalo asi n\u011bjak\u00fdch 18 000.<br \/><br \/>Bohunka Fra\u0148kov\u00e1, redaktorka<br \/>&#8212;&#8212;&#8212;&#8212;&#8212;&#8212;&#8211;<br \/>V dob\u011b uzav\u0159en\u00ed pojistn\u00e9 smlouvy pan Pokorn\u00fd netu\u0161il, \u017ee ji bude kv\u016fli synovi brzy pot\u0159ebovat. Synovi Brunovi byly tehdy necel\u00e9 t\u0159i roky a nic nenasv\u011bd\u010dovalo tomu, \u017ee by mohl b\u00fdt v\u00e1\u017en\u011b nemocn\u00fd. Kdy\u017e se to zjistilo, poji\u0161\u0165ovna odm\u00edtla vyplatit pln\u011bn\u00ed. Proto se pan Pokorn\u00fd obr\u00e1til na na\u0161i redakci. V\u0161e se to\u010d\u00ed kolem Brunova zdravotn\u00edho stavu a jeho v\u00fdvoje.<br \/><br \/>Tom\u00e1\u0161 POKORN\u00dd, otec Bruna<br \/>&#8212;&#8212;&#8212;&#8212;&#8212;&#8212;&#8211;<br \/>Vyv\u00edjel se norm\u00e1ln\u011b, a\u017e lehk\u00e1 motorika byla pomalej\u0161\u00ed, ale dle doktor\u016f jsme byli furt v tabulk\u00e1ch, tak\u017ee nebylo \u017e\u00e1dn\u00e9 podez\u0159en\u00ed, jak je na jejich stran\u011b, tak na na\u0161\u00ed, \u017ee by bylo vlastn\u011b n\u011bco v nepo\u0159\u00e1dku.<br \/><br \/>Bohunka Fra\u0148kov\u00e1, redaktorka<br \/>&#8212;&#8212;&#8212;&#8212;&#8212;&#8212;&#8211;<br \/>Jen psychomotorick\u00fd v\u00fdvoj Bruna byl pomalej\u0161\u00ed. Nap\u0159\u00edklad v roce a p\u016fl je\u0161t\u011b nechodil. Proto cvi\u010dil Vojtovu metodu.<br \/><br \/>Michaela SL\u00cdVOV\u00c1, matka Bruna<br \/>&#8212;&#8212;&#8212;&#8212;&#8212;&#8212;&#8211;<br \/>A fakt to pomohlo. Cvi\u010dili jsme to pravideln\u011b a opravdu za\u010dal se stav\u011bt prost\u011b a za p\u016fl roku za\u010dal chodit, \u017ee jo. Tak\u017ee jsem vlastn\u011b vn\u00edmala, \u017ee sta\u010dilo jenom tady tohle a byl prost\u011b zdrav\u00e9 d\u00edt\u011b.<br \/><br \/>Bohunka Fra\u0148kov\u00e1, redaktorka<br \/>&#8212;&#8212;&#8212;&#8212;&#8212;&#8212;&#8211;<br \/>V\u0161ichni byli v klidu. I podle l\u00e9ka\u0159\u016f byl Bruno zdrav\u00fd. V t\u00e9 dob\u011b pan Pokorn\u00fd uzav\u0159el u \u010cesk\u00e9 podnikatelsk\u00e9 poji\u0161\u0165ovny onu \u017eivotn\u00ed pojistku. O dal\u0161\u00ed p\u016flrok pozd\u011bji na pravideln\u00e9 kontrole u l\u00e9ka\u0159e si v\u0161ichni v\u0161imli, \u017ee se Bruno nestandardn\u00edm zp\u016fsobem zved\u00e1 ze zem\u011b. A to tehdy vedlo ke krevn\u00edm test\u016fm.<br \/><br \/>Tom\u00e1\u0161 POKORN\u00dd, otec Bruna<br \/>&#8212;&#8212;&#8212;&#8212;&#8212;&#8212;&#8211;<br \/>Trvalo to t\u0159i m\u011bs\u00edce, ne\u017e n\u00e1m vlastn\u011b diagn\u00f3zu potvrdili.<br \/><br \/>Bohunka Fra\u0148kov\u00e1, redaktorka<br \/>&#8212;&#8212;&#8212;&#8212;&#8212;&#8212;&#8211;<br \/>Rok po podeps\u00e1n\u00ed pojistn\u00e9 smlouvy se rodi\u010de Bruna dozv\u011bd\u011bli zdrcuj\u00edc\u00ed zpr\u00e1vu, \u017ee jejich syn m\u00e1 velmi v\u00e1\u017enou genetickou nemoc, na kterou nen\u00ed \u017e\u00e1dn\u00fd l\u00e9k.<br \/><br \/>Karol\u00edna PODOLSK\u00c1, l\u00e9ka\u0159ka, Parent Project z.s.<br \/>&#8212;&#8212;&#8212;&#8212;&#8212;&#8212;&#8211;<br \/>Duchenneova svalov\u00e1 dystrofie je vlastn\u011b vz\u00e1cn\u00e9 onemocn\u011bn\u00ed sval\u016f, je to onemocn\u011bn\u00ed vrozen\u00e9 a projevuje se tak, \u017ee \u010dlov\u011bk postupn\u011b ztr\u00e1c\u00ed ve\u0161kerou svalovou s\u00edlu a m\u00e1 pln\u011b omezenou vlastn\u011b pohyblivost. Ke v\u0161emu doch\u00e1z\u00ed postupem \u010dasu a to onemocn\u011bn\u00ed je takzvan\u011b progresivn\u00ed, tak\u017ee se postupn\u011b zhor\u0161uje.<br \/><br \/>Michaela SL\u00cdVOV\u00c1, matka Bruna<br \/>&#8212;&#8212;&#8212;&#8212;&#8212;&#8212;&#8211;<br \/>No, jako je to hrozn\u00e9. Se n\u00e1m zhroutil sv\u011bt \u00fapln\u011b.<br \/><br \/>Tom\u00e1\u0161 POKORN\u00dd, otec Bruna<br \/>&#8212;&#8212;&#8212;&#8212;&#8212;&#8212;&#8211;<br \/>\u010clov\u011bk se s t\u00edm n\u011bjak sm\u00ed\u0159\u00ed a sna\u017e\u00edme se pro Brun\u00edka d\u011blat, co m\u016f\u017eem.<br \/><br \/>Bohunka Fra\u0148kov\u00e1, redaktorka<br \/>&#8212;&#8212;&#8212;&#8212;&#8212;&#8212;&#8211;<br \/>Po ment\u00e1ln\u00ed str\u00e1nce jsou takto nemocn\u00e9 d\u011bti v po\u0159\u00e1dku. Hor\u0161\u00ed je to se zbytkem t\u011bla.<br \/><br \/>Karol\u00edna PODOLSK\u00c1, l\u00e9ka\u0159ka, Parent Project z.s.<br \/>&#8212;&#8212;&#8212;&#8212;&#8212;&#8212;&#8211;<br \/>Jsou bohu\u017eel ovlivn\u011bny tak\u00e9 d\u00fdchac\u00ed svaly a srdce, tak\u017ee je to onemocn\u011bn\u00ed vlastn\u011b celkov\u00e9ho organismu a postupn\u011b postihuje v\u0161echny org\u00e1ny a v\u0161echny svaly.<br \/><br \/>Bohunka Fra\u0148kov\u00e1, redaktorka<br \/>&#8212;&#8212;&#8212;&#8212;&#8212;&#8212;&#8211;<br \/>V\u00edce informac\u00ed o t\u00e9to nemoci v report\u00e1\u017ei \u0159\u00edkat nebudeme. S ohledem na mal\u00e9ho Bruna, kter\u00fd u\u017e sice v\u00ed, \u017ee je nemocn\u00fd, ale ve sv\u00e9m v\u011bku takov\u00e9 nemoci nem\u016f\u017ee rozum\u011bt. Kdy\u017e se rodi\u010de Bruna vzpamatovali z nep\u0159\u00edjemn\u00e9 diagn\u00f3zy, napadlo je, \u017ee by mohli vyu\u017e\u00edt uzav\u0159enou \u017eivotn\u00ed pojistku otce u \u010cesk\u00e9 podnikatelsk\u00e9 poji\u0161\u0165ovny, kter\u00e1 zahrnovala i Bruna.<br \/><br \/>Tom\u00e1\u0161 POKORN\u00dd, otec Bruna<br \/>&#8212;&#8212;&#8212;&#8212;&#8212;&#8212;&#8211;<br \/>V t\u00e9 smlouv\u011b bylo to p\u0159ipoji\u0161t\u011bn\u00ed vlastn\u011b t\u011bch trval\u00fdch n\u00e1sledk\u016f nebo t\u00e9 trval\u00e9 vrozen\u00e9 vady kolem 300 000. Proto\u017ee v\u00edme, \u017ee bude pot\u0159ebovat n\u011bjak\u00e9 ty pom\u016fcky, tak jsme vlastn\u011b za\u017e\u00e1dali o tu kompenzaci. A po za\u017e\u00e1d\u00e1n\u00ed n\u00e1m na druh\u00fd den vlastn\u011b p\u0159i\u0161la zpr\u00e1va, \u017ee se vlastn\u011b pojistka zam\u00edt\u00e1 z d\u016fvodu, \u017ee vlastn\u011b mal\u00fd nen\u00ed na tohle poji\u0161t\u011bn\u00fd.<br \/><br \/>Michaela SL\u00cdVOV\u00c1, matka Bruna<br \/>&#8212;&#8212;&#8212;&#8212;&#8212;&#8212;&#8211;<br \/>Vylo\u017een\u011b jsem vid\u011bla, \u017ee to zkusili, \u017ee \u010dlov\u011bk, kter\u00fd je laik, tak prost\u011b by \u0159ekl, tak na to nem\u00e1me n\u00e1rok, sklapl by u\u0161i a \u0161el.<br \/><br \/>Bohunka Fra\u0148kov\u00e1, redaktorka<br \/>&#8212;&#8212;&#8212;&#8212;&#8212;&#8212;&#8211;<br \/>Pan Pokorn\u00fd ale zavolal na infolinku \u010cesk\u00e9 podnikatelsk\u00e9 poji\u0161\u0165ovny a tam mu naopak \u0159ekli, \u017ee jeho syn je poji\u0161t\u011bn\u00fd na v\u0161echny nemoci.<br \/><br \/>Tom\u00e1\u0161 POKORN\u00dd, otec Bruna<br \/>&#8212;&#8212;&#8212;&#8212;&#8212;&#8212;&#8211;<br \/>Tak jsme vlastn\u011b napsali odvol\u00e1n\u00ed a to u\u017e trvalo vlastn\u011b m\u011bs\u00edc, ne\u017e n\u00e1m p\u0159i\u0161lo od nich vyj\u00e1d\u0159en\u00ed.<br \/><br \/>Petr Mikysek, advok\u00e1t<br \/>&#8212;&#8212;&#8212;&#8212;&#8212;&#8212;&#8211;<br \/>Podruh\u00e9 \u010cesk\u00e1 podnikatelsk\u00e1 poji\u0161\u0165ovna zam\u00edtla pojistn\u00e9 pln\u011bn\u00ed s poukazem na to, \u017ee rodi\u010de p\u0159i sjedn\u00e1v\u00e1n\u00ed pojistn\u00e9 smlouvy zaml\u010deli n\u011bjakou okolnost.<br \/><br \/>Michaela SL\u00cdVOV\u00c1, matka Bruna<br \/>&#8212;&#8212;&#8212;&#8212;&#8212;&#8212;&#8211;<br \/>Vylo\u017een\u011b to bylo napsan\u00e9, \u017ee jsme je podvedli, \u017ee jsme neudali, \u017ee m\u00e1 opo\u017ed\u011bn\u00fd psychomotorick\u00fd v\u00fdvoj.<br \/><br \/>Tom\u00e1\u0161 POKORN\u00dd, otec Bruna<br \/>&#8212;&#8212;&#8212;&#8212;&#8212;&#8212;&#8211;<br \/>By\u0165 jsme vlastn\u011b na to reagovali s t\u00edm, \u017ee v jejich smlouv\u011b nikde nen\u00ed specifikov\u00e1no \u017e\u00e1dn\u00e1 ot\u00e1zka na to, jestli m\u00e1 n\u011bjak\u00fd zpo\u017ed\u011bn\u011bj\u0161\u00ed motorick\u00fd v\u00fdvoj, nebo ne. Bylo tam pouze, jestli se l\u00e9\u010d\u00ed s n\u011bjakou jako ur\u010ditou diagn\u00f3zou pohybovou. V t\u00e9 dob\u011b vlastn\u011b nic takov\u00e9ho nem\u011bl.<br \/><br \/>Bohunka Fra\u0148kov\u00e1, redaktorka<br \/>&#8212;&#8212;&#8212;&#8212;&#8212;&#8212;&#8211;<br \/>Kontaktovali jsme \u010ceskou podnikatelskou poji\u0161\u0165ovnu a po\u017e\u00e1dali ji o rozhovor. Ta ho ale odm\u00edtla s t\u00edm, \u017ee n\u00e1m po\u0161le p\u00edsemn\u00e9 vyj\u00e1d\u0159en\u00ed. Poji\u0161\u0165ovna se to\u010d\u00ed kolem psychomotorick\u00e9ho v\u00fdvoje Bruna. Co tedy vlastn\u011b opo\u017ed\u011bn\u00fd psychomotorick\u00fd v\u00fdvoj znamen\u00e1?<br \/><br \/>Karol\u00edna PODOLSK\u00c1, l\u00e9ka\u0159ka, Parent Project z.s.<br \/>&#8212;&#8212;&#8212;&#8212;&#8212;&#8212;&#8211;<br \/>Ta odchylka toho psychomotorick\u00e9ho v\u00fdvoje je u neuv\u011b\u0159iteln\u00e9 spousty d\u011bt\u00ed a spousta d\u011bt\u00ed doch\u00e1z\u00ed na fyzioterapii a podstupuje r\u016fzn\u00e9 prost\u011b rehabilitace, ale jako nejedn\u00e1 se je\u0161t\u011b jednou o \u017e\u00e1dn\u00e9 konkr\u00e9tn\u00ed onemocn\u011bn\u00ed.<br \/><br \/>Bohunka Fra\u0148kov\u00e1, redaktorka<br \/>&#8212;&#8212;&#8212;&#8212;&#8212;&#8212;&#8211;<br \/>Proto se pan Pokorn\u00fd proti zam\u00edtnut\u00ed poji\u0161\u0165ovny znovu odvolal, ale marn\u011b.<br \/><br \/>Michaela SL\u00cdVOV\u00c1, matka Bruna<br \/>&#8212;&#8212;&#8212;&#8212;&#8212;&#8212;&#8211;<br \/>Ale samoz\u0159ejm\u011b to nen\u00ed jenom o t\u011bch 300 000, \u017ee, ale prost\u011b oni n\u00e1m zam\u00edtli ve\u0161ker\u00e9 jeho poji\u0161t\u011bn\u00ed.<br \/><br \/>Bohunka Fra\u0148kov\u00e1, redaktorka<br \/>&#8212;&#8212;&#8212;&#8212;&#8212;&#8212;&#8211;<br \/>Zru\u0161ili pojistku.<br \/><br \/>Michaela SL\u00cdVOV\u00c1, matka Bruna<br \/>&#8212;&#8212;&#8212;&#8212;&#8212;&#8212;&#8211;<br \/>Ano, ano.<br \/><br \/>Bohunka Fra\u0148kov\u00e1, redaktorka<br \/>&#8212;&#8212;&#8212;&#8212;&#8212;&#8212;&#8211;<br \/>Tak\u017ee vlastn\u011b do budoucna&#8230;<br \/><br \/>Michaela SL\u00cdVOV\u00c1, matka Bruna<br \/>&#8212;&#8212;&#8212;&#8212;&#8212;&#8212;&#8211;<br \/>U\u017e n\u00e1m ho nepojist\u00ed nikdo.<br \/><br \/>Bohunka Fra\u0148kov\u00e1, redaktorka<br \/>&#8212;&#8212;&#8212;&#8212;&#8212;&#8212;&#8211;<br \/>Zam\u00edtnut\u00ed pln\u011bn\u00ed a zru\u0161en\u00ed pojistky Bruna \u010cesk\u00e1 podnikatelsk\u00e1 poji\u0161\u0165ovna tentokr\u00e1t od\u016fvodnila tak, \u017ee jeho zdravotn\u00ed stav pan Pokorn\u00fd neuvedl v odpov\u011bdi na ot\u00e1zku \u010d\u00edslo 2 zdravotn\u00edho dotazn\u00edku. Ta ot\u00e1zka 2 vlastn\u011b spo\u010d\u00edv\u00e1, jestli teda trp\u00ed, trp\u011bl v posledn\u00edch sedmi letech n\u011bjak\u00fdmi chorobami, vrozenou vadou, du\u0161evn\u00ed poruchou, te\u010f je tedy vyjmenov\u00e1na cel\u00e1 \u0159ada nemoc\u00ed, pokud ano, abyste ji uvedli, anebo pokud byl sledovan\u00fd nebo l\u00e9\u010den\u00fd s tou konkr\u00e9tn\u00ed n\u011bjakou diagn\u00f3zou za posledn\u00edch sedm let.<br \/><br \/>Tom\u00e1\u0161 POKORN\u00dd, otec Bruna<br \/>&#8212;&#8212;&#8212;&#8212;&#8212;&#8212;&#8211;<br \/>Sledovan\u00fd byl pro ten motorick\u00fd v\u00fdvoj, ale nem\u011bl to podlo\u017een\u00e9 \u017e\u00e1dnou diagn\u00f3zou.<br \/><br \/>Petr Mikysek, advok\u00e1t<br \/>&#8212;&#8212;&#8212;&#8212;&#8212;&#8212;&#8211;<br \/>Kontroly syna neprob\u00edhaly kv\u016fli n\u011bjak\u00e9 konkr\u00e9tn\u00ed diagn\u00f3ze. Pouze sledovali jeho v\u00fdvoj a v r\u00e1mci t\u011bch kontrol byla konstatov\u00e1no, \u017ee je sice m\u00edrn\u011b opo\u017ed\u011bn, ale nicm\u00e9n\u011b st\u00e1le je to v norm\u011b, ale m\u011bli by se dostavovat na \u0159\u00e1dn\u00e9 dal\u0161\u00ed kontroly. Nebyla tam konstatov\u00e1na \u017e\u00e1dn\u00e1 diagn\u00f3za, nebyla tam \u0159e\u0161eno \u017e\u00e1dn\u00e9 z\u00e1va\u017en\u00e9 onemocn\u011bn\u00ed.<br \/><br \/>Michaela SL\u00cdVOV\u00c1, matka Bruna<br \/>&#8212;&#8212;&#8212;&#8212;&#8212;&#8212;&#8211;<br \/>Ta poji\u0161\u0165ovna moc dob\u0159e v\u00ed, pokud si na\u0161la tuhle diagn\u00f3zu, jak to bude prost\u011b \/nesrozumiteln\u00e9\/ d\u00e1l, jakoby \u017ee bude v nemocnic\u00edch, prost\u011b budou tam ty \u010dast\u00e9 p\u00e1dy, prost\u011b zlomeniny atd. Tak\u017ee moc dob\u0159e v\u011bd\u011bli, pro\u010d se sna\u017eit od t\u00e9 smlouvy co nejrychleji odstoupit.<br \/><br \/>Bohunka Fra\u0148kov\u00e1, redaktorka<br \/>&#8212;&#8212;&#8212;&#8212;&#8212;&#8212;&#8211;<br \/>I n\u00e1m \u010cesk\u00e1 podnikatelsk\u00e1 poji\u0161\u0165ovna napsala, \u017ee pan Pokorn\u00fd zaml\u010del zdravotn\u00ed stav syna a \u017ee v ot\u00e1zce \u010d\u00edslo 2 neuvedl, \u017ee byl Bruno pro n\u011bco sledov\u00e1n. Ale na pouh\u00e9m sledov\u00e1n\u00ed z jak\u00e9hokoliv d\u016fvodu tato ot\u00e1zka postavena nen\u00ed, a tak jsme poji\u0161\u0165ovn\u011b napsali cel\u00e9 jej\u00ed zn\u011bn\u00ed a cht\u011bli jsme v\u011bd\u011bt, co bylo fakticky poru\u0161eno. Ot\u00e1zka se toti\u017e vztahuje pouze na konkr\u00e9tn\u00ed diagn\u00f3zy. Te\u010f jsme dostali odpov\u011b\u010f, \u017ee v l\u00e9ka\u0159sk\u00fdch zpr\u00e1v\u00e1ch se uv\u00e1d\u00ed, \u017ee d\u00edt\u011b nerovnom\u011brn\u00fdm psychomotorick\u00fdm v\u00fdvojem trp\u011blo, bylo pro n\u011bj pravideln\u011b sledov\u00e1no, a pokud klient p\u0159i sjedn\u00e1n\u00ed smlouvy uvede nepravdiv\u00e9 \u00fadaje nebo zaml\u010d\u00ed podstatn\u00e9 informace, vystavuje se riziku, \u017ee nebude poskytnuto pojistn\u00e9 pln\u011bn\u00ed. Ale kam jste to teda m\u011bli uv\u00e9st?<br \/><br \/>Tom\u00e1\u0161 POKORN\u00dd, otec Bruna<br \/>&#8212;&#8212;&#8212;&#8212;&#8212;&#8212;&#8211;<br \/>J\u00e1 pr\u00e1v\u011b tady tomu jako nerozum\u00edm. Nebylo tam nic pr\u00e1v\u011b o tady tomuhle.<br \/><br \/>Michaela SL\u00cdVOV\u00c1, matka Bruna<br \/>&#8212;&#8212;&#8212;&#8212;&#8212;&#8212;&#8211;<br \/>Psychomotorick\u00fd v\u00fdvoj m\u00e1 co druh\u00e9 d\u00edt\u011b opo\u017ed\u011bn\u00e9, tak\u017ee dneska by asi nebylo pojistiteln\u00e9 teda \u017e\u00e1dn\u00e9 d\u00edt\u011b pomalu. A na to si mysl\u00edm, \u017ee ty poji\u0161\u0165ovny pr\u00e1v\u011b spol\u00e9haj\u00ed hodn\u011b.<br \/><br \/>Petr Mikysek, advok\u00e1t<br \/>&#8212;&#8212;&#8212;&#8212;&#8212;&#8212;&#8211;<br \/>Z m\u00e9ho pohledu po prostudov\u00e1n\u00ed t\u011bch dokument\u016f m\u00e1m za to, \u017ee rodi\u010de p\u0159i vypl\u0148ov\u00e1n\u00ed toho dotazn\u00edku nic nezaml\u010deli, proto\u017ee jejich syn podl\u00e9hal norm\u00e1ln\u00edm, b\u011b\u017en\u00fdm kontrol\u00e1m, tak jako ka\u017ed\u00e9 d\u00edt\u011b do 18 let v\u011bku, a nebyla vyslovena \u017e\u00e1dn\u00e1 diagn\u00f3za, \u017e\u00e1dn\u00e9 podez\u0159en\u00ed a ty kontroly nebyly za \u00fa\u010delem kontrolov\u00e1n\u00ed n\u011bjak\u00e9 konkr\u00e9tn\u00ed choroby. \u010cili m\u00e1m za to, \u017ee p\u0159i sjedn\u00e1v\u00e1n\u00ed t\u00e9 pojistn\u00e9 smlouvy nebylo nic zaml\u010deno, a tud\u00ed\u017e n\u00e1rok na to pojistn\u00e9 pln\u011bn\u00ed existuje.<br \/><br \/>Bohunka Fra\u0148kov\u00e1, redaktorka<br \/>&#8212;&#8212;&#8212;&#8212;&#8212;&#8212;&#8211;<br \/>Smutn\u00fdm paradoxem je, \u017ee opo\u017ed\u011bn\u00fd psychomotorick\u00fd v\u00fdvoj d\u00edt\u011bte nijak nesouvis\u00ed s nemoc\u00ed, kterou Bruno nakonec m\u00e1.<br \/><br \/>Karol\u00edna PODOLSK\u00c1, l\u00e9ka\u0159ka, Parent Project z.s.<br \/>&#8212;&#8212;&#8212;&#8212;&#8212;&#8212;&#8211;<br \/>Odchylka od psychomotorick\u00e9ho v\u00fdvoje v\u016fbec neznamen\u00e1, \u017ee by to d\u00edt\u011b m\u011blo b\u00fdt n\u011bjak nemocn\u00e9. A naopak u Duchenneovy svalov\u00e9 dystrofie zpravidla ty d\u011bti ani tu odchylku nemaj\u00ed.<br \/><br \/>Bohunka Fra\u0148kov\u00e1, redaktorka<br \/>&#8212;&#8212;&#8212;&#8212;&#8212;&#8212;&#8211;<br \/>Napsali jsme tedy poji\u0161\u0165ovn\u011b znovu. Ale ta trvala na sv\u00e9m. Setk\u00e1v\u00e1te se i s takov\u00fdmhle p\u0159\u00edstupem poji\u0161\u0165oven?<br \/><br \/>Karol\u00edna PODOLSK\u00c1, l\u00e9ka\u0159ka, Parent Project z.s.<br \/>&#8212;&#8212;&#8212;&#8212;&#8212;&#8212;&#8211;<br \/>Ur\u010dit\u011b. Dnes a denn\u011b. A\u0165 u\u017e to je u takov\u00fdchto rizik, respektive u takov\u00fdchto poji\u0161t\u011bn\u00ed nebo pr\u00e1v\u011b u schvalov\u00e1n\u00ed t\u011bch kompenza\u010dn\u00edch pom\u016fcek. Opravdu ty obstrukce ze strany poji\u0161\u0165oven jsou na denn\u00edm po\u0159\u00e1dku.<br \/><br \/>Tom\u00e1\u0161 POKORN\u00dd, otec Bruna<br \/>&#8212;&#8212;&#8212;&#8212;&#8212;&#8212;&#8211;<br \/>J\u00e1 si mysl\u00edm, \u017ee to cht\u011bj\u00ed shodit a vlastn\u011b zbavit se odpov\u011bdnosti za to, \u017ee vlastn\u011b maj\u00ed \u0161patn\u011b ten dotazn\u00edk ud\u011blan\u00fd. Kdyby tam m\u011bli je\u0161t\u011b ot\u00e1zky, jestli je v\u0161ecko v pohod\u011b nebo m\u00e1 n\u011bjak\u00e9 sledov\u00e1n\u00ed jin\u00e9, tak bysme to tam samoz\u0159ejm\u011b uvedli.<br \/><br \/>Petr Mikysek, advok\u00e1t<br \/>&#8212;&#8212;&#8212;&#8212;&#8212;&#8212;&#8211;<br \/>V dan\u00e9m p\u0159\u00edpad\u011b je mo\u017en\u00e9 dom\u00e1hat se pojistn\u00e9ho pln\u011bn\u00ed jedin\u011b u soudu, to je jedin\u00fd org\u00e1n, kter\u00fd m\u016f\u017ee to pojistn\u00e9 pln\u011bn\u00ed p\u0159iznat.<br \/><br \/>Bohunka Fra\u0148kov\u00e1, redaktorka<br \/>&#8212;&#8212;&#8212;&#8212;&#8212;&#8212;&#8211;<br \/>Pen\u00edze budou rodi\u010de pot\u0159ebovat. Ji\u017e nyn\u00ed maj\u00ed objednan\u00fd&nbsp;<strong>invalidn\u00ed<\/strong>&nbsp;voz\u00edk a dal\u0161\u00ed pom\u016fcky budou p\u0159ib\u00fdvat.<br \/><br \/>Karol\u00edna PODOLSK\u00c1, l\u00e9ka\u0159ka, Parent Project z.s.<br \/>&#8212;&#8212;&#8212;&#8212;&#8212;&#8212;&#8211;<br \/>Ta nemoc, je\u0161t\u011b jednou zd\u016frazn\u00edm, vede k tomu, \u017ee pot\u0159ebujete 24hodinovou asistenci druh\u00e9 osoby a nezvl\u00e1dnete sami ani ovl\u00e1dat elektrick\u00fd voz\u00edk, ani\u017e by v\u00e1m n\u011bkdo zvednul tu ruku na to ovl\u00e1d\u00e1n\u00ed. To znamen\u00e1, neud\u011bl\u00e1te sami v\u016fbec nic. Pro tu rodinu to znamen\u00e1 obrovskou z\u00e1t\u011b\u017e fyzickou, psychickou a velmi vysokou z\u00e1t\u011b\u017e finan\u010dn\u00ed, a jak \u0159\u00edk\u00e1m, tak i rodiny, kter\u00e9 maj\u00ed nebo m\u011bly p\u0159ed tou diagn\u00f3zou t\u0159eba velk\u00fd p\u0159\u00edjem, tak si s t\u00edm samy neporad\u00ed. J\u00e1 nezn\u00e1m \u017e\u00e1dnou rodinu, kter\u00e1 by finan\u010dn\u011b zvl\u00e1dla to onemocn\u011bn\u00ed bez pomoci ostatn\u00edch. \u017d\u00e1dnou rodinu nezn\u00e1m.<br \/><br \/>Michaela SL\u00cdVOV\u00c1, matka Bruna<br \/>&#8212;&#8212;&#8212;&#8212;&#8212;&#8212;&#8211;<br \/>U\u017e jsem se d\u00edvala, informovala, jako co bude d\u00e1l do budoucna, co bude pot\u0159eba. No, ale jako tak ty finan\u010dn\u00ed prost\u0159edky budeme muset z\u00edsk\u00e1vat n\u011bkde z n\u011bjak\u00fdch nadac\u00ed.<br \/><br \/>Karol\u00edna PODOLSK\u00c1, l\u00e9ka\u0159ka, Parent Project z.s.<br \/>&#8212;&#8212;&#8212;&#8212;&#8212;&#8212;&#8211;<br \/>Pro n\u011b to opravdu znamen\u00e1 po\u0159\u00e1d obepisovat nadace, po\u0159\u00e1d n\u011bkde, kdy\u017e to \u0159eknu o\u0161kliv\u011b, \u0161kemrat. Po\u0159\u00e1d n\u011bkoho prosit o pomoc, po\u0159\u00e1d vysv\u011btlovat, pro\u010d tu pomoc pot\u0159ebuju, to\u010dit r\u016fzn\u00e1 videa, aby to lidi pochopili, co to znamen\u00e1. Opravdu si tu cestu nevybrali a ta cesta je velmi nesnadn\u00e1.<br \/><br \/>Kate\u0159ina Stibalov\u00e1, moder\u00e1torka<br \/>&#8212;&#8212;&#8212;&#8212;&#8212;&#8212;&#8211;<br \/>V \u00fater\u00fd si od v\u00e1\u017en\u00fdch t\u00e9mat trochu odpo\u010dineme. \u010cek\u00e1 n\u00e1s ochutn\u00e1vka sladk\u00fdch muffin\u016f. Co obsahuj\u00ed ty, kter\u00e9 si koup\u00edme v obchod\u011b? Odpov\u011b\u010f u\u017e v z\u00edt\u0159ej\u0161\u00edm d\u00edle. Na vid\u011bnou.<\/p>\n\n\n\n<p><br \/><\/p>\n","protected":false},"excerpt":{"rendered":"<div class=\"mh-excerpt\"><p>\u010cT 1&nbsp;&#8211; \u010cern\u00e9 ovce. V\u00e1\u017en\u00e1 nemoc d\u00edt\u011bte je no\u010dn\u00ed m\u016frou ka\u017ed\u00e9ho rodi\u010de. I kv\u016fli t\u011bmto t\u011b\u017ek\u00fdm \u017eivotn\u00edm situac\u00edm ale uzav\u00edr\u00e1me pojistky. Jen\u017ee co kdy\u017e nakonec <a class=\"mh-excerpt-more\" href=\"https:\/\/www.invarena.cz\/?p=42169\" title=\"\u010cern\u00e9 ovce \u2013 Nemoc\u00a0\u00a0\">[&#8230;]<\/a><\/p>\n<\/div>","protected":false},"author":1,"featured_media":22174,"comment_status":"open","ping_status":"closed","sticky":false,"template":"","format":"standard","meta":{"footnotes":""},"categories":[11],"tags":[],"class_list":["post-42169","post","type-post","status-publish","format-standard","has-post-thumbnail","hentry","category-zdravi"],"_links":{"self":[{"href":"https:\/\/www.invarena.cz\/index.php?rest_route=\/wp\/v2\/posts\/42169","targetHints":{"allow":["GET"]}}],"collection":[{"href":"https:\/\/www.invarena.cz\/index.php?rest_route=\/wp\/v2\/posts"}],"about":[{"href":"https:\/\/www.invarena.cz\/index.php?rest_route=\/wp\/v2\/types\/post"}],"author":[{"embeddable":true,"href":"https:\/\/www.invarena.cz\/index.php?rest_route=\/wp\/v2\/users\/1"}],"replies":[{"embeddable":true,"href":"https:\/\/www.invarena.cz\/index.php?rest_route=%2Fwp%2Fv2%2Fcomments&post=42169"}],"version-history":[{"count":0,"href":"https:\/\/www.invarena.cz\/index.php?rest_route=\/wp\/v2\/posts\/42169\/revisions"}],"wp:featuredmedia":[{"embeddable":true,"href":"https:\/\/www.invarena.cz\/index.php?rest_route=\/wp\/v2\/media\/22174"}],"wp:attachment":[{"href":"https:\/\/www.invarena.cz\/index.php?rest_route=%2Fwp%2Fv2%2Fmedia&parent=42169"}],"wp:term":[{"taxonomy":"category","embeddable":true,"href":"https:\/\/www.invarena.cz\/index.php?rest_route=%2Fwp%2Fv2%2Fcategories&post=42169"},{"taxonomy":"post_tag","embeddable":true,"href":"https:\/\/www.invarena.cz\/index.php?rest_route=%2Fwp%2Fv2%2Ftags&post=42169"}],"curies":[{"name":"wp","href":"https:\/\/api.w.org\/{rel}","templated":true}]}}