{"id":42171,"date":"2023-09-18T07:14:07","date_gmt":"2023-09-18T05:14:07","guid":{"rendered":"https:\/\/www.invarena.cz\/?p=42171"},"modified":"2023-09-18T07:14:08","modified_gmt":"2023-09-18T05:14:08","slug":"zkracene-uvazky-funguji","status":"publish","type":"post","link":"https:\/\/www.invarena.cz\/?p=42171","title":{"rendered":"Zkr\u00e1cen\u00e9 \u00favazky funguj\u00ed\u00a0\u00a0"},"content":{"rendered":"\n<p>Zv\u00fdhodn\u011bn\u00ed zkr\u00e1cen\u00fdch \u00favazk\u016f pro ur\u010dit\u00e9 skupiny zam\u011bstnanc\u016f funguje. Tvrd\u00ed to&nbsp;<strong>ministr<\/strong>&nbsp;<strong>pr\u00e1ce<\/strong>&nbsp;a soci\u00e1ln\u00edch v\u011bc\u00ed Marian Jure\u010dka. Slevu na soci\u00e1ln\u00edch odvodech u krat\u0161\u00edch \u00favazk\u016f nej\u010dast\u011bji vyu\u017e\u00edvaj\u00ed lid\u00e9 nad 55 let a rodi\u010de, kte\u0159\u00ed pe\u010duj\u00ed o d\u011bti. Podle odborn\u00edk\u016f by ale st\u00e1t m\u011bl \u010d\u00e1ste\u010dn\u00e9 \u00favazky zv\u00fdhodnit je\u0161t\u011b v\u00edce.<br \/><br \/>Prima&nbsp;&#8211; Hlavn\u00ed zpr\u00e1vy<br \/>&#8212;&#8212;&#8212;&#8212;&#8212;&#8212;&#8211;<br \/>Oproti Evrop\u011b jsme pozadu. Pod\u00edl zkr\u00e1cen\u00fdch \u00favazk\u016f byl u n\u00e1s v posledn\u00edch letech pod 10 procenty. Pr\u016fm\u011br Evropsk\u00e9 unie se pohybuje kolem 30 %. Ale podle ministerstva pr\u00e1ce pomohla sleva na soci\u00e1ln\u00edch odvodech u krat\u0161\u00edch \u00favazk\u016f, kter\u00e1 funguje od \u00fanora.<br \/><br \/>Marian Jure\u010dka,&nbsp;<strong>ministr<\/strong>&nbsp;<strong>pr\u00e1ce<\/strong>&nbsp;a soci\u00e1ln\u00edch v\u011bc\u00ed, vicepremi\u00e9r \/KDU-\u010cSL\/<br \/>&#8212;&#8212;&#8212;&#8212;&#8212;&#8212;&#8211;<br \/>Je tady v\u00edce jak 23 000 zam\u011bstnavatel\u016f, kte\u0159\u00ed u\u017e je dneska nab\u00edzej\u00ed. Skoro 100 000 zam\u011bstnanc\u016f, kte\u0159\u00ed tohoto vyu\u017eili. A je to opravdu velmi d\u016fle\u017eit\u00fd n\u00e1stroj pro to, jak podpo\u0159it lep\u0161\u00ed slad\u011bn\u00ed rodinn\u00e9ho a pracovn\u00edho \u017eivota.<br \/><br \/>Zbyn\u011bk Zykmund, redaktor<br \/>&#8212;&#8212;&#8212;&#8212;&#8212;&#8212;&#8211;<br \/>Slevu na soci\u00e1ln\u00edch odvodech u krat\u0161\u00edch \u00favazk\u016f nejv\u00edc vyu\u017e\u00edvaj\u00ed lid\u00e9 ve v\u011bku nad 55 let a rodi\u010de, kte\u0159\u00ed pe\u010duj\u00ed o d\u00edt\u011b do 10 let. Podporovan\u00e9 \u010d\u00e1ste\u010dn\u00e9 \u00favazky pak vyu\u017e\u00edvaj\u00ed tak\u00e9 mlad\u00ed do 21 let a&nbsp;<strong>zdravotn\u011b<\/strong>&nbsp;<strong>posti\u017een\u00ed<\/strong>. Podle opozice je zat\u00edm p\u016fl roku na zhodnocen\u00ed zm\u011bny p\u0159\u00edli\u0161 kr\u00e1tk\u00e1 doba. Po roce pr\u00fd bude jasn\u00e9, jestli to funguje.<br \/><br \/>Jana PASTUCHOV\u00c1, m\u00edstop\u0159edsedkyn\u011b sn\u011bmovn\u00edho v\u00fdboru pro soci\u00e1ln\u00ed politiku \/ANO\/<br \/>&#8212;&#8212;&#8212;&#8212;&#8212;&#8212;&#8211;<br \/>Kdyby t\u011bch \u00favazk\u016f nebylo tolik, tak bysme navrhli zm\u011bnu, aby poji\u0161t\u011bn\u00ed pro zam\u011bstnavatele bylo je\u0161t\u011b v\u00edc zv\u00fdhodn\u011bno, aby t\u011bch \u00favazk\u016f mohlo b\u00fdt nab\u00eddnuto je\u0161t\u011b v\u00edc.<br \/><br \/>Zbyn\u011bk Zykmund, redaktor<br \/>&#8212;&#8212;&#8212;&#8212;&#8212;&#8212;&#8211;<br \/>Pr\u00e1v\u011b to by pr\u00fd mohlo firmy a podniky motivovat, aby takov\u00e9 \u00favazky nab\u00edzely.<br \/><br \/>Jaroslava REZLEROV\u00c1, Asociace poskytovatel\u016f person\u00e1ln\u00edch slu\u017eeb<br \/>&#8212;&#8212;&#8212;&#8212;&#8212;&#8212;&#8211;<br \/>Ta sleva po\u0159\u00e1d je\u0161t\u011b m\u016f\u017ee nar\u016fst. T\u011bch 5 % asi nen\u00ed \u00fapln\u011b dostate\u010dn\u011b motivuj\u00edc\u00edch pro v\u0161echny zam\u011bstnavatele.<br \/><br \/>redaktor<br \/>&#8212;&#8212;&#8212;&#8212;&#8212;&#8212;&#8211;<br \/><strong>Ministr<\/strong>&nbsp;<strong>pr\u00e1ce<\/strong>&nbsp;a soci\u00e1ln\u00edch v\u011bc\u00ed Marian Jure\u010dka do budoucna nevylou\u010dil zm\u011bnu v syst\u00e9mu \u010d\u00e1ste\u010dn\u00fdch \u00favazk\u016f. V sou\u010dasn\u00e9 chv\u00edli je to pr\u00fd ale maximum mo\u017en\u00e9ho. <br \/><br \/>CNN Prima News.<\/p>\n\n\n\n<p><\/p>\n","protected":false},"excerpt":{"rendered":"<div class=\"mh-excerpt\"><p>Zv\u00fdhodn\u011bn\u00ed zkr\u00e1cen\u00fdch \u00favazk\u016f pro ur\u010dit\u00e9 skupiny zam\u011bstnanc\u016f funguje. Tvrd\u00ed to&nbsp;ministr&nbsp;pr\u00e1ce&nbsp;a soci\u00e1ln\u00edch v\u011bc\u00ed Marian Jure\u010dka. Slevu na soci\u00e1ln\u00edch odvodech u krat\u0161\u00edch \u00favazk\u016f nej\u010dast\u011bji vyu\u017e\u00edvaj\u00ed lid\u00e9 nad <a class=\"mh-excerpt-more\" href=\"https:\/\/www.invarena.cz\/?p=42171\" title=\"Zkr\u00e1cen\u00e9 \u00favazky funguj\u00ed\u00a0\u00a0\">[&#8230;]<\/a><\/p>\n<\/div>","protected":false},"author":1,"featured_media":14147,"comment_status":"open","ping_status":"closed","sticky":false,"template":"","format":"standard","meta":{"footnotes":""},"categories":[7],"tags":[],"class_list":["post-42171","post","type-post","status-publish","format-standard","has-post-thumbnail","hentry","category-spolecnost"],"_links":{"self":[{"href":"https:\/\/www.invarena.cz\/index.php?rest_route=\/wp\/v2\/posts\/42171","targetHints":{"allow":["GET"]}}],"collection":[{"href":"https:\/\/www.invarena.cz\/index.php?rest_route=\/wp\/v2\/posts"}],"about":[{"href":"https:\/\/www.invarena.cz\/index.php?rest_route=\/wp\/v2\/types\/post"}],"author":[{"embeddable":true,"href":"https:\/\/www.invarena.cz\/index.php?rest_route=\/wp\/v2\/users\/1"}],"replies":[{"embeddable":true,"href":"https:\/\/www.invarena.cz\/index.php?rest_route=%2Fwp%2Fv2%2Fcomments&post=42171"}],"version-history":[{"count":0,"href":"https:\/\/www.invarena.cz\/index.php?rest_route=\/wp\/v2\/posts\/42171\/revisions"}],"wp:featuredmedia":[{"embeddable":true,"href":"https:\/\/www.invarena.cz\/index.php?rest_route=\/wp\/v2\/media\/14147"}],"wp:attachment":[{"href":"https:\/\/www.invarena.cz\/index.php?rest_route=%2Fwp%2Fv2%2Fmedia&parent=42171"}],"wp:term":[{"taxonomy":"category","embeddable":true,"href":"https:\/\/www.invarena.cz\/index.php?rest_route=%2Fwp%2Fv2%2Fcategories&post=42171"},{"taxonomy":"post_tag","embeddable":true,"href":"https:\/\/www.invarena.cz\/index.php?rest_route=%2Fwp%2Fv2%2Ftags&post=42171"}],"curies":[{"name":"wp","href":"https:\/\/api.w.org\/{rel}","templated":true}]}}