{"id":42181,"date":"2023-09-18T06:56:42","date_gmt":"2023-09-18T04:56:42","guid":{"rendered":"https:\/\/www.invarena.cz\/?p=42181"},"modified":"2023-09-18T06:56:42","modified_gmt":"2023-09-18T04:56:42","slug":"host-lucie-vyborne-matej-lipsky","status":"publish","type":"post","link":"https:\/\/www.invarena.cz\/?p=42181","title":{"rendered":"Host Lucie V\u00fdborn\u00e9 &#8211; Mat\u011bj Lipsk\u00fd\u00a0\u00a0"},"content":{"rendered":"\n<p>Hostem Radio\u017eurn\u00e1lu byl psycholog, speci\u00e1ln\u00ed pedagog, muzikoterapeut Mat\u011bj Lipsk\u00fd, kter\u00fd hovo\u0159il o hlasov\u00fdch zran\u011bn\u00edch, o l\u00e9\u010db\u011b autismu a o centru soci\u00e1ln\u00edch slu\u017eeb Tloskov.  <\/p>\n\n\n\n<p><br \/>&#8212;&#8212;&#8212;&#8212;&#8212;&#8212;&#8211;<br \/>Na kolik n\u00e1stroj\u016f mus\u00ed um\u011bt muzikoterapeut hr\u00e1t?<br \/><br \/>Mat\u011bj Lipsk\u00fd, hudebn\u00edk, psycholog<br \/>&#8212;&#8212;&#8212;&#8212;&#8212;&#8212;&#8211;<br \/>J\u00e1 si mysl\u00edm, \u017ee hlavn\u011b by m\u011bl m\u00edt dobr\u00fd vztah pr\u00e1v\u011b se sv\u00fdm hlasem, to je z\u00e1klad v\u0161eho, to znamen\u00e1 jakoby, proto\u017ee hlas je to nejintimn\u011bj\u0161\u00ed, co m\u00e1me a co m\u016f\u017eeme nab\u00eddnout klientovi. A taky kolem hlasu m\u00e1me nejv\u00edc zran\u011bn\u00ed t\u0159eba ze \u0161koly nebo podobn\u011b. Tak\u017ee, kdy\u017e muzikoterapeut je v kontaktu se sv\u00fdm hlasem a neboj\u00ed se ho pou\u017e\u00edt, tak to je z\u00e1klad. A pak j\u00e1 v\u017edycky \u0159\u00edk\u00e1m to, \u017ee um\u00ed na dal\u0161\u00ed n\u00e1stroje je poleh\u010duj\u00edc\u00ed okolnost.<br \/><br \/>Lucie V\u00fdborn\u00e1, moder\u00e1torka<br \/>&#8212;&#8212;&#8212;&#8212;&#8212;&#8212;&#8211;<br \/>Co to znamen\u00e1, \u017ee kv\u016fli hlasu m\u00e1me nejv\u00edc zran\u011bn\u00ed?<br \/><br \/>Mat\u011bj Lipsk\u00fd, hudebn\u00edk, psycholog<br \/>&#8212;&#8212;&#8212;&#8212;&#8212;&#8212;&#8211;<br \/>No, proto\u017ee vlastn\u011b na z\u00e1kladn\u00ed \u0161kole zhruba mezi osm\u00fdm, dev\u00e1t\u00fdm rokem se ty d\u011bti za\u010dnou srovn\u00e1vat sami od sebe, \u017ee za\u010dnou vid\u011bt, \u017ee n\u011bkdo maluje l\u00edp, n\u011bkdo hraje l\u00edp, n\u011bkdo l\u00edp zp\u00edv\u00e1, oni to poznaj\u00ed. A kdy\u017e do toho psychologov\u00e9 \u0159\u00edkaj\u00ed v\u00fdznamn\u00fd, druh\u00fd, v\u00fdznamn\u00fd prvn\u00ed je rodi\u010d a v\u00fdznamn\u00fd druh\u00fd je u\u010ditel, kdy\u017e do toho ten u\u010ditel nebo rodi\u010d zas\u00e1hnou ve smyslu, \u017ee \u0159eknou, ty nem\u00e1\u0161 rytmus nebo ty zp\u00edv\u00e1\u0161 fale\u0161n\u011b. Nebo jedna u\u010ditelka \u0159\u00edkala, tak ty se bav\u00ed\u0161, tak poj\u010f p\u0159ed tabuli a zazp\u00edv\u00e1\u0161 v\u0161em a budeme se bavit my, tak vznikne vlastn\u011b ohromn\u00fd trauma. A ten \u010dlov\u011bk, j\u00e1 tomu \u0159\u00edk\u00e1m, \u017ee je zaklet\u00fd, to znamen\u00e1, \u017ee p\u0159estane b\u00fdt v kontaktu se sv\u00fdm hlasem a styd\u00ed se na ve\u0159ejnosti zp\u00edvat. A hor\u0161\u00ed v\u011bc je, kdy\u017e se styd\u00ed pak zp\u00edvat i s\u00e1m pro sebe, anebo sv\u00fdm d\u011btem. T\u0159eba u \u017een je stra\u0161n\u011b d\u016fle\u017eit\u00fd, aby zp\u00edvaly sv\u00fdm d\u011btem je\u0161t\u011b v b\u0159ichu, v b\u0159\u00ed\u0161ku a samoz\u0159ejm\u011b po narozen\u00ed.<br \/><br \/>Lucie V\u00fdborn\u00e1, moder\u00e1torka<br \/>&#8212;&#8212;&#8212;&#8212;&#8212;&#8212;&#8211;<br \/>Tak j\u00e1 nev\u00edm, jak moc jsem zp\u00edvala, ale rozhodn\u011b jsem hovo\u0159ila, \u010detla jsem poh\u00e1dky atd. To se taky po\u010d\u00edt\u00e1, jo?<br \/><br \/>Mat\u011bj Lipsk\u00fd, hudebn\u00edk, psycholog<br \/>&#8212;&#8212;&#8212;&#8212;&#8212;&#8212;&#8211;<br \/>Jo, j\u00e1 si mysl\u00edm, \u017ee jo, jako \u017ee v\u016fbec ten kontakt s t\u00edm nejintimn\u011bj\u0161\u00edm, co m\u00e1me, kdy\u017e vlastn\u011b nab\u00edz\u00edme tomu d\u00edt\u011bti, tak ten v\u00fdvoj jde kup\u0159edu, dokonce jsou na to v\u00fdzkumy u neonatologie nebo v d\u011btsk\u00fdch centrech, co\u017e tady d\u011blala i prim\u00e1\u0159ka Damborsk\u00e1 sv\u00e9ho \u010dasu kdysi d\u00e1vno, \u017ee opravdu tam, kde se zp\u00edvalo d\u011btem nebo se na n\u011b opravdu mluvilo a \u010detlo a d\u011blaly se s nimi \u0159\u00edkadla a podobn\u011b, \u017ee \u0161el rychleji a l\u00e9pe vlastn\u011b \u0159e\u010dov\u00fd v\u00fdvoj.<br \/><br \/>Lucie V\u00fdborn\u00e1, moder\u00e1torka<br \/>&#8212;&#8212;&#8212;&#8212;&#8212;&#8212;&#8211;<br \/>Nakolik n\u00e1stroj\u016f mus\u00ed muzikoterapeut um\u011bt hr\u00e1t, to jste \u0159\u00edkal o poleh\u010duj\u00edc\u00ed okolnosti, ale jak jste na tom s tou svoj\u00ed poleh\u010duj\u00edc\u00ed okolnost\u00ed teda?<br \/><br \/>Mat\u011bj Lipsk\u00fd, hudebn\u00edk, psycholog<br \/>&#8212;&#8212;&#8212;&#8212;&#8212;&#8212;&#8211;<br \/>No, takhle, j\u00e1 jsem d\u0159\u00edv si myslel, \u017ee muzikoterapeut opravdu mus\u00ed um\u011bt hr\u00e1t na n\u00e1stroj, proto\u017ee jsem si \u0159\u00edkal, \u017ee si to nedovedu p\u0159edstavit, ale pak jsem se dostal do centra soci\u00e1ln\u00edch slu\u017eeb Tloskov, kde b\u00fdval\u00fd \u0159editel byl velk\u00fd nad\u0161enec a m\u011bl tam vlastn\u011b t\u00fdm lid\u00ed, kte\u0159\u00ed m\u011bli r\u00e1di hudbu, ale t\u0159eba neum\u011bli n\u011bkte\u0159\u00ed z nich na n\u011bco hr\u00e1t. A spojil se s Tom\u00e1\u0161em Proch\u00e1zkou, kter\u00fd u\u010d\u00ed na univerzit\u011b Karlov\u011b pr\u00e1v\u011b muzikoterapie a u\u010dil i m\u011b, a ten vymyslel program vlastn\u011b takzvan\u011b receptivn\u00ed muzikoterapie, poslechov\u00e9 vlastn\u011b s c\u00e9d\u00e9\u010dky, a kdy\u017e vlastn\u011b ten \u010dlov\u011bk sleduje n\u011bjak\u00fd terapeutick\u00fd c\u00edl a vyu\u017eije k tomu n\u00e1stroje a jako takov\u00fd background si d\u00e1 vlastn\u011b to c\u00e9d\u00e9\u010dko, tak vlastn\u011b ty c\u00edle napl\u0148uje tak\u00e9, tak\u017ee to je zaj\u00edmav\u00fd.<br \/><br \/>Lucie V\u00fdborn\u00e1, moder\u00e1torka<br \/>&#8212;&#8212;&#8212;&#8212;&#8212;&#8212;&#8211;<br \/>Tak je\u0161t\u011b jinak, na kolik n\u00e1stroj\u016f hrajete?<br \/><br \/>Mat\u011bj Lipsk\u00fd, hudebn\u00edk, psycholog<br \/>&#8212;&#8212;&#8212;&#8212;&#8212;&#8212;&#8211;<br \/>J\u00e1 hraju na kytaru, j\u00e1 \u0159\u00edk\u00e1m, j\u00e1 hraju od v\u0161eho trochu, ale na nic po\u0159\u00e1dn\u011b, tak\u017ee m\u00e1m tam n\u011bjak\u00fd fl\u00e9tny, n\u011bjak\u00fd perkuse, strunn\u00fd n\u00e1stroje, tak jako jak to jde od n\u011bjak\u00fdch kantel a\u017e po teda kytary, baskytary a tak, ale zp\u00edv\u00e1m taky.<br \/><br \/>Lucie V\u00fdborn\u00e1, moder\u00e1torka<br \/>&#8212;&#8212;&#8212;&#8212;&#8212;&#8212;&#8211;<br \/>M\u00e1m velmi naivn\u00ed p\u0159edstavu o muzikoterapii, mysl\u00edm si, \u017ee je to hudba, kter\u00e1 mn\u011b p\u0159inese n\u011bjak\u00e9 uklidn\u011bn\u00ed, tak\u017ee si p\u0159edstavuju n\u011bco takov\u00e9ho jemn\u011bj\u0161\u00edho a jsem si v\u011bdoma toho, \u017ee tady se mnou sed\u00ed mu\u017e, kter\u00fd hraje gotik rock s kapelou Projekt 13 a metal s kapelou Krmelec. A n\u011bjak mi to cel\u00e9 ned\u00e1v\u00e1 smysl.<br \/><br \/>Mat\u011bj Lipsk\u00fd, hudebn\u00edk, psycholog<br \/>&#8212;&#8212;&#8212;&#8212;&#8212;&#8212;&#8211;<br \/>Tak j\u00e1 \u0159\u00edk\u00e1m, \u017ee to je moje psychohygiena, \u017ee ve chv\u00edli, co pr\u00e1v\u011b d\u011bl\u00e1te hodn\u011b t\u00e9 jemn\u00e9 hudby, tak pot\u0159ebujete to n\u011bkde vyv\u00e1\u017eit. A j\u00e1, ne\u017e jsem se stal \u0159editelem pr\u00e1v\u011b v tom zm\u00edn\u011bn\u00e9m Tloskov\u011b, tak jsem pracoval v d\u011btsk\u00e9m centru p\u0159i Thomayerov\u011b nemocnici a tam s malinkat\u00fdm d\u011btma jsme opravdu pracovali hodn\u011b s hlasem, hodn\u011b s jemnou hudbou, samoz\u0159ejm\u011b, \u010d\u00edm ty d\u011bti byly star\u0161\u00ed, tak p\u0159ich\u00e1zely ty d\u011btsk\u00e9 p\u00edsni\u010dky a j\u00e1 jsem to pot\u0159eboval n\u011bjak jako vyva\u017eovat, n\u011bjak kompenzovat. Ale na druhou stranu k tomu j\u00e1 se neboj\u00edm t\u0159eba metal nebo punk nebo gotik Rock pou\u017e\u00edt i v terapii ve chv\u00edli, co je d\u016fle\u017eit\u00e9.<br \/><br \/>Lucie V\u00fdborn\u00e1, moder\u00e1torka<br \/>&#8212;&#8212;&#8212;&#8212;&#8212;&#8212;&#8211;<br \/>A funguje to?<br \/><br \/>Mat\u011bj Lipsk\u00fd, hudebn\u00edk, psycholog<br \/>&#8212;&#8212;&#8212;&#8212;&#8212;&#8212;&#8211;<br \/>Jo, to znamen\u00e1, d\u00e1m p\u0159\u00edklad, kdy\u017e m\u00e1 n\u011bkdo n\u011bjak\u00fd psychick\u00fd blok a j\u00e1 nev\u00edm, v pubert\u011b poslouchal metal, tak j\u00e1 c\u00edlen\u011b t\u0159eba s t\u00edm \u010dlov\u011bkem projdu, jakou hudbu m\u011bl r\u00e1d a co vlastn\u011b poslouchal, a kdy\u017e si to pust\u00edme, tak velmi \u010dasto dojde k tomu, ta hudba vlastn\u011b obejde ten neokortex, kdy\u017e se tak \u0159\u00edk\u00e1, vleze n\u00e1m do t\u011bch prastar\u00fdch struktur mozku, kde u\u017e \u00fapln\u011b to nem\u00e1me pod kontrolou, kde jsou sp\u00ed\u0161 emoce a dal\u0161\u00ed v\u011bci a opravdu dojde k takov\u00fd jako reminiscenci a velmi \u010dasto k odblokov\u00e1n\u00ed a ten \u010dlov\u011bk se vlastn\u011b m\u016f\u017ee dostat ke sv\u00fdmu traumatu z t\u00fd doby, anebo i k n\u011b\u010demu hezk\u00fdmu.<br \/><br \/>Lucie V\u00fdborn\u00e1, moder\u00e1torka<br \/>&#8212;&#8212;&#8212;&#8212;&#8212;&#8212;&#8211;<br \/>J\u00e1 jsem se te\u010fka cht\u011bla zrovna zeptat, jestli se p\u0159es tuhle p\u0159esmy\u010dku hudebn\u00ed m\u016f\u017eu dostat taky ke vzpom\u00ednk\u00e1m na n\u011bjak\u00e9 v\u011bci, kter\u00e9 nemus\u00ed b\u00fdt trauma, ale prost\u011b jenom si u\u017e nepamatuju, jak to bylo, kdy\u017e mi bylo 5, 7 atd. Jde to.<br \/><br \/>Mat\u011bj Lipsk\u00fd, hudebn\u00edk, psycholog<br \/>&#8212;&#8212;&#8212;&#8212;&#8212;&#8212;&#8211;<br \/>Pr\u00e1v\u011b, \u017ee jo, a pr\u00e1v\u011b, kdy\u017e je n\u011bkde probl\u00e9m vlastn\u011b se ztr\u00e1tou pam\u011bti, tak muzikoterapeuti pr\u00e1v\u011b pracuj\u00ed s t\u00edm, \u017ee ud\u011blaj\u00ed takzvan\u011b osu \u017eivota a zjist\u00ed pozitivn\u00ed, negativn\u00ed zku\u0161enosti, co si ten \u010dlov\u011bk pamatuje. A kdy\u017e si nepamatuje, tak se aspo\u0148 ptaj\u00ed na hudbu nebo se ptaj\u00ed rodiny na hudbu a pak v r\u00e1mci toho, vlastn\u011b t\u00fd terapeutick\u00fd intervence pou\u017e\u00edvaj\u00ed tu hudbu, samoz\u0159ejm\u011b se sna\u017e\u00ed ne z t\u011bch traumatick\u00fdch z\u00e1le\u017eitost\u00ed, sp\u00ed\u0161 to jako pozitivn\u00ed a n\u011bjak\u00fdm zp\u016fsobem toho \u010dlov\u011bka vlastn\u011b aktivovat zp\u00e1tky a n\u011bkdy to nasko\u010d\u00ed dokonce v\u010detn\u011b v\u016fn\u00ed. J\u00e1 jsem pracoval v jednom domovu pro seniory, d\u011blal jsem muzikoterapii, tam byli lidi vlastn\u011b s demenc\u00ed a Alzheimerovou chorobou a v podstat\u011b bylo stra\u0161n\u011b zaj\u00edmav\u00e9, jak b\u011bhem t\u00e9 muzikoterapie, tam byly i sestry p\u0159\u00edtomn\u00e9, proto\u017ee jsem samoz\u0159ejm\u011b m\u011bl skupinovou terapii a pot\u0159eboval jsem m\u00edt n\u011bkoho k ruce tak mi \u0159\u00edkala, \u017ee na tahle pan\u00ed nepromluvila roky a ona mi najednou za\u010dala \u0159\u00edkat, \u017ee n\u011bkde zp\u00edvala a podobn\u011b, tak to byly p\u0159esn\u011b ty momenty, kdy ta hudba za\u010dala to sp\u00ednat t\u00edm spr\u00e1vn\u00fdm sm\u011brem.<br \/><br \/>jak vy zjist\u00edte, kter\u00e1 hudba je pro m\u011b dobr\u00e1 a kter\u00e1 ne? A te\u010f se nebudeme bavit v p\u0159\u00edpad\u011b n\u011bkoho, kdo je vlastn\u011b, dejme tomu, zdr\u00e1v, ale m\u016f\u017eeme mluvit o lidech z centra soci\u00e1ln\u00edch slu\u017eeb Tloskov, kte\u0159\u00ed maj\u00ed, ebo je n\u011bkdo autista. Tak tam taky nev\u00edte, jak to bude fungovat.<br \/><br \/>Mat\u011bj Lipsk\u00fd, hudebn\u00edk, psycholog<br \/>&#8212;&#8212;&#8212;&#8212;&#8212;&#8212;&#8211;<br \/>Tak my hlavn\u011b, te\u010f se vr\u00e1t\u00edm oklikou k tomu vlastn\u011b a vyvr\u00e1t\u00edm, co jsem \u0159\u00edkal p\u0159edt\u00edm, tak\u017ee si budu proti\u0159e\u010dit, ale pokud to jde a pokud ten muzikoterapeut opravdu um\u00ed hr\u00e1t na n\u00e1stroje, tak p\u0159edev\u0161\u00edm s nimi hrajeme. Ale pr\u00e1v\u011b u t\u011bch autist\u016f z\u00e1vis\u00ed na jedn\u00e9 v\u011bci, oni b\u00fdvaj\u00ed hypersenzitivn\u00ed a n\u011bkdy jsou hypersenzitivn\u00ed na zvuky. A v t\u00e9 chv\u00edli pro n\u011b ten vjem toho \u017eiv\u00e9ho n\u00e1stroje je tak stra\u0161n\u011b moc siln\u00fd, \u017ee jim vyvol\u00e1 autistickou krizi, jo, a m\u016f\u017ee to b\u00fdt i pozitivn\u00ed emoce, nemus\u00ed to b\u00fdt jako negativn\u00ed, prost\u011b je to n\u011bco tak siln\u00e9ho, a tak moc to jakoby pro\u017e\u00edv\u00e1m, \u017ee se pot\u0159ebuju restartovat v podob\u011b toho autismu.<br \/><br \/>Lucie V\u00fdborn\u00e1, moder\u00e1torka<br \/>&#8212;&#8212;&#8212;&#8212;&#8212;&#8212;&#8211;<br \/>Jak vypad\u00e1 restart u autist\u016f?<br \/><br \/>Mat\u011bj Lipsk\u00fd, hudebn\u00edk, psycholog<br \/>&#8212;&#8212;&#8212;&#8212;&#8212;&#8212;&#8211;<br \/>No, u ka\u017ed\u00e9ho pr\u00e1v\u011b jinak, pr\u00e1v\u011b proto se \u0159\u00edk\u00e1, \u017ee jsou t\u0159eba i autisti, kter\u00fd maj\u00ed jakoby probl\u00e9m s chov\u00e1n\u00edm, to znamen\u00e1, oni pot\u0159ebujou si vyvolat adrenalin, tak\u017ee n\u011bkdo se kousne, n\u011bkdo se pra\u0161t\u00ed, n\u011bkdo pra\u0161t\u00ed do stolu a n\u011bkdo pra\u0161t\u00ed n\u011bkoho jin\u00e9ho. A pak jsou dal\u0161\u00ed mo\u017enosti, jako \u017ee k\u0159i\u010d\u00ed, jako \u017ee klepou rukama nebo si ma\u010dkaj\u00ed ruce a podobn\u011b, prost\u011b pot\u0159ebuj\u00ed ten restart, proto\u017ee u\u017e nedok\u00e1\u017eou ten silnej impuls vlastn\u011b zpracovat a zvl\u00e1dnout, tak\u017ee v t\u00e9 chv\u00edli vlastn\u011b pracujeme, to nen\u00ed kontraindikace pro muzikoterapii, naopak je to dobr\u00fd start, kdy\u017e to zjist\u00edme, a pracujeme t\u00edm stylem, \u017ee naopak vyb\u00edr\u00e1me hudbu takovou, kterou ten autista t\u0159eba zn\u00e1, poslouch\u00e1, dokonce to m\u016f\u017eou b\u00fdt i d\u011btsk\u00e9 p\u00edsni\u010dky, proto\u017ee ty jsou pro n\u011b srozumiteln\u00e9, ty maj\u00ed jasn\u00fd za\u010d\u00e1tek, pr\u016fb\u011bh, konec a jsou bezpe\u010dn\u00e9. A ten autista vlastn\u011b poslouch\u00e1 a postupn\u011b do toho zapojujeme hudebn\u00ed n\u00e1stroje. A ten autista vlastn\u011b nebo ten \u010dlov\u011bk s poruchou autistick\u00e9ho spektra, si zvyk\u00e1 na to, \u017ee ten zvuk do toho n\u011bjak\u00fdm zp\u016fsobem jakoby vstupuje. No, a kdy\u017e si na to n\u011bjak\u00fdm zp\u016fsobem zvykne, tak my m\u016f\u017eeme p\u0159idat intenzitu nebo zm\u011bnit n\u00e1stroj, zase ho to malinko rozhod\u00ed a podobn\u011b, ale je to o tom, \u017ee my ho tr\u00e9nujeme pro b\u011b\u017en\u00fd \u017eivot, \u017ee se v b\u011b\u017en\u00e9m \u017eivot\u011b n\u011bkde m\u016f\u017eou najednou objevit zvuky a on to unese a nemus\u00ed se v t\u00e9 chv\u00edli restartovat.<br \/><br \/>Lucie V\u00fdborn\u00e1, moder\u00e1torka<br \/>&#8212;&#8212;&#8212;&#8212;&#8212;&#8212;&#8211;<br \/>Tak\u017ee, kdy\u017e zatroub\u00ed auto nebo tak, tak u\u017e je tro\u0161ku p\u0159ipraven, dejme tomu.<br \/><br \/>Mat\u011bj Lipsk\u00fd, hudebn\u00edk, psycholog<br \/>&#8212;&#8212;&#8212;&#8212;&#8212;&#8212;&#8211;<br \/>Dejme tomu, nikdy to nem\u00e1me stoprocentn\u011b v ruce, jo. J\u00e1 dokonce \u0159\u00edk\u00e1m, \u017ee muzikoterapeut, ale nejenom muzikoterapeut, ale i rodiny vlastn\u011b, co maj\u00ed d\u011bti t\u0159eba s poruchou autistick\u00e9ho spektra a v\u016fbec za\u0159\u00edzen\u00ed, kde o n\u011b pe\u010duj\u00ed, hodn\u011b z\u00edskaj\u00ed, kdy\u017e se nau\u010d\u00ed toho \u010dlov\u011bka v t\u00e9 autistick\u00e9 krizi chytit za ruku, takzvan\u011b tomu \u0159\u00edk\u00e1m, jako \u017ee si p\u0159edstav\u00edte, \u017ee jde po n\u011bjak\u00fd propasti a najednou v\u00e1m do n\u00ed za\u010dne padat, kdy\u017e nejdete cestu a zp\u016fsob, jak ho vyt\u00e1hnout, aby v\u00e1m nespadl. Kdy\u017e spadne, tak u\u017e je to boj o hol\u00fd \u017eivot, tam u\u017e je to vlastn\u011b za hranou v\u0161eho. Tak vlastn\u011b hodn\u011b z\u00edsk\u00e1te, a nav\u00edc i vy se malinko p\u0159estanete b\u00e1t, kdy\u017e to tak jako pov\u00edm. A te\u010f to bude zn\u00edt blb\u011b, ale j\u00e1 to tady pov\u00edm, \u017ee to je n\u011bkdy jako u zv\u00ed\u0159at, \u017ee oni u v\u00e1s ucejt\u00ed vlastn\u011b, co vy pro\u017e\u00edv\u00e1te, to, co vy \u017eijete, kdy\u017e jedete t\u0159eba na koni, tak ten k\u016f\u0148 dob\u0159e pozn\u00e1, jestli se boj\u00edte nebo neboj\u00edte a podobn\u011b. A podobn\u011b je to pr\u00e1v\u011b u lid\u00ed, kter\u00fd t\u0159eba maj\u00ed ment\u00e1ln\u00ed\u00a0<strong>posti\u017een\u00ed<\/strong>\u00a0a jsou na spektru t\u0159eba, tak t\u0159eba jsme pracovali s rodi\u010di, j\u00e1 nev\u00edm, jsme u\u010dili, aby chytili to sv\u00fd d\u00edt\u011b za ruce a \u0159\u00edkali n\u00e1dech, v\u00fddech a \u017ee to pom\u016f\u017ee. Ale my jsme t\u00edm uklidnili toho rodi\u010de, a to d\u00edt\u011b se skrz tohle to vlastn\u011b, kdy\u017e vid\u011blo tu pohodu u toho rodi\u010de, tak se uklidnilo taky.<br \/><br \/>Lucie V\u00fdborn\u00e1, moder\u00e1torka<br \/>&#8212;&#8212;&#8212;&#8212;&#8212;&#8212;&#8211;<br \/>J\u00e1 si mysl\u00edm, \u017ee potom \u010dlov\u011bk, kdy\u017e m\u00e1 za sebou takov\u00e9hle \u00fasp\u011bchy, tak potom mus\u00ed na tu \u00fa\u010dinnost t\u00e9 muzikoterapie v\u011b\u0159it n\u011bkolikan\u00e1sobn\u011b, kdy\u017e vlastn\u011b uvid\u00ed, jak drobn\u00e1 nuance nebo drobn\u00fd t\u00f3n dok\u00e1\u017ee vyvolat takov\u00e9hle reakce.<br \/><br \/>Mat\u011bj Lipsk\u00fd, hudebn\u00edk, psycholog<br \/>&#8212;&#8212;&#8212;&#8212;&#8212;&#8212;&#8211;<br \/>Tak my to m\u00e1me tak, \u017ee ve chv\u00edli, co m\u00e1me n\u011bjak\u00fd \u00fasp\u011bch, tak se ho sna\u017e\u00edme zpracovat jako opravdu a\u017e do \u00farovn\u011b jakoby v\u00fdzkum\u016f zalo\u017een\u00fdch na d\u016fkazech. To znamen\u00e1, \u017ee se propojujeme t\u0159eba s univerzitami, t\u0159eba Tloskov je pracovi\u0161t\u011bm jak Univerzity Karlovy, tak Univerzity Palack\u00e9ho, ale dokonce t\u0159eba univerzity z Japonska, tak\u017ee jako to je prvn\u00ed cesta. A tam, kde to nejde chytit kvantitativn\u011b, tak d\u011bl\u00e1me kvalitativn\u00ed v\u00fdzkumy nebo popisujeme aspo\u0148 kazuistiky, aby bylo vid\u011bt vlastn\u011b, \u017ee si to takzvan\u011b netah\u00e1me z prstu, jako \u017ee si to prost\u011b nevymej\u0161l\u00edme.<br \/><br \/>Lucie V\u00fdborn\u00e1, moder\u00e1torka<br \/>&#8212;&#8212;&#8212;&#8212;&#8212;&#8212;&#8211;<br \/>Vy jste v r\u00e1mci centra a soci\u00e1ln\u00edch slu\u017eeb Tloskov ud\u011blal mnoho velmi zaj\u00edmav\u00fdch v\u011bc\u00ed. Asi se k nim je\u0161t\u011b dostaneme, ale vy jste spolu zalo\u017eil i r\u00e1dio Tloskov a tam m\u00e1te zn\u011blku, kterou dodnes pou\u0161t\u00edte a \u010das od \u010dasu se ozve &#8222;Hal\u00f3, tady je Lubom\u00edr Lipsk\u00fd.&#8220;<br \/><br \/>Mat\u011bj Lipsk\u00fd, hudebn\u00edk, psycholog<br \/>&#8212;&#8212;&#8212;&#8212;&#8212;&#8212;&#8211;<br \/>Je to kr\u00e1sn\u00e9, ano, je to d\u011bde\u010dek. A j\u00e1 mus\u00edm \u0159\u00edct, \u017ee d\u011bda byl takov\u00fdm m\u00fdm pr\u016fvodcem v \u017eivot\u011b, on&#8230; J\u00e1 v\u017edycky \u0159\u00edk\u00e1m, \u017ee \u0159ekl n\u011bco velice moudr\u00e9ho a\u017e filozofick\u00e9ho, anebo to \u00fapln\u011b zabil n\u011bjak\u00fdm vtipem, jako \u017ee prost\u011b takov\u00fd on byl a j\u00e1 jsem mu v\u017edycky \u0159\u00edkal sv\u00e9 n\u00e1pady, a pr\u00e1v\u011b m\u00e1m kolegu, kter\u00fd je na spektru, jmenuje se Michal Ro\u0161ka\u0148uk, m\u00e1 asparger\u016fv syndrom a on mi pom\u00e1hal, radil vlastn\u011b jak muzikoterapie, ale pak i v Tloskov\u011b, pracovat s autisty. A jednoho dne p\u0159i\u0161el, \u017ee by pomohlo v\u0161em, abychom ud\u011blali r\u00e1dio, ale ne n\u011bjak\u00fd dr\u00e1\u0165\u00e1k, ale opravdu jako prost\u011b rozhlasovou stanici.<br \/><br \/>Lucie V\u00fdborn\u00e1, moder\u00e1torka<br \/>&#8212;&#8212;&#8212;&#8212;&#8212;&#8212;&#8211;<br \/>j\u00e1 jsem \u010detla, \u017ee jeden z va\u0161ich klient\u016f, kter\u00fd, pravda, jaksi nen\u00ed \u00fapln\u011b schopen ovl\u00e1dat \u0159e\u010d, tak je schopen svoj\u00ed renesan\u010dn\u00ed mysl\u00ed, proto\u017ee tu muziku m\u00e1 r\u00e1d a poslouch\u00e1 j\u00ed, vyprodukovat naprosto brilantn\u00ed ot\u00e1zky, je to tak?<br \/><br \/>Mat\u011bj Lipsk\u00fd, hudebn\u00edk, psycholog<br \/>&#8212;&#8212;&#8212;&#8212;&#8212;&#8212;&#8211;<br \/>Je to tak. On p\u00ed\u0161e hlavou, proto\u017ee nem\u016f\u017ee mluvit a je to vlastn\u011b dosp\u011bl\u00fd mu\u017e uzav\u0159en\u00fd v t\u011ble, kter\u00e9 mu nedovoluje vlastn\u011b norm\u00e1ln\u011b&#8230; A on vlastn\u011b mi jednou napsal, \u017ee to je jeden z m\u00e1la zp\u016fsob\u016f, jak m\u016f\u017ee sv\u011btu uk\u00e1zat, \u017ee k n\u011b\u010demu je a \u017ee ten jeho \u017eivot m\u00e1 tro\u0161ku smysl.<br \/><br \/>Lucie V\u00fdborn\u00e1, moder\u00e1torka<br \/>&#8212;&#8212;&#8212;&#8212;&#8212;&#8212;&#8211;<br \/>A jak p\u00ed\u0161e hlavou.<br \/><br \/>Mat\u011bj Lipsk\u00fd, hudebn\u00edk, psycholog<br \/>&#8212;&#8212;&#8212;&#8212;&#8212;&#8212;&#8211;<br \/>To je takov\u00fd jako program, \u017ee on vlastn\u011b, kdy\u017e \u0165ukne hlavou, tam m\u00e1 takov\u00fd tla\u010d\u00edtko, tak jede \u010d\u00e1ra a tu zastav\u00ed na p\u00edsmenu, pak druhou \u010d\u00e1ru. A kdy\u017e se mu protnou, tak vlastn\u011b se nap\u00ed\u0161e to p\u00edsmenko, je to zdlouhav\u00e9, ale on si na to zvykl a mysl\u00edm si, \u017ee mu to hezky funguje a opravdu d\u011bl\u00e1 neskute\u010dn\u011b zaj\u00edmav\u00e9 rozhovory. Ale, kdy\u017e to vr\u00e1t\u00edm k tomu d\u011bde\u010dkovi, tak j\u00e1 jsem se ho pr\u00e1v\u011b ptal na to r\u00e1dio, j\u00e1 jsem mu v\u017edycky \u0159\u00edkal spoustu n\u00e1pad\u016f, on v\u017edycky \u0159\u00edkal kluku, to je pitomost.A na to mi \u0159ekl, to je kluku dobrej n\u00e1pad. A j\u00e1 jsem teda zalapal po dechu, proto\u017ee jsem jako to ne\u010dekal, j\u00e1 jsem \u010dekal kluku, to je pitomost. A p\u0159esn\u011b jakoby to v\u011bd\u011bl, \u017ee to opravdu pom\u016f\u017ee spoust\u011b lidem a namluvil n\u00e1m pr\u00e1v\u011b d\u011bde\u010dek Lubom\u00edr Lipsk\u00fd prvn\u00ed d\u017eingl a p\u0159esn\u011b takhle to pom\u00e1ha tomu klientovi, kter\u00fd vlastn\u011b jin\u00fd zp\u016fsob, jak d\u00e1t sv\u011btu v\u011bd\u011bt, \u017ee m\u00e1 r\u00e1d, j\u00e1 nev\u00edm, blues, a \u017ee um\u00ed ud\u011blat rozhovor, vlastn\u011b nen\u00ed.<br \/><br \/>Mat\u011bj Lipsk\u00fd, hudebn\u00edk, psycholog<br \/>&#8212;&#8212;&#8212;&#8212;&#8212;&#8212;&#8211;<br \/>Ale kdy\u017e to tak vezmu, tak jsme si \u0159\u00edkali, \u017ee by bylo fajn vzpom\u00ednat i spolu s hereck\u00fdmi kolegy a s ve\u0159ejnost\u00ed. Tak\u017ee p\u0159\u00edmo na den jeho narozenin, co\u017e bylo 19. dubna, jsme ud\u011blali takovou vzpom\u00ednkovou akci velikou v Betl\u00e9msk\u00e9 kapli a byli tam jak herci z ABC, tak jeho kolegov\u00e9 v\u016fbec nap\u0159\u00ed\u010d filmem a hereck\u00fdm sv\u011btem, tak p\u0159\u00e1tel\u00e9 a rodina a samoz\u0159ejm\u011b ve\u0159ejnost, tak\u017ee to bylo tak\u00e9 kr\u00e1sn\u00e9 vzpom\u00edn\u00e1n\u00ed. No a samoz\u0159ejm\u011b d\u00edky d\u011bde\u010dkovi j\u00e1 jsem i muzikant, teda i d\u00edky mamince, kter\u00e1 mi pr\u00e1v\u011b zp\u00edvala, kdy\u017e jsem byl malej, ale d\u011bde\u010dek mi koupil prvn\u00ed kytaru a podporoval n\u00e1s, proto\u017ee jsme t\u0159i kluci, tak\u017ee n\u00e1s podporoval v tom, abychom d\u011blali muziku a abychom nezah\u00e1leli, i kdy\u017e v\u017edycky \u0159\u00edkal, nejd\u0159\u00edv jakoby \u0159emeslo, potom kum\u0161t, tak\u017ee proto jsem psycholog a ne muzikant. Tak\u017ee jsme je\u0161t\u011b ud\u011blali koncert s Projektem 13 v jeskyni V\u00fdpustek a tam s p\u0159isp\u011bn\u00edm ministerstva kultury, budete se divit, tak n\u00e1m pomohli, jsme ud\u011blali videomaping, kde jsme d\u011bde\u010dka o\u017eivili v podob\u011b role George Camela ze \u010cty\u0159i vra\u017edy sta\u010d\u00ed, drahou\u0161ku. A on s n\u00e1ma pomoc\u00ed komiksov\u00fdch bublin na t\u00fd sk\u00e1le, v t\u00fd jeskyni komunikoval. Pr\u00e1v\u011b n\u00e1m \u0159\u00edkal, \u017ee m\u00e1me pok\u0159t\u00edt na\u0161e nov\u00e9 album huhu koktejlem a podobn\u011b, tak\u017ee jsme na n\u011bj vzpomenuli i v t\u00e9 rockersk\u00e9 vlastn\u011b \u010d\u00e1sti. No a te\u010fko vlastn\u011b jsme v Tloskov\u011b dokon\u010dili film, kter\u00fd jsme mu taky v\u011bnovali ke sto let\u016fm, tak\u017ee bude m\u00edt premi\u00e9ru, jmenuje se Tlosko Fiction, a bude m\u00edt premi\u00e9ru te\u010fko 11. z\u00e1\u0159\u00ed, mysl\u00edm, \u017ee to je pond\u011bl\u00ed v kin\u011b Lucerna v Praze.<br \/><br \/>Lucie V\u00fdborn\u00e1, moder\u00e1torka<br \/>&#8212;&#8212;&#8212;&#8212;&#8212;&#8212;&#8211;<br \/>No, centrum soci\u00e1ln\u00edch slu\u017eeb Tloskov u\u017e jsme tady zm\u00ednili. A je to takov\u00e1 organizace, od kter\u00e9 by \u010dlov\u011bk \u010dekal v\u0161echno jin\u00e9, jenom ne produkce filmu. Kdy\u017e budete sed\u011bt v kin\u011b Lucerna, bude v\u00e1m to p\u0159ipadat, jako \u017ee to opravdu \u017eijete?<br \/><br \/>Mat\u011bj Lipsk\u00fd, hudebn\u00edk, psycholog<br \/>&#8212;&#8212;&#8212;&#8212;&#8212;&#8212;&#8211;<br \/>Takhle. Moje p\u016fvodn\u00ed my\u0161lenka byla terapeutick\u00fd z\u00e1m\u011br, to znamen\u00e1&#8230;<br \/><br \/>Lucie V\u00fdborn\u00e1, moder\u00e1torka<br \/>&#8212;&#8212;&#8212;&#8212;&#8212;&#8212;&#8211;<br \/>A co v\u00e1m \u0159ekl d\u011bde\u010dek? Kluku, to je blbost, nebo kluku, to je dobr\u00fd, ud\u011blej to?<br \/><br \/>Mat\u011bj Lipsk\u00fd, hudebn\u00edk, psycholog<br \/>&#8212;&#8212;&#8212;&#8212;&#8212;&#8212;&#8211;<br \/>J\u00e1 si mysl\u00edm, \u017ee by mi \u0159ekl kluku, to je dobr\u00fd, ud\u011blej to, proto\u017ee ten prvn\u00ed z\u00e1m\u011br by se l\u00edbil i d\u011bdovi. Na fo\u0165\u00e1k nato\u010dit mal\u00fd film, jeho\u017e c\u00edlem nen\u00ed film, ale to, aby si to klienti u\u017eili v l\u00e9t\u011b. Obzvl\u00e1\u0161\u0165 ti, co t\u0159eba nem\u016f\u017eou jet n\u011bkam za rodinama a podobn\u011b. No, ale to, \u017ee n\u00e1m nejv\u011bt\u0161\u00ed ret\u00e1ln\u00ed jakoby firma zap\u016fj\u010dila filmovou techniku za 13 000 000, jsme prost\u011b ne\u010dekali, tak\u017ee&#8230;V t\u00e9 chv\u00edli to byl t\u00fdm p\u0159es 30 lid\u00ed jako profesion\u00e1ln\u00edch filma\u0159\u016f, ale povedlo se to, co jsem pr\u00e1v\u011b \u0159\u00edkal, \u017ee ti klienti, co tam takhle z\u016fstal, tak se motali, a ti, co se motali v\u00edc, tak u\u017e jsme je zapojovali, tak\u017ee najednou za\u010dali d\u011blat zvuka\u0159e, byli tam Back stage kameramani, byly tam klapky, byly tam prost\u011b dozory monitor\u016f a dal\u0161\u00ed v\u011bci. A vlastn\u011b pointa cel\u00fdho toho filmu, kterou j\u00e1 te\u010f prozrad\u00edm, je vlastn\u011b to, \u017ee ti hlavn\u00ed nejsou ti dva herci, ale ti v\u0161ichni, co tam byli. My je vezeme do Lucerny. Dovedete si to p\u0159edstavit? To je prost\u011b fantastick\u00fd. A\u017e na jednu v\u011bc. My jsme byli tak osln\u011bn\u00fd, \u017ee to m\u00e1me v Lucern\u011b, \u017ee jsme si nev\u0161imli jedn\u00fd v\u011bci, \u017ee to je samoz\u0159ejm\u011b historick\u00e1 budova vybudovan\u00e1 vlastn\u011b otcem V\u00e1clava Havla a j\u00e1 jsem si uv\u011bdomil jednu v\u011bc, \u017ee ona je bari\u00e9rov\u00e1. Je to jedno z m\u00e1la kin, kter\u00fd je prost\u011b bari\u00e9rov\u00fd, tak\u017ee na\u0161t\u011bst\u00ed d\u011bl\u00e1me&#8230;<br \/><br \/>Lucie V\u00fdborn\u00e1, moder\u00e1torka<br \/>&#8212;&#8212;&#8212;&#8212;&#8212;&#8212;&#8211;<br \/>Voz\u00edky tam dostanete?<br \/><br \/>Mat\u011bj Lipsk\u00fd, hudebn\u00edk, psycholog<br \/>&#8212;&#8212;&#8212;&#8212;&#8212;&#8212;&#8211;<br \/>Budeme je nosit, ned\u00e1 se nic d\u011blat. A\u00a0<strong>voz\u00ed\u010dk\u00e1\u0159i<\/strong>, co n\u00e1m p\u00ed\u0161ou, \u017ee by to cht\u011bli vid\u011bt, tak je zveme na druhou premi\u00e9ru, kter\u00e1 je neve\u0159ejn\u00e1, ta bude v Tloskov\u011b, tak\u017ee tak tam to bude samoz\u0159ejm\u011b bezbari\u00e9rov\u00e9.<br \/><br \/>Lucie V\u00fdborn\u00e1, moder\u00e1torka<br \/>&#8212;&#8212;&#8212;&#8212;&#8212;&#8212;&#8211;<br \/>A fakt \u017eije v Tloskov\u011b v centru soci\u00e1ln\u00edch slu\u017eeb Vincent Vega?<br \/><br \/>Mat\u011bj Lipsk\u00fd, hudebn\u00edk, psycholog<br \/>&#8212;&#8212;&#8212;&#8212;&#8212;&#8212;&#8211;<br \/>Ono to t\u00edm vlastn\u011b cel\u00e9 vzniklo, proto\u017ee my tam m\u00e1me kapelu lid\u00ed s posti\u017een\u00edm, se jmenujou Kabr\u0148\u00e1ci, co\u017e je takov\u00e1 komunitn\u00ed muzikoterapie, a my jsme byli v Portugalsku hr\u00e1t a tam ta p\u0159ekladatelka \u0159\u00edkala o tom jednom klienti, on vypad\u00e1 jako Travolta tro\u0161ku. J\u00e1 jsem \u0159\u00edkal, no jo, fakt, \u017ee jo. Za p\u00e1r let jsme v r\u00e1mci r\u00e1dia d\u011blali n\u011bjak\u00fd live stream p\u0159es Facebook, prost\u011b p\u0159ed koncertem Kab\u00e1t\u016f, a to \u0161lo pr\u00e1v\u011b i s obrazem a n\u011bkdo komentoval jednoho klienta, \u017ee vypad\u00e1, jako Samuel L. Jackson a v t\u00e9 chv\u00edli jsem si \u0159\u00edkal, no tak kdy\u017e m\u00e1me jakoby oba herce v za\u0159\u00edzen\u00ed, tak by byl h\u0159\u00edch nenato\u010dit Pulp Fiction.<br \/><br \/>Lucie V\u00fdborn\u00e1, moder\u00e1torka<br \/>&#8212;&#8212;&#8212;&#8212;&#8212;&#8212;&#8211;<br \/>M\u011b by zaj\u00edmalo, Mat\u011bji, jak to zvl\u00e1d\u00e1te? Proto\u017ee centrum soci\u00e1ln\u00edch slu\u017eeb ve St\u0159edo\u010desk\u00e9m Tloskov\u011b je zcela na v\u00e1s, jako na vedouc\u00edm, hrajete s kapelami, m\u00e1te je\u0161t\u011b spoustu dal\u0161\u00edch aktivit, m\u00e1te rodinu. Jste muzikoterapeut nebo pracujete neust\u00e1le v tomhle oboru, tak, kdybych se pod\u00edvala na v\u00e1\u0161 t\u00fdden, tak jak to bude vypadat.<br \/><br \/>Mat\u011bj Lipsk\u00fd, hudebn\u00edk, psycholog<br \/>&#8212;&#8212;&#8212;&#8212;&#8212;&#8212;&#8211;<br \/>U\u017e ned\u011bl\u00e1m terapie s klienty, moje p\u0159edstava v Tloskov\u011b byla, \u017ee bych mohl s nimi d\u011blat a pak jsem si uv\u011bdomil, \u017ee jako \u0159editel nem\u016f\u017eu, \u017ee bych je privilegoval a t\u00edm paradoxn\u011b bych je dost\u00e1val do n\u011bjak\u00fd soci\u00e1ln\u00ed izolace v\u016f\u010di ostatn\u00edm, tak\u017ee&#8230;<br \/><br \/>Lucie V\u00fdborn\u00e1, moder\u00e1torka<br \/>&#8212;&#8212;&#8212;&#8212;&#8212;&#8212;&#8211;<br \/>Privilegoval byste je t\u00edm, \u017ee maj\u00ed muzikoterapii s \u0159editelem, a ne s n\u011bk\u00fdm jin\u00fdm.<br \/><br \/>Mat\u011bj Lipsk\u00fd, hudebn\u00edk, psycholog<br \/>&#8212;&#8212;&#8212;&#8212;&#8212;&#8212;&#8211;<br \/>P\u0159esn\u011b tak. Jo, d\u011bkuju za dovysv\u011btlen\u00ed.<br \/><br \/>Lucie V\u00fdborn\u00e1, moder\u00e1torka<br \/>&#8212;&#8212;&#8212;&#8212;&#8212;&#8212;&#8211;<br \/>A oni by to takhle vn\u00edmali?<br \/><br \/>Mat\u011bj Lipsk\u00fd, hudebn\u00edk, psycholog<br \/>&#8212;&#8212;&#8212;&#8212;&#8212;&#8212;&#8211;<br \/>Sp\u00ed\u0161 ti ostatn\u00ed by vn\u00edmali, jako \u017ee ti maj\u00ed \u0159editele pro sebe, jo, a j\u00e1 tam mus\u00edm b\u00fdt pro v\u0161echny. Tak\u017ee tenhle omyl n\u011bjak se jako zm\u011bnil, ale d\u00edky tomu pr\u00e1v\u011b d\u011bl\u00e1me ty komunitn\u011b muzikoterapeutick\u00fd programy, tak\u017ee v r\u00e1mci muzikoterapie j\u00e1 sp\u00ed\u0161 d\u011bl\u00e1m supervize, jako \u017ee n\u011bjakou podporu a podp\u016frn\u00fd vztah pro ty, co to d\u011blaj\u00ed. A d\u011bl\u00e1m vzd\u011bl\u00e1v\u00e1n\u00ed, co\u017e vyjde na jeden v\u00edkend za m\u011bs\u00edc, jako \u017ee jeden v\u00edkend za m\u011bs\u00edc opravdu jakoby u\u010d\u00edm. No a d\u00edky vlastn\u011b covidov\u00fd dob\u011b se hodn\u011b nau\u010dilo lid\u00ed pracovat s online, tak\u017ee spousta v\u011bc\u00ed jde ud\u011blat online, co\u017e \u0161et\u0159\u00ed \u010das a cesty. No, ale jak vypad\u00e1 m\u016fj t\u00fdden, j\u00e1 v\u00e1m vlastn\u011b ne\u0159eknu, proto\u017ee j\u00e1 to nikdy nev\u00edm, jo. J\u00e1 v\u017edycky otev\u0159u ten di\u00e1\u0159 a ten se tolikr\u00e1t zm\u011bn\u00ed do toho t\u00fddne, ale jsou tam n\u011bjak\u00e9 pevn\u00e9 body, jako t\u0159eba porady, \u017ee se tam jako sna\u017e\u00edm b\u00fdt na porady a tak, ale j\u00e1 mus\u00edm \u0159\u00edct, \u017ee je to takov\u00e1 asi dobr\u00e1 prevence vyho\u0159en\u00ed, \u017ee \u010dlov\u011bk d\u011bl\u00e1 v\u011bci, co ho bav\u00ed a \u017ee to je pestr\u00e9. Tak\u017ee to si mysl\u00edm, \u017ee je fajn. Tak mo\u017en\u00e1 moje man\u017eelka by mluvila jinak, kdyby tady sed\u011bla.<br \/><br \/>Lucie V\u00fdborn\u00e1, moder\u00e1torka<br \/>&#8212;&#8212;&#8212;&#8212;&#8212;&#8212;&#8211;<br \/>Vr\u00e1t\u00edm se zp\u00e1tky k muzikoterapii. Pracuje muzikoterapeut i s tichem?<br \/><br \/>Mat\u011bj Lipsk\u00fd, hudebn\u00edk, psycholog<br \/>&#8212;&#8212;&#8212;&#8212;&#8212;&#8212;&#8211;<br \/>Pr\u00e1v\u011b, \u017ee hodn\u011b. Pr\u00e1v\u011b, \u017ee hodn\u011b pracuje s tichem, proto\u017ee ticho je, jak to \u0159\u00edct, ned\u00edlnou sou\u010d\u00e1st\u00ed hudby. A ticho n\u00e1s moc neobklopuje, naopak n\u00e1s obklopuje stra\u0161n\u011b akustick\u00fd smog a ticho je ozdravn\u00e9, ale z\u00e1rove\u0148 \u010dlov\u011bk pot\u0159ebuje ur\u010ditou d\u00e1vku \u0161umu, ruchu ke sv\u00fdmu \u017eivotu, ka\u017ed\u00fd to m\u00e1 jinak. Ale t\u0159eba ve vakuu, kde se ne\u0161\u00ed\u0159\u00ed jakoby zvuk, tak tam by \u010dlov\u011bk ze\u0161\u00edlel po n\u011bjak\u00fd jako chv\u00edli. Tak\u017ee my pracujeme s tichem r\u016fzn\u011b, je to takov\u00e9 vl\u00eddn\u00e9 ticho, kdy vytv\u00e1\u0159\u00edme t\u0159eba prostor pro klienta, aby mohl vstoupit bu\u010f, \u017ee n\u00e1m n\u011bco sd\u011bl\u00ed, nebo n\u011bco zahraje, pak to m\u016f\u017ee b\u00fdt n\u00e1tlakov\u00e9 ticho, \u017ee prost\u011b ml\u010d\u00edme, aby ten \u010dlov\u011bk n\u011bco kone\u010dn\u011b \u0159ekl nebo zahr\u00e1l.Ale potom je to pr\u00e1ce s tichem ve smyslu pauz v hudb\u011b, kter\u00fd hrajou taky d\u016fle\u017eitou roli v r\u00e1mci t\u0159eba rytmu nebo melodie dal\u0161\u00edch v\u011bc\u00ed, tak\u017ee s tichem to m\u00e1me takhle. A j\u00e1 osobn\u011b, kdy\u017e jsem hr\u00e1l sv\u00e9ho \u010dasu kdysi d\u00e1vno asi v p\u011bti kapel\u00e1ch, tak jsem fakt nesnesl \u017e\u00e1dnou hudbu, ticho jsem pot\u0159eboval v\u0161ude potom.<br \/><br \/>Lucie V\u00fdborn\u00e1, moder\u00e1torka<br \/>&#8212;&#8212;&#8212;&#8212;&#8212;&#8212;&#8211;<br \/>J\u00e1 m\u00e1m kamar\u00e1da. Jeho syn hraje na bic\u00ed. Dali ho tam, proto\u017ee je takov\u00fd, jednak je pudov\u00fd a jednak pot\u0159ebuje se vyb\u00edt a jednak je velmi chytr\u00fd, tak\u017ee dok\u00e1\u017ee u\u0159\u00eddit v\u0161echny ty \u010d\u00e1sti, aby fungovaly nez\u00e1visle. Ale jak to je b\u011bhem terapie? Jak\u00fd n\u00e1stroj mi p\u0159id\u011bl\u00edte nebo jak dlouho budete zji\u0161\u0165ovat, kdo jsem, a\u017e mi p\u0159id\u011bl\u00edte n\u011bjak\u00fd n\u00e1stroj, kter\u00fd je vhodn\u00fd tomu, kdo j\u00e1 jsem?<br \/><br \/>Mat\u011bj Lipsk\u00fd, hudebn\u00edk, psycholog<br \/>&#8212;&#8212;&#8212;&#8212;&#8212;&#8212;&#8211;<br \/>Tak my tam m\u00e1me spoustu n\u00e1stroj\u016f a \u0159ekneme, vyberte si n\u00e1stroj, \u017ee jo.<br \/><br \/>Lucie V\u00fdborn\u00e1, moder\u00e1torka<br \/>&#8212;&#8212;&#8212;&#8212;&#8212;&#8212;&#8211;<br \/>Tak\u017ee j\u00e1 intuitivn\u011b s\u00e1hnu. Ale j\u00e1 neum\u00edm t\u0159eba hr\u00e1t, tak\u017ee jako prvn\u00ed si vezmu n\u011bjak\u00e9 perkuse nebo rumba koule, proto\u017ee to asi ka\u017ed\u00fd zvl\u00e1dne.<br \/><br \/>Mat\u011bj Lipsk\u00fd, hudebn\u00edk, psycholog<br \/>&#8212;&#8212;&#8212;&#8212;&#8212;&#8212;&#8211;<br \/>Jo, anebo pou\u017eiju v\u011btu, to m\u00e1m hrozn\u011b r\u00e1d. Vyberte si n\u00e1stroj, kter\u00fd byste si v \u017eivot\u011b nevybrala.<br \/><br \/>Lucie V\u00fdborn\u00e1, moder\u00e1torka<br \/>&#8212;&#8212;&#8212;&#8212;&#8212;&#8212;&#8211;<br \/>Tubu.<br \/><br \/>Mat\u011bj Lipsk\u00fd, hudebn\u00edk, psycholog<br \/>&#8212;&#8212;&#8212;&#8212;&#8212;&#8212;&#8211;<br \/>Toti\u017e jako my pracujeme vlastn\u011b s n\u011bjak\u00fdm studem taky t\u011bch lid\u00ed a p\u0159esn\u011b s t\u00edm, o \u010dem jsem mluvil, s t\u00edm zaklet\u00edm t\u0159eba v d\u011btsk\u00e9m v\u011bku a podobn\u011b, n\u011bkdy jsou fakt kontraindikace, \u017ee prost\u011b ta muzikoterapie nen\u00ed vhodn\u00e1 pro toho \u010dlov\u011bka, ale pr\u00e1v\u011b, kdy\u017e pou\u017eijeme n\u00e1stroje, nen\u00e1stroje, j\u00e1 nev\u00edm, t\u0159eba v\u00ed\u010dka, co ch\u0159est\u011bj od n\u011b\u010deho, nebo napln\u00edme n\u011bco r\u00fd\u017e\u00ed a ud\u011bl\u00e1me si rumba koule, anebo vhodn\u011b zvol\u00edme vlastn\u011b to zad\u00e1n\u00ed, tak do toho vneseme tro\u0161ku humor nebo toho \u010dlov\u011bka tro\u0161ku jako dostaneme jinam a najednou padaj\u00ed ty z\u00e1brany a ten \u010dlov\u011bk si p\u0159esn\u011b vybere tu tubu.<br \/><br \/>Lucie V\u00fdborn\u00e1, moder\u00e1torka<br \/>&#8212;&#8212;&#8212;&#8212;&#8212;&#8212;&#8211;<br \/>J\u00e1 jsem r\u00e1da, \u017ee jste zm\u00ednil akustick\u00fd smog. D\u011bl\u00e1 to s n\u00e1ma n\u011bco?<br \/><br \/>Mat\u011bj Lipsk\u00fd, hudebn\u00edk, psycholog<br \/>&#8212;&#8212;&#8212;&#8212;&#8212;&#8212;&#8211;<br \/>D\u011bl\u00e1 to s n\u00e1ma stra\u0161n\u011b moc pr\u00e1v\u011b z toho d\u016fvodu, \u017ee fyziologicky sluch nevypne. To znamen\u00e1, jenom mozek n\u00e1m d\u011bl\u00e1 selekci, co sly\u0161\u00edme a co nesly\u0161\u00edme. A j\u00e1 to v\u017edycky \u0159\u00edk\u00e1m, \u017ee kdy\u017e se s n\u011bk\u00fdm bav\u00edte, tak ta selekce vlastn\u011b na ten hlas toho \u010dlov\u011bka, ale kdybyste jenom na chv\u00edli zav\u0159ela o\u010di a zaposlouchala se, co je\u0161t\u011b krom\u011b toho \u010dlov\u011bka, tak tam vstupuje \u00fapln\u011b v\u0161echno, \u017ee sly\u0161\u00edme t\u0159eba hlasy z vedlej\u0161\u00edho studia tro\u0161ku a podobn\u011b. A v t\u00e9 chv\u00edli vlastn\u011b ten mozek hraje stra\u0161n\u011b d\u016fle\u017eitou roli, proto\u017ee my bychom ze\u0161\u00edleli, kdybychom celou dobu sly\u0161eli v\u0161echno, a dokonce i v noci sly\u0161\u00edme, kdy\u017e sp\u00edme, on prost\u011b nevypne, jo, a samoz\u0159ejm\u011b, \u010d\u00edm v\u011bt\u0161\u00ed je hlukov\u00e1 z\u00e1t\u011b\u017e nebo zvukov\u00e1 z\u00e1t\u011b\u017e, tak to s n\u00e1ma n\u011bco d\u011bl\u00e1. M\u00e1m pocit, \u017ee profesor \/nesrozumiteln\u00e9\/ se jmenoval v Brn\u011b, d\u011blal n\u011bjak\u00fd v\u00fdzkum, \u017ee na pracovi\u0161ti o 5 % zvy\u0161oval hlu\u010dnost a pak zjistili, \u017ee to o 5 % zvy\u0161uje nemocnost. Tak\u017ee v podstat\u011b nejsem si \u00fapln\u011b jistej \/nesrozumiteln\u00e9\/ jako etick\u00fd v\u00fdzkum, ale m\u00e1me ho, tak jsme za n\u011bj r\u00e1di.Tak to je jedna v\u011bc, druh\u00e1 v\u011bc, asi ka\u017ed\u00fd z n\u00e1s zn\u00e1te supermarkety.<br \/><br \/>Lucie V\u00fdborn\u00e1, moder\u00e1torka<br \/>&#8212;&#8212;&#8212;&#8212;&#8212;&#8212;&#8211;<br \/>R\u00e1dia nevy\u017e\u00e1dan\u00e1.<br \/><br \/>Mat\u011bj Lipsk\u00fd, hudebn\u00edk, psycholog<br \/>&#8212;&#8212;&#8212;&#8212;&#8212;&#8212;&#8211;<br \/>No a v\u016fbec i hudba jak\u00e1koliv a j\u00e1 v\u017edycky \u0159\u00edk\u00e1m, prvotn\u00ed z\u00e1m\u011br byl dobr\u00fd, proto\u017ee vlastn\u011b prvotn\u00ed z\u00e1m\u011br bylo, \u017ee n\u011bjak\u00e1 kontinu\u00e1ln\u00ed dlouh\u00e1 hudba pravd\u011bpodobn\u011b sp\u00ed\u0161 jako klidn\u011bj\u0161\u00edho tempa a podobn\u011b, m\u00e1 vlastn\u011b, v uvozovk\u00e1ch, po\u017erat ty zvuky, kter\u00fd ru\u0161\u00ed. A ud\u011blat takov\u00e1\u00fd jako sp\u00ed\u0161 terapeutick\u00fd prostor, aby ten \u010dlov\u011bk si tam odpo\u010dinul. Ale v\u00fdsledek je, \u017ee v ka\u017ed\u00e9m obchod\u011b v\u00e1m hraje jin\u00e1 hudba, n\u011bkde hraje r\u00e1dio, ta hudba je kr\u00e1tkodob\u00e1, r\u016fzn\u011b stylov\u00e1, do toho p\u00edpaj\u00ed kasy, do toho obrovsk\u00fd hluk. Tak\u017ee \u010dlov\u011bk nen\u00ed vy\u010derpan\u00fd jenom t\u00edm, kolik je tam lid\u00ed a \u017ee mus\u00ed prost\u011b nakoupit n\u011bjak\u00fd ty v\u011bci, ale hlavn\u011b t\u00edm, \u017ee ho obklop\u00ed absolutn\u00ed mno\u017estv\u00ed prost\u011b toho akustick\u00fdho smogu. A kdy\u017e to \u010dlov\u011bk v\u00ed, tak je fajn, \u017ee se jde n\u011bkam pro\u010distit t\u0159eba na Antarktidu.<br \/><br \/>Lucie V\u00fdborn\u00e1, moder\u00e1torka<br \/>&#8212;&#8212;&#8212;&#8212;&#8212;&#8212;&#8211;<br \/>Dob\u0159e, a jakou muziku, kdy\u017e to zvl\u00e1dnete p\u0159i tom v\u0161em, co vlastn\u011b jsme tady jmenovali, si poslechnete vy? Tak jestli to je\u0161t\u011b d\u011bl\u00e1te, proto\u017ee v\u00e1s to taky obklopuje ze v\u0161ech stran.<br \/><br \/>Mat\u011bj Lipsk\u00fd, hudebn\u00edk, psycholog<br \/>&#8212;&#8212;&#8212;&#8212;&#8212;&#8212;&#8211;<br \/>J\u00e1 v aut\u011b poslouch\u00e1m hlavn\u011b r\u00e1dio, anebo mluven\u00e9 slovo, n\u011bjak mi to jako v\u00edc pom\u00e1h\u00e1. Ale n\u011bkdy, kdy\u017e pot\u0159ebuju aktivovat, tak si pust\u00edm n\u011bco dynami\u010dt\u011bj\u0161\u00edho a n\u011bkdy, kdy\u017e t\u0159eba vyjde nov\u00e9 album n\u011bjak\u00e9ho interpreta, kter\u00e9ho m\u00e1m r\u00e1d, tak si samoz\u0159ejm\u011b to poslechnu opakovan\u011b, proto\u017ee j\u00e1 jsem je\u0161t\u011b star\u00e1 \u0161kola, j\u00e1 neovl\u00e1d\u00e1m a neskypuju jako vy, tak\u017ee j\u00e1 to tak m\u00e1m a m\u00e1m r\u00e1d i fyzick\u00e1 m\u00e9dia, tak\u017ee je to takov\u00fd ritu\u00e1l tro\u0161ku si ty v\u011bci poslechnout. Ale to je rozd\u00edl, proto\u017ee spousta lid\u00ed poslouch\u00e1 hudbu, \u017ee j\u00ed jako sly\u0161\u00ed jenom n\u011bkde. J\u00e1, kdy\u017e poslouch\u00e1m hudbu, tak si opravdu pust\u00edm bu\u010f do sluch\u00e1tek, nebo prost\u011b si n\u011bkde si k tomu sednu a poslouch\u00e1m. A zase jsou na to r\u016fzn\u00e9 v\u00fdzkumy, ale ukazuje se, \u017ee kdy\u017e hudb\u011b aktivn\u011b naslouch\u00e1me, tak to m\u00e1 na n\u00e1s jakoby lep\u0161\u00ed efekt, ne\u017e kdy\u017e j\u00ed jen tak nahodile sly\u0161\u00edme.<br \/><br \/>Lucie V\u00fdborn\u00e1, moder\u00e1torka<br \/>&#8212;&#8212;&#8212;&#8212;&#8212;&#8212;&#8211;<br \/>Hezk\u00e9. Mat\u011bj Lipsk\u00fd byl dneska m\u00fdm hostem, Mat\u011bji, d\u011bkuju moc i za vzpom\u00ednku na va\u0161eho d\u011bde\u010dka, a\u0165 se v\u00e1m da\u0159\u00ed a va\u0161im klient\u016fm taky a samoz\u0159ejm\u011b hezkou premi\u00e9ru.<br \/><br \/><\/p>\n","protected":false},"excerpt":{"rendered":"<div class=\"mh-excerpt\"><p>Hostem Radio\u017eurn\u00e1lu byl psycholog, speci\u00e1ln\u00ed pedagog, muzikoterapeut Mat\u011bj Lipsk\u00fd, kter\u00fd hovo\u0159il o hlasov\u00fdch zran\u011bn\u00edch, o l\u00e9\u010db\u011b autismu a o centru soci\u00e1ln\u00edch slu\u017eeb Tloskov. &#8212;&#8212;&#8212;&#8212;&#8212;&#8212;&#8211;Na kolik <a class=\"mh-excerpt-more\" href=\"https:\/\/www.invarena.cz\/?p=42181\" title=\"Host Lucie V\u00fdborn\u00e9 &#8211; Mat\u011bj Lipsk\u00fd\u00a0\u00a0\">[&#8230;]<\/a><\/p>\n<\/div>","protected":false},"author":1,"featured_media":28109,"comment_status":"open","ping_status":"closed","sticky":false,"template":"","format":"standard","meta":{"footnotes":""},"categories":[12],"tags":[],"class_list":["post-42181","post","type-post","status-publish","format-standard","has-post-thumbnail","hentry","category-rozhovory"],"_links":{"self":[{"href":"https:\/\/www.invarena.cz\/index.php?rest_route=\/wp\/v2\/posts\/42181","targetHints":{"allow":["GET"]}}],"collection":[{"href":"https:\/\/www.invarena.cz\/index.php?rest_route=\/wp\/v2\/posts"}],"about":[{"href":"https:\/\/www.invarena.cz\/index.php?rest_route=\/wp\/v2\/types\/post"}],"author":[{"embeddable":true,"href":"https:\/\/www.invarena.cz\/index.php?rest_route=\/wp\/v2\/users\/1"}],"replies":[{"embeddable":true,"href":"https:\/\/www.invarena.cz\/index.php?rest_route=%2Fwp%2Fv2%2Fcomments&post=42181"}],"version-history":[{"count":0,"href":"https:\/\/www.invarena.cz\/index.php?rest_route=\/wp\/v2\/posts\/42181\/revisions"}],"wp:featuredmedia":[{"embeddable":true,"href":"https:\/\/www.invarena.cz\/index.php?rest_route=\/wp\/v2\/media\/28109"}],"wp:attachment":[{"href":"https:\/\/www.invarena.cz\/index.php?rest_route=%2Fwp%2Fv2%2Fmedia&parent=42181"}],"wp:term":[{"taxonomy":"category","embeddable":true,"href":"https:\/\/www.invarena.cz\/index.php?rest_route=%2Fwp%2Fv2%2Fcategories&post=42181"},{"taxonomy":"post_tag","embeddable":true,"href":"https:\/\/www.invarena.cz\/index.php?rest_route=%2Fwp%2Fv2%2Ftags&post=42181"}],"curies":[{"name":"wp","href":"https:\/\/api.w.org\/{rel}","templated":true}]}}