{"id":42222,"date":"2023-09-18T22:56:56","date_gmt":"2023-09-18T20:56:56","guid":{"rendered":"https:\/\/www.invarena.cz\/?p=42222"},"modified":"2023-09-18T22:56:56","modified_gmt":"2023-09-18T20:56:56","slug":"prispevek-na-peci-ministerstvo-chce-davku-zvysit-rozpocet-s-tim-ale-nepocita","status":"publish","type":"post","link":"https:\/\/www.invarena.cz\/?p=42222","title":{"rendered":"P\u0159\u00edsp\u011bvek na p\u00e9\u010di: Ministerstvo chce d\u00e1vku zv\u00fd\u0161it, rozpo\u010det s t\u00edm ale nepo\u010d\u00edt\u00e1"},"content":{"rendered":"\n<p>P\u0159\u00edsp\u011bvek na p\u00e9\u010di by se mohl nav\u00fd\u0161it v prvn\u00edm pololet\u00ed p\u0159\u00ed\u0161t\u00edho roku. Vzr\u016fst by mohl hlavn\u011b lidem, kte\u0159\u00ed \u017eij\u00ed v dom\u00e1c\u00edm prost\u0159ed\u00ed. Na p\u0159esn\u00fdch \u010d\u00e1stk\u00e1ch by se koalice mohla dohodnout do konce leto\u0161n\u00edho roku. Na dotaz \u010cTK to dnes \u0159ekl ministr pr\u00e1ce Marian Jure\u010dka (KDU-\u010cSL). P\u0159id\u00e1n\u00ed si vy\u017e\u00e1d\u00e1 n\u011bkolik miliard korun. Podle ministra resort pen\u00edze na zvednut\u00ed p\u0159\u00edsp\u011bvku v navrhovan\u00e9m rozpo\u010dtu nem\u00e1 a pot\u0159ebnou sumu na v\u00fddaje chce zajistit a\u017e p\u0159\u00ed\u0161t\u00ed rok p\u0159esunem ve st\u00e1tn\u00ed pokladn\u011b.<\/p>\n\n\n\n<p>Ministerstvo pr\u00e1ce minul\u00fd t\u00fdden informovalo o shod\u011b v koalici na nav\u00fd\u0161en\u00ed p\u0159\u00edsp\u011bvku a o tom, \u017ee by mohl vzr\u016fst od \u010dervence 2024. Jure\u010dka p\u0159id\u00e1n\u00ed prosazoval kv\u016fli zdra\u017eov\u00e1n\u00ed u\u017e letos. Jeho \u00fa\u0159ad je\u0161t\u011b p\u0159edt\u00edm v lednu p\u0159edlo\u017eil n\u00e1vrh novely o soci\u00e1ln\u00edch slu\u017eb\u00e1ch, kter\u00e1 m\u011bla dosp\u011bl\u00fdm upravit nejni\u017e\u0161\u00ed ze \u010dty\u0159 p\u0159\u00edsp\u011bvk\u016f z 880 na 2000 korun a tak\u00e9 zav\u00e9st pravidelnou valorizaci d\u00e1vky.<\/p>\n\n\n\n<p>Na opat\u0159en\u00edch dohoda nebyla, z chystan\u00e9 normy se vy\u0161krtla. O p\u0159\u00edsp\u011bvku se pak znovu debatovalo p\u0159i jedn\u00e1n\u00edch o konsolida\u010dn\u00edm bal\u00ed\u010dku, kdy se lidovci sna\u017eili zachovat ru\u0161enou da\u0148ovou slevu na man\u017eelku \u010di man\u017eela, kte\u0159\u00ed pe\u010duj\u00ed o bl\u00edzk\u00e9.<\/p>\n\n\n\n<p>\u201eNebudeme podporu realizovat p\u0159es slevu na man\u017eelku \u010di man\u017eela, proto\u017ee to je jen pro ur\u010dit\u00fd okruh osob. Net\u00fdkalo by se to v\u0161ech, kte\u0159\u00ed pe\u010duj\u00ed. Budeme tu podporu realizovat t\u00edm, \u017ee se dohodneme a v pr\u016fb\u011bhu toho prvn\u00edho pololet\u00ed p\u0159\u00ed\u0161t\u00edho roku bychom zv\u00fd\u0161ili p\u0159\u00edsp\u011bvek na p\u00e9\u010di,\u201c uvedl Jure\u010dka.<\/p>\n\n\n\n<p>V koalici p\u0159edlo\u017e\u00ed n\u00e1vrh na zv\u00fd\u0161en\u00ed jednotliv\u00fdch \u010d\u00e1stek. P\u0159edpokl\u00e1d\u00e1 pak koali\u010dn\u00ed dohodu do konce roku. Podpora by se mohla zvednout hlavn\u011b handicapovan\u00fdm a senior\u016fm, kte\u0159\u00ed \u017eij\u00ed doma. \u201eTam bych cht\u011bl prioritn\u011b to nav\u00fd\u0161en\u00ed sm\u011b\u0159ovat,\u201c \u0159ekl ministr. Podle n\u011bj je pot\u0159eba dom\u00e1c\u00ed p\u00e9\u010di d\u016fstojn\u011b ocenit.<\/p>\n\n\n\n<p>P\u0159\u00edjemc\u016f p\u0159ib\u00fdv\u00e1<\/p>\n\n\n\n<p>P\u0159\u00edsp\u011bvek na p\u00e9\u010di se vypl\u00e1c\u00ed od roku 2007. Posti\u017een\u00ed a senio\u0159i si za n\u011bj maj\u00ed zaplatit opatrov\u00e1n\u00ed v za\u0159\u00edzen\u00ed \u010di doma. Dosp\u011bl\u00ed dost\u00e1vaj\u00ed podle sv\u00e9 z\u00e1vislosti na pomoci m\u011bs\u00ed\u010dn\u011b 880, 4400, 12.800 a 19.200 korun a d\u011bti 3300, 6600, 13 900 a 19 200 korun. Dva nejvy\u0161\u0161\u00ed p\u0159\u00edsp\u011bvky se na nyn\u011bj\u0161\u00ed hodnotu zvedly naposledy od pololet\u00ed 2019, ale jen lidem v dom\u00e1c\u00ed p\u00e9\u010di. Opat\u0159en\u00ed ji m\u011blo podpo\u0159it.<\/p>\n\n\n\n<p>Loni v lednu se dv\u011b nejvy\u0161\u0161\u00ed d\u00e1vky dorovnaly i klient\u016fm v domovech senior\u016f a v \u00fastavech. Z\u00e1konod\u00e1rci tak cht\u011bli dostat v\u00edc pen\u011bz do za\u0159\u00edzen\u00ed a zajistit jim v\u011bt\u0161\u00ed pod\u00edl financ\u00ed od st\u00e1tu. Poprv\u00e9 po zaveden\u00ed se p\u0159\u00edsp\u011bvky zvy\u0161ovaly v roce 2016, a to o desetinu. P\u0159edt\u00edm se v roce 2011 kv\u016fli tehdej\u0161\u00ed krizi a nutn\u00fdm \u00faspor\u00e1m sn\u00ed\u017eila nejni\u017e\u0161\u00ed d\u00e1vka z 2000 na 800 korun.<\/p>\n\n\n\n<p>P\u0159\u00edjemc\u016f postupn\u011b p\u0159ib\u00fdv\u00e1. V \u010dervenci d\u00e1vku dostalo 368 tis\u00edc lid\u00ed, p\u0159ed rokem o 9600 m\u00e9n\u011b. Minul\u00fd rok se vyplatilo t\u00e9m\u011b\u0159 36,4 miliardy korun, meziro\u010dn\u011b skoro o 3,7 miliardy v\u00edc. Pro leto\u0161ek m\u00e1 resort pr\u00e1ce na p\u0159\u00edsp\u011bvky ve sv\u00e9m rozpo\u010dtu 37,6 miliardy korun. Na p\u0159\u00ed\u0161t\u00ed rok ministerstvo financ\u00ed navrhuje 38,02 miliardy korun. P\u0159id\u00e1n\u00ed by p\u0159\u00ed\u0161t\u00ed rok zvedlo v\u00fddaje o n\u011bkolik miliard korun.<\/p>\n\n\n\n<p>\u201eV tento okam\u017eik s t\u00edm n\u00e1vrh st\u00e1tn\u00edho rozpo\u010dtu nepo\u010d\u00edt\u00e1, ostatn\u011b jako nepo\u010d\u00edtal v leto\u0161n\u00edm roce i s jin\u00fdmi mandatorn\u00edmi v\u00fddaji, kter\u00e9 jsme museli vy\u0159e\u0161it. Tuto v\u011bc bychom \u0159e\u0161ili operativn\u011b v pr\u016fb\u011bhu p\u0159\u00ed\u0161t\u00edho roku\u2026 ta \u010d\u00e1stka, kterou m\u00e1me v tento okam\u017eik pro kapitolu ministerstva pr\u00e1ce (v chystan\u00e9m rozpo\u010dtu), se u\u017e m\u011bnit nebude,\u201c uvedl Jure\u010dka. Pen\u00edze na p\u0159id\u00e1n\u00ed by mohly podle n\u011bj putovat z rozpo\u010dtu z pokladn\u00ed spr\u00e1vy a vl\u00e1dn\u00ed rezervy.<\/p>\n\n\n\n<p>\u010cTK<\/p>\n","protected":false},"excerpt":{"rendered":"<div class=\"mh-excerpt\"><p>P\u0159\u00edsp\u011bvek na p\u00e9\u010di by se mohl nav\u00fd\u0161it v prvn\u00edm pololet\u00ed p\u0159\u00ed\u0161t\u00edho roku. Vzr\u016fst by mohl hlavn\u011b lidem, kte\u0159\u00ed \u017eij\u00ed v dom\u00e1c\u00edm prost\u0159ed\u00ed. Na p\u0159esn\u00fdch \u010d\u00e1stk\u00e1ch <a class=\"mh-excerpt-more\" href=\"https:\/\/www.invarena.cz\/?p=42222\" title=\"P\u0159\u00edsp\u011bvek na p\u00e9\u010di: Ministerstvo chce d\u00e1vku zv\u00fd\u0161it, rozpo\u010det s t\u00edm ale nepo\u010d\u00edt\u00e1\">[&#8230;]<\/a><\/p>\n<\/div>","protected":false},"author":1,"featured_media":14726,"comment_status":"open","ping_status":"closed","sticky":false,"template":"","format":"standard","meta":{"footnotes":""},"categories":[9],"tags":[],"class_list":["post-42222","post","type-post","status-publish","format-standard","has-post-thumbnail","hentry","category-zpravy"],"_links":{"self":[{"href":"https:\/\/www.invarena.cz\/index.php?rest_route=\/wp\/v2\/posts\/42222","targetHints":{"allow":["GET"]}}],"collection":[{"href":"https:\/\/www.invarena.cz\/index.php?rest_route=\/wp\/v2\/posts"}],"about":[{"href":"https:\/\/www.invarena.cz\/index.php?rest_route=\/wp\/v2\/types\/post"}],"author":[{"embeddable":true,"href":"https:\/\/www.invarena.cz\/index.php?rest_route=\/wp\/v2\/users\/1"}],"replies":[{"embeddable":true,"href":"https:\/\/www.invarena.cz\/index.php?rest_route=%2Fwp%2Fv2%2Fcomments&post=42222"}],"version-history":[{"count":0,"href":"https:\/\/www.invarena.cz\/index.php?rest_route=\/wp\/v2\/posts\/42222\/revisions"}],"wp:featuredmedia":[{"embeddable":true,"href":"https:\/\/www.invarena.cz\/index.php?rest_route=\/wp\/v2\/media\/14726"}],"wp:attachment":[{"href":"https:\/\/www.invarena.cz\/index.php?rest_route=%2Fwp%2Fv2%2Fmedia&parent=42222"}],"wp:term":[{"taxonomy":"category","embeddable":true,"href":"https:\/\/www.invarena.cz\/index.php?rest_route=%2Fwp%2Fv2%2Fcategories&post=42222"},{"taxonomy":"post_tag","embeddable":true,"href":"https:\/\/www.invarena.cz\/index.php?rest_route=%2Fwp%2Fv2%2Ftags&post=42222"}],"curies":[{"name":"wp","href":"https:\/\/api.w.org\/{rel}","templated":true}]}}