{"id":42228,"date":"2023-09-19T06:05:02","date_gmt":"2023-09-19T04:05:02","guid":{"rendered":"https:\/\/www.invarena.cz\/?p=42228"},"modified":"2023-09-19T06:05:08","modified_gmt":"2023-09-19T04:05:08","slug":"vyzivne-na-deti-by-se-mohlo-zvysovat-automaticky-podle-inflace-a-rustu-mezd","status":"publish","type":"post","link":"https:\/\/www.invarena.cz\/?p=42228","title":{"rendered":"V\u00fd\u017eivn\u00e9 na d\u011bti by se mohlo zvy\u0161ovat automaticky podle inflace a r\u016fstu mezd\u00a0\u00a0"},"content":{"rendered":"\n<p>V\u00fd\u017eivn\u00e9 na d\u011bti by se mohlo zvy\u0161ovat automaticky podle inflace a r\u016fstu mezd, podobn\u011b jako d\u016fchody. Ministerstvo pr\u00e1ce a soci\u00e1ln\u00edch v\u011bc\u00ed o tom jedn\u00e1 s resortem spravedlnosti, zm\u011bnu z\u00e1kona chce m\u00edt p\u0159ipravenou do konce roku.<br \/><br \/>Radio\u017eurn\u00e1l<br \/>&#8212;&#8212;&#8212;&#8212;&#8212;&#8212;&#8211;<br \/>Dnes mus\u00ed o zv\u00fd\u0161en\u00ed aliment\u016f \u017e\u00e1dat pe\u010duj\u00edc\u00ed rodi\u010d a rozhodnout soud, \u0159\u00edk\u00e1 poradce\u00a0<strong>ministra<\/strong>\u00a0<strong>pr\u00e1ce<\/strong>, Ond\u0159ej Strava z KDU-\u010cSL.<br \/><br \/>Ond\u0159ej STRAVA, poradce\u00a0<strong>ministra<\/strong>\u00a0<strong>pr\u00e1ce<\/strong>\u00a0\/KDU-\u010cSL\/<br \/>&#8212;&#8212;&#8212;&#8212;&#8212;&#8212;&#8211;<br \/>Ale \u010dasto se to ti rodi\u010de boj\u00ed ud\u011blat, proto\u017ee ten dal\u0161\u00ed soudn\u00ed spor zhor\u0161uje u\u017e tak t\u0159eba k\u0159ehk\u00e9 vztahy s t\u00edm b\u00fdval\u00fdm partnerem.<br \/><br \/>Iva Vokurkov\u00e1, redaktorka<br \/>&#8212;&#8212;&#8212;&#8212;&#8212;&#8212;&#8211;<br \/>Podle p\u0159edsedkyn\u011b Spolku rodinn\u011bpr\u00e1vn\u00edch a opatrovnick\u00fdch soudc\u016f Jany Provazn\u00edkov\u00e9 by ale automatick\u00e1 valorizace m\u00e9n\u011b soudn\u00edch spor\u016f nejsp\u00ed\u0161 nep\u0159inesla.<br \/><br \/>Jana PROVAZN\u00cdKOV\u00c1, p\u0159edsedkyn\u011b Spolku rodinn\u011bpr\u00e1vn\u00edch a opatrovnick\u00fdch soudc\u016f<br \/>&#8212;&#8212;&#8212;&#8212;&#8212;&#8212;&#8211;<br \/>J\u00e1 se ob\u00e1v\u00e1m, \u017ee bychom byli naopak zase zahlceni n\u00e1vrhy povinn\u00fdch rodi\u010d\u016f, \u017ee nejsou schopni zv\u00fd\u0161en\u00e9 v\u00fd\u017eivn\u00e9 platit.<br \/><br \/>Iva Vokurkov\u00e1, redaktorka<br \/>&#8212;&#8212;&#8212;&#8212;&#8212;&#8212;&#8211;<br \/><strong>Ministr<\/strong>\u00a0<strong>pr\u00e1ce<\/strong>\u00a0a soci\u00e1ln\u00edch v\u011bc\u00ed Marian Jure\u010dka z KDU-\u010cSL chce prosadit i minim\u00e1ln\u00ed v\u00fd\u017eivn\u00e9. Odv\u00edjelo by se od \u017eivotn\u00edho minima, kter\u00e9 te\u010f u d\u011bt\u00ed d\u011bl\u00e1 pr\u016fm\u011brn\u011b 3 000 K\u010d. N\u00e1vrhy m\u00e1 p\u0159ipravit meziresortn\u00ed skupina pod ministerstvem spravedlnosti. <\/p>\n\n\n\n<p>Radio\u017eurn\u00e1l<\/p>\n","protected":false},"excerpt":{"rendered":"<div class=\"mh-excerpt\"><p>V\u00fd\u017eivn\u00e9 na d\u011bti by se mohlo zvy\u0161ovat automaticky podle inflace a r\u016fstu mezd, podobn\u011b jako d\u016fchody. Ministerstvo pr\u00e1ce a soci\u00e1ln\u00edch v\u011bc\u00ed o tom jedn\u00e1 s <a class=\"mh-excerpt-more\" href=\"https:\/\/www.invarena.cz\/?p=42228\" title=\"V\u00fd\u017eivn\u00e9 na d\u011bti by se mohlo zvy\u0161ovat automaticky podle inflace a r\u016fstu mezd\u00a0\u00a0\">[&#8230;]<\/a><\/p>\n<\/div>","protected":false},"author":1,"featured_media":24197,"comment_status":"open","ping_status":"closed","sticky":false,"template":"","format":"standard","meta":{"footnotes":""},"categories":[1],"tags":[],"class_list":["post-42228","post","type-post","status-publish","format-standard","has-post-thumbnail","hentry","category-nezarazene"],"_links":{"self":[{"href":"https:\/\/www.invarena.cz\/index.php?rest_route=\/wp\/v2\/posts\/42228","targetHints":{"allow":["GET"]}}],"collection":[{"href":"https:\/\/www.invarena.cz\/index.php?rest_route=\/wp\/v2\/posts"}],"about":[{"href":"https:\/\/www.invarena.cz\/index.php?rest_route=\/wp\/v2\/types\/post"}],"author":[{"embeddable":true,"href":"https:\/\/www.invarena.cz\/index.php?rest_route=\/wp\/v2\/users\/1"}],"replies":[{"embeddable":true,"href":"https:\/\/www.invarena.cz\/index.php?rest_route=%2Fwp%2Fv2%2Fcomments&post=42228"}],"version-history":[{"count":0,"href":"https:\/\/www.invarena.cz\/index.php?rest_route=\/wp\/v2\/posts\/42228\/revisions"}],"wp:featuredmedia":[{"embeddable":true,"href":"https:\/\/www.invarena.cz\/index.php?rest_route=\/wp\/v2\/media\/24197"}],"wp:attachment":[{"href":"https:\/\/www.invarena.cz\/index.php?rest_route=%2Fwp%2Fv2%2Fmedia&parent=42228"}],"wp:term":[{"taxonomy":"category","embeddable":true,"href":"https:\/\/www.invarena.cz\/index.php?rest_route=%2Fwp%2Fv2%2Fcategories&post=42228"},{"taxonomy":"post_tag","embeddable":true,"href":"https:\/\/www.invarena.cz\/index.php?rest_route=%2Fwp%2Fv2%2Ftags&post=42228"}],"curies":[{"name":"wp","href":"https:\/\/api.w.org\/{rel}","templated":true}]}}