{"id":42281,"date":"2023-09-21T06:21:24","date_gmt":"2023-09-21T04:21:24","guid":{"rendered":"https:\/\/www.invarena.cz\/?p=42281"},"modified":"2023-09-21T06:21:25","modified_gmt":"2023-09-21T04:21:25","slug":"navrh-na-zvyseni-rodicovskeho-prispevku","status":"publish","type":"post","link":"https:\/\/www.invarena.cz\/?p=42281","title":{"rendered":"N\u00e1vrh na zv\u00fd\u0161en\u00ed rodi\u010dovsk\u00e9ho p\u0159\u00edsp\u011bvku\u00a0\u00a0"},"content":{"rendered":"\n<p>Rodi\u010dovsk\u00fd p\u0159\u00edsp\u011bvek se od ledna z\u0159ejm\u011b zv\u00fd\u0161\u00ed o 50 000 K\u010d. T\u00fdkat se to ale bude jen rodin, kter\u00fdm se d\u011bti narod\u00ed a\u017e na za\u010d\u00e1tku p\u0159\u00ed\u0161t\u00edho roku a pozd\u011bji. Vl\u00e1dn\u00ed n\u00e1vrh podpo\u0159il sn\u011bmovn\u00ed soci\u00e1ln\u00ed v\u00fdbor. Opozice k n\u011bmu m\u00e1 v\u00fdhrady a chce jak nav\u00fd\u0161en\u00ed celkov\u00e9 \u010d\u00e1stky, tak i roz\u0161\u00ed\u0159en\u00ed okruhu rodin, kter\u00e9 na v\u00edce pen\u011bz dos\u00e1hnou.<\/p>\n\n\n\n<p>\u010cT 1\u00a0&#8211; Ud\u00e1losti<br \/><br \/>Marian JURE\u010cKA,\u00a0<strong>ministr<\/strong>\u00a0<strong>pr\u00e1ce<\/strong>\u00a0a soci\u00e1ln\u00edch v\u011bc\u00ed, p\u0159edseda strany \/KDU-\u010cSL\/<br \/>&#8212;&#8212;&#8212;&#8212;&#8212;&#8212;&#8211;<br \/>Je to nav\u00fd\u0161en\u00ed o 50 000 K\u010d, kter\u00e9 nebylo jednoduch\u00e9 vydat v r\u00e1mci koalice. J\u00e1 to beru jako maximum mo\u017en\u00e9ho v dan\u00e9 situaci, kdy s ohledem i na rozpo\u010dtov\u00e9 mo\u017enosti toto nav\u00fd\u0161en\u00ed prost\u011b pom\u016f\u017ee rodin\u00e1m, d\u011btem, kter\u00e9 se narod\u00ed po 1. lednu.<br \/><br \/>moder\u00e1tor<br \/>&#8212;&#8212;&#8212;&#8212;&#8212;&#8212;&#8211;<br \/>Pr\u016fm\u011brn\u00e1 m\u011bs\u00ed\u010dn\u00ed \u010d\u00e1stka, kterou rodi\u010de pob\u00edraj\u00ed, je p\u0159es 9 000 K\u010d, rodi\u010dovsk\u00fd p\u0159\u00edsp\u011bvek \u010derp\u00e1 kolem 270 000 lid\u00ed. St\u00e1t na jeho vypl\u00e1cen\u00ed m\u011bs\u00ed\u010dn\u011b vyd\u00e1v\u00e1 kolem 2,5 miliardy korun. Te\u010f je jeho v\u00fd\u0161e za jedno d\u00edt\u011b 300 000 K\u010d.<br \/><br \/>Lucie \u0160afr\u00e1nkov\u00e1, m\u00edstop\u0159edsedkyn\u011b sn\u011bmovn\u00edho soci\u00e1ln\u00edho v\u00fdboru \/SPD\/<br \/>&#8212;&#8212;&#8212;&#8212;&#8212;&#8212;&#8211;<br \/>By se ten rodi\u010dovsk\u00fd p\u0159\u00edsp\u011bvek skute\u010dn\u011b nyn\u00ed m\u011bl nav\u00fd\u0161it o 100 000 K\u010d. Nav\u00edc tato vl\u00e1dn\u00ed novela to chce d\u00e1t pouze rodi\u010d\u016fm d\u011bt\u00ed, kter\u00fd se narod\u00ed a\u017e od 1. ledna 2024. To je pro m\u011b naprosto diskrimina\u010dn\u00ed z\u00e1le\u017eitost.<\/p>\n","protected":false},"excerpt":{"rendered":"<div class=\"mh-excerpt\"><p>Rodi\u010dovsk\u00fd p\u0159\u00edsp\u011bvek se od ledna z\u0159ejm\u011b zv\u00fd\u0161\u00ed o 50 000 K\u010d. T\u00fdkat se to ale bude jen rodin, kter\u00fdm se d\u011bti narod\u00ed a\u017e na za\u010d\u00e1tku <a class=\"mh-excerpt-more\" href=\"https:\/\/www.invarena.cz\/?p=42281\" title=\"N\u00e1vrh na zv\u00fd\u0161en\u00ed rodi\u010dovsk\u00e9ho p\u0159\u00edsp\u011bvku\u00a0\u00a0\">[&#8230;]<\/a><\/p>\n<\/div>","protected":false},"author":1,"featured_media":600,"comment_status":"open","ping_status":"closed","sticky":false,"template":"","format":"standard","meta":{"footnotes":""},"categories":[1],"tags":[],"class_list":["post-42281","post","type-post","status-publish","format-standard","has-post-thumbnail","hentry","category-nezarazene"],"_links":{"self":[{"href":"https:\/\/www.invarena.cz\/index.php?rest_route=\/wp\/v2\/posts\/42281","targetHints":{"allow":["GET"]}}],"collection":[{"href":"https:\/\/www.invarena.cz\/index.php?rest_route=\/wp\/v2\/posts"}],"about":[{"href":"https:\/\/www.invarena.cz\/index.php?rest_route=\/wp\/v2\/types\/post"}],"author":[{"embeddable":true,"href":"https:\/\/www.invarena.cz\/index.php?rest_route=\/wp\/v2\/users\/1"}],"replies":[{"embeddable":true,"href":"https:\/\/www.invarena.cz\/index.php?rest_route=%2Fwp%2Fv2%2Fcomments&post=42281"}],"version-history":[{"count":0,"href":"https:\/\/www.invarena.cz\/index.php?rest_route=\/wp\/v2\/posts\/42281\/revisions"}],"wp:featuredmedia":[{"embeddable":true,"href":"https:\/\/www.invarena.cz\/index.php?rest_route=\/wp\/v2\/media\/600"}],"wp:attachment":[{"href":"https:\/\/www.invarena.cz\/index.php?rest_route=%2Fwp%2Fv2%2Fmedia&parent=42281"}],"wp:term":[{"taxonomy":"category","embeddable":true,"href":"https:\/\/www.invarena.cz\/index.php?rest_route=%2Fwp%2Fv2%2Fcategories&post=42281"},{"taxonomy":"post_tag","embeddable":true,"href":"https:\/\/www.invarena.cz\/index.php?rest_route=%2Fwp%2Fv2%2Ftags&post=42281"}],"curies":[{"name":"wp","href":"https:\/\/api.w.org\/{rel}","templated":true}]}}