{"id":42290,"date":"2023-09-21T06:35:46","date_gmt":"2023-09-21T04:35:46","guid":{"rendered":"https:\/\/www.invarena.cz\/?p=42290"},"modified":"2023-09-21T06:35:47","modified_gmt":"2023-09-21T04:35:47","slug":"ministr-jurecka-chce-valorizovat-alimenty","status":"publish","type":"post","link":"https:\/\/www.invarena.cz\/?p=42290","title":{"rendered":"Ministr Jure\u010dka chce valorizovat alimenty\u00a0\u00a0"},"content":{"rendered":"\n<p>Alimenty by se m\u011bly valorizovat podobn\u011b jako t\u0159eba d\u016fchody. Takov\u00fd je pl\u00e1n \u0161\u00e9fa rezortu pr\u00e1ce a soci\u00e1ln\u00edch v\u011bc\u00ed Mariana Jure\u010dky. Podle n\u011bj se v\u00fd\u017eivn\u00e9 u\u017e n\u011bkolik let nezvy\u0161ovalo a soudn\u011b vym\u011b\u0159en\u00e1 v\u00fd\u0161e aliment\u016f \u010dasto nepokryje n\u00e1klady na v\u00fdchovu d\u00edt\u011bte. N\u00e1vrh Jure\u010dka zpracov\u00e1v\u00e1 spolu s Ministerstvem spravedlnosti.<br \/><br \/>Prima\u00a0&#8211; Hlavn\u00ed zpr\u00e1vy<br \/>&#8212;&#8212;&#8212;&#8212;&#8212;&#8212;&#8211;<br \/>Pokud se v\u00e1s t\u00e9ma t\u00fdk\u00e1 a pot\u0159ebujete si vypo\u010d\u00edtat v\u00fd\u0161i aliment\u016f, kter\u00e9 byste m\u011bli platit, sta\u010d\u00ed, kdy\u017e si na sv\u016fj mobiln\u00ed telefon na\u010dtete QR k\u00f3d, kter\u00fd se objev\u00ed na obrazovce, ten v\u00e1s zavede p\u0159\u00edmo na speci\u00e1ln\u00ed kalkula\u010dku.<br \/><br \/> redaktorka<br \/>&#8212;&#8212;&#8212;&#8212;&#8212;&#8212;&#8211;<br \/>Setk\u00e1v\u00e1m se s t\u00edm, \u017ee je v\u00fd\u017eivn\u00e9 v \u0159\u00e1du sta korun m\u011bs\u00ed\u010dn\u011b, z toho se nedaj\u00ed pokr\u00fdt n\u00e1klady na v\u00fdchovu, \u0159\u00edk\u00e1 ministr Marian Jure\u010dka.<br \/><br \/>Marian JURE\u010cKA,\u00a0<strong>ministr<\/strong>\u00a0<strong>pr\u00e1ce<\/strong>\u00a0a soci\u00e1ln\u00edch v\u011bc\u00ed, p\u0159edseda strany \/KDU-\u010cSL\/<br \/>&#8212;&#8212;&#8212;&#8212;&#8212;&#8212;&#8211;<br \/>Chceme pro tuto nastavit n\u011bjak\u00e9 lep\u0161\u00ed pravidla, parametry, ale z\u00e1rove\u0148 chceme nastavit i mo\u017enost pravideln\u00e9 valorizace v\u00fd\u017eivn\u00e9ho.<br \/><br \/>Luk\u00e1\u0161 KOVANDA, hlavn\u00ed ekonom Trinity Bank<br \/>&#8212;&#8212;&#8212;&#8212;&#8212;&#8212;&#8211;<br \/>V n\u011bkter\u00fdch p\u0159\u00edpadech matky samo\u017eivitelky dost\u00e1vaj\u00ed sm\u011b\u0161n\u00e9 pen\u00edze, kter\u00e9 jsou t\u0159eba nem\u011bnn\u00e9 u\u017e 10 let.<br \/><br \/>Monika Ber\u00e1nkov\u00e1, redaktorka<br \/>&#8212;&#8212;&#8212;&#8212;&#8212;&#8212;&#8211;<br \/>O nav\u00fd\u0161en\u00ed v\u00fd\u017eivn\u00e9ho je te\u010f mo\u017en\u00e9 po\u017e\u00e1dat soud. To ale podle ministra b\u00fdv\u00e1 stresuj\u00edc\u00ed, zdlouhav\u00e9 a \u017eadatel to \u010dasto vzd\u00e1, proto usiluje o zm\u011bnu.<br \/><br \/>Marian JURE\u010cKA,\u00a0<strong>ministr<\/strong>\u00a0<strong>pr\u00e1ce<\/strong>\u00a0a soci\u00e1ln\u00edch v\u011bc\u00ed, p\u0159edseda strany \/KDU-\u010cSL\/<br \/>&#8212;&#8212;&#8212;&#8212;&#8212;&#8212;&#8211;<br \/>Bude tady p\u0159edv\u00eddateln\u00fd syst\u00e9m, podobn\u011b jako u d\u016fchod\u016f, aby se v\u00fd\u017eivn\u00e9 valorizovalo, aby to bylo jednoduch\u00e9, nestresuj\u00edc\u00ed.<br \/><br \/>Anton\u00edn STANISLAV, n\u00e1m\u011bstek ministra spravedlnosti \/ODS\/<br \/>&#8212;&#8212;&#8212;&#8212;&#8212;&#8212;&#8211;<br \/>Diskuze je pom\u011brn\u011b v\u011bcn\u00e1 a vyv\u00edj\u00ed se pozitivn\u00edm sm\u011brem.<br \/><br \/>Monika Ber\u00e1nkov\u00e1, redaktorka<br \/>&#8212;&#8212;&#8212;&#8212;&#8212;&#8212;&#8211;<br \/>Jak a kdy by se v\u00fd\u017eivn\u00e9 valorizovalo, nen\u00ed zat\u00edm jasn\u00e9. Uva\u017euje se o n\u011bkolika mo\u017enostech, nap\u0159\u00edklad jednor\u00e1zovou \u010d\u00e1stkou, ur\u010dit\u00fdm procentem, ale ve h\u0159e jsou i dal\u0161\u00ed varianty.<br \/><br \/>Anton\u00edn STANISLAV, n\u00e1m\u011bstek ministra spravedlnosti \/ODS\/<br \/>&#8212;&#8212;&#8212;&#8212;&#8212;&#8212;&#8211;<br \/>Mzdy, inflace, pak tam je samoz\u0159ejm\u011b v\u00fdvoj spot\u0159ebitelsk\u00fdch cen, t\u011bch variant tam je opravdu velk\u00e9 mno\u017estv\u00ed, ale j\u00e1 bych necht\u011bl p\u0159edj\u00edmat, jak\u00e1 bude zvolena, pop\u0159\u00edpad\u011b jestli tam bude n\u011bjak\u00e1 kombinace.<br \/><br \/>Petr BARTO\u0147, ekonom, Natland<br \/>&#8212;&#8212;&#8212;&#8212;&#8212;&#8212;&#8211;<br \/>V\u011bt\u0161inu \u010dasu v budoucnosti by indexace podle pr\u016fm\u011brn\u00fdch mezd jim nab\u00edzela to nejlep\u0161\u00ed, ale kdyby se opakoval zase minul\u00fd rok, tak by to nesta\u010dilo.<br \/><br \/>Monika Ber\u00e1nkov\u00e1, redaktorka<br \/>&#8212;&#8212;&#8212;&#8212;&#8212;&#8212;&#8211;<br \/>Rozhodnut\u00ed valorizovat v\u00fd\u017eivn\u00e9 ekonomov\u00e9 v\u00edtaj\u00ed.<br \/><br \/>Luk\u00e1\u0161 KOVANDA, hlavn\u00ed ekonom Trinity Bank<br \/>&#8212;&#8212;&#8212;&#8212;&#8212;&#8212;&#8211;<br \/>Je rozumn\u00fd, \u017ee by zkr\u00e1tka do toho syst\u00e9mu m\u011bla b\u00fdt vnesena ur\u010dit\u00e1 m\u00edra jistoty vy\u0161\u0161\u00ed, ne\u017e je tam nyn\u00ed.<br \/><br \/>Petr BARTO\u0147, ekonom, Natland<br \/>&#8212;&#8212;&#8212;&#8212;&#8212;&#8212;&#8211;<br \/>Pokud by skute\u010dn\u011b byla garance, \u017ee se tato v\u00fd\u0161e odpolitizuje t\u00edm, \u017ee bude univerz\u00e1ln\u00ed vzore\u010dek, tak je to dob\u0159e.<br \/><br \/>Monika Ber\u00e1nkov\u00e1, redaktorka<br \/>&#8212;&#8212;&#8212;&#8212;&#8212;&#8212;&#8211;<br \/>Ministerstvo spravedlnosti po\u010d\u00edt\u00e1 s t\u00edm, \u017ee n\u00e1vrh pod\u00e1 do konce roku do p\u0159ipom\u00ednkov\u00e9ho \u0159\u00edzen\u00ed a podle hrub\u00e9ho odhadu resortu by se pravideln\u00e1 valorizace v\u00fd\u017eivn\u00e9ho mohla t\u00fdkat a\u017e 200 000 lid\u00ed. <\/p>\n\n\n\n<p>CNN Prima News.<br \/><br \/><\/p>\n","protected":false},"excerpt":{"rendered":"<div class=\"mh-excerpt\"><p>Alimenty by se m\u011bly valorizovat podobn\u011b jako t\u0159eba d\u016fchody. Takov\u00fd je pl\u00e1n \u0161\u00e9fa rezortu pr\u00e1ce a soci\u00e1ln\u00edch v\u011bc\u00ed Mariana Jure\u010dky. Podle n\u011bj se v\u00fd\u017eivn\u00e9 u\u017e <a class=\"mh-excerpt-more\" href=\"https:\/\/www.invarena.cz\/?p=42290\" title=\"Ministr Jure\u010dka chce valorizovat alimenty\u00a0\u00a0\">[&#8230;]<\/a><\/p>\n<\/div>","protected":false},"author":1,"featured_media":42307,"comment_status":"open","ping_status":"closed","sticky":false,"template":"","format":"standard","meta":{"footnotes":""},"categories":[1],"tags":[],"class_list":["post-42290","post","type-post","status-publish","format-standard","has-post-thumbnail","hentry","category-nezarazene"],"_links":{"self":[{"href":"https:\/\/www.invarena.cz\/index.php?rest_route=\/wp\/v2\/posts\/42290","targetHints":{"allow":["GET"]}}],"collection":[{"href":"https:\/\/www.invarena.cz\/index.php?rest_route=\/wp\/v2\/posts"}],"about":[{"href":"https:\/\/www.invarena.cz\/index.php?rest_route=\/wp\/v2\/types\/post"}],"author":[{"embeddable":true,"href":"https:\/\/www.invarena.cz\/index.php?rest_route=\/wp\/v2\/users\/1"}],"replies":[{"embeddable":true,"href":"https:\/\/www.invarena.cz\/index.php?rest_route=%2Fwp%2Fv2%2Fcomments&post=42290"}],"version-history":[{"count":0,"href":"https:\/\/www.invarena.cz\/index.php?rest_route=\/wp\/v2\/posts\/42290\/revisions"}],"wp:featuredmedia":[{"embeddable":true,"href":"https:\/\/www.invarena.cz\/index.php?rest_route=\/wp\/v2\/media\/42307"}],"wp:attachment":[{"href":"https:\/\/www.invarena.cz\/index.php?rest_route=%2Fwp%2Fv2%2Fmedia&parent=42290"}],"wp:term":[{"taxonomy":"category","embeddable":true,"href":"https:\/\/www.invarena.cz\/index.php?rest_route=%2Fwp%2Fv2%2Fcategories&post=42290"},{"taxonomy":"post_tag","embeddable":true,"href":"https:\/\/www.invarena.cz\/index.php?rest_route=%2Fwp%2Fv2%2Ftags&post=42290"}],"curies":[{"name":"wp","href":"https:\/\/api.w.org\/{rel}","templated":true}]}}