{"id":42294,"date":"2023-10-06T14:54:00","date_gmt":"2023-10-06T12:54:00","guid":{"rendered":"https:\/\/www.invarena.cz\/?p=42294"},"modified":"2023-10-06T14:54:01","modified_gmt":"2023-10-06T12:54:01","slug":"padl-trest-za-okradeni-invalidy","status":"publish","type":"post","link":"https:\/\/www.invarena.cz\/?p=42294","title":{"rendered":"Padl trest za okraden\u00ed invalidy\u00a0\u00a0"},"content":{"rendered":"\n<p>Na p\u011bt let poslal \u010deskolipsk\u00fd okresn\u00ed soud do v\u011bzen\u00ed \u0160tefana Haranga, kter\u00fd letos v b\u0159eznu okradl na ulici\u00a0<strong>voz\u00ed\u010dk\u00e1\u0159e<\/strong>\u00a0vracej\u00edc\u00edho se po amputaci nohy z nemocnice dom\u016f. Sebral mu n\u011bkolik naspo\u0159en\u00fdch d\u016fchod\u016f.<br \/><br \/>NOVA\u00a0&#8211; Televizn\u00ed noviny<br \/>&#8212;&#8212;&#8212;&#8212;&#8212;&#8212;&#8211;<br \/>Ani se nestihl sm\u00ed\u0159it s t\u00edm, \u017ee u\u017e nikdy nebude chodit. Z nemocnice odjel s naspo\u0159en\u00fdmi d\u016fchody, ale do ubytovny u\u017e nedorazil. Co v\u00e1s potkalo?Dvojice lupi\u010d\u016f ho napadla zbab\u011ble zezadu. Jeden ho \u0161krtil, druh\u00fd okr\u00e1dal.<br \/><br \/>Ji\u0159\u00ed RYBA, okraden\u00fd invalida, \u010cesk\u00e1 L\u00edpa<br \/>&#8212;&#8212;&#8212;&#8212;&#8212;&#8212;&#8211;<br \/>Za\u010dali m\u011b dusit. V\u0161echny pen\u00edze, co jsem m\u011bl, mi sebrali.<br \/><br \/>Ivan Berka, redaktor<br \/>&#8212;&#8212;&#8212;&#8212;&#8212;&#8212;&#8211;<br \/>Pak ho nechali le\u017eet na zemi.<br \/><br \/>Blanka FEDORKOV\u00c1, soudkyn\u011b Okresn\u00edho soudu v \u010cesk\u00e9 L\u00edp\u011b<br \/>&#8212;&#8212;&#8212;&#8212;&#8212;&#8212;&#8211;<br \/>S\u00e1m byste se na ten voz\u00edk dostal?<br \/><br \/>Ji\u0159\u00ed RYBA, okraden\u00fd invalida, \u010cesk\u00e1 L\u00edpa<br \/>&#8212;&#8212;&#8212;&#8212;&#8212;&#8212;&#8211;<br \/>Pokou\u0161el jsem se, ale ne\u0161lo to.<br \/><br \/>Ivan Berka, redaktor<br \/>&#8212;&#8212;&#8212;&#8212;&#8212;&#8212;&#8211;<br \/>Na voz\u00edk mu pomohl a\u017e r\u00e1no kolemjedouc\u00ed motorista. Kdy\u017e jsme o p\u0159\u00edpadu informovali starostku m\u011bsta, do 10 minut za\u0159\u00eddila ve\u0161kerou pomoc.<br \/><br \/>Jitka VOLFOV\u00c1, starostka \u010cesk\u00e9 L\u00edpy \/ANO\/<br \/>&#8212;&#8212;&#8212;&#8212;&#8212;&#8212;&#8211;<br \/>Bude m\u00edt st\u0159echu nad hlavou, bude m\u00edt co j\u00edst a dostane i ty dal\u0161\u00ed prost\u0159edky.<br \/><br \/>Ivan Berka, redaktor<br \/>&#8212;&#8212;&#8212;&#8212;&#8212;&#8212;&#8211;<br \/>Cestou do do\u010dasn\u00e9ho domova \u00fa\u0159edn\u00edci panu Rybovi za\u0159\u00eddili v\u0161e pot\u0159ebn\u00e9.<br \/><br \/>Vladim\u00edra MASOPUSTOV\u00c1, soci\u00e1ln\u00ed pracovnice, M\u011bstsk\u00fd \u00fa\u0159ad \u010cesk\u00e1 L\u00edpa<br \/>&#8212;&#8212;&#8212;&#8212;&#8212;&#8212;&#8211;<br \/>Tady m\u00e1te potraviny. Doklady vy\u0159\u00edd\u00edme ur\u010dit\u011b. Kolik pen\u011bz v\u00e1m sebrali?<br \/><br \/>Ji\u0159\u00ed RYBA, okraden\u00fd invalida, \u010cesk\u00e1 L\u00edpa<br \/>&#8212;&#8212;&#8212;&#8212;&#8212;&#8212;&#8211;<br \/>20 700.<br \/><br \/>Ivan Berka, redaktor<br \/>&#8212;&#8212;&#8212;&#8212;&#8212;&#8212;&#8211;<br \/>Ot\u0159esn\u00fd zp\u016fsob loupe\u017ee nenechal chladn\u00fdm ani \u017ealobce.<br \/><br \/>Lubor \u0160UR\u00c1\u0147, st\u00e1tn\u00ed z\u00e1stupce, OSZ \u010cesk\u00e1 L\u00edpa<br \/>&#8212;&#8212;&#8212;&#8212;&#8212;&#8212;&#8211;<br \/>To je prost\u011b odporn\u00e9 s prominut\u00edm.<br \/><br \/>Blanka FEDORKOV\u00c1, soudkyn\u011b Okresn\u00edho soudu v \u010cesk\u00e9 L\u00edp\u011b<br \/>&#8212;&#8212;&#8212;&#8212;&#8212;&#8212;&#8211;<br \/>Byl odsouzen k trestu odn\u011bt\u00ed svobody v trv\u00e1n\u00ed p\u011bti let, druh\u00fd ob\u017ealovan\u00fd byl zpro\u0161t\u011bn. Okolnosti pova\u017euji za zcela zavr\u017een\u00edhodn\u00e9. Se nemohl nijak br\u00e1nit.<br \/><br \/>Ji\u0159\u00ed RYBA, okraden\u00fd invalida, \u010cesk\u00e1 L\u00edpa<br \/>&#8212;&#8212;&#8212;&#8212;&#8212;&#8212;&#8211;<br \/>Ty pen\u00edze beztak u\u017e neuvid\u00edm.<br \/><br \/>Ivan Berka, redaktor<br \/>&#8212;&#8212;&#8212;&#8212;&#8212;&#8212;&#8211;<br \/>Nad to m\u00e1 zaplatit panu Rybovi ukradenou \u010d\u00e1stku a dal\u0161\u00edch 100 000 za psychickou \u00fajmu, \u00fatrapy a n\u00e1sledky, proto\u017ee mezit\u00edm p\u0159i\u0161el i o druhou nohu.<br \/><br \/>Ji\u0159\u00ed RYBA, okraden\u00fd invalida, \u010cesk\u00e1 L\u00edpa<br \/>&#8212;&#8212;&#8212;&#8212;&#8212;&#8212;&#8211;<br \/>Jak na to kle\u010deli, tak mu v\u0161echno krv\u00e1celo do prst\u016f. Nejd\u0159\u00edv mi pak u\u0159\u00edzli palec, tak u\u017e to \u0161lo cel\u00fd.<br \/><br \/>redaktor<br \/>&#8212;&#8212;&#8212;&#8212;&#8212;&#8212;&#8211;<br \/>Soud zjistil, \u017ee komplicem lupi\u010de musel b\u00fdt n\u011bkdo jin\u00fd. Policie po n\u011bm bude d\u00e1l p\u00e1trat. Odsouzen\u00fd Harang trest v jednac\u00ed s\u00edni p\u0159ijal, rozsudek je tak pravomocn\u00fd. <\/p>\n\n\n\n<p>televize Nova.<br \/><\/p>\n","protected":false},"excerpt":{"rendered":"<div class=\"mh-excerpt\"><p>Na p\u011bt let poslal \u010deskolipsk\u00fd okresn\u00ed soud do v\u011bzen\u00ed \u0160tefana Haranga, kter\u00fd letos v b\u0159eznu okradl na ulici\u00a0voz\u00ed\u010dk\u00e1\u0159e\u00a0vracej\u00edc\u00edho se po amputaci nohy z nemocnice dom\u016f. <a class=\"mh-excerpt-more\" href=\"https:\/\/www.invarena.cz\/?p=42294\" title=\"Padl trest za okraden\u00ed invalidy\u00a0\u00a0\">[&#8230;]<\/a><\/p>\n<\/div>","protected":false},"author":1,"featured_media":19225,"comment_status":"open","ping_status":"closed","sticky":false,"template":"","format":"standard","meta":{"footnotes":""},"categories":[7],"tags":[],"class_list":["post-42294","post","type-post","status-publish","format-standard","has-post-thumbnail","hentry","category-spolecnost"],"_links":{"self":[{"href":"https:\/\/www.invarena.cz\/index.php?rest_route=\/wp\/v2\/posts\/42294","targetHints":{"allow":["GET"]}}],"collection":[{"href":"https:\/\/www.invarena.cz\/index.php?rest_route=\/wp\/v2\/posts"}],"about":[{"href":"https:\/\/www.invarena.cz\/index.php?rest_route=\/wp\/v2\/types\/post"}],"author":[{"embeddable":true,"href":"https:\/\/www.invarena.cz\/index.php?rest_route=\/wp\/v2\/users\/1"}],"replies":[{"embeddable":true,"href":"https:\/\/www.invarena.cz\/index.php?rest_route=%2Fwp%2Fv2%2Fcomments&post=42294"}],"version-history":[{"count":0,"href":"https:\/\/www.invarena.cz\/index.php?rest_route=\/wp\/v2\/posts\/42294\/revisions"}],"wp:featuredmedia":[{"embeddable":true,"href":"https:\/\/www.invarena.cz\/index.php?rest_route=\/wp\/v2\/media\/19225"}],"wp:attachment":[{"href":"https:\/\/www.invarena.cz\/index.php?rest_route=%2Fwp%2Fv2%2Fmedia&parent=42294"}],"wp:term":[{"taxonomy":"category","embeddable":true,"href":"https:\/\/www.invarena.cz\/index.php?rest_route=%2Fwp%2Fv2%2Fcategories&post=42294"},{"taxonomy":"post_tag","embeddable":true,"href":"https:\/\/www.invarena.cz\/index.php?rest_route=%2Fwp%2Fv2%2Ftags&post=42294"}],"curies":[{"name":"wp","href":"https:\/\/api.w.org\/{rel}","templated":true}]}}