{"id":42300,"date":"2023-09-21T06:51:10","date_gmt":"2023-09-21T04:51:10","guid":{"rendered":"https:\/\/www.invarena.cz\/?p=42300"},"modified":"2023-09-21T06:51:11","modified_gmt":"2023-09-21T04:51:11","slug":"tak-si-tady-zijeme-telesne-postizeni","status":"publish","type":"post","link":"https:\/\/www.invarena.cz\/?p=42300","title":{"rendered":"Tak si tady \u017eijeme \u2013 t\u011blesn\u011b posti\u017een\u00ed\u00a0\u00a0"},"content":{"rendered":"\n<p>Tak si tady \u017eijeme. To je n\u00e1zev seri\u00e1lu Televizn\u00edch novin, ve kter\u00e9m se \u0161t\u00e1by TV NOVA\u00a0v\u011bnuj\u00ed lidem z r\u016fzn\u00fdch odv\u011btv\u00ed a zji\u0161\u0165uj\u00ed, jak se jim da\u0159\u00ed a s \u010d\u00edm pot\u0159ebuj\u00ed pomoci.<br \/><br \/>NOVA\u00a0&#8211; Televizn\u00ed noviny<br \/>&#8212;&#8212;&#8212;&#8212;&#8212;&#8212;&#8211;<br \/>Tentokr\u00e1t se kolega Jan Z\u00e1lu\u017esk\u00fd vydal za t\u011blesn\u011b\u00a0<strong>posti\u017een\u00fdmi<\/strong>\u00a0spoluob\u010dany.<br \/><br \/>Jan Z\u00c1LU\u017dSK\u00dd, redaktor<br \/>&#8212;&#8212;&#8212;&#8212;&#8212;&#8212;&#8211;<br \/>Podle \u00fadaj\u016f \u010cesk\u00e9ho statistick\u00e9ho \u00fa\u0159adu je u n\u00e1s milion lid\u00ed se zdravotn\u00edm posti\u017een\u00edm, v\u00edce ne\u017e 100 000 z nich si kv\u016fli sv\u00e9mu handicapu nezvl\u00e1dne p\u0159ipravit j\u00eddlo nebo se o sebe postarat bez pomoci druh\u00e9ho \u010dlov\u011bka. T\u0159eba pan\u00ed Pe\u0161kov\u00e1.<br \/><br \/>Iveta PE\u0160KOV\u00c1, voz\u00ed\u010dk\u00e1\u0159ka<br \/>&#8212;&#8212;&#8212;&#8212;&#8212;&#8212;&#8211;<br \/>Od rann\u00edho vst\u00e1v\u00e1n\u00ed p\u0159es hygienu, p\u0159es pomoc na toaletu. M\u00e1lokdo ze zdrav\u00fdch lid\u00ed si uv\u011bdom\u00ed, \u017ee kdy\u017e se chce na toaletu, tak si jde. J\u00e1, kdy\u017e se mi chce na toaletu, mus\u00edm \u010dekat na asistenta.<br \/><br \/>Jan Z\u00c1LU\u017dSK\u00dd, redaktor<br \/>&#8212;&#8212;&#8212;&#8212;&#8212;&#8212;&#8211;<br \/>Pr\u016fm\u011brn\u00e1 v\u00fd\u0161e\u00a0<strong>invalidn\u00edho<\/strong>\u00a0d\u016fchodu se pohybuje okolo 11 000 K\u010d m\u011bs\u00ed\u010dn\u011b. Ano, sly\u0161\u00edte dob\u0159e. A s touto \u010d\u00e1stkou mus\u00ed n\u011bkte\u0159\u00ed handicapovan\u00ed vyj\u00edt, tedy v uvozovk\u00e1ch ti \u0161\u0165astn\u011bj\u0161\u00ed.<br \/><br \/>Iveta PE\u0160KOV\u00c1, voz\u00ed\u010dk\u00e1\u0159ka<br \/>&#8212;&#8212;&#8212;&#8212;&#8212;&#8212;&#8211;<br \/>M\u00e1m kamar\u00e1da, kter\u00fd m\u00e1 asi o 3 cm krat\u0161\u00ed pahejl, ne\u017e je v tabulk\u00e1ch a u\u017e nem\u00e1 n\u00e1rok na\u00a0<strong>invalidn\u00ed<\/strong>\u00a0voz\u00edk.<br \/><br \/>Jan Z\u00c1LU\u017dSK\u00dd, redaktor<br \/>&#8212;&#8212;&#8212;&#8212;&#8212;&#8212;&#8211;<br \/>Je to n\u011bkdy boj o p\u0159e\u017eit\u00ed?<br \/><br \/>Iveta PE\u0160KOV\u00c1, voz\u00ed\u010dk\u00e1\u0159ka<br \/>&#8212;&#8212;&#8212;&#8212;&#8212;&#8212;&#8211;<br \/>\u0158ekla bych, \u017ee n\u011bkter\u00fdch p\u0159\u00edpadech ano.<br \/><br \/>Jan Z\u00c1LU\u017dSK\u00dd, redaktor<br \/>&#8212;&#8212;&#8212;&#8212;&#8212;&#8212;&#8211;<br \/>A to nen\u00ed v\u0161e.\u00a0<strong>Zdravotn\u011b<\/strong>\u00a0<strong>posti\u017een\u00ed<\/strong>\u00a0lid\u00e9 se \u010dasto c\u00edt\u00ed odstr\u010deni a m\u00e9n\u011bcenn\u00ed.\u00a0<strong>Zdravotn\u011b<\/strong>\u00a0<strong>posti\u017een\u00ed<\/strong>\u00a0jsou bohu\u017eel lhostejn\u00ed n\u011bkter\u00fdm na\u0161im spoluob\u010dan\u016fm. Na ulici\u00a0<strong>posti\u017een\u00e9mu<\/strong>\u00a0pom\u016f\u017ee pouze hrstka z n\u00e1s.<br \/><br \/>Ji\u0159\u00ed TR\u00c1VA,\u00a0<strong>voz\u00ed\u010dk\u00e1\u0159<\/strong><br \/>&#8212;&#8212;&#8212;&#8212;&#8212;&#8212;&#8211;<br \/>Dva z osmi v\u00e1m pom\u016f\u017eou.<br \/><br \/>Jan Z\u00c1LU\u017dSK\u00dd, redaktor<br \/>&#8212;&#8212;&#8212;&#8212;&#8212;&#8212;&#8211;<br \/>A kdy\u017e handicapovan\u00fdm nepomohou b\u011b\u017en\u00ed ob\u010dan\u00e9, seknou je p\u0159es prsty \u00fa\u0159edn\u00edci. T\u0159eba Miroslava. Ten se l\u00e9\u010d\u00ed s roztrou\u0161enou skler\u00f3zou, nemoc mu nezadr\u017eiteln\u011b postupuje a kdo by \u010dekal pomocnou ruku od st\u00e1tu, ten se m\u00fdlil.<br \/><br \/>Miroslav, pacient s roztrou\u0161enou skler\u00f3zou<br \/>&#8212;&#8212;&#8212;&#8212;&#8212;&#8212;&#8211;<br \/>M\u011bl jsem\u00a0<strong>invalidn\u00ed<\/strong>\u00a0d\u016fchod prvn\u00edho stupn\u011b, ale bohu\u017eel mi byl odebr\u00e1n.<br \/><br \/>Jan Z\u00c1LU\u017dSK\u00dd, redaktor<br \/>&#8212;&#8212;&#8212;&#8212;&#8212;&#8212;&#8211;<br \/>Jak\u00fd byl d\u016fvod?<br \/><br \/>Miroslav, pacient s roztrou\u0161enou skler\u00f3zou<br \/>&#8212;&#8212;&#8212;&#8212;&#8212;&#8212;&#8211;<br \/>D\u016fvod byl, \u017ee jsem \u00fadajn\u011b m\u011bl\u00a0<strong>posti\u017een\u00ed<\/strong>\u00a035 % a z\u00e1hadn\u011b se mi to zlep\u0161ilo na pouh\u00fdch 10 %.<br \/><br \/>V\u00e1clav KR\u00c1SA, p\u0159edseda, N\u00e1rodn\u00ed rada osob se zdravotn\u00edm posti\u017een\u00edm \u010cR<br \/>&#8212;&#8212;&#8212;&#8212;&#8212;&#8212;&#8211;<br \/>To je prost\u011b nesmysl, ale toto je nej\u010dast\u011bj\u0161\u00ed argument posudkov\u00fdch l\u00e9ka\u0159\u016f. &#8222;Je to tak, \u017ee u\u017e jste se na to adaptoval, tak nepot\u0159ebujete pomoc.&#8220;<br \/><br \/>Jan Z\u00c1LU\u017dSK\u00dd, redaktor<br \/>&#8212;&#8212;&#8212;&#8212;&#8212;&#8212;&#8211;<br \/>Podle V\u00e1clava Kr\u00e1sy ani vl\u00e1da pro tuto skupinu osob zat\u00edm moc ned\u011bl\u00e1.<br \/><br \/>V\u00e1clav KR\u00c1SA, p\u0159edseda, N\u00e1rodn\u00ed rada osob se zdravotn\u00edm posti\u017een\u00edm \u010cR<br \/>&#8212;&#8212;&#8212;&#8212;&#8212;&#8212;&#8211;<br \/>J\u00e1 jsem atakoval pana\u00a0<strong>ministra<\/strong>\u00a0<strong>pr\u00e1ce<\/strong>\u00a0a soci\u00e1ln\u00edch v\u011bc\u00ed, pana ministra financ\u00ed. Zat\u00edm ne.<br \/><br \/>Jan Z\u00c1LU\u017dSK\u00dd, redaktor<br \/>&#8212;&#8212;&#8212;&#8212;&#8212;&#8212;&#8211;<br \/>A snad na z\u00e1v\u011br jedna dobr\u00e1 zpr\u00e1va, kabinet Petra Fialy pl\u00e1nuje navy\u0161ovat\u00a0<strong>invalidn\u00ed<\/strong>\u00a0d\u016fchody, a to od ledna 2024. O kolik, zat\u00edm nev\u00edme. <\/p>\n\n\n\n<p>televize Nova<br \/><\/p>\n","protected":false},"excerpt":{"rendered":"<div class=\"mh-excerpt\"><p>Tak si tady \u017eijeme. To je n\u00e1zev seri\u00e1lu Televizn\u00edch novin, ve kter\u00e9m se \u0161t\u00e1by TV NOVA\u00a0v\u011bnuj\u00ed lidem z r\u016fzn\u00fdch odv\u011btv\u00ed a zji\u0161\u0165uj\u00ed, jak se jim <a class=\"mh-excerpt-more\" href=\"https:\/\/www.invarena.cz\/?p=42300\" title=\"Tak si tady \u017eijeme \u2013 t\u011blesn\u011b posti\u017een\u00ed\u00a0\u00a0\">[&#8230;]<\/a><\/p>\n<\/div>","protected":false},"author":1,"featured_media":21476,"comment_status":"open","ping_status":"closed","sticky":false,"template":"","format":"standard","meta":{"footnotes":""},"categories":[7],"tags":[],"class_list":["post-42300","post","type-post","status-publish","format-standard","has-post-thumbnail","hentry","category-spolecnost"],"_links":{"self":[{"href":"https:\/\/www.invarena.cz\/index.php?rest_route=\/wp\/v2\/posts\/42300","targetHints":{"allow":["GET"]}}],"collection":[{"href":"https:\/\/www.invarena.cz\/index.php?rest_route=\/wp\/v2\/posts"}],"about":[{"href":"https:\/\/www.invarena.cz\/index.php?rest_route=\/wp\/v2\/types\/post"}],"author":[{"embeddable":true,"href":"https:\/\/www.invarena.cz\/index.php?rest_route=\/wp\/v2\/users\/1"}],"replies":[{"embeddable":true,"href":"https:\/\/www.invarena.cz\/index.php?rest_route=%2Fwp%2Fv2%2Fcomments&post=42300"}],"version-history":[{"count":0,"href":"https:\/\/www.invarena.cz\/index.php?rest_route=\/wp\/v2\/posts\/42300\/revisions"}],"wp:featuredmedia":[{"embeddable":true,"href":"https:\/\/www.invarena.cz\/index.php?rest_route=\/wp\/v2\/media\/21476"}],"wp:attachment":[{"href":"https:\/\/www.invarena.cz\/index.php?rest_route=%2Fwp%2Fv2%2Fmedia&parent=42300"}],"wp:term":[{"taxonomy":"category","embeddable":true,"href":"https:\/\/www.invarena.cz\/index.php?rest_route=%2Fwp%2Fv2%2Fcategories&post=42300"},{"taxonomy":"post_tag","embeddable":true,"href":"https:\/\/www.invarena.cz\/index.php?rest_route=%2Fwp%2Fv2%2Ftags&post=42300"}],"curies":[{"name":"wp","href":"https:\/\/api.w.org\/{rel}","templated":true}]}}