{"id":42366,"date":"2023-09-27T10:44:28","date_gmt":"2023-09-27T08:44:28","guid":{"rendered":"https:\/\/www.invarena.cz\/?p=42366"},"modified":"2023-09-27T13:57:49","modified_gmt":"2023-09-27T11:57:49","slug":"o-koureni-s-mudr-kralikovou","status":"publish","type":"post","link":"https:\/\/www.invarena.cz\/?p=42366","title":{"rendered":"O kou\u0159en\u00ed s MUDr. Kr\u00e1l\u00edkovou"},"content":{"rendered":"\n<p>Prvn\u00ed cigaretu si u n\u00e1s budouc\u00ed ku\u0159\u00e1k d\u00e1 typicky v 10, 11, nebo 12 letech \u017eivota, drtiv\u00e1 v\u011bt\u0161ina za\u010dne kou\u0159it, je\u0161t\u011b ne\u017e je dosp\u011bl\u00e1. Popisuje prof. Eva Kr\u00e1l\u00edkov\u00e1, kter\u00e1 kou\u0159en\u00ed studuje a nab\u00edz\u00ed pomoc ku\u0159\u00e1k\u016fm u\u017e p\u0159es 30 let, podle sv\u011btov\u00e9 zdravotnick\u00e9 organizace ro\u010dn\u011b kv\u016fli kou\u0159en\u00ed zem\u0159e p\u0159es 8 milion\u016f lid\u00ed, z toho asi 1 300 000 t\u011bch, co, sami nekou\u0159\u00ed. To je d\u016fsledek tzv. pasivn\u00edho kou\u0159en\u00ed, l\u00e9\u010dba pro ku\u0159\u00e1ky je, u n\u00e1s ji hrad\u00ed poji\u0161\u0165ovny, jak prob\u00edh\u00e1, jak rychle se zlep\u0161\u00ed lidsk\u00fd organismus po posledn\u00ed cigaret\u011b a jak pomoc zajistit, \u017ee d\u011bti neza\u010dnou kou\u0159it? V\u00edtejte ve sv\u011bt\u011b v\u011bdy a ot\u00e1zek sou\u010dasn\u00e9 spole\u010dnosti. Za\u010d\u00edn\u00e1 Hyde Park civil. Pan\u00ed profesorko, moc d\u011bkuji, \u017ee jste s n\u00e1mi, dobr\u00fd ve\u010der.<\/p>\n\n\n\n<p>\u010cT 24&nbsp;&#8211; Hyde Park Civilizace<br \/><br \/>mluv\u010d\u00ed 1,<br \/>&#8212;&#8212;&#8212;&#8212;&#8212;&#8212;&#8211;<br \/>Dobr\u00fd ve\u010der, d\u011bkuju za pozv\u00e1n\u00ed.<br \/><br \/>Daniel Stach, moder\u00e1tor \u010cT<br \/>&#8212;&#8212;&#8212;&#8212;&#8212;&#8212;&#8211;<br \/>K \u010demu je kou\u0159en\u00ed dobr\u00e9?<br \/><br \/>mluv\u010d\u00ed 1,<br \/>&#8212;&#8212;&#8212;&#8212;&#8212;&#8212;&#8211;<br \/>No, na pen\u00edze, pro v\u00fdrobce samoz\u0159ejm\u011b.<br \/><br \/>Daniel Stach, moder\u00e1tor \u010cT<br \/>&#8212;&#8212;&#8212;&#8212;&#8212;&#8212;&#8211;<br \/>A pro ku\u0159\u00e1ka.<br \/><br \/>mluv\u010d\u00ed 1,<br \/>&#8212;&#8212;&#8212;&#8212;&#8212;&#8212;&#8211;<br \/>Pro ku\u0159\u00e1ka tam moc dobr\u00e9ho nen\u00ed.<br \/><br \/>Daniel Stach, moder\u00e1tor \u010cT<br \/>&#8212;&#8212;&#8212;&#8212;&#8212;&#8212;&#8211;<br \/>N\u011bjak\u00fd vstup do spole\u010dnosti, n\u011bjak\u00fd v uvozovk\u00e1ch ice breaker.<br \/><br \/>mluv\u010d\u00ed 1,<br \/>&#8212;&#8212;&#8212;&#8212;&#8212;&#8212;&#8211;<br \/>Samoz\u0159ejm\u011b, to jsou, to jsou z\u00e1minky, kter\u00e9 vedou k, k tomu, \u017ee se ku\u0159\u00e1k chop\u00ed, ale ten hlavn\u00ed d\u016fvod je zisk v\u00fdrobce. Uklid\u0148uje.<br \/><br \/>mluv\u010d\u00ed 2,<br \/>&#8212;&#8212;&#8212;&#8212;&#8212;&#8212;&#8211;<br \/>Kou\u0159en\u00ed, Ano, i ne, samoz\u0159ejm\u011b stres je takov\u00e1 typick\u00e1 chv\u00edle, kdy ku\u0159\u00e1k kou\u0159\u00ed, pom\u016f\u017ee ten ritu\u00e1l, pom\u016f\u017ee hormon \u0161t\u011bst\u00ed, kter\u00fd se vyplav\u00ed po pota\u017een\u00ed, ale pak to naopak vyplav\u00ed tak\u00e9 stresov\u00e9 hormony, tak\u017ee odpov\u011b\u010f zn\u00ed ne.<br \/><br \/>Daniel Stach, moder\u00e1tor \u010cT<br \/>&#8212;&#8212;&#8212;&#8212;&#8212;&#8212;&#8211;<br \/>Jak se zm\u011bn\u00ed tep u ku\u0159\u00e1ka, kter\u00fd si zakou\u0159\u00ed?<br \/><br \/>mluv\u010d\u00ed 1,<br \/>&#8212;&#8212;&#8212;&#8212;&#8212;&#8212;&#8211;<br \/>Ur\u010dit\u011b se zrychl\u00ed, to si m\u016f\u017ee ka\u017ed\u00fd vyzkou\u0161et, zrychl\u00ed se tep asi o 10 za minutu a stoupne taky tlak asi o 20 mm tu\u0165ov\u00e9ho sloupce.<br \/><br \/>Daniel Stach, moder\u00e1tor \u010cT<br \/>&#8212;&#8212;&#8212;&#8212;&#8212;&#8212;&#8211;<br \/>U kolika cigaret je nejv\u011bt\u0161\u00ed rozd\u00edl dopad\u016f na organismu?<br \/><br \/>mluv\u010d\u00ed 1,<br \/>&#8212;&#8212;&#8212;&#8212;&#8212;&#8212;&#8211;<br \/>Ur\u010dit\u011b jedna, proto\u017ee \u0159\u00edk\u00e1 se, \u017ee jak\u00e1koliv d\u00e1vka je nebezpe\u010dn\u00e1 a je pravda, \u017ee v tab\u00e1kov\u00e9m kou\u0159i jsou l\u00e1tky, kter\u00e9 maj\u00ed bezprahov\u00e9 \u00fa\u010dinky, \u010dili bezpe\u010dnou d\u00e1vku nem\u016f\u017eeme ur\u010dit, ale samoz\u0159ejm\u011b \u010d\u00edm v\u00edc \u010dlov\u011bk kou\u0159\u00ed, tak t\u00edm je to riziko vy\u0161\u0161\u00ed. To taky plat\u00ed.<br \/><br \/>Daniel Stach, moder\u00e1tor \u010cT<br \/>&#8212;&#8212;&#8212;&#8212;&#8212;&#8212;&#8211;<br \/>Jak\u00e1 \u010d\u00e1st ku\u0159\u00e1k\u016f nechce kou\u0159it.V\u011bt\u0161ina.<br \/><br \/>mluv\u010d\u00ed 1,<br \/>&#8212;&#8212;&#8212;&#8212;&#8212;&#8212;&#8211;<br \/>Asi 70 %, \u010dili u n\u00e1s je to asi 1 200 000 lid\u00ed, kte\u0159\u00ed si denn\u011b jdou koupit n\u011bco, co v\u016fbec necht\u011bj\u00ed.<br \/><br \/>Daniel Stach, moder\u00e1tor \u010cT<br \/>&#8212;&#8212;&#8212;&#8212;&#8212;&#8212;&#8211;<br \/>Kolikr\u00e1t se pr\u016fm\u011brn\u011b ku\u0159\u00e1k pokus\u00ed p\u0159estat.<br \/><br \/>mluv\u010d\u00ed 1,<br \/>&#8212;&#8212;&#8212;&#8212;&#8212;&#8212;&#8211;<br \/>Takov\u00fd celo\u017eivotn\u00ed ku\u0159\u00e1k m\u00e1 za sebou v\u011bt\u0161inou n\u011bkolik des\u00edtek pokus\u016f, kolem 30. A pokud jde o ty \u00fasp\u011b\u0161n\u00e9, tak v pr\u016fm\u011bru b\u00fdv\u00e1 \u00fasp\u011b\u0161n\u00fd p\u00e1t\u00fd.<br \/><br \/>mluv\u010d\u00ed 2,<br \/>&#8212;&#8212;&#8212;&#8212;&#8212;&#8212;&#8211;<br \/>Ka\u017ed\u00fd p\u00e1t\u00fd.<br \/><br \/>mluv\u010d\u00ed 1,<br \/>&#8212;&#8212;&#8212;&#8212;&#8212;&#8212;&#8211;<br \/>Ne ka\u017ed\u00fd p\u00e1t\u00fd.<br \/><br \/>Daniel Stach, moder\u00e1tor \u010cT<br \/>&#8212;&#8212;&#8212;&#8212;&#8212;&#8212;&#8211;<br \/>Ten p\u00e1t\u00fd pokus, ten p\u00e1t\u00fd pokus.<br \/><br \/>mluv\u010d\u00ed 1,<br \/>&#8212;&#8212;&#8212;&#8212;&#8212;&#8212;&#8211;<br \/>B\u00fdv\u00e1 \u00fasp\u011b\u0161n\u00fd, ale bohu\u017eel nen\u00ed to p\u0159\u00edpad t\u00e9 v\u011bt\u0161iny.<br \/><br \/>Daniel Stach, moder\u00e1tor \u010cT<br \/>&#8212;&#8212;&#8212;&#8212;&#8212;&#8212;&#8211;<br \/>A to m\u011b pr\u00e1v\u011b zaj\u00edm\u00e1, kolik procent ku\u0159\u00e1k\u016f, kte\u0159\u00ed cht\u011bj\u00ed skon\u010dit a sna\u017e\u00ed se o to sami, jesp\u011b\u0161n\u00e1.<br \/><br \/>mluv\u010d\u00ed 1,<br \/>&#8212;&#8212;&#8212;&#8212;&#8212;&#8212;&#8211;<br \/>Ka\u017ed\u00fd zp\u016fsob, kter\u00fd vede k tomu, \u017ee \u010dlov\u011bk p\u0159estane kou\u0159it a p\u0159itom se nijak nepo\u0161kozuje, je fajn, ale pokud to zkou\u0161\u00ed s\u00e1m, tak je ta pravd\u011bpodobnost celkem mal\u00e1, kolem 3-5 %, po roce.<br \/><br \/>Daniel Stach, moder\u00e1tor \u010cT<br \/>&#8212;&#8212;&#8212;&#8212;&#8212;&#8212;&#8211;<br \/>Kdy\u017e vyhled\u00e1 odbornou pomoc.<br \/><br \/>mluv\u010d\u00ed 1,<br \/>&#8212;&#8212;&#8212;&#8212;&#8212;&#8212;&#8211;<br \/>Tak se m\u016f\u017ee zdesetin\u00e1sobit, \u0159ekn\u011bme, kolem 30 %.<br \/><br \/>Daniel Stach, moder\u00e1tor \u010cT<br \/>&#8212;&#8212;&#8212;&#8212;&#8212;&#8212;&#8211;<br \/>A takov\u00e1 pomoc tu je a hrad\u00ed poji\u0161\u0165ovna. Jedn\u00e1 se o diagn\u00f3zu f 17. A takhle vypadaj\u00ed prvn\u00ed kroky.<br \/><br \/>Jaroslav Zoula, redaktor \u010cT<br \/>&#8212;&#8212;&#8212;&#8212;&#8212;&#8212;&#8211;<br \/>Je to rozhodnut\u00ed, kter\u00e9 zm\u011bn\u00ed \u017eivot, kdy\u017e ku\u0159\u00e1k sv\u00e9 kroky nam\u00ed\u0159\u00ed do podobn\u00e9 poradny.P\u016fvodn\u00ed sch\u016fzka m\u00e1 dotazn\u00edkovou a vy\u0161et\u0159ovac\u00ed \u010d\u00e1st.<br \/><br \/>mluv\u010d\u00ed 3,<br \/>&#8212;&#8212;&#8212;&#8212;&#8212;&#8212;&#8211;<br \/>Zji\u0161\u0165ujeme jednak m\u00edru z\u00e1vislosti na tab\u00e1ku a na nikotinu, proto\u017ee to je samoz\u0159ejm\u011b z\u00e1sadn\u00ed v\u011bc pro tu dal\u0161\u00ed l\u00e9\u010dbu a potom m\u00e1me dal\u0161\u00ed testy, kter\u00e9 jsou zam\u011b\u0159en\u00e9 na celkov\u00fd psychick\u00fd stav.<br \/><br \/>Jaroslav Zoula, redaktor \u010cT<br \/>&#8212;&#8212;&#8212;&#8212;&#8212;&#8212;&#8211;<br \/>Je v r\u00e1mci t\u011bchto dotazn\u00edk\u016f n\u011bco specifick\u00e9ho, co jste museli v aktu\u00e1ln\u00ed dob\u011b zohlednit.<br \/><br \/>mluv\u010d\u00ed 3,<br \/>&#8212;&#8212;&#8212;&#8212;&#8212;&#8212;&#8211;<br \/>Je to tak. V posledn\u00ed dob\u011b se samoz\u0159ejm\u011b v\u00fdrazn\u011b zvy\u0161uje po\u010det pacient\u016f, kte\u0159\u00ed p\u0159ich\u00e1zej\u00ed kv\u016fli z\u00e1vislosti na jin\u00fdch form\u00e1ch tab\u00e1ku a nikotin\u016f, jedn\u00e1 se t\u0159eba o zah\u0159\u00edvan\u00fd tab\u00e1k, elektronick\u00e9 cigarety, o nikotinov\u00e9 s\u00e1\u010dky, t\u0159eba zvl\u00e1\u0161\u0165.<br \/><br \/>Jaroslav Zoula, redaktor \u010cT<br \/>&#8212;&#8212;&#8212;&#8212;&#8212;&#8212;&#8211;<br \/>U d\u011bt\u00ed, z\u00e1vislost rozd\u011bluj\u00ed na dv\u011b slo\u017eky psychosoci\u00e1ln\u00ed zvyky, nau\u010den\u00e9 situace, do kter\u00fdch cigareta pat\u0159\u00ed, a fyzickou. Tady hraj\u00ed roli receptory v mozku. V r\u00e1mci vstupn\u00ed sch\u016fzky potom n\u00e1sleduje d\u016fkladn\u00e9 vy\u0161et\u0159en\u00ed v\u00e1hy, v\u00fd\u0161ky, pod\u00edlu tuku anebo tak\u00e9 obsahu vydechovan\u00e9ho oxidu uhelnat\u00e9ho. Pan\u00ed doktorko, co v\u00e1m tato informace potom konkr\u00e9tn\u011b \u0159ekne?<br \/><br \/>mluv\u010d\u00ed 3,<br \/>&#8212;&#8212;&#8212;&#8212;&#8212;&#8212;&#8211;<br \/>Ta n\u00e1m vlastn\u011b uk\u00e1\u017ee, jestli ten pacient v posledn\u00edch 12 hodin\u00e1ch kou\u0159il a jsme z toho schopni odhadnout vlastn\u011b jednak, kolik cigaret a za druh\u00e9, jak intenzivn\u011b vlastn\u011b vykou\u0159il, jak do sebe vtahoval ten kou\u0159.<br \/><br \/>Jaroslav Zoula, redaktor \u010cT<br \/>&#8212;&#8212;&#8212;&#8212;&#8212;&#8212;&#8211;<br \/>Jak tedy ta anal\u00fdza prob\u00edh\u00e1.<br \/><br \/>mluv\u010d\u00ed 3,<br \/>&#8212;&#8212;&#8212;&#8212;&#8212;&#8212;&#8211;<br \/>Prob\u00edh\u00e1 tak, \u017ee nastav\u00edme z\u00e1kladn\u00ed parametry, v\u00fd\u0161ku, v\u00e1hu pohlav\u00ed atd. Tak a potom se pacient po\u0159\u00e1dn\u011b nadechne a 15 vte\u0159in zadr\u017e\u00ed dech.<br \/><br \/>mluv\u010d\u00ed 4,<br \/>&#8212;&#8212;&#8212;&#8212;&#8212;&#8212;&#8211;<br \/>M\u016f\u017eete.<br \/><br \/>mluv\u010d\u00ed 3,<br \/>&#8212;&#8212;&#8212;&#8212;&#8212;&#8212;&#8211;<br \/>Tak, a jakmile to, jakmile to t\u0159ikr\u00e1t zap\u00edsk\u00e1, tak v\u00e1s popros\u00edm, abyste v\u0161echno vydechl do t\u00e9 tru.Minim\u00e1ln\u00ed vlastn\u011b hodnotu m\u00e1te jedni\u010dku.<br \/><br \/>Jaroslav Zoula, redaktor \u010cT<br \/>&#8212;&#8212;&#8212;&#8212;&#8212;&#8212;&#8211;<br \/>Na druhou n\u00e1v\u0161t\u011bvu u\u017e ku\u0159\u00e1k m\u00e1 p\u0159ij\u00edt i s term\u00ednem dne d, od kter\u00e9ho chce p\u0159estat. L\u00e9ka\u0159i mu pom\u016f\u017eou s p\u0159\u00edpravou a dal\u0161\u00ed terapi\u00ed. Prvn\u00ed krok do nov\u00e9ho \u017eivota je ale na n\u011bm.Jaroslav Zoula, \u010cesk\u00e1 televize.<br \/><br \/>Daniel Stach, moder\u00e1tor \u010cT<br \/>&#8212;&#8212;&#8212;&#8212;&#8212;&#8212;&#8211;<br \/>Ve sv\u00e9 knize jak p\u0159estat kou\u0159it p\u00ed\u0161ete, cituji je dobr\u00e9 p\u0159ipravovat se na tento den, den d p\u0159edem, nejl\u00e9pe n\u011bkolik t\u00fddn\u016f dop\u0159edu? Co ud\u011blat ve\u010der p\u0159edt\u00edm, ne\u017e se \u010dlov\u011bk rozhodl, \u017ee druh\u00fd den u\u017e kou\u0159it nebude.<br \/><br \/>mluv\u010d\u00ed 1,<br \/>&#8212;&#8212;&#8212;&#8212;&#8212;&#8212;&#8211;<br \/>Tak v\u011bt\u0161inou je dobr\u00e9 vyhodit v\u0161echno, co s kou\u0159en\u00edm souvis\u00ed, cigarety, popeln\u00edky, proto\u017ee ta urgentn\u00ed chu\u0165 trv\u00e1 v\u011bt\u0161inou jenom velmi kr\u00e1tce. A kdy\u017e tam nejsou, tak ne\u017e si je opat\u0159\u00ed, tak mu dojde, \u017ee to vlastn\u011b nechce, ale n\u011bkdo to m\u00e1 \u00fapln\u011b jinak. Byl by v panice, kdyby ve vedlej\u0161\u00ed m\u00edstnosti u\u017e byl bez cigaret, tak\u017ee m\u011bli jsme pacienta, kter\u00fd si p\u0159ilepil cigarety kobercovou p\u00e1skou za sk\u0159\u00ed\u0148. V\u011bd\u011bl, \u017ee teda jsou metr od n\u011bj, ale \u017ee se k nim snadno nedostane.<br \/><br \/>Daniel Stach, moder\u00e1tor \u010cT<br \/>&#8212;&#8212;&#8212;&#8212;&#8212;&#8212;&#8211;<br \/>Je dobr\u00e9 z va\u0161\u00ed zku\u0161enosti rozhl\u00e1sit v okol\u00ed, \u017ee p\u0159est\u00e1v\u00e1 \u010dlov\u011bk kou\u0159it?<br \/><br \/>mluv\u010d\u00ed 1,<br \/>&#8212;&#8212;&#8212;&#8212;&#8212;&#8212;&#8211;<br \/>Zase? V\u011bt\u0161inou ano, ale n\u011bkdo to neud\u011bl\u00e1 a t\u011b\u0161\u00ed se, \u017ee najednou Franta si v\u0161imne, \u017ee vlastn\u011b, hele, ty u\u017e si, jsem t\u011b dlouho nevid\u011bl kou\u0159it a on v\u00edt\u011bzoslavn\u011b \u0159ekne, no vid\u00ed\u0161, j\u00e1 u\u017e dva m\u011bs\u00edce nekou\u0159\u00edm. A ty sis nev\u0161iml. Tak je to, je to na ka\u017ed\u00e9m, ale je to ur\u010dit\u011b bod, nad kter\u00fdm by se ka\u017ed\u00fd \u010dlov\u011bk m\u011bl zamyslet, jak on s\u00e1m to vy\u0159e\u0161\u00edm.<br \/><br \/>Daniel Stach, moder\u00e1tor \u010cT<br \/>&#8212;&#8212;&#8212;&#8212;&#8212;&#8212;&#8211;<br \/>Pomoc, o kter\u00e9 byla \u0159e\u010d, je k dispozici, 41 center je po cel\u00e9 \u010cesk\u00e9 republice v jednotliv\u00fdch m\u011bstech k dispozici, na t\u011bchto m\u00edstech m\u016f\u017eete naj\u00edt tu odbornou pomoc. V\u0161echno je pohromad\u011b. Na webu spole\u010dnosti pro l\u00e9\u010dbu z\u00e1vislosti na tab\u00e1ku, tedy na webov\u00fdch str\u00e1nk\u00e1ch slz cz, kde se d\u00e1 p\u0159\u00edmo v z\u00e1lo\u017ece, kde hledat odbornou pomoc, pod\u00edvat na jednotliv\u00e1 centra pro z\u00e1visl\u00e9 na tab\u00e1ku? V okam\u017eiku, kdy se pod\u00edv\u00e1te na tuto webovou str\u00e1nku, tak se m\u016f\u017eete pod\u00edvat i na to, jak bude vypadat samotn\u00fd \u00favod v okam\u017eiku, kdy na l\u00e9\u010dbu p\u0159ijdete, jak\u00fdm zp\u016fsobem a co se od v\u00e1s bude cht\u00edt, kde p\u0159esn\u011b centra jsou, jak\u00e9 jsou tam kontakty a tak\u00e9, jak ta procedura bude konkr\u00e9tn\u011b prob\u00edhat v okam\u017eiku, kdy my jsme vid\u011bli ten za\u010d\u00e1tek t\u00e9 procedury, co potom n\u00e1sleduje a potom \u00favodn\u00edm setk\u00e1n\u00ed, jak prob\u00edhaj\u00ed ta dal\u0161\u00ed.<br \/><br \/>mluv\u010d\u00ed 1,<br \/>&#8212;&#8212;&#8212;&#8212;&#8212;&#8212;&#8211;<br \/>No tak podstatn\u00e9 je druh\u00e1 n\u00e1v\u0161t\u011bva, kter\u00e1 trv\u00e1 zhruba dv\u011b hodiny a tam taky na tom webu je popsan\u00e1 struktura t\u00e9 n\u00e1v\u0161t\u011bvy, ale to hlavn\u00ed je, \u017ee se sna\u017e\u00edme p\u0159im\u011bt pacienta, aby si dop\u0159edu p\u0159ipravil neku\u0159\u00e1ck\u00e1 \u0159e\u0161en\u00ed pro ty situace, kdy obvykle kou\u0159\u00ed tedy dop\u0159edu a m\u011blo by to b\u00fdt n\u011bco, co ho bav\u00ed a co taky m\u00e1 mo\u017enost d\u011blat, \u010dili mus\u00ed na to p\u0159ij\u00edt s\u00e1m, \u0159\u00edk\u00e1me jenom p\u0159\u00edklady, no a druh\u00e1 v\u011bc je, \u017ee vysv\u011btl\u00edme princip t\u00e9 fyzick\u00e9 z\u00e1vislosti, kter\u00fd je dob\u0159e vid\u011bt na takov\u00e9m jednoduch\u00e9m videu, a to vlastn\u011b pom\u016f\u017ee pochopit p\u016fsoben\u00ed l\u00e9k\u016f v z\u00e1vislosti na tab\u00e1ku, kter\u00e9 potla\u010duj\u00ed abstinen\u010dn\u00ed p\u0159\u00edznaky.<br \/><br \/>Daniel Stach, moder\u00e1tor \u010cT<br \/>&#8212;&#8212;&#8212;&#8212;&#8212;&#8212;&#8211;<br \/>S \u010d\u00edm v\u0161\u00edm pr\u00e1v\u011b v r\u00e1mci abstinen\u010dn\u00edch p\u0159\u00edznak\u016f m\u016f\u017eou l\u00e9ky pomoct?<br \/><br \/>mluv\u010d\u00ed 1,<br \/>&#8212;&#8212;&#8212;&#8212;&#8212;&#8212;&#8211;<br \/>J\u00e1 mysl\u00edm, \u017ee z\u00e1visl\u00fd ku\u0159\u00e1k to dob\u0159e zn\u00e1, proto\u017ee kdy\u017e jeden bez cigaret, tak tu paletu abstinen\u010dn\u00edch p\u0159\u00edznak\u016f asi pro\u017e\u00edv\u00e1. Je to p\u0159edev\u0161\u00edm nervozita, podr\u00e1\u017ed\u011bnost, m\u016f\u017ee to b\u00fdt i ka\u0161el. M\u016f\u017ee to b\u00fdt z\u00e1cpa, hlad, neschopnost odpo\u010d\u00edvat, poruchy sp\u00e1nku. Je to asi 16 takov\u00fdch z\u00e1kladn\u00edch, ale i t\u0159eba afty. V prvn\u00edch 14 dnech.<br \/><br \/>Daniel Stach, moder\u00e1tor \u010cT<br \/>&#8212;&#8212;&#8212;&#8212;&#8212;&#8212;&#8211;<br \/>Ale l\u00e9\u010dba, pokud je spr\u00e1vn\u011b nastaven\u00e1, tak m\u016f\u017ee pomoct tohle zvl\u00e1dnout, jak\u00fdm zp\u016fsobem se potom na tom \u010dlov\u011bk pod\u00edl\u00ed finan\u010dn\u011b, co hrad\u00ed poji\u0161\u0165ovna, co si p\u0159ipl\u00e1c\u00ed s\u00e1m?<br \/><br \/>mluv\u010d\u00ed 1,<br \/>&#8212;&#8212;&#8212;&#8212;&#8212;&#8212;&#8211;<br \/>Ty l\u00e9ky b\u011b\u017en\u011b hrazen\u00e9 nejsou, ale v\u011bt\u0161ina poji\u0161\u0165oven na n\u011b p\u0159isp\u00edv\u00e1 z tzv. Fondu prevence, \u010dili pacienti zp\u011btn\u011b dostanou n\u011bjakou malou \u010d\u00e1stku, v\u011bt\u0161inou kolem tis\u00edce nebo dvou, ale na\u0161e l\u00e9\u010dba tedy v t\u011bch centrech je hrazena ze zdravotn\u00edho poji\u0161t\u011bn\u00ed.<br \/><br \/>Daniel Stach, moder\u00e1tor \u010cT<br \/>&#8212;&#8212;&#8212;&#8212;&#8212;&#8212;&#8211;<br \/>Jak rychle se to ku\u0159\u00e1kovi vr\u00e1t\u00ed? Jin\u00fdmi slovy, jak rychle nekou\u0159en\u00edm zaplat\u00ed svoji l\u00e9\u010dbu?<br \/><br \/>mluv\u010d\u00ed 1,<br \/>&#8212;&#8212;&#8212;&#8212;&#8212;&#8212;&#8211;<br \/>J\u00e1 mysl\u00edm, \u017ee velmi rychle b\u011bhem p\u00e1r t\u00fddn\u016f, m\u011bs\u00edc\u016f, podle toho, kolik kou\u0159\u00ed.<br \/><br \/>Daniel Stach, moder\u00e1tor \u010cT<br \/>&#8212;&#8212;&#8212;&#8212;&#8212;&#8212;&#8211;<br \/>Kdo je, pan\u00ed profesorko, sv\u011btov\u00e1 \u0160pi\u010dka, pokud jde o studium l\u00e9\u010dby a kou\u0159en\u00ed?<br \/><br \/>mluv\u010d\u00ed 1,<br \/>&#8212;&#8212;&#8212;&#8212;&#8212;&#8212;&#8211;<br \/>No, tak ur\u010dit\u011b stejn\u011b jako v \u0159ad\u011b jin\u00fdch obor\u016f je to americk\u00e1 klinika v Rochesteru Mayo Clinic, co\u017e vlastn\u011b m\u011b inspirovalo na za\u010d\u00e1tku devades\u00e1t\u00fdch let, kdy\u017e se m\u011bla mo\u017enost se tam pod\u00edvat, tak jsem byla naprosto ohromen\u00e1 t\u00edm syst\u00e9mem l\u00e9\u010dby a vlastn\u011b v roce 2005 se podle vzoru tohoto centra z\u00e1vislosti na nikotinu na Mayo Clinic poda\u0159ilo zalo\u017eit tak\u00e9 na\u0161e a dal\u0161\u00ed centra.<br \/><br \/>Daniel Stach, moder\u00e1tor \u010cT<br \/>&#8212;&#8212;&#8212;&#8212;&#8212;&#8212;&#8211;<br \/>Editis prof. John aberard, profesor of.<br \/><br \/>mluv\u010d\u00ed 5,<br \/>&#8212;&#8212;&#8212;&#8212;&#8212;&#8212;&#8211;<br \/>Prof. Johna Eberta.U \u0159editele centrum pro z\u00e1vislost na nikotinu v mint\u011b na Mao Clinic. D\u011bkuju moc, \u017ee jste s n\u00e1mi, v\u00edtejte v Hyde parku civilizace.M\u016f\u017eu b\u00fdt s v\u00e1mi.<br \/><br \/>Daniel Stach, moder\u00e1tor \u010cT<br \/>&#8212;&#8212;&#8212;&#8212;&#8212;&#8212;&#8211;<br \/>Pane profesore.<br \/><br \/>mluv\u010d\u00ed 5,<br \/>&#8212;&#8212;&#8212;&#8212;&#8212;&#8212;&#8211;<br \/>Kdo je dnes typick\u00fd ku\u0159\u00e1k ve spojen\u00fdch?M\u016f\u017eete to zopakovat.Kdo Je typick\u00fd ku\u0159\u00e1k? Ve Spojen\u00fdch st\u00e1tech.Nekou\u0159\u00ed denn\u011b, ale ta zdravotn\u00ed rizika, jak u\u017e bylo.<br \/><br \/>mluv\u010d\u00ed 6,<br \/>&#8212;&#8212;&#8212;&#8212;&#8212;&#8212;&#8211;<br \/>Zm\u00edn\u011bno.<br \/><br \/>mluv\u010d\u00ed 5,<br \/>&#8212;&#8212;&#8212;&#8212;&#8212;&#8212;&#8211;<br \/>Ta zmiz\u00ed, jenom kdy\u017e se dostanete na 0 cigaret denn\u011b nebo na \u00faplnou abstinenci.<br \/><br \/>Daniel Stach, moder\u00e1tor \u010cT<br \/>&#8212;&#8212;&#8212;&#8212;&#8212;&#8212;&#8211;<br \/>Je to pr\u016fm\u011brn\u00fd v\u011bk ku\u0159\u00e1k\u016f, kolik to je.<br \/><br \/>mluv\u010d\u00ed 5,<br \/>&#8212;&#8212;&#8212;&#8212;&#8212;&#8212;&#8211;<br \/>Pr\u016fm\u011brn\u00fd v\u011bk ku\u0159\u00e1ka.To Z\u00e1le\u017e\u00ed na tom, o jak\u00e9 populaci se bav\u00edme.N\u00e1s nejv\u00edc zaj\u00edm\u00e1, kdy za\u010d\u00ednaj\u00ed kou\u0159it a jak dlouho pak kou\u0159\u00ed, proto\u017ee tam m\u00e1te to nejv\u011bt\u0161\u00ed riziko.Jde o kulativn\u00ed efekt toho vystaven\u00ed se kou\u0159en\u00ed.Tak\u017ee lid\u00e9 za\u010d\u00ednaj\u00ed \u010dasto.<br \/><br \/>mluv\u010d\u00ed 6,<br \/>&#8212;&#8212;&#8212;&#8212;&#8212;&#8212;&#8211;<br \/>V ran\u00fdch teensk\u00fdch letech.Kdy\u017e pak cht\u011bj\u00ed skon\u010dit, tak to je po n\u011bkolika letech.V Rozhovoru pro Michael.<br \/><br \/>Daniel Stach, moder\u00e1tor \u010cT<br \/>&#8212;&#8212;&#8212;&#8212;&#8212;&#8212;&#8211;<br \/>V \u0159\u00edjnu 2017 jste \u0159ekl.<br \/><br \/>mluv\u010d\u00ed 5,<br \/>&#8212;&#8212;&#8212;&#8212;&#8212;&#8212;&#8211;<br \/>Nejzaj\u00edmav\u011bj\u0161\u00ed v\u011bci, kter\u00e9 za\u017e\u00edv\u00e1m s reziden\u010dn\u00edmi programy l\u00e9\u010dby, co\u017e jsou ty, kter\u00e9 m\u00e1me, kde pacienti p\u0159ijdou v p\u00e1tek.A pak jsou s n\u00e1mi cel\u00fd t\u00fdden a odejdou zase v p\u00e1tek.A Co tam pacienti za\u017eij\u00ed b\u011bhem t\u011bchto osmi?Je to velmi podobn\u00e9 tomu programu, kter\u00fd jste pr\u00e1v\u011b popisovali.A Oni p\u0159ijdou.A pracuj\u00ed s nimi l\u00e9ka\u0159i.A Vytvo\u0159\u00ed pl\u00e1n l\u00e9\u010dby, tedy l\u00e9k\u016f. A pak m\u00e1me poradensk\u00fd t\u00fdm, kter\u00fd poskytuje poradenstv\u00ed, jsou tam n\u011bjak\u00e1 skupinov\u00e1 sezen\u00ed.<br \/><br \/>mluv\u010d\u00ed 6,<br \/>&#8212;&#8212;&#8212;&#8212;&#8212;&#8212;&#8211;<br \/>Hled\u00e1me. Techniky, jak zabr\u00e1nit tomu, aby se zase vr\u00e1til ke kou\u0159en\u00ed a cel\u00fd ten t\u00fdden se u\u010d\u00ed o tom, co v nich spou\u0161t\u00ed tu chu\u0165 na cigaretu. P\u0159ipravujeme n\u011bjak\u00fd pl\u00e1n proto, co bude, a\u017e odejdou.Abychom zajistili, \u017ee jim poskytujeme opravdu v\u0161echny slu\u017eby, kter\u00e9 m\u00e1me k dispozici po cel\u00fd ten t\u00fdden, aby mohli b\u00fdt dlouhodob\u011b \u00fasp\u011b\u0161n\u00ed.<br \/><br \/>Daniel Stach, moder\u00e1tor \u010cT<br \/>&#8212;&#8212;&#8212;&#8212;&#8212;&#8212;&#8211;<br \/>Pan\u00ed profesorko, cht\u011bla byste n\u011bco podobn\u00e9ho i v \u010cesk\u00e9 republice, tedy intenzivn\u00edch osm dn\u00ed pro l\u00e9\u010dbu pacient\u016f, kte\u0159\u00ed jsou z\u00e1visl\u00ed na kou\u0159en\u00ed.<br \/><br \/>mluv\u010d\u00ed 1,<br \/>&#8212;&#8212;&#8212;&#8212;&#8212;&#8212;&#8211;<br \/>Ur\u010dit\u011b by to bylo dobr\u00e9.<br \/><br \/>Daniel Stach, moder\u00e1tor \u010cT<br \/>&#8212;&#8212;&#8212;&#8212;&#8212;&#8212;&#8211;<br \/>Co pro to pot\u0159ebujete? Aby to bylo?<br \/><br \/>mluv\u010d\u00ed 1,<br \/>&#8212;&#8212;&#8212;&#8212;&#8212;&#8212;&#8211;<br \/>Pot\u0159ebujeme t\u00fdm lid\u00ed, kter\u00fd se bude t\u011bm pacient\u016fm v\u011bnovat, to je princip, aby se nenudili, aby m\u011bli ten \u010das napln\u011bn\u00fd. No a mo\u017enost, kde tedy by pob\u00fdvali.<br \/><br \/>Daniel Stach, moder\u00e1tor \u010cT<br \/>&#8212;&#8212;&#8212;&#8212;&#8212;&#8212;&#8211;<br \/>Dali by se vyu\u017e\u00edt t\u0159eba psychiatrick\u00e9 l\u00e9\u010debny, jejich s\u00ed\u0165, kter\u00e9 tady jsou v \u010cesk\u00e9 republice?<br \/><br \/>mluv\u010d\u00ed 1,<br \/>&#8212;&#8212;&#8212;&#8212;&#8212;&#8212;&#8211;<br \/>No, teoreticky by dali, ale mysl\u00edm si, \u017ee v\u011bt\u0161ina ku\u0159\u00e1k\u016f by nebyla \u00fapln\u011b komfortn\u00ed s t\u00edm, \u017ee si podali lehnout na psychiatrii. Nejsem si jist\u00e1.<br \/><br \/>Daniel Stach, moder\u00e1tor \u010cT<br \/>&#8212;&#8212;&#8212;&#8212;&#8212;&#8212;&#8211;<br \/>Nehled\u011b na tu samoz\u0159ejm\u011b kapacitu t\u011bch lid\u00ed, kte\u0159\u00ed maj\u00ed spoustu dal\u0161\u00edch \u00fakol\u016f.<br \/><br \/>mluv\u010d\u00ed 5,<br \/>&#8212;&#8212;&#8212;&#8212;&#8212;&#8212;&#8211;<br \/>Jak\u00e1 je \u00fasp\u011b\u0161nost tohoto programu ve Spojen\u00fdch st\u00e1tech? Z va\u0161ich zku\u0161enost\u00ed.Kdy\u017e Mluv\u00edme o \u00fasp\u011bchu, tak n\u00e1s zaj\u00edm\u00e1 dlouhodob\u00e1 abstinence, proto\u017ee lid\u00e9 p\u0159estanou kou\u0159it a u tohoto reziden\u010dn\u00edho intenzivn\u00edho programu.M\u00e1me \u00dasp\u011b\u0161nost 50 %, 50 % na\u0161ich pacient\u016f po \u0161esti m\u011bs\u00edc\u00edch nekou\u0159\u00ed.<br \/><br \/>Daniel Stach, moder\u00e1tor \u010cT<br \/>&#8212;&#8212;&#8212;&#8212;&#8212;&#8212;&#8211;<br \/>V \u010cesk\u00e9 republice hrad\u00ed l\u00e9\u010dbu poji\u0161\u0165ovna.<br \/><br \/>mluv\u010d\u00ed 5,<br \/>&#8212;&#8212;&#8212;&#8212;&#8212;&#8212;&#8211;<br \/>A Ku p\u0159isp\u00edvaj\u00ed na l\u00e9ky, kter\u00e9 jim mohou pomoct. Jak\u00e1 je situace ve Spojen\u00fdch st\u00e1tech?Kolik mus\u00ed ku\u00e1ci zaplatit.N\u00e1\u0161 zdravotnick\u00fd syst\u00e9m ve st\u00e1tech je velmi komplikovan\u00fd.Ne v\u0161echny zdravotnick\u00e9 poji\u0161\u0165ovny hrad\u00ed l\u00e9ky.Ale V\u011bt\u0161ina hrad\u00ed to poradenstv\u00ed nebo ty intervence, kter\u00e9 d\u011bl\u00e1me.<br \/><br \/>mluv\u010d\u00ed 5,<br \/>&#8212;&#8212;&#8212;&#8212;&#8212;&#8212;&#8211;<br \/>Ale Opravdu se to hodn\u011b li\u0161\u00ed v z\u00e1vislosti na tom, jak\u00e9 m\u00e1 kdo poji\u0161t\u011bn\u00ed. N\u011bkdy, a to je docela velk\u00fd probl\u00e9m Je, \u017ee ty l\u00e9ky nehrad\u00ed poji\u0161t\u011bn\u00ed, to znamen\u00e1, \u017ee je pak ti lid\u00e9 neberou a pokud je neberou.Tak ta pravd\u011bpodobnost, \u017ee p\u0159estanou kou\u0159it, je mnohem ni\u017e\u0161\u00ed.<br \/><br \/>mluv\u010d\u00ed 2,<br \/>&#8212;&#8212;&#8212;&#8212;&#8212;&#8212;&#8211;<br \/>Medication, co se. T\u00fd\u010de t\u011bch l\u00e9k\u016f, vy jste n\u011bkolikr\u00e1t uvedl, cituji nikotin nen\u00ed d\u00e9mon, nikotin je pom\u016fcka k tomu, jak skon\u010dit, pro\u010d si.vTo mus\u00edte?<br \/><br \/>mluv\u010d\u00ed 5,<br \/>&#8212;&#8212;&#8212;&#8212;&#8212;&#8212;&#8211;<br \/>Ono se \u0159\u00edk\u00e1 u\u017e d\u00e1vno, \u017ee lid\u00e9 kou\u0159\u00ed proto, aby do t\u011bla dostali nikotin a um\u00edraj\u00ed na dehet.Ale ta zdravotn\u00ed rizika spot\u0159ebuje spalov\u00e1n\u00ed organick\u00e9ho materi\u00e1lu a opakovan\u011b vdechov\u00e1n\u00ed toho. Kou\u0159e. To je ten d\u016fvod, pro\u010d to m\u00e1 negativn\u00ed d\u016fsledky na zdrav\u00ed.<br \/>Nikotin Je sou\u010d\u00e1st\u00ed t\u011bch kl\u00ed\u010dov\u00fdch l\u00e9k\u016f, kter\u00e9 pou\u017e\u00edv\u00e1me, aby na\u0161i pacienti \u00fasp\u011b\u0161n\u011b p\u0159estali kou\u0159it, tak\u017ee tohle je pot\u0159eba \u0159\u00edct naprosto jasn\u011b.Kdy\u017e po\u0159\u00e1d budeme \u0159\u00edkat, \u017ee nikotin je d\u00e9mon.Tak Pacienti nebudou cht\u00edt br\u00e1t nikotin v r\u00e1mci t\u00e9 l\u00e9\u010dby, proto\u017ee by to ned\u00e1valo smysl.<br \/><br \/>Daniel Stach, moder\u00e1tor \u010cT<br \/>&#8212;&#8212;&#8212;&#8212;&#8212;&#8212;&#8211;<br \/>Niko.<br \/><br \/>mluv\u010d\u00ed 5,<br \/>&#8212;&#8212;&#8212;&#8212;&#8212;&#8212;&#8211;<br \/>Nikotinov\u00e9, \u017ev\u00fdka\u010dky, pomohli v\u00e1m osobn\u011b? Vy jste nekou\u0159il, ale \u017ev\u00fdkal.<br \/><br \/>mluv\u010d\u00ed 6,<br \/>&#8212;&#8212;&#8212;&#8212;&#8212;&#8212;&#8211;<br \/>To je pravda.<br \/><br \/>mluv\u010d\u00ed 5,<br \/>&#8212;&#8212;&#8212;&#8212;&#8212;&#8212;&#8211;<br \/>Na vysok\u00e9 \u017ev\u00fdkaj\u00edc\u00ed? Ano? Pak jsem toho Nechal, pan\u00ed profesorko, vy jste byla tak\u00e9 ku\u0159a\u010dkou do jedn\u00e9 p\u0159edn\u00e1\u0161ky.<br \/><br \/>mluv\u010d\u00ed 1,<br \/>&#8212;&#8212;&#8212;&#8212;&#8212;&#8212;&#8211;<br \/>No, bohu\u017eel byla, ano, od 16 asi do 22. Jsem byla p\u0159\u00edle\u017eitostn\u00fd ku\u0159\u00e1k, ne, \u017ee by to byla ta jedna p\u0159edn\u00e1\u0161ka, ale ta p\u0159edn\u00e1\u0161ka mn\u011b, pak jsem se s t\u00edm prala n\u011bkolik m\u011bs\u00edc\u016f, \u010dili taky mi to ne\u0161lo \u00fapln\u011b jednodu\u0161e.<br \/><br \/>Daniel Stach, moder\u00e1tor \u010cT<br \/>&#8212;&#8212;&#8212;&#8212;&#8212;&#8212;&#8211;<br \/>Ale prof. Petr\u00e1\u0161ek ve v\u00e1s vyvolal to, \u017ee jste se toho cht\u011bla prost\u011b zbavit.<br \/><br \/>mluv\u010d\u00ed 1,<br \/>&#8212;&#8212;&#8212;&#8212;&#8212;&#8212;&#8211;<br \/>To byla p\u0159edn\u00e1\u0161ka z interny pana prof. Petr\u00e1\u0161ka je to tak, to jsem poprv\u00e9 sly\u0161ela vlastn\u011b, co to d\u011bl\u00e1.<br \/><br \/><br \/>mluv\u010d\u00ed 5,<br \/>&#8212;&#8212;&#8212;&#8212;&#8212;&#8212;&#8211;<br \/>V \u00fanoru 2020 jste.\u00dadajn\u011b \u0158ekl, to tam byla naps\u00e1no, kdyby byl kr\u00e1lem pro prof. Ebert V\u0161echny Drogy v\u010detn\u011b tab\u00e1ku a alkoholu by U\u010dinil nez\u00e1konn\u00fdmi a naprosto nedostupn\u00fdmi ka\u017ed\u00e9mu do 25 let. A pro\u010d zrovna 25 let?D\u011bkuju, \u017de vytahujete ten star\u00fd cit\u00e1t, ale j\u00e1 si za n\u00edm po\u0159\u00e1d stoj\u00edm. Proto\u017ee mozek se rozv\u00edj\u00ed a\u017e do v\u011bku. 25 Let.<br \/><br \/>mluv\u010d\u00ed 5,<br \/>&#8212;&#8212;&#8212;&#8212;&#8212;&#8212;&#8211;<br \/>M\u00e1me Velmi dobr\u00e9 sn\u00edmky z magnetick\u00e9 rezonance, kter\u00e9 ukazuj\u00ed.\u017de ten mozek se po\u0159\u00e1d rozv\u00edj\u00ed a\u017e do v\u011bku 25, kdy to. Kon\u010d\u00ed.<br \/>A Z\u00e1vislost na n\u011bjak\u00e9 substance si m\u016f\u017eete vyvinout, jenom kdy\u017e se k n\u00ed n\u011bjak dostanete, pokud se nedostanete k t\u00e9 n\u00e1vykov\u00e9 substanci, tak nevzniktne z\u00e1vislost.A 99 % z\u00e1vislost\u00ed vznik\u00e1 pr\u00e1v\u011b b\u011bhem t\u00e9 f\u00e1ze, kdy se mozek teprve vyv\u00edj\u00ed, tedy do 25 let v\u011bku.A to jsou velmi siln\u00e9 neurochemik\u00e1lie, o \u010dem mluv\u00edme, kter\u00e9 z\u00e1sadn\u00edm zp\u016fsobem m\u011bn\u00ed strukturu Mozku.<br \/><br \/>mluv\u010d\u00ed 5,<br \/>&#8212;&#8212;&#8212;&#8212;&#8212;&#8212;&#8211;<br \/>A ten cyklus odm\u011bny, ten cyklus z\u00e1vislosti, kter\u00fd tam vznik\u00e1, pak m\u016f\u017ee tam vydr\u017eet v mozku des\u00edtky let, mo\u017en\u00e1 konce \u017eivota.<br \/><br \/>Kdy\u017e se pod\u00edv\u00e1me do historie. J\u00e1 v\u00e1m to mo\u017en\u00e1 nedokon\u010d\u00edm tu v\u011btu, ale \u0159eknu v\u00e1m jednu v\u011bc, kdy\u017e se pod\u00edv\u00e1me do historie. Kdyby se na\u0161i p\u0159edkov\u00e9 d\u00edvaj\u00ed na na\u0161i civilizaci, tak by se ptali, pro\u010d jsme umo\u017enili, aby tenhle produkt, kter\u00fd n\u00e1s tak stra\u0161n\u011b moc zab\u00edj\u00ed, pro\u010d je po\u0159\u00e1d leg\u00e1ln\u00ed.A budou t\u00edm naprosto zmateni.<br \/><br \/>Daniel Stach, moder\u00e1tor \u010cT<br \/>&#8212;&#8212;&#8212;&#8212;&#8212;&#8212;&#8211;<br \/>John.  \u017de jste byl s n\u00e1mi parku civil? D\u011bkuji.<br \/><br \/>Daniel Stach, moder\u00e1tor \u010cT<br \/>&#8212;&#8212;&#8212;&#8212;&#8212;&#8212;&#8211;<br \/>Souhlas\u00edte, pan\u00ed profesorko, VT? Jak je mo\u017en\u00e9, \u017ee kou\u0159en\u00ed bylo leg\u00e1ln\u00ed?<br \/><br \/>mluv\u010d\u00ed 1,<br \/>&#8212;&#8212;&#8212;&#8212;&#8212;&#8212;&#8211;<br \/>To si mysl\u00edm taky. Jako dneska n\u00e1s nenapadne, \u017ee bychom plivali na zem v tramvaji nebo sebe. Tak jist\u011b to bude absurdn\u00ed. J\u00e1 se toho nedo\u017eiju, ale na\u0161e d\u011bti t\u0159eba ano.<br \/><br \/>Daniel Stach, moder\u00e1tor \u010cT<br \/>&#8212;&#8212;&#8212;&#8212;&#8212;&#8212;&#8211;<br \/>Co se d\u011bje v okam\u017eiku, kdy \u010dlov\u011bk p\u0159estane kou\u0159it? T\u011blo pod\u011bkuje rychle, u\u017e do 20 minut se zpomal\u00ed tep, za 12 hodin v krvi klesne hladina oxidu uhelnat\u00e9ho na norm\u00e1ln\u00ed hodnotu. To znamen\u00e1, \u017ee krev m\u016f\u017ee p\u0159en\u00e1\u0161et v\u00edc kysl\u00edku n\u011bkolik dn\u016f, sta\u010d\u00ed proto, aby se sn\u00ed\u017eilo riziko srde\u010dn\u00edho infarktu, funkce plic se za\u010d\u00edn\u00e1 zlep\u0161ovat, do dev\u00edti m\u011bs\u00edc\u016f u\u017e odezn\u00edv\u00e1 ka\u0161el, zlep\u0161\u00ed se du\u0161nost do roka, riziko srde\u010dn\u00edho infarktu kles\u00e1 na polovinu, do 10 let, riziko rakoviny plic je polovi\u010dn\u00ed, ten ka\u0161el. Pro\u010d \u010dlov\u011bk m\u016f\u017ee v okam\u017eiku, kdy p\u0159estane kou\u0159it, za\u010d\u00edt ka\u0161lat v\u00edc ne\u017e ka\u0161lat, kdy\u017e kou\u0159.<br \/><br \/>mluv\u010d\u00ed 1,<br \/>&#8212;&#8212;&#8212;&#8212;&#8212;&#8212;&#8211;<br \/>Tak to chce tro\u0161ku vysv\u011btlen\u00ed. V plic\u00edch m\u00e1me \u0159asinkov\u00fd epitel, kter\u00fd kmit\u00e1 n\u011bjakou rychlost\u00ed vyn\u00e1\u0161\u00ed hlen a ne\u010distotu ven, no, a kdy\u017e si d\u00e1me cigaretu, tak se asi na minutu zrychl\u00ed, ale pak asi na hodinu ochrne ty \u0159asinky, tak\u017ee kdy\u017e ku\u0159\u00e1k kou\u0159\u00ed cel\u00fd den, tak vlastn\u011b hlen a ne\u010distota z\u016fst\u00e1v\u00e1 v plic\u00edch, ale hodinu od posledn\u00ed cigarety se vzpamatuje, \u010dili v noci, kdy\u017e sp\u00ed, tak hlen a ne\u010distota je p\u0159ipraven\u00fd v t\u00e9 tusigen z\u00f3n\u011b k odka\u0161l\u00e1n\u00ed, r\u00e1no, kdy\u017e se probud\u00ed, d\u00e1 si prvn\u00ed cigaretu, \u0159asinky se zrychl\u00ed, on si kr\u00e1sn\u011b odka\u0161le a takhle se to opakuje, ale kdy\u017e p\u0159estane kou\u0159it, tak ty \u0159asinky pracuj\u00ed cel\u00fd den, \u010dili hlen se dost\u00e1v\u00e1 ven cel\u00fd den a dal\u0161\u00ed v\u011bc je, \u017ee kou\u0159en\u00ed zvy\u0161uje tvorbu hlenu, \u010dili je dobr\u00e9 t\u0159eba pod\u00e1vat n\u011bjak\u00e1 expektorancia.<br \/><br \/>Daniel Stach, moder\u00e1tor \u010cT<br \/>&#8212;&#8212;&#8212;&#8212;&#8212;&#8212;&#8211;<br \/>\u010ceho se \u0159ada ku\u0159\u00e1k\u016f, kdy\u017e kon\u010d\u00ed, ob\u00e1vaj\u00ed je r\u016fst hmotnosti? Vy v knize z\u00e1vislost na tab\u00e1ku, epidemiologie, prevence a l\u00e9\u010dba mimo jin\u00e9 p\u00ed\u0161ete pr\u016fm\u011brn\u00fd v\u00e1hov\u00fd p\u0159\u00edr\u016fstek po roce nekou\u0159en\u00ed se pohybuje kolem 4-5 kg, navzdory tomu, \u017ee v\u011bt\u0161ina pacient\u016f p\u0159ibere m\u00e9n\u011b ne\u017e 4,5 kilogramu, u 13 % pacient\u016f, m\u016f\u017eeme o\u010dek\u00e1vat p\u0159\u00edr\u016fstek v\u011bt\u0161\u00ed ne\u017e 11 kg. D\u00e1 se s t\u00edm n\u011bco d\u011blat?<br \/><br \/>mluv\u010d\u00ed 1,<br \/>&#8212;&#8212;&#8212;&#8212;&#8212;&#8212;&#8211;<br \/>No jasn\u011b, tak to je jedna ze sou\u010d\u00e1st\u00ed t\u00e9 na\u0161\u00ed intervence p\u0159edev\u0161\u00edm. P\u0159ibrat se nemus\u00ed, kdy\u017e si to \u010dlov\u011bk uv\u011bdom\u00ed, m\u00e1 to d\u016fvod jednak mechanick\u00fd, \u010dili pokud nahrazuje cigarety j\u00eddlem a je to sladk\u00e9, tu\u010dn\u00e9, mou\u010dn\u00e9, no, tak p\u0159ibere, ale tam jsou takov\u00e1 obecn\u00e1 doporu\u010den\u00ed, ale pak se m\u016f\u017ee st\u00e1t, \u017ee stejn\u011b j\u00ed, stejn\u011b se h\u00fdbe, ale v\u00e1ha se zv\u00fd\u0161\u00ed. A to je d\u00e1no zm\u011bnou metabolismu, kter\u00e1 souvis\u00ed nap\u0159\u00edklad s t\u00edm, \u017ee odpadne vylu\u010dov\u00e1n\u00ed stresov\u00fdch hormon\u016f. Tak\u017ee, a to je n\u011bco, co spaluje energii, \u010dili tohle se d\u00e1 zase ovlivnit t\u011bmi l\u00e9ky.<br \/><br \/>Daniel Stach, moder\u00e1tor \u010cT<br \/>&#8212;&#8212;&#8212;&#8212;&#8212;&#8212;&#8211;<br \/>V okam\u017eiku, kdy \u010dlov\u011bk p\u0159est\u00e1v\u00e1 kou\u0159it, m\u016f\u017eou se objevovat abstinen\u010dn\u00ed p\u0159\u00edznaky. V centru jsou p\u0159\u00edmo takov\u00e9hle n\u00e1vody, konkr\u00e9tn\u00ed rady, to, jak\u00fdm zp\u016fsobem si s konkr\u00e9tn\u00edmi situacemi poradit. My jsme pro v\u00e1s dali na Facebook Hyde parku civilizace, kde se na n\u011bkter\u00e9 z nich m\u016f\u017eete pod\u00edvat tak, abyste m\u011bli p\u0159edstavu, jak zvl\u00e1dnout konkr\u00e9tn\u00ed situace. Pokud t\u0159eba \u010dlov\u011bk m\u00e1 pocit z\u00e1vrat\u011b, je ospal\u00fd nebo bez energie, z jak\u00e9ho d\u016fvodu se tak c\u00edt\u00ed a co s t\u00edm m\u016f\u017ee d\u011blat? T\u011bch typ\u016f a jednoduch\u00fdch rad je tam cel\u00e1 \u0159ada pro r\u016fzn\u00e9 situace, kdy\u017e je \u010dlov\u011bk hladov\u00fd, m\u00e1 z\u00e1cpu nebo v\u00edc ka\u0161le a vyka\u0161l\u00e1v\u00e1? Tyhle podrobnosti jsou na facebookov\u00fdch str\u00e1nk\u00e1ch. Hyde parku civilizace. Potom jsou samoz\u0159ejm\u011b situace, do kter\u00fdch se \u010dlov\u011bk m\u016f\u017ee dostat v okam\u017eiku, kdy typicky jede t\u0159eba do pr\u00e1ce, jak\u00fdm zp\u016fsobem se m\u00e1 p\u0159ipravit na cestu do pr\u00e1ce, kde je zvykl\u00fd, \u017ee bude kou\u0159it.<br \/><br \/>mluv\u010d\u00ed 1,<br \/>&#8212;&#8212;&#8212;&#8212;&#8212;&#8212;&#8211;<br \/>No, nev\u00edm, jak\u00fdm zp\u016fsobem jede do pr\u00e1ce, jestli jede p\u011b\u0161ky na tramvaj.<br \/><br \/>Daniel Stach, moder\u00e1tor \u010cT<br \/>&#8212;&#8212;&#8212;&#8212;&#8212;&#8212;&#8211;<br \/>Kdy\u017e pojede autem.<br \/><br \/>mluv\u010d\u00ed 1,<br \/>&#8212;&#8212;&#8212;&#8212;&#8212;&#8212;&#8211;<br \/>Kdy\u017e pojede autem, tak p\u0159edev\u0161\u00edm v tom aut\u011b nem\u00e1 cigarety, m\u00e1 tam ale n\u011bco jin\u00e9ho, co m\u016f\u017ee, \u010d\u00edm m\u016f\u017ee tu cigaretu nahradit. N\u011bkdo si tam d\u00e1v\u00e1 mentolov\u00e9 bonbony, t\u0159eba tik\u0165aky, kter\u00e9 maj\u00ed m\u00e1lo energie nebo lahvi\u010dku s pit\u00edm, kter\u00e1 m\u00e1 ten sac\u00ed uz\u00e1v\u011br. To n\u00e1m \u0159ada pacient\u016f \u0159\u00edk\u00e1, \u017ee to je d\u016fle\u017eit\u00e9, aby mohli odklopit to v\u00ed\u010dko a s\u00e1t nebo takov\u00e1 jednoduch\u00e1 ty\u010dinka plastov\u00e1, kter\u00e1 se jmenuje pipo, je to k m\u00e1n\u00ed u n\u00e1s v l\u00e9k\u00e1rn\u011b, tak\u017ee je to do ruky, do pusy. Je to jenom trubi\u010dka z plastu nebo jedna pan\u00ed \u0159\u00edkala, \u017ee si koupila osm druh\u016f \u017ev\u00fdka\u010dek, a kdy\u017e je z\u00e1cpa na Ji\u017en\u00ed spojce, tak \u017ev\u00fdk\u00e1 jahodovou nebo n\u011bco podobn\u00e9ho.<br \/><br \/>Daniel Stach, moder\u00e1tor \u010cT<br \/>&#8212;&#8212;&#8212;&#8212;&#8212;&#8212;&#8211;<br \/>Co m\u00e1 d\u011blat \u010dlov\u011bk, kter\u00fd se skon\u010d\u00ed s kou\u0159en\u00edm v okam\u017eiku, kdy zvykl\u00fd kou\u0159it u k\u00e1vy.<br \/><br \/>mluv\u010d\u00ed 1,<br \/>&#8212;&#8212;&#8212;&#8212;&#8212;&#8212;&#8211;<br \/>Tak k\u00e1va pat\u0159\u00ed mezi ty situace, kter\u00fdm se d\u00e1 vyhnout, \u010dili k\u00e1vu p\u00edt nemus\u00ed, m\u016f\u017ee to nahradit fresem, pomeran\u010dovou \u0161\u0165\u00e1vou, \u010dajem, anebo \u0159ekne, \u017ee m\u00e1 n\u00edzk\u00fd tlak, \u017ee se mus\u00ed probrat, tak\u017ee jedna pan\u00ed \u0159\u00edkala, d\u00e1m si k\u00e1vu, ale vestoje, kdybych si sedla, tak bych kou\u0159ila nebo nech\u00e1m vystydnout, vypiju na ex nebo d\u011bl\u00e1m Turka? M\u00edsto kapan\u00e9 cukr, ml\u00edko za\u010dnete, p\u0159estanete, aby byla jin\u00e1 chu\u0165 do jin\u00e9ho hrnku, p\u0159estavila se n\u00e1bytek, piju to jinde, jedna pan\u00ed \u0159\u00edkala, nos\u00edm si k\u00e1vu do koupelny a sednu si na vanu, tam jsem v \u017eivot\u011b nekou\u0159ila ani nepila k\u00e1vu, tak tam mi to nep\u0159ijde. Tak\u017ee to je na ka\u017ed\u00e9m, aby si na\u0161el to svoje \u0159e\u0161en\u00ed, ale je to ur\u010dit\u011b situace, nad kterou by se m\u011bl zamyslet.<br \/><br \/>Daniel Stach, moder\u00e1tor \u010cT<br \/>&#8212;&#8212;&#8212;&#8212;&#8212;&#8212;&#8211;<br \/>V okam\u017eiku, kdy je zvykl\u00fd kou\u0159it u televize.<br \/><br \/>mluv\u010d\u00ed 7,<br \/>&#8212;&#8212;&#8212;&#8212;&#8212;&#8212;&#8211;<br \/>Tak.<br \/><br \/>mluv\u010d\u00ed 1,<br \/>&#8212;&#8212;&#8212;&#8212;&#8212;&#8212;&#8211;<br \/>Jedna pan\u00ed \u0159\u00edkala, \u017ee m\u00e1 doma n\u011bjak\u00e9 zelen\u00e9 k\u0159eslo, do kter\u00e9ho v\u017edycky p\u0159i\u0161la dom\u016f, hodila ta\u0161ky, sedla si, zapla televize a zap\u00e1lila si cigaretu, tak\u017ee si ho vym\u011bnila na p\u016fl roku se sousedkou, \u017ee to j\u00ed tak nel\u00e1k\u00e1. Nap\u0159\u00edklad m\u011b te\u010f napadlo, nebo samoz\u0159ejm\u011b jedna pan\u00ed \u0159\u00edkala, \u017ee si napln\u00ed velkou sklenici ledem a na to nalije kolu a d\u00e1 si to na ucho a poslouch\u00e1, jak to prask\u00e1, a kdy\u017e to doprask\u00e1, to vypije co?<br \/><br \/>Daniel Stach, moder\u00e1tor \u010cT<br \/>&#8212;&#8212;&#8212;&#8212;&#8212;&#8212;&#8211;<br \/>Cigareta u ob\u011bda?<br \/><br \/>mluv\u010d\u00ed 1,<br \/>&#8212;&#8212;&#8212;&#8212;&#8212;&#8212;&#8211;<br \/>No, tak ob\u011bd ur\u010dit\u011b \u010dlov\u011bk nevynech\u00e1, \u010dili po j\u00eddle je t\u0159eba mo\u017en\u00e9 nosit kart\u00e1\u010dek na zuby, pastu, vy\u010distit si zuby, vyp\u00edt sklenici vody.<br \/><br \/>Daniel Stach, moder\u00e1tor \u010cT<br \/>&#8212;&#8212;&#8212;&#8212;&#8212;&#8212;&#8211;<br \/>A co v okam\u017eiku, kdy je \u010dlov\u011bk n\u011bkde s kamar\u00e1dy, s p\u0159\u00e1teli, vyjdou ven z restaurace, jdou si zakou\u0159it, co m\u00e1 d\u011blat \u010dlov\u011bk, kter\u00fd s kou\u0159en\u00edm chce skon\u010dit.<br \/><br \/>mluv\u010d\u00ed 1,<br \/>&#8212;&#8212;&#8212;&#8212;&#8212;&#8212;&#8211;<br \/>Tak zase t\u0159eba ta lahvi\u010dka s vodou, to p\u00e1jpo, \u010dili ta trubi\u010dka nebo jedna pan\u00ed \u0159\u00edkala, kou\u0159ila jsem dvacku denn\u011b, tak si r\u00e1no oloupu 20 mrkv\u00ed a tam, kde jsem kou\u0159ila chroupu, mrkev nebo nos\u00edm do pr\u00e1ce ledov\u00fd sal\u00e1t? Oloup\u00ed listy nebo maliny, bor\u016fvky, takov\u00e9 podobn\u00e9 lah\u016fdky, kter\u00e9 t\u0159eba. D\u0159\u00edv si nedop\u0159\u00e1l, proto\u017ee na to nem\u011bl pen\u00edze. Te\u010f si uv\u011bdom\u00ed, \u017ee je to levn\u011bj\u0161\u00ed ne\u017e cigarety.<br \/><br \/>Daniel Stach, moder\u00e1tor \u010cT<br \/>&#8212;&#8212;&#8212;&#8212;&#8212;&#8212;&#8211;<br \/>Co kdy\u017e se \u010dlov\u011bk nud\u00ed, anebo naopak je ve stresu?<br \/><br \/>mluv\u010d\u00ed 1,<br \/>&#8212;&#8212;&#8212;&#8212;&#8212;&#8212;&#8211;<br \/>No, tak stres si je ur\u010dit\u011b n\u011bco, \u010demu se nevyhne a celkem nuda asi taky ne. Tak ve stresu je dobr\u00e9 nastudovat n\u011bjak\u00e1 dechov\u00e1 cvi\u010den\u00ed. Kdy\u017e si to zad\u00e1te do Googlu, tak je tam spousta n\u00e1vod\u016f, \u00fapln\u011b jednoduch\u00e1 v\u011bc, jenom se nadechnout, zadr\u017eet dech, a\u017e se zato\u010d\u00ed hlava, pak pomalu vydechnout, to se d\u00e1 i t\u0159eba v tramvaji nebo v pr\u00e1ci. Nemus\u00ed nikdo vid\u011bt, \u017ee bojujete se stresem. A nebo jsou, po\u010d\u00edt\u00e1te t\u0159eba 456 na \u010dty\u0159i, n\u00e1dech na p\u011bt, zadr\u017eet na \u0161est v\u00fddech, aby byl del\u0161\u00ed, to je t\u011b\u017ek\u00fd, pak si m\u011bn\u00edte ta \u010d\u00edsla nebo r\u016fzn\u00e9 aplikace jsou na to, tak\u017ee to je dobr\u00e9 do stresu, no, a p\u0159i nud\u011b prost\u011b se n\u011b\u010d\u00edm zabavit, hr\u00e1t hry v mobilu. Jedna pan\u00ed \u0159\u00edkala r\u00e1no si nebo ve\u010der si na r\u00e1no p\u0159iprav\u00edm slov\u00ed\u010dka, chci se nau\u010dit \u0161pan\u011blsky, tak\u017ee m\u00edsto jedn\u00e9 cigarety se nau\u010d\u00edm jedno slov\u00ed\u010dko nebo otev\u0159e n\u011bjak\u00fd \u010dasopis nebo hraje hry v mobilu.<br \/><br \/>Daniel Stach, moder\u00e1tor \u010cT<br \/>&#8212;&#8212;&#8212;&#8212;&#8212;&#8212;&#8211;<br \/>Jak dlouho mus\u00ed \u010dlov\u011bk odol\u00e1vat, pokud dostane chu\u0165 na cigaretu, aby m\u011bl v uvozovk\u00e1ch v tom dan\u00e9m okam\u017eiku vyhr\u00e1no.<br \/><br \/>mluv\u010d\u00ed 1,<br \/>&#8212;&#8212;&#8212;&#8212;&#8212;&#8212;&#8211;<br \/>No, tak je to \u0159\u00e1dov\u011b p\u00e1r minut, ale je to individu\u00e1ln\u00ed. A \u0159\u00edk\u00e1, kdy\u017e se m\u011b pacienti zeptaj\u00ed, jakou maj\u00ed \u0161anci p\u0159estat? J\u00e1 \u0159\u00edk\u00e1m, popravd\u011b z\u00e1le\u017e\u00ed na tom, jak na to budete vzpom\u00ednat, d\u016fle\u017eit\u00e1 je radost, \u017ee se toho zbavili a nevzpom\u00ednat na to nostalgicky jako na n\u011bco kr\u00e1sn\u00e9ho, o co jsem j\u00e1 chud\u00e1k p\u0159i\u0161el, co te\u010f m\u00e1m ze \u017eivota, ale uv\u011bdomit si, \u017ee je to vlastn\u011b drah\u00e9 svinstvo, kter\u00e9ho se cht\u011bli a dok\u00e1zali zbavit, o tomhle mluv\u00edme asi 10 minut, a to je vlastn\u011b kl\u00ed\u010dov\u00fd pocit.<br \/><br \/>Daniel Stach, moder\u00e1tor \u010cT<br \/>&#8212;&#8212;&#8212;&#8212;&#8212;&#8212;&#8211;<br \/>Drah\u00e9, \u0159\u00edk\u00e1te, kou\u0159en\u00ed je drah\u00e9, my jsme vzali \u00fapln\u011b jednoduch\u00e9 p\u0159\u00edklady, vzali jsme krabi\u010dku cigaret a \u0159ekli jsme si, po jak dlouh\u00e9 dob\u011b si \u010dlov\u011bk na\u0161et\u0159\u00ed t\u0159eba na zahrani\u010dn\u00ed dovolenou zhruba za 3,5 m\u011bs\u00edce, v okam\u017eiku, kdy kou\u0159\u00ed jednu krabi\u010dku denn\u011b. Na novou \u0160kodu Fabii zhruba za 10 let, 1,5 milionu, na \u00fa\u010dtu zhruba po 30. Bav\u00edme si o jedn\u00e9 krabi\u010dce cigaret denn\u011b. U n\u011bkoho to samoz\u0159ejm\u011b bude rychlej\u0161\u00ed, jak \u010dasto jsou pr\u00e1v\u011b pen\u00edze, motivace proto, aby \u010dlov\u011bk skon\u010dil?<br \/><br \/>mluv\u010d\u00ed 1,<br \/>&#8212;&#8212;&#8212;&#8212;&#8212;&#8212;&#8211;<br \/>No, ur\u010dit\u011b \u010dasto a d\u00e1 se to vyu\u017e\u00edt. Jedna pan\u00ed \u0159\u00edkala, \u017ee denn\u011b prokou\u0159\u00ed 146 K\u010d, tak\u017ee ve\u010der se starala v\u017edycky, jestli m\u00e1 cigarety na r\u00e1no a te\u010f se star\u00e1, jestli m\u00e1 drobn\u00fdch 146. A kdy\u017e ne, tak jde dol\u016f do hospody, rozm\u011bnit si, jako tam d\u0159\u00edv \u0161la pro cigarety, aby m\u011bla na r\u00e1no, a\u017e p\u016fjde do koupelny a hodila n\u011bkam 146. A kdy\u017e na n\u00ed padne ten smutek, \u017ee nem\u00e1 cigaretu, tak vezme tu\u017eku a pap\u00edr a po\u010d\u00edt\u00e1 si, \u017ee to otev\u0159e za dev\u011bt, j\u00e1 nev\u00edm, p\u011bt t\u00fddn\u016f, bude tam p\u011btkr\u00e1t, sedmkr\u00e1t 146, a to je tolik a ona si koup\u00ed tohle, anebo za dev\u011bt t\u00fddn\u016f a bude tam tohle, tak\u017ee p\u0159em\u00fd\u0161let, za co utrat\u00edte pen\u00edze?<br \/><br \/>Daniel Stach, moder\u00e1tor \u010cT<br \/>&#8212;&#8212;&#8212;&#8212;&#8212;&#8212;&#8211;<br \/>P\u0159\u00edjemn\u00e9, Jak pom\u00e1haj\u00ed nebo nepom\u00e1haj\u00ed aplikace, ve kter\u00fdch si \u010dlov\u011bk tohle m\u016f\u017ee nech\u00e1vat sledovat a z\u00e1rove\u0148 tam vid\u00ed ten pr\u016fb\u011bh toho, jak dlouho u\u017e nekou\u0159\u00ed.<br \/><br \/>mluv\u010d\u00ed 1,<br \/>&#8212;&#8212;&#8212;&#8212;&#8212;&#8212;&#8211;<br \/>Tak zase n\u011bkdo to r\u00e1d sleduje, n\u011bkdo ne. Nab\u00edz\u00edme \u0159adu aplikac\u00ed, kter\u00e9 jsou v \u010de\u0161tin\u011b zdarma a jsou uveden\u00e9 taky na tom webu lzt. Tak\u017ee jedna z nich nejobl\u00edben\u011bj\u0161\u00ed u na\u0161ich pacient\u016f k, kter\u00fd si, kterou si stahuj\u00ed a chv\u00e1l\u00ed si ji.<br \/><br \/>Daniel Stach, moder\u00e1tor \u010cT<br \/>&#8212;&#8212;&#8212;&#8212;&#8212;&#8212;&#8211;<br \/>Po jak dlouh\u00e9 dob\u011b u\u017e \u0159eknete, ten \u010dlov\u011bk je neku\u0159\u00e1k.<br \/><br \/>mluv\u010d\u00ed 1,<br \/>&#8212;&#8212;&#8212;&#8212;&#8212;&#8212;&#8211;<br \/>Tady u\u017e padlo, to \u0159\u00edkal prof. Ebert, \u017ee se jedn\u00e1 o dlouhodobou abstinenci v medic\u00edn\u011b, je to aspo\u0148 \u0161est m\u011bs\u00edc\u016f od posledn\u00ed cigarety a my sledujeme pacienty dokonce rok, na\u0161\u00edm centrem pro\u0161lo asi 8000 pacient\u016f.<br \/><br \/>Daniel Stach, moder\u00e1tor \u010cT<br \/>&#8212;&#8212;&#8212;&#8212;&#8212;&#8212;&#8211;<br \/>Zmi\u0148ovala jste tu cenu a pod\u00edvali jsme se je\u0161t\u011b na jeden v\u00fdvoj, a to je cena krabi\u010dky cigaret. Vzali jsme krabi\u010dku cigaret Sparta a zeptali jsme se, kolik takov\u00fdch krabi\u010dek jste si v jednotliv\u00fdch letech mohli po\u0159\u00eddit za pr\u016fm\u011brnou mzdu v \u010cesk\u00e9 republice? Na za\u010d\u00e1tku devades\u00e1t\u00fdch let v \u010ceskoslovensku. Zat\u00edmco kolem roku 90 to bylo zhruba 200 krabi\u010dek, te\u010f je to 285 krabi\u010dek, tedy t\u00e9m\u011b\u0159 300. Znamen\u00e1 to, \u017ee re\u00e1ln\u011b se n\u00e1m tedy vzhledem k tomu, kolik vyd\u011bl\u00e1v\u00e1me, cigarety zlevnily<br \/><br \/>Daniel Stach, moder\u00e1tor \u010cT<br \/>&#8212;&#8212;&#8212;&#8212;&#8212;&#8212;&#8211;<br \/>Zlevnily se. Ano, co vy si o tom mysl\u00edte?<br \/><br \/>mluv\u010d\u00ed 1,<br \/>&#8212;&#8212;&#8212;&#8212;&#8212;&#8212;&#8211;<br \/>No, \u017ee je to \u0161patn\u011b samoz\u0159ejm\u011b.<br \/><br \/>mluv\u010d\u00ed 2,<br \/>&#8212;&#8212;&#8212;&#8212;&#8212;&#8212;&#8211;<br \/>Kolik by m\u011bla st\u00e1t.<br \/><br \/>mluv\u010d\u00ed 1,<br \/>&#8212;&#8212;&#8212;&#8212;&#8212;&#8212;&#8211;<br \/>Krabi\u010dka, Tak aby byly stejn\u011b dostupn\u00e9, tak by musely st\u00e1t aspo\u0148 300 K\u010d a klidn\u011b by to mohlo b\u00fdt 400, jako t\u0159eba to vych\u00e1z\u00ed v Austr\u00e1lii, ale to nen\u00ed jedin\u00e9 opat\u0159en\u00ed nebo nen\u00ed mo\u017en\u00e9 jenom zdra\u017eit cigarety, ale je pot\u0159eba. D\u011bkuju. J\u00e1 m\u00e1m atrofii, sliznice, tak\u017ee chrapt\u00edm.<br \/><br \/>Daniel Stach, moder\u00e1tor \u010cT<br \/>&#8212;&#8212;&#8212;&#8212;&#8212;&#8212;&#8211;<br \/>V klidu si napijte. Pan\u00ed profesorko, jestli chcete. Pod\u00edv\u00e1me se na ta \u010d\u00edsla, kter\u00e1 jsou o data \u010cesk\u00e9ho statistick\u00e9ho \u00fa\u0159adu a vid\u00edme tam ten n\u00e1r\u016fst t\u011bch krok\u016f 2005, kdy to bylo p\u0159es 400 mo\u017en\u00fdch koupen\u00fdch krabi\u010dek cigaret za pr\u016fm\u011brnou mzdu, te\u010f tedy m\u00edrn\u011b pod 300, p\u0159i\u010dem\u017e dal\u0161\u00ed zm\u011bny, pokud jde o da\u0148ov\u00e9 zat\u00ed\u017een\u00ed, se zva\u017euj\u00ed a pl\u00e1nuj\u00ed se i na \u010desk\u00e9m \u00fazem\u00ed. Ale za v\u00e1s cena?<br \/><br \/>mluv\u010d\u00ed 1,<br \/>&#8212;&#8212;&#8212;&#8212;&#8212;&#8212;&#8211;<br \/>To je po\u0159\u00e1d m\u00e1lo. M\u011bla by se zohlednit inflace, \u010dili m\u011blo by to automaticky stoupat a. Ta cena by m\u011bla b\u00fdt mnohem vy\u0161\u0161\u00ed, stejn\u011b tak by to m\u011blo b\u00fdt stejn\u011b drah\u00e9 v p\u0159\u00edpad\u011b \u0159ezan\u00e9ho tab\u00e1ku, aby nebylo v\u00fdhodn\u011bj\u0161\u00ed si cigarety balit a ten spalovan\u00fd tab\u00e1k by m\u011bl b\u00fdt zkr\u00e1tka mnohem dra\u017e\u0161\u00ed.<br \/><br \/>Daniel Stach, moder\u00e1tor \u010cT<br \/>&#8212;&#8212;&#8212;&#8212;&#8212;&#8212;&#8211;<br \/>Vy opakovan\u011b \u0159\u00edk\u00e1te, \u017ee to je d\u016fle\u017eit\u00e1 role st\u00e1tu, aby ud\u011blal dal\u0161\u00ed v\u011bci, mimo jin\u00e9 to \u017e\u00e1dn\u00e1 reklama, a to dokonce ani vystaven\u00e9 cigarety v obchodech, nav\u00edc cigarety by m\u011bly b\u00fdt v obchodech, jenom ty, kter\u00e9 maj\u00ed speci\u00e1ln\u00ed licenci, \u017e\u00e1dn\u00e9 prod\u00e1vat.<br \/><br \/>mluv\u010d\u00ed 1,<br \/>&#8212;&#8212;&#8212;&#8212;&#8212;&#8212;&#8211;<br \/>\u010cili trafika.<br \/><br \/>Daniel Stach, moder\u00e1tor \u010cT<br \/>&#8212;&#8212;&#8212;&#8212;&#8212;&#8212;&#8211;<br \/>P\u0159esn\u011b tak, \u017e\u00e1dn\u00e9 prod\u00e1v\u00e1n\u00ed nap\u0159\u00edklad v potravin\u00e1ch nebo n\u011bco podobn\u00e9ho, tak\u00e9 \u0159\u00edk\u00e1te, maj\u00ed m\u00edt jednotnou barvu a jednotn\u00e9 p\u00edsmo, jakou barvu?<br \/><br \/>mluv\u010d\u00ed 1,<br \/>&#8212;&#8212;&#8212;&#8212;&#8212;&#8212;&#8211;<br \/>No, byla vyhodnocena hn\u011bdozelen\u00e1 barva a tohle je jednotn\u00e9 balen\u00ed, existuje asi skoro ve 30 zem\u00edch a vlastn\u011b podstatn\u00e9 je, \u017ee tam nen\u00ed neregulovan\u00e1 plocha, \u010dili odpadne spojen\u00ed s barvou nebo s velbloudem nebo s image t\u00e9 zna\u010dky?<br \/><br \/>Daniel Stach, moder\u00e1tor \u010cT<br \/>&#8212;&#8212;&#8212;&#8212;&#8212;&#8212;&#8211;<br \/>Pro\u010d pr\u00e1v\u011b hn\u011bdozelen\u00e1?<br \/><br \/>mluv\u010d\u00ed 1,<br \/>&#8212;&#8212;&#8212;&#8212;&#8212;&#8212;&#8211;<br \/>To bylo vyhodnoceno jako nejm\u00e9n\u011b atraktivn\u00ed barva pro d\u011bti? Samoz\u0159ejm\u011b t\u00fdk\u00e1 se to d\u011bt\u00ed hlavn\u011b.<br \/><br \/>Daniel Stach, moder\u00e1tor \u010cT<br \/>&#8212;&#8212;&#8212;&#8212;&#8212;&#8212;&#8211;<br \/>A d\u011bti jsou kl\u00ed\u010dov\u00ed, proto\u017ee to jsou ti, na kter\u00e9 p\u0159\u00edpadn\u011b tab\u00e1kov\u00e9 firmy c\u00edl\u00ed, aby je z\u00edskaly jako.<br \/><br \/>mluv\u010d\u00ed 1,<br \/>&#8212;&#8212;&#8212;&#8212;&#8212;&#8212;&#8211;<br \/>No, samoz\u0159ejm\u011b z\u00e1visl\u00e9mu ku\u0159\u00e1kovi celkem jedno, co kou\u0159\u00ed, ten pot\u0159ebuje svoji d\u00e1vku, ale d\u00edt\u011b chce tu zna\u010dku, od nich\u017e m\u00e1, j\u00e1 nev\u00edm, bundu nebo tri\u010dko nebo n\u011bjakou akci.<br \/><br \/>Daniel Stach, moder\u00e1tor \u010cT<br \/>&#8212;&#8212;&#8212;&#8212;&#8212;&#8212;&#8211;<br \/>Tak\u017ee d\u00e1 se \u0159\u00edct, \u017ee tab\u00e1kov\u00e9 firmy c\u00edl\u00ed svoji reklamu na d\u011bti?<br \/><br \/>mluv\u010d\u00ed 1,<br \/>&#8212;&#8212;&#8212;&#8212;&#8212;&#8212;&#8211;<br \/>No ur\u010dit\u011b, i kdy\u017e se tv\u00e1\u0159\u00ed, \u017ee ne.<br \/><br \/>Daniel Stach, moder\u00e1tor \u010cT<br \/>&#8212;&#8212;&#8212;&#8212;&#8212;&#8212;&#8211;<br \/>Kolik procent lid\u00ed za\u010dne kou\u0159it v dosp\u011blosti?<br \/><br \/>mluv\u010d\u00ed 1,<br \/>&#8212;&#8212;&#8212;&#8212;&#8212;&#8212;&#8211;<br \/>M\u00e1lo? Naprost\u00e1 v\u011bt\u0161ina ku\u0159\u00e1k\u016f si poprv\u00e9 zap\u00e1l\u00ed d\u0159\u00edv, ne\u017e je jim 18, asi p\u0159es 90 % a v okam\u017eiku, kdy\u017e se na to pod\u00edv\u00e1me \u010dist\u011b ekonomicky, dopady na st\u00e1t. Ku\u0159\u00e1k je \u010dast\u011bji nemocn\u00fd. M\u00e1 asi v\u011bt\u0161\u00ed absenci v pr\u00e1ci potenci\u00e1ln\u011b, z\u00e1rove\u0148 m\u00e1 krat\u0161\u00ed \u017eivot, to znamen\u00e1, nem\u016f\u017ee tak dlouho \u010derpat benefity st\u00e1tu, jak to \u010dist\u011b ekonomicky te\u010f bez toho lidsk\u00e9ho hlediska vych\u00e1z\u00ed.Ka\u017ed\u00fd ku\u0159\u00e1k zem\u0159el o t\u011bch zhruba sedm let d\u0159\u00edv, jako to statisticky vych\u00e1z\u00ed, tak bychom mohli mluvit o tom, \u017ee u\u0161et\u0159\u00edme d\u016fchody a n\u00e1klady na p\u00e9\u010di ve vysok\u00e9m st\u00e1\u0159\u00ed. Jenom\u017ee polovina ku\u0159\u00e1k\u016f, krom\u011b toho, \u017ee je to neetick\u00fd argument, polovina ku\u0159\u00e1k\u016f je rezistentn\u00ed a d\u0159\u00edv neum\u0159e a ta polovina, co um\u00edr\u00e1, ztr\u00e1c\u00ed v pr\u016fm\u011bru 15 let a z nich zase velk\u00e1 \u010d\u00e1st 22. \u010cili jin\u00fdmi slovy, kou\u0159en\u00ed v\u00e1s bu\u010f nezabije, anebo zabije brzo, no a t\u011bch 22 let je doba, kter\u00e1 zas\u00e1hne do ekonomick\u00e9 aktivn\u00ed \u010d\u00e1sti \u017eivota, tak\u017ee je\u0161t\u011b, ne\u017e b\u00fdv\u00e1me mrtv\u00ed, tak v\u011bt\u0161inou, pokud to nen\u00ed n\u00e1hl\u00e1 smrt, tak jsme pr\u00e1ce neschopn\u00ed, jak jste \u0159\u00edkal,&nbsp;<strong>invalidn\u00ed<\/strong>, tak\u017ee jin\u00fdmi slovy, ku\u0159\u00e1k si na svoji zdravotn\u00ed p\u00e9\u010di nesta\u010d\u00ed vyd\u011blat. To je hlavn\u00ed polo\u017eka v t\u011bch n\u00e1kladech, kter\u00e9 tvo\u0159\u00ed asi 3 % HDP.<br \/><br \/>Daniel Stach, moder\u00e1tor \u010cT<br \/>&#8212;&#8212;&#8212;&#8212;&#8212;&#8212;&#8211;<br \/>3 % HDP ro\u010dn\u011b zaplat\u00edme za l\u00e9\u010dbu t\u011bch, kte\u0159\u00ed kou\u0159\u00ed.<br \/><br \/>mluv\u010d\u00ed 1,<br \/>&#8212;&#8212;&#8212;&#8212;&#8212;&#8212;&#8211;<br \/>Ne Za l\u00e9\u010dbu, n\u00e1klady na to, \u017ee se tady prod\u00e1v\u00e1 tab\u00e1k, \u010dili n\u011bjak\u00e1 l\u00e9\u010dba. V tom je ale mnohem v\u011bt\u0161\u00ed n\u00e1klad je ztr\u00e1ta t\u011bch ekonomicky aktivn\u00edch let, pak se tam m\u016f\u017eou p\u0159ipo\u010d\u00edtat n\u011bjak\u00e9 po\u017e\u00e1ry a j\u00e1 nev\u00edm, dal\u0161\u00ed n\u00e1klady. A celkem to pro st\u0159edoevropskou zemi je 3 % HDP. Podle mezin\u00e1rodn\u00edch odhad\u016f v \u010cesk\u00e9 republice to p\u0159esn\u011b spo\u010d\u00edtan\u00e9 nem\u00e1me, co\u017e m\u011b mrz\u00ed a douf\u00e1m, \u017ee to n\u011bkdo spo\u010d\u00edt\u00e1.<br \/><br \/>Daniel Stach, moder\u00e1tor \u010cT<br \/>&#8212;&#8212;&#8212;&#8212;&#8212;&#8212;&#8211;<br \/>D\u016fle\u017eit\u00ed jsou d\u011bti, d\u016fle\u017eit\u00e9 jsou jednozna\u010dn\u011b d\u011bti, na \u010dem z\u00e1le\u017e\u00ed, jak rychle se u d\u00edt\u011bte rozvine p\u0159\u00edpadn\u011b z\u00e1vislost.<br \/><br \/>mluv\u010d\u00ed 1,<br \/>&#8212;&#8212;&#8212;&#8212;&#8212;&#8212;&#8211;<br \/>To je d\u00e1no geneticky, existuj\u00ed receptory, na kter\u00e9 se nikotin v mozku navazuje, a ty maj\u00ed mnoho subtyp\u016f a n\u011bkter\u00e9 nebo zejm\u00e9na jeden jsou teda typick\u00e9 proto, \u017ee \u010dlov\u011bk rychle spadne do z\u00e1vislosti a h\u016f\u0159 ne\u017e jin\u00fd se z toho zbavuj\u00ed, tak\u017ee tohle, a to jsou z 99 % na\u0161i pacienti a v\u00edm to, ani\u017e jim lezu do hlavy, proto\u017ee na n\u011b p\u016fsob\u00ed l\u00e9ky, jako nap\u0159\u00edklad citizin, wareny, kl\u00edn. A to jsou lid\u00e9, kte\u0159\u00ed teda za to \u00fapln\u011b nem\u016f\u017eou, \u017ee maj\u00ed probl\u00e9m p\u0159estat, a to r\u00e1di sly\u0161\u00ed, tak\u017ee aspo\u0148 n\u011b\u010d\u00edm je m\u016f\u017eeme pot\u011b\u0161it.<br \/><br \/>Daniel Stach, moder\u00e1tor \u010cT<br \/>&#8212;&#8212;&#8212;&#8212;&#8212;&#8212;&#8211;<br \/>Ale i oni m\u016f\u017eou p\u0159estat. Jenom je to t\u011b\u017ek\u00fd.<br \/><br \/>mluv\u010d\u00ed 1,<br \/>&#8212;&#8212;&#8212;&#8212;&#8212;&#8212;&#8211;<br \/>Ur\u010dit\u011b. Tak. Pokud u\u017e\u00edvaj\u00ed i vhodn\u00e9 l\u00e9ky, spr\u00e1vnou dobu, v\u011bt\u0161inou 3-6 m\u011bs\u00edc\u016f. Tak samoz\u0159ejm\u011b, samoz\u0159ejm\u011b, \u017ee p\u0159est\u00e1vaj\u00ed.<br \/><br \/>Daniel Stach, moder\u00e1tor \u010cT<br \/>&#8212;&#8212;&#8212;&#8212;&#8212;&#8212;&#8211;<br \/>Jasn\u011b, \u0159\u00edk\u00e1te, velkou roli hraje parta, do kter\u00e9 se ten mlad\u00fd \u010dlov\u011bk, to 10, 11. Dvan\u00e1ctilet\u00e9 d\u00edt\u011b dostane. Jakou roli ale hraj\u00ed jeho rodi\u010de a nejbli\u017e\u0161\u00ed rodina?<br \/><br \/>mluv\u010d\u00ed 1,<br \/>&#8212;&#8212;&#8212;&#8212;&#8212;&#8212;&#8211;<br \/>Taky hraj\u00ed roli. Samoz\u0159ejm\u011b od rodi\u010d\u016f jednak dost\u00e1v\u00e1me n\u011bjak\u00fd genetick\u00fd materi\u00e1l, ale taky n\u00e1vyky, jak se v t\u00e9 rodin\u011b \u017eije, \u010dili pokud je kou\u0159en\u00ed normou, tak je normou i pro to d\u00edt\u011b.<br \/><br \/>Daniel Stach, moder\u00e1tor \u010cT<br \/>&#8212;&#8212;&#8212;&#8212;&#8212;&#8212;&#8211;<br \/>To znamen\u00e1 nekou\u0159it doma, jak mluvit o kou\u0159en\u00ed.<br \/><br \/>mluv\u010d\u00ed 1,<br \/>&#8212;&#8212;&#8212;&#8212;&#8212;&#8212;&#8211;<br \/>Ku\u0159\u00e1ci by nem\u011bli kou\u0159it doma a v byt\u011b, pokud teda nedok\u00e1\u017eou p\u0159estat, \u010d\u00edm\u017e aspo\u0148 daj\u00ed najevo, \u017ee je to n\u011bco, co tam nepat\u0159\u00ed, krom\u011b toho, \u017ee nepo\u0161kozuj\u00ed t\u00edm p\u00e1dem sv\u00e9 d\u00edt\u011b. Jak mluvit? No, ur\u010dit\u011b nestra\u0161it. Nemocemi, jako je infarkt, rakovina, to dokonce byla zna\u010dka cigaret, kter\u00e1 m\u011bla slogan pod\u00edlejte se aktivn\u011b na rakovinov\u00e9m v\u00fdzkumu, ku\u0159te na\u0161e cigarety. To bylo m\u00ed\u0159eno na d\u011bti, proto\u017ee d\u011bti se r\u00e1di chovaj\u00ed rizikov\u011b, tak\u017ee pokud zdrav\u00ed, tak sp\u00ed\u0161 zd\u016fraz\u0148ovat t\u0159eba ovlivn\u011bn\u00ed mikrofl\u00f3ry v \u00fastech nebo podporu z\u00e1n\u011btu v\u010detn\u011b pup\u00ednk\u016f nebo poruchy erekce a podobn\u00e9, podobn\u00e9 v\u011bci.<br \/><br \/>Daniel Stach, moder\u00e1tor \u010cT<br \/>&#8212;&#8212;&#8212;&#8212;&#8212;&#8212;&#8211;<br \/>Jin\u00fdmi slovy, rad\u011bji tomu t\u0159in\u00e1ctilet\u00e9mu chlapci nebo t\u0159in\u00e1ctilet\u00e9 d\u00edvce \u0159\u00edct, bude ti smrd\u011bt z pusy, bude\u0161 m\u00edt akn\u00e9?<br \/><br \/>mluv\u010d\u00ed 1,<br \/>&#8212;&#8212;&#8212;&#8212;&#8212;&#8212;&#8211;<br \/>No, tak takhle bych to zrovna neformulovala. T\u0159eba nebude m\u00edt akn\u00e9, ale rozhodn\u011b kou\u0159en\u00ed akn\u00e9 zhor\u0161uje, to je pravda.<br \/><br \/>Daniel Stach, moder\u00e1tor \u010cT<br \/>&#8212;&#8212;&#8212;&#8212;&#8212;&#8212;&#8211;<br \/>Jak odnau\u010dit d\u00edt\u011b, kou\u0159it.<br \/><br \/>mluv\u010d\u00ed 1,<br \/>&#8212;&#8212;&#8212;&#8212;&#8212;&#8212;&#8211;<br \/>To je velmi t\u011b\u017ek\u00e9. Z t\u011bch na\u0161ich asi 8000 pacient\u016f bylo asi 50, kter\u00fdm je\u0161t\u011b nebylo 18. Nejmlad\u0161\u00ed byl dvan\u00e1ctilet\u00fd kluk, kter\u00fd od dev\u00edti kou\u0159il krabi\u010dku denn\u011b. A byli jsme dokonce v mezin\u00e1rodn\u00edm projektu, kter\u00fd se zab\u00fdval kou\u0159en\u00edm, kou\u0159en\u00edm nezletil\u00fdch. A stejn\u011b jako v\u0161ude jinde vy\u0161lo to, \u017ee se ztratili z t\u00e9 l\u00e9\u010dby, proto\u017ee nemaj\u00ed motivaci p\u0159estat a nemaj\u00ed adherenci k t\u00e9 l\u00e9\u010db\u011b, nevydr\u017e\u00ed tam chodit, tak\u017ee je to velmi obt\u00ed\u017en\u00e9, pokud spadne do t\u00e9 z\u00e1vislosti, je to t\u011b\u017ek\u00e9.<br \/><br \/>Daniel Stach, moder\u00e1tor \u010cT<br \/>&#8212;&#8212;&#8212;&#8212;&#8212;&#8212;&#8211;<br \/>Co m\u00e1 rodi\u010d ud\u011blat? Dozv\u011bd\u011bl se, \u017ee jeho d\u00edt\u011b po \u0161kole chod\u00ed s kamar\u00e1dy a kou\u0159\u00ed. Co m\u00e1 ud\u011blat?<br \/><br \/>mluv\u010d\u00ed 1,<br \/>&#8212;&#8212;&#8212;&#8212;&#8212;&#8212;&#8211;<br \/>Vysv\u011btlit mu, \u017ee jde o prachy, \u017ee jde jenom o to, \u017ee to nen\u00ed dosp\u011bl\u00e9 rozhodnut\u00ed, ale \u017ee to je d\u011btsk\u00e1 nemoc, \u017ee kdyby, jak u\u017e tady \u0159\u00edkal prof. Ebert, kdyby mu bylo 25, tak u\u017e t\u00edm nejsp\u00ed\u0161 neza\u010dne, proto\u017ee je dosp\u011bl\u00fd a m\u00e1 rozum, ale ta soudnost se vyv\u00edj\u00ed kolem patn\u00e1ct\u00e9ho roku, \u010dili d\u011blaj\u00ed z tebe hlup\u00e1ka, kter\u00fd ho cht\u011bj\u00ed chytit do t\u00e9 z\u00e1vislosti d\u0159\u00edv, ne\u017e ty dostane\u0161 rozum, to je, mysl\u00edm, takov\u00fd hlavn\u00ed argument.<br \/><br \/>Daniel Stach, moder\u00e1tor \u010cT<br \/>&#8212;&#8212;&#8212;&#8212;&#8212;&#8212;&#8211;<br \/>Co ten p\u0159\u00edstup tady je. Krabi\u010dka vyku\u0159\u00ed te\u010f celou.<br \/><br \/>mluv\u010d\u00ed 1,<br \/>&#8212;&#8212;&#8212;&#8212;&#8212;&#8212;&#8211;<br \/>No, tak pokud m\u00e1 to d\u00edt\u011b zrovna ten typ receptoru, kter\u00fd je typick\u00fd pro tu silnou z\u00e1vislost, tak m\u016f\u017ee klidn\u011b do z\u00e1vislosti spadnout.<br \/><br \/>mluv\u010d\u00ed 2,<br \/>&#8212;&#8212;&#8212;&#8212;&#8212;&#8212;&#8211;<br \/>Tedy to bude sp\u00ed\u0161 ke \u0161kod\u011b.<br \/><br \/>mluv\u010d\u00ed 1,<br \/>&#8212;&#8212;&#8212;&#8212;&#8212;&#8212;&#8211;<br \/>No, to bych ur\u010dit\u011b taky. Dobr\u00e9 heslo je ka\u017ed\u00e1 cigareta po\u0161kozuje, a to se t\u00fdk\u00e1 i tohle p\u0159\u00edkladu.<br \/><br \/>Daniel Stach, moder\u00e1tor \u010cT<br \/>&#8212;&#8212;&#8212;&#8212;&#8212;&#8212;&#8211;<br \/>M\u016f\u017eou se na va\u0161e centrum obr\u00e1tit pr\u00e1v\u011b i rodi\u010de s prosbou o konzultaci v okam\u017eiku, kdy jde.<br \/><br \/>mluv\u010d\u00ed 1,<br \/>&#8212;&#8212;&#8212;&#8212;&#8212;&#8212;&#8211;<br \/>U n\u00e1s existuje speci\u00e1ln\u00ed centrum pro d\u011bti a dosp\u00edvaj\u00edc\u00ed od 15 let, to je p\u0159i psychiatrick\u00e9 klinice a klinice adiktologie, tak\u017ee tam se m\u016f\u017eou obracet.<br \/><br \/>Daniel Stach, moder\u00e1tor \u010cT<br \/>&#8212;&#8212;&#8212;&#8212;&#8212;&#8212;&#8211;<br \/>Je kou\u0159en\u00ed, startovac\u00ed droga.<br \/><br \/>mluv\u010d\u00ed 1,<br \/>&#8212;&#8212;&#8212;&#8212;&#8212;&#8212;&#8211;<br \/>To je.<br \/><br \/>Daniel Stach, moder\u00e1tor \u010cT<br \/>&#8212;&#8212;&#8212;&#8212;&#8212;&#8212;&#8211;<br \/>To znamen\u00e1, \u017ee se zvy\u0161uje pravd\u011bpodobnost u\u017e\u00edv\u00e1n\u00ed dal\u0161\u00edch i tvrd\u00fdch drog.<br \/><br \/>mluv\u010d\u00ed 1,<br \/>&#8212;&#8212;&#8212;&#8212;&#8212;&#8212;&#8211;<br \/>A ur\u010dit\u011b to b\u00fdv\u00e1 spojeno, a pokud m\u00e1te pacienta z\u00e1visl\u00e9ho na alkoholu nebo jin\u00fdch drog\u00e1ch, tak t\u00e9m\u011b\u0159 jist\u011b bude ku\u0159\u00e1k.<br \/><br \/>Daniel Stach, moder\u00e1tor \u010cT<br \/>&#8212;&#8212;&#8212;&#8212;&#8212;&#8212;&#8211;<br \/>Je to d\u016fsledek kou\u0159en\u00ed, tedy n\u011bjak\u00fdch fyziologick\u00fdch zm\u011bn, proto\u017ee kou\u0159en\u00ed zp\u016fsobuje v na\u0161em organismu fyziologick\u00e9 zm\u011bny, nebo je to t\u00edm, \u017ee se dost\u00e1v\u00e1 do spole\u010dnosti, do n\u011bjak\u00e9 skupiny lid\u00ed, u kter\u00fdch je vy\u0161\u0161\u00ed pravd\u011bpodobnost t\u011bch soci\u00e1ln\u00edch d\u016fvod\u016f u\u017e\u00edv\u00e1n\u00ed dal\u0161\u00edch. Jestli je to oboj\u00ed, bude to kombinace, je tam tedy i ten fyziologick\u00fd vliv, tedy prom\u011bna na\u0161eho mozku, kter\u00fd vn\u00edm\u00e1 pr\u00e1v\u011b takov\u00e9hle l\u00e1tky jinak.<br \/><br \/>mluv\u010d\u00ed 1,<br \/>&#8212;&#8212;&#8212;&#8212;&#8212;&#8212;&#8211;<br \/>Ur\u010dit\u011b. Jestli je \u010das na kr\u00e1tkou poh\u00e1dku.<br \/><br \/>Daniel Stach, moder\u00e1tor \u010cT<br \/>&#8212;&#8212;&#8212;&#8212;&#8212;&#8212;&#8211;<br \/>Pov\u00eddejte t\u0159i \u010dtvrt\u011b na dev\u011bt.<br \/><br \/>mluv\u010d\u00ed 1,<br \/>&#8212;&#8212;&#8212;&#8212;&#8212;&#8212;&#8211;<br \/>Ide\u00e1ln\u00ed Laboratorn\u00edm Kr\u00e1l\u00ed\u010dkovi, kter\u00fd se narodil v La laborato\u0159i a znal jenom z\u00e1\u0159ivky, pelety, um\u011blohmotnou tuk\u00e1\u010d, kter\u00e9 \u017eil, ale jednou utekl, dostal se na louku, na slunce, na tr\u00e1vu, potkal divok\u00e9 Kr\u00e1l\u00edky, ti ho vzali na mrkev, na sal\u00e1t, byl \u00fapln\u011b nad\u0161en\u00fd, \u017ee to prost\u011b une\u0161en\u00fd, ale jak \u0161el den a odpoledne, tak k ve\u010deru \u0159\u00edk\u00e1 kamar\u00e1di, je mi to l\u00edto, ale j\u00e1 se jdu vr\u00e1tit do laborato\u0159e. Oni byli p\u0159ekvapeni, \u0159\u00edkali, jak to, v\u017edy\u0165 \u0159\u00edk\u00e1\u0161, jak je to tam stra\u0161n\u00fd? A ten laboratorn\u00ed kr\u00e1l\u00edk \u0159\u00edkal, no, ale j\u00e1 si mus\u00edm d\u00e1t cigaretu, tak mysl\u00edm, \u017ee tohle je pocit \u0159ady ku\u0159\u00e1k\u016f.<br \/><br \/>mluv\u010d\u00ed 2,<br \/>&#8212;&#8212;&#8212;&#8212;&#8212;&#8212;&#8211;<br \/>V tu chv\u00edli ne do laborato\u0159e, ale m\u00e1m do centra.<br \/><br \/>mluv\u010d\u00ed 1,<br \/>&#8212;&#8212;&#8212;&#8212;&#8212;&#8212;&#8211;<br \/>No ne, to sp\u00ed\u0161 na tu cigaretu.<br \/><br \/>Daniel Stach, moder\u00e1tor \u010cT<br \/>&#8212;&#8212;&#8212;&#8212;&#8212;&#8212;&#8211;<br \/>Pasivn\u00ed kou\u0159en\u00ed m\u00e1 diagn\u00f3zu. Z 58. Te\u010dka. Sedm tzv. Kou\u0159 z druh\u00e9 ruky. Sv\u011btov\u00e1 zdravotnick\u00e1 organizace \u0159\u00edk\u00e1, \u017ee celosv\u011btov\u011b kv\u016fli pasivn\u00edmu kou\u0159en\u00ed zem\u0159e na 1,3 milionu lid\u00ed, tedy lid\u00ed, kte\u0159\u00ed sami nekou\u0159\u00ed. Jak\u00e1 jsou zhruba ta \u010d\u00edsla v \u010cesk\u00e9 republice.<br \/><br \/>mluv\u010d\u00ed 1,<br \/>&#8212;&#8212;&#8212;&#8212;&#8212;&#8212;&#8211;<br \/>To p\u0159esn\u011b nev\u00edme, je to opravdu jenom odhad, ale \u0159\u00e1dov\u011b jsou to stovky, \u0159ekn\u011bme, 1500-3000. Byly ty odhady \u00famrt\u00ed ro\u010dn\u011b.<br \/><br \/>Daniel Stach, moder\u00e1tor \u010cT<br \/>&#8212;&#8212;&#8212;&#8212;&#8212;&#8212;&#8211;<br \/>1500-3000 lid\u00ed zem\u0159e ro\u010dn\u011b, p\u0159esto\u017ee sami nekou\u0159\u00ed kv\u016fli kou\u0159en\u00ed, to znamen\u00e1, \u017ee to je pro p\u0159edstavu t\u0159ikr\u00e1t a\u017e \u0161estkr\u00e1t v\u00edc, ne\u017e zem\u0159e jako ob\u011b\u0165 dopravn\u00edch nehod ka\u017ed\u00fd rok v \u010cesk\u00e9 republice.<br \/><br \/>mluv\u010d\u00ed 1,<br \/>&#8212;&#8212;&#8212;&#8212;&#8212;&#8212;&#8211;<br \/>No A na kou\u0159en\u00ed nebo na n\u00e1sledky kou\u0159en\u00ed um\u00edr\u00e1 kolem 16, 18 000 lid\u00ed, co\u017e je \u0161estina, sedmina v\u0161ech \u00famrt\u00ed v republice, tak\u017ee to m\u011b vlastn\u011b fascinuje cel\u00fd \u017eivot, jak je velk\u00fd rozd\u00edl nebo propast mezi t\u00edm, jak velk\u00fd dopad kou\u0159en\u00ed m\u00e1 a jak malou pozornost tomu v\u011bnujeme, proto\u017ee tohle utrpen\u00ed, nemoci a \u00famrt\u00ed jsou kompletn\u011b preventabiln\u00ed velmi rychle, jednodu\u0161e jenom t\u00edm, \u017ee zkr\u00e1tka omez\u00edme tab\u00e1kov\u00fd pr\u016fmysl.<br \/><br \/>Daniel Stach, moder\u00e1tor \u010cT<br \/>&#8212;&#8212;&#8212;&#8212;&#8212;&#8212;&#8211;<br \/>Pokud jde o kou\u0159en\u00ed, v uvozovk\u00e1ch z druh\u00e9 ruky, tak to \u010dasto m\u016f\u017ee vznikat v dom\u00e1cnostech, ku\u0159\u00e1k kou\u0159\u00ed doma, d\u00fdch\u00e1 to cel\u00e1 rodina, d\u00fdchaj\u00ed to d\u011bti, n\u011bkte\u0159\u00ed ku\u0159\u00e1ci \u0159\u00edkaj\u00ed, j\u00e1 jdu kou\u0159it na z\u00e1chod, kde je ventilace, nedostane se to d\u00e1l. Vy v jednom z let\u00e1k\u016f d\u00e1v\u00e1te takov\u00fd p\u0159\u00edm\u011br. Je to zhruba stejn\u00e9 jako vymo\u010dit se do jednoho rohu baz\u00e9nu a myslet si, \u017ee zbytek baz\u00e9nu je \u010dist\u00fd, tedy byt nikdy nen\u00ed \u010dist\u00fd. Pokud se kou\u0159\u00ed v jedn\u00e9 m\u00edstnosti.<br \/><br \/>mluv\u010d\u00ed 1,<br \/>&#8212;&#8212;&#8212;&#8212;&#8212;&#8212;&#8211;<br \/>Je to tak.<br \/><br \/>Daniel Stach, moder\u00e1tor \u010cT<br \/>&#8212;&#8212;&#8212;&#8212;&#8212;&#8212;&#8211;<br \/>Ve sv\u00e9 knize a z\u00e1vislost na tab\u00e1ku, epidemiologie a prevence a l\u00e9\u010dba popisujete, pokud by m\u011bla kou\u0159 vyv\u011btrat ventilace, proud\u011bn\u00ed vzduchu by muselo m\u00edt rychlost kolem sta kilometr\u016f za hodinu. Co si tedy m\u00e1me myslet o kou\u0159en\u00ed na zahr\u00e1dk\u00e1ch?<br \/><br \/>mluv\u010d\u00ed 1,<br \/>&#8212;&#8212;&#8212;&#8212;&#8212;&#8212;&#8211;<br \/>No, tak obecn\u011b kou\u0159en\u00ed venku samoz\u0159ejm\u011b nen\u00ed pro okol\u00ed tak nebezpe\u010dn\u00e9 jako kou\u0159en\u00ed v m\u00edstnosti, ale po\u0159\u00e1d ten kou\u0159 tam je, tak\u017ee.<br \/><br \/>Daniel Stach, moder\u00e1tor \u010cT<br \/>&#8212;&#8212;&#8212;&#8212;&#8212;&#8212;&#8211;<br \/>To znamen\u00e1, po\u0159\u00e1d vdechuj\u00ed n\u011bjak\u00e9 karcinogenn\u00ed toxick\u00e9 l\u00e1tky.<br \/><br \/>mluv\u010d\u00ed 1,<br \/>&#8212;&#8212;&#8212;&#8212;&#8212;&#8212;&#8211;<br \/>V \u0159ad\u011b zem\u00ed se nekou\u0159\u00ed ani venku, t\u0159eba v New Yorku. V centra parku si nem\u016f\u017eete zap\u00e1lit na ulic\u00edch, na pl\u00e1\u017e\u00edch, a to je v Kanad\u011b, Austr\u00e1lii, v \u0159ad\u011b r\u016fzn\u00fdch m\u011bst, tak\u017ee pokud lid\u00e9 cestuj\u00ed po sv\u011bt\u011b, tak to ur\u010dit\u011b za\u017eili.<br \/><br \/>Daniel Stach, moder\u00e1tor \u010cT<br \/>&#8212;&#8212;&#8212;&#8212;&#8212;&#8212;&#8211;<br \/>Jak\u00e9 d\u016fsledky m\u016f\u017ee m\u00edt t\u0159eba to, co vid\u00edme n\u011bkdy v panel\u00e1c\u00edch. M\u00e1me jeden balkon, kde n\u011bkdo si jde ve\u010der zakou\u0159it balkon o patro v\u00fd\u0161, spink\u00e1 tam mal\u00e9 miminko v ko\u010d\u00e1rku, jak\u00e9 to m\u00e1 pro n\u011bj d\u016fsledky?<br \/><br \/>mluv\u010d\u00ed 1,<br \/>&#8212;&#8212;&#8212;&#8212;&#8212;&#8212;&#8211;<br \/>No, je to probl\u00e9m. Krom\u011b toho, \u017ee m\u016f\u017ee t\u0159eba vyvolat astmatick\u00fd z\u00e1chvat, je to zkr\u00e1tka nep\u0159\u00edjemn\u00e9. \u0158ada lid\u00ed n\u00e1m to \u0159\u00edk\u00e1 a ned\u00e1vno jsme m\u011bli pacienta, kter\u00fd \u0159\u00edkal, j\u00e1, te\u010f jsem si uv\u011bdomil, \u017ee vlastn\u011b ten v\u00edtr fouk\u00e1, j\u00e1 nev\u00edm, zprava doleva, \u017ee vlastn\u011b ti sousedi vpravo museli, \u017ee tam bouchali v\u017edycky okna, kdy\u017e j\u00e1 jsem \u0161el kou\u0159it na balkon a oni nikdy nic ne\u0159ekli, tak j\u00e1 jsem vzal fla\u0161ku v\u00edna, zazvonil jsem, ale \u0159\u00edk\u00e1m, dobr\u00fd den, j\u00e1 jsem ten soused, co v\u00e1s tady te\u010f jsem p\u0159estal kou\u0159it, uv\u011bdomil jsem si, jak jsem v\u00e1s musel otravovat, m\u016f\u017eu se v\u00e1m omluvit? A \u0159\u00edkal, \u017ee z toho vzniklo hezk\u00e9 p\u0159\u00e1telstv\u00ed.<br \/><br \/>Daniel Stach, moder\u00e1tor \u010cT<br \/>&#8212;&#8212;&#8212;&#8212;&#8212;&#8212;&#8211;<br \/>Jak\u00e9 d\u016fsledky m\u00e1 kou\u0159en\u00ed v t\u011bhotenstv\u00ed pro plot, p\u0159\u00edpadn\u011b i pasivn\u00ed kou\u0159en\u00ed pro plot matky.<br \/><br \/>mluv\u010d\u00ed 1,<br \/>&#8212;&#8212;&#8212;&#8212;&#8212;&#8212;&#8211;<br \/>No, tak stejn\u00fd jako pro dosp\u011bl\u00e9ho \u010dlov\u011bka, proto\u017ee l\u00e1tky z tab\u00e1kov\u00e9ho kou\u0159e se dost\u00e1vaj\u00ed do plodu.<br \/><br \/>Daniel Stach, moder\u00e1tor \u010cT<br \/>&#8212;&#8212;&#8212;&#8212;&#8212;&#8212;&#8211;<br \/>Vy v jednom z dokument\u016f p\u00ed\u0161ete, \u017ee je tady dvan\u00e1ctiprocentn\u00ed \u00famrt\u00ed t\u011bsn\u011b po porodu, desetiprocentn\u00ed kojeneck\u00e9 \u00famrt\u00ed, syndrom n\u00e1hl\u00e9ho \u00famrt\u00ed, d\u016fsledky kou\u0159en\u00ed pro \u017eivot d\u00edt\u011bte, do\u010detl jsem se v jednom z let\u00e1ch.<br \/><br \/>mluv\u010d\u00ed 1,<br \/>&#8212;&#8212;&#8212;&#8212;&#8212;&#8212;&#8211;<br \/>\u00damrt\u00ed po porodu, je u n\u00e1s v\u00fdznamn\u011b men\u0161\u00ed. To je n\u011bjak\u00e9 promile? To ne, ale mo\u017en\u00e1, \u017ee. Vyskytuj\u00ed se i syndrom z\u00e1vislosti u novorozenc\u016f, pokud je ta matka siln\u00e1 ku\u0159a\u010dka, tak se m\u016f\u017ee narodit d\u00edt\u011b z\u00e1visl\u00e9 na nikotinu, to se st\u00e1t m\u016f\u017ee.<br \/><br \/>Daniel Stach, moder\u00e1tor \u010cT<br \/>&#8212;&#8212;&#8212;&#8212;&#8212;&#8212;&#8211;<br \/>To znamen\u00e1, \u017ee tam u\u017e je v podstat\u011b rozb\u011bhnut\u00e1 ta z\u00e1vislost. Ano, d\u00e1 se \u0159\u00edct, \u017ee to d\u00edt\u011b, i kdy\u017e si nezap\u00e1l\u00ed, tak u\u017e je v podstat\u011b z\u00e1visl\u00e9.<br \/><br \/>mluv\u010d\u00ed 1,<br \/>&#8212;&#8212;&#8212;&#8212;&#8212;&#8212;&#8211;<br \/>\u0158\u00edkala mi kolegyn\u011b, kter\u00e1 pracuje na porodn\u00edm s\u00e1le, \u017ee to d\u00edt\u011b p\u0159estane plakat p\u0159es v n\u011bjak\u00e9m p\u0159\u00edpad\u011b p\u0159estalo plakat, kdy\u017e mu nalepili nikotinovou n\u00e1plast na zade\u010di.<br \/><br \/>Daniel Stach, moder\u00e1tor \u010cT<br \/>&#8212;&#8212;&#8212;&#8212;&#8212;&#8212;&#8211;<br \/>Tady je p\u0159\u00edpadn\u011b potom ten dokument, ze kter\u00e9ho jsem te\u010f \u010derpal kou\u0159en\u00ed a t\u011bhotenstv\u00ed. Ka\u017ed\u00e1 cigareta po\u0161kozuje rizika kou\u0159en\u00ed pro zdrav\u00ed \u017eeny, p\u0159\u00edpadn\u011b d\u016fsledky kou\u0159en\u00ed pro \u017eivot d\u00edt\u011bte, tak, jak je to tady definov\u00e1no. Podrobnosti jsou potom samoz\u0159ejm\u011b na webu slz cz. J\u00e1 se je\u0161t\u011b chci zastavit u jednoho, v uvozovk\u00e1ch typu kou\u0159en\u00ed, a to je kou\u0159en\u00ed z t\u0159et\u00ed ruky, tzv. co\u017e je situace, kdy si n\u011bkdo zakou\u0159\u00ed, dejme tomu, v dom\u011b, v byt\u011b a z\u016fst\u00e1v\u00e1, z\u016fst\u00e1vaj\u00ed d\u016fsledky toho kou\u0159en\u00ed na n\u00e1bytku, na koberci, p\u0159\u00edpadn\u011b na oble\u010den\u00ed nebo vlasech toho \u010dlov\u011bka, jak\u00e9 jsou d\u016fsledky pro okol\u00ed?<br \/><br \/>mluv\u010d\u00ed 1,<br \/>&#8212;&#8212;&#8212;&#8212;&#8212;&#8212;&#8211;<br \/>No, jsou to mikroskopick\u00e9, mikroskopick\u00e1 mno\u017estv\u00ed, nicm\u00e9n\u011b tam jsou t\u0159eba pozn\u00e1te v m\u00edstnosti, kde se dlouho nekou\u0159ilo, ale p\u0159ece jenom tam ten kou\u0159 c\u00edt\u00edte, nebo maminka, kter\u00e1 se jde zakou\u0159it na balkon, vrac\u00ed se zp\u00e1tky, tak m\u016f\u017ee m\u00edt na pleti, na vlasech, na \u0161atech n\u011bjak\u00e9 stopov\u00e9 mno\u017estv\u00ed t\u011bch toxick\u00fdch l\u00e1tek, m\u011bla by si t\u0159eba om\u00fdt obli\u010dej, ale dokud ji nikdo neolizuje, tak to asi velk\u00e9 nebezpe\u010d\u00ed nen\u00ed.<br \/><br \/>Daniel Stach, moder\u00e1tor \u010cT<br \/>&#8212;&#8212;&#8212;&#8212;&#8212;&#8212;&#8211;<br \/>Co\u017e by bylo n\u011bjak\u00e9 miminko. P\u0159edpokl\u00e1d\u00e1m, jak\u00e9 pro n\u011bj m\u016f\u017ee m\u00edt d\u016fsledky, pokud najde n\u011bco a t\u0159eba mal\u00e9 desetim\u011bs\u00ed\u010dn\u00ed mimino vyv\u00fdk\u00e1 cigaretu.<br \/><br \/>mluv\u010d\u00ed 1,<br \/>&#8212;&#8212;&#8212;&#8212;&#8212;&#8212;&#8211;<br \/>No, tak to u\u017e je n\u011bco jin\u00e9ho.<br \/><br \/>mluv\u010d\u00ed 2,<br \/>&#8212;&#8212;&#8212;&#8212;&#8212;&#8212;&#8211;<br \/>To samoz\u0159ejm\u011b ano.<br \/><br \/>mluv\u010d\u00ed 1,<br \/>&#8212;&#8212;&#8212;&#8212;&#8212;&#8212;&#8211;<br \/>To samoz\u0159ejm\u011b se m\u016f\u017ee intoxikovat, proto\u017ee cigareta obsahuje asi 15 mg nikotinu.<br \/><br \/>mluv\u010d\u00ed 2,<br \/>&#8212;&#8212;&#8212;&#8212;&#8212;&#8212;&#8211;<br \/>V\u011bt\u0161ina V tu chv\u00edli postupovat.<br \/><br \/>mluv\u010d\u00ed 1,<br \/>&#8212;&#8212;&#8212;&#8212;&#8212;&#8212;&#8211;<br \/>No, tak nejl\u00e9pe se dot\u00e1zat, m\u00e1me toxikologick\u00e9 informa\u010dn\u00ed centrum, co\u017e je 20. \u010cty\u0159hodinov\u00e1 slu\u017eba. Tam je mo\u017en\u00e9 zavolat a probrat.<br \/><br \/>Daniel Stach, moder\u00e1tor \u010cT<br \/>&#8212;&#8212;&#8212;&#8212;&#8212;&#8212;&#8211;<br \/>Zeptat se, tedy nechat si v tu chv\u00edli poradit.Kou\u0159en\u00ed m\u00e1 celou \u0159adu d\u016fsledk\u016f a nej\u010dast\u011bji zmi\u0148ovan\u00e1 je rakovina plic, nen\u00ed to ale jedin\u00fd d\u016fsledek pro organismus ku\u0159\u00e1ka.<br \/><br \/>Jaroslav Zoula, redaktor \u010cT<br \/>&#8212;&#8212;&#8212;&#8212;&#8212;&#8212;&#8211;<br \/>U zdravotn\u00edch dopad\u016f kou\u0159en\u00ed? Zdaleka nejde jen o pl\u00edce nebo d\u00fdchac\u00ed cesty, i kdy\u017e tady jsou jeho dopady jasn\u011b patrn\u00e9.Tento zlozvyk ale m\u00e1 \u0159adu negativn\u00ed negativn\u00edch d\u016fsledk\u016f, t\u0159eba v urologick\u00e9 nebo gynekologick\u00e9 oblasti, od n\u00e1dor\u016f, mo\u010dov\u00fdch cest nebo m\u011bch\u00fd\u0159e a\u017e po riziko neplodnosti nebo sexu\u00e1ln\u00ed dysfunkce u mu\u017e\u016f?<br \/><br \/>mluv\u010d\u00ed 8,<br \/>&#8212;&#8212;&#8212;&#8212;&#8212;&#8212;&#8211;<br \/>Erekce je z nejv\u011bt\u0161\u00ed \u010d\u00e1sti zp\u016fsoben\u00e1 roz\u0161\u00ed\u0159en\u00edm c\u00e9v v oblasti penisu a nikotina ostatn\u00ed \u0161kodliv\u00e9 l\u00e1tky, kter\u00e9 jsou cigaretov\u00e9m kou\u0159i, ty c\u00e9vy zu\u017euj\u00ed a mohou zp\u016fsobit poruchu erekce.<br \/><br \/>Jaroslav Zoula, redaktor \u010cT<br \/>&#8212;&#8212;&#8212;&#8212;&#8212;&#8212;&#8211;<br \/>P\u0159itom u neplodnosti je efekt, kter\u00fd p\u0159inese konec kou\u0159en\u00ed, vid\u011bt pom\u011brn\u011b rychle.<br \/><br \/>mluv\u010d\u00ed 8,<br \/>&#8212;&#8212;&#8212;&#8212;&#8212;&#8212;&#8211;<br \/>Do dal\u0161\u00edch t\u0159\u00ed m\u011bs\u00edc\u016f, do nov\u00e9ho spermiogramu, vy\u0161et\u0159en\u00ed plodnosti.<br \/><br \/>Jaroslav Zoula, redaktor \u010cT<br \/>&#8212;&#8212;&#8212;&#8212;&#8212;&#8212;&#8211;<br \/>Slo\u017eit\u011bj\u0161\u00ed a prov\u00e1zan\u011bj\u0161\u00ed vztah m\u00e1 kou\u0159en\u00ed s psychiatrick\u00fdmi obt\u00ed\u017eemi. M\u016f\u017ee hr\u00e1t roli jak p\u0159i jejich vzniku.<br \/><br \/>mluv\u010d\u00ed 9,<br \/>&#8212;&#8212;&#8212;&#8212;&#8212;&#8212;&#8211;<br \/>My v\u00edme, \u017ee lid\u00e9, kte\u0159\u00ed za\u010d\u00ednaj\u00ed p\u0159edev\u0161\u00edm v \u010dasn\u00e9m v\u011bku kou\u0159it, tak mohou b\u00fdt v\u00edce ohro\u017een\u00ed \u00fazkostn\u00fdmi a depresivn\u00edmi poruchami.<br \/><br \/>Jaroslav Zoula, redaktor \u010cT<br \/>&#8212;&#8212;&#8212;&#8212;&#8212;&#8212;&#8211;<br \/>Tak m\u016f\u017ee komplikovat i jejich pr\u016fb\u011bh. M\u00e1 tak\u00e9 vliv na \u00fa\u010dinky l\u00e9k\u016f, kter\u00e9 psychiatri\u010dt\u00ed pacienti dost\u00e1vaj\u00ed.<br \/><br \/>mluv\u010d\u00ed 9,<br \/>&#8212;&#8212;&#8212;&#8212;&#8212;&#8212;&#8211;<br \/>Doch\u00e1z\u00ed k rychlej\u0161\u00edmu metabolismu t\u011bch l\u00e9\u010div\u00fdch p\u0159\u00edpravk\u016f, tak\u017ee se sni\u017euje expozice toho t\u011bla t\u011bm l\u00e1tk\u00e1m. A druh\u00e1 v\u011bc je, \u017ee doch\u00e1z\u00ed k ovlivn\u011bn\u00ed dopaminern\u00edho syst\u00e9mu, na kter\u00fdm c\u00edl\u00edme nap\u0159\u00edklad p\u0159i l\u00e9\u010db\u011b schizofrenie.<br \/><br \/>Jaroslav Zoula, redaktor \u010cT<br \/>&#8212;&#8212;&#8212;&#8212;&#8212;&#8212;&#8211;<br \/>A Probl\u00e9my nast\u00e1vaj\u00ed i v oblasti, kterou \u0161kodliv\u00fd kou\u0159 do lidsk\u00e9ho t\u011bla vstupuje.V \u00fastech m\u016f\u017ee kou\u0159en\u00ed zp\u016fsobit celou \u0159adu d\u016fsledk\u016f, od pouh\u00e9ho siln\u011bj\u0161\u00edho povlaku jazyka a\u017e po n\u00e1dory jazyka nebo d\u00e1sn\u00ed a m\u016f\u017ee v\u00e9st i ke ztr\u00e1t\u011b zub\u016f. Jaroslav Zoula, \u010cesk\u00e1 televize.<br \/><br \/>Daniel Stach, moder\u00e1tor \u010cT<br \/>&#8212;&#8212;&#8212;&#8212;&#8212;&#8212;&#8211;<br \/>Jak se, pan\u00ed profesorko, mus\u00ed upravovat l\u00e9\u010dba co do nasazen\u00fdch l\u00e9k\u016f, jejich d\u00e1vek, mno\u017estv\u00ed okam\u017eiku, kdy \u010dlov\u011bk kou\u0159\u00ed, anebo naopak p\u0159estal kou\u0159it.<br \/><br \/>mluv\u010d\u00ed 1,<br \/>&#8212;&#8212;&#8212;&#8212;&#8212;&#8212;&#8211;<br \/>To je n\u011bco, \u010demu bychom m\u011bli v\u011bnovat pozornost, proto\u017ee l\u00e1tky v kou\u0159i, a zd\u016fraznila bych, \u017ee to nen\u00ed nikotin, ale l\u00e1tky, kter\u00e9 vznikaj\u00ed p\u0159i spalov\u00e1n\u00ed, zejm\u00e9na polyhalegenov\u00e9 uhlovod\u00edky, urychluj\u00ed metabolismus, \u010dili vylu\u010dov\u00e1n\u00ed \u0159ady l\u00e9k\u016f, to znamen\u00e1, t\u0159eba v t\u00e9 psychiatrii pacienti sice vn\u00edmaj\u00ed men\u0161\u00ed ne\u017e\u00e1douc\u00ed \u00fa\u010dinky, kdy\u017e kou\u0159\u00ed, ale to je d\u00e1no t\u00edm, \u017ee ten l\u00e9k m\u00e1 men\u0161\u00ed \u00fa\u010dinnost, rychleji se vylou\u010d\u00ed, \u010dili kdyby nekou\u0159ili, mohli by br\u00e1t men\u0161\u00ed d\u00e1vku, ale net\u00fdk\u00e1 se to v\u0161ech l\u00e9k\u016f, ale bylo prok\u00e1z\u00e1no, \u017ee je to n\u011bkolik metaboliza\u010dn\u00edch center, \u010dili ty l\u00e9ky, kter\u00e9 se metabolizuj\u00ed v t\u011bch centrech, by mohly b\u00fdt ovlivn\u011bny, ale je to v\u017edycky individu\u00e1ln\u00ed a pokud pacienti takov\u00e9 l\u00e9ky u\u017e\u00edvaj\u00ed, tak se v\u017edycky sna\u017e\u00edme spojit s t\u00edm l\u00e9ka\u0159em, kter\u00fd jim je p\u00ed\u0161e, aby v\u011bd\u011bl, \u017ee kou\u0159it p\u0159est\u00e1vaj\u00ed a p\u0159\u00edpadn\u011b d\u00e1vku upravil.<br \/><br \/>Daniel Stach, moder\u00e1tor \u010cT<br \/>&#8212;&#8212;&#8212;&#8212;&#8212;&#8212;&#8211;<br \/>Jak\u00e9 jsou d\u016fsledky v okam\u017eiku, kdy jde \u010dlov\u011bk do anestezie, kdy\u017e dost\u00e1v\u00e1 anestezie?<br \/><br \/>mluv\u010d\u00ed 1,<br \/>&#8212;&#8212;&#8212;&#8212;&#8212;&#8212;&#8211;<br \/>To v\u00e1m jist\u011b anesteziolog m\u016f\u017ee \u0159\u00edct, \u017ee v\u011bt\u0161inou pot\u0159ebuj\u00ed v\u011bt\u0161\u00ed d\u00e1vku na usp\u00e1n\u00ed, maj\u00ed v\u00edc probl\u00e9m\u016f s ka\u0161lem, kter\u00e9, d\u00fdchac\u00edch nebo respira\u010dn\u00edch komplikac\u00ed a \u010dast\u011bji a d\u00e9le jsou na jednotce intenzivn\u00ed p\u00e9\u010de a maj\u00ed v\u00edc komplikac\u00ed poopera\u010dn\u00edch, tak\u017ee ta anestezie m\u00e1 tro\u0161ku jin\u00fd pr\u016fb\u011bh a anesteziolog se v\u011bt\u0161inou pt\u00e1 na kou\u0159en\u00ed pacienta.<br \/><br \/>Daniel Stach, moder\u00e1tor \u010cT<br \/>&#8212;&#8212;&#8212;&#8212;&#8212;&#8212;&#8211;<br \/>Je tak\u00e9 v\u011bt\u0161\u00ed probl\u00e9m dostat se z ventil\u00e1tor\u016f pry\u010d, tedy \u017ee p\u0159\u00edpadn\u011b ty u\u017e po\u0161kozen\u00e9 pl\u00edce maj\u00ed v\u011bt\u0161\u00ed probl\u00e9m za\u010d\u00edt znovu pracovat.<br \/><br \/>mluv\u010d\u00ed 1,<br \/>&#8212;&#8212;&#8212;&#8212;&#8212;&#8212;&#8211;<br \/>Ur\u010dit\u011b a je to zase individu\u00e1ln\u00ed, jestli \u0159asinky je\u0161t\u011b existuj\u00ed a jak se obnovuj\u00ed, anebo u\u017e tam v\u016fbec nejsou, to se taky m\u016f\u017ee st\u00e1t.<br \/><br \/>Daniel Stach, moder\u00e1tor \u010cT<br \/>&#8212;&#8212;&#8212;&#8212;&#8212;&#8212;&#8211;<br \/>Tedy obecn\u011b m\u016f\u017eeme \u0159\u00edct, \u017ee ta poopera\u010dn\u00ed l\u00e9\u010dba bude del\u0161\u00ed, n\u00e1kladn\u011bj\u0161\u00ed.<br \/><br \/>mluv\u010d\u00ed 1,<br \/>&#8212;&#8212;&#8212;&#8212;&#8212;&#8212;&#8211;<br \/>A Ano, to je prok\u00e1z\u00e1no, \u017ee po jak\u00e9koliv operaci je ku\u0159\u00e1k d\u00e9le, asi o dva dny d\u00e9le hospitalizov\u00e1n ne\u017e neku\u0159\u00e1k, \u010dili to by m\u011blo t\u0159eba zaj\u00edmat zdravotn\u00ed poji\u0161\u0165ovny, proto\u017ee kdy\u017e vynech\u00e1me tedy lidsk\u00e9 utrpen\u00ed, tak ta hospitalizace stoj\u00ed pen\u00edze, zejm\u00e9na intenzivn\u00ed p\u00e9\u010de.<br \/><br \/>Daniel Stach, moder\u00e1tor \u010cT<br \/>&#8212;&#8212;&#8212;&#8212;&#8212;&#8212;&#8211;<br \/>A dost\u00e1v\u00e1 se tam \u010dlov\u011bk hlavn\u011b kv\u016fli tis\u00edc\u016fm.\u010casto toxick\u00fdch, ka\u017edop\u00e1dn\u011b potenci\u00e1ln\u011b nebezpe\u010dn\u00fdch l\u00e1tek, kter\u00e9 jsou v cigaret\u00e1ch, poj\u010fme, pros\u00edm, srovnat to, co se k \u010dlov\u011bku m\u016f\u017ee dostat? M\u00e1me cigarety, elektronick\u00e9 cigarety, zah\u0159\u00edvan\u00fd tab\u00e1k, jak vych\u00e1z\u00ed ve srovn\u00e1n\u00ed nebezpe\u010dnosti a d\u016fsledk\u016f pro organismus?<br \/><br \/>mluv\u010d\u00ed 1,<br \/>&#8212;&#8212;&#8212;&#8212;&#8212;&#8212;&#8211;<br \/>Tak pokud se pt\u00e1te na zdravotn\u00ed riziko, proto\u017ee riziko z\u00e1vislosti je n\u011bco \u00fapln\u011b jin\u00e9ho, to m\u016f\u017ee vzniknout v\u017edycky, kdy\u017e se nikotin vst\u0159eb\u00e1v\u00e1 rychle a hodn\u011b, ale riziko pro zdrav\u00ed skute\u010dn\u011b souvis\u00ed s kou\u0159em, \u010dili pokud je tam kou\u0159, jsou tam tis\u00edce l\u00e1tek, jak jste \u0159ekl, a to riziko je maxim\u00e1ln\u00ed, na druh\u00e9 stran\u011b jedin\u00e9, co je bez rizika, je zcela jist\u011b \u010dist\u00fd vzduch, \u010dili j\u00e1 bych necht\u011bla \u0159\u00edct, \u017ee n\u011bjak\u00e1 forma nikotinu je zdrav\u011bj\u0161\u00ed, to ur\u010dit\u011b ne, ale m\u00e9n\u011b \u0161kodliv\u00e9 u\u017e\u00edv\u00e1n\u00ed nikotinu bez kou\u0159e ur\u010dit\u011b je ne\u017e s kou\u0159em, tak\u017ee nejm\u00e9n\u011b \u0161kodliv\u00e9 jsou ty p\u0159\u00edpravky, kter\u00e9 obsahuj\u00ed \u010dist\u00fd nikotin, kter\u00fd se nezah\u0159\u00edv\u00e1, to znamen\u00e1 nejl\u00e9pe nikotin z l\u00e9k\u00e1rny, mimochodem nikotin je taky na seznamu z\u00e1kladn\u00edch l\u00e9k\u016f sv\u011btov\u00e9 zdravotnick\u00e9 organizace, jak u\u017e tady padlo, pak by tam by pat\u0159ily potom i nikotinov\u00e9 s\u00e1\u010dky, kter\u00e9 samoz\u0159ejm\u011b \u017e\u00e1dn\u00e1 z forem nikotinu nen\u00ed ur\u010den\u00e1 neku\u0159\u00e1k\u016fm, v\u010detn\u011b d\u011bt\u00ed, to je zcela bez debaty, pak by byly elektronick\u00e9 cigarety, to znamen\u00e1 n\u011bco, co obsahuje pouze tekutinu, nikoliv tab\u00e1k, a ty jsou bu\u010f nikotinem, nebo i bez n\u011bj a pak nen\u00ed dlouho nic, pak by byl zah\u0159\u00edvan\u00fd tab\u00e1k, kter\u00fd u\u017e se zah\u0159\u00edv\u00e1, je tam tab\u00e1k, zah\u0159\u00edv\u00e1 se na teplotu, kter\u00e1 se bl\u00ed\u017e\u00ed teplot\u011b ho\u0159en\u00ed a jaksi do 350 \u00b0C, a to zdravotn\u00ed riziko se bl\u00ed\u017e\u00ed, riziko kou\u0159en\u00ed, pak jsou teda cigarety.<br \/><br \/>Daniel Stach, moder\u00e1tor \u010cT<br \/>&#8212;&#8212;&#8212;&#8212;&#8212;&#8212;&#8211;<br \/>D\u00e1 se \u0159\u00edct, \u017ee u n\u011b\u010deho se zbavuje t\u00e9 z\u00e1vislosti z va\u0161\u00ed zku\u0161enosti \u010dlov\u011bk h\u016f\u0159e ne\u017e u cigaret?<br \/><br \/>mluv\u010d\u00ed 1,<br \/>&#8212;&#8212;&#8212;&#8212;&#8212;&#8212;&#8211;<br \/>No. Zat\u00edm se n\u00e1m zd\u00e1, \u017ee pokud na\u0161i pacienti p\u0159e\u0161li na zejm\u00e9na iQOS, co\u017e je forma zah\u0159\u00edvan\u00e9ho tab\u00e1ku, tak prakticky v\u0161ichni se shoduj\u00ed na tom, \u017ee zv\u00fd\u0161ili spot\u0159ebu a taky se zbavuj\u00ed ikosu h\u016f\u0159 ne\u017e p\u0159edt\u00edm cigaret. Tak\u017ee to je asi velmi siln\u011b n\u00e1vykov\u00e1 forma.<br \/><br \/>Daniel Stach, moder\u00e1tor \u010cT<br \/>&#8212;&#8212;&#8212;&#8212;&#8212;&#8212;&#8211;<br \/>Pan\u00ed profesorko, posledn\u00ed ot\u00e1zkou nekou\u0159it pro ku\u0159\u00e1ka, kter\u00e9mu se poda\u0159ilo nekou\u0159it, znamen\u00e1 co?<br \/><br \/>mluv\u010d\u00ed 1,<br \/>&#8212;&#8212;&#8212;&#8212;&#8212;&#8212;&#8211;<br \/>No, ur\u010dit\u011b v\u00fdhru a radost, j\u00e1 bych \u0159ekla hlavn\u011b radost, pokud p\u0159ijde \u00fasp\u011b\u0161n\u00fd pacient, otev\u0159e dve\u0159e, tak vid\u00edte, \u017ee sv\u00edt\u00edm a \u0159\u00edk\u00e1, kone\u010dn\u011b jsem se toho zbavil.<br \/><br \/>Daniel Stach, moder\u00e1tor \u010cT<br \/>&#8212;&#8212;&#8212;&#8212;&#8212;&#8212;&#8211;<br \/>Popisuje pan\u00ed prof. Kr\u00e1l\u00edkov\u00e1, kter\u00e1 dnes byla hostem Hyde parku civilizace, pan\u00ed profesorko, moc v\u00e1m za to d\u011bkuji.<br \/><br \/><\/p>\n","protected":false},"excerpt":{"rendered":"<div class=\"mh-excerpt\"><p>Prvn\u00ed cigaretu si u n\u00e1s budouc\u00ed ku\u0159\u00e1k d\u00e1 typicky v 10, 11, nebo 12 letech \u017eivota, drtiv\u00e1 v\u011bt\u0161ina za\u010dne kou\u0159it, je\u0161t\u011b ne\u017e je dosp\u011bl\u00e1. Popisuje <a class=\"mh-excerpt-more\" href=\"https:\/\/www.invarena.cz\/?p=42366\" title=\"O kou\u0159en\u00ed s MUDr. Kr\u00e1l\u00edkovou\">[&#8230;]<\/a><\/p>\n<\/div>","protected":false},"author":1,"featured_media":14623,"comment_status":"open","ping_status":"closed","sticky":false,"template":"","format":"standard","meta":{"footnotes":""},"categories":[12],"tags":[],"class_list":["post-42366","post","type-post","status-publish","format-standard","has-post-thumbnail","hentry","category-rozhovory"],"_links":{"self":[{"href":"https:\/\/www.invarena.cz\/index.php?rest_route=\/wp\/v2\/posts\/42366","targetHints":{"allow":["GET"]}}],"collection":[{"href":"https:\/\/www.invarena.cz\/index.php?rest_route=\/wp\/v2\/posts"}],"about":[{"href":"https:\/\/www.invarena.cz\/index.php?rest_route=\/wp\/v2\/types\/post"}],"author":[{"embeddable":true,"href":"https:\/\/www.invarena.cz\/index.php?rest_route=\/wp\/v2\/users\/1"}],"replies":[{"embeddable":true,"href":"https:\/\/www.invarena.cz\/index.php?rest_route=%2Fwp%2Fv2%2Fcomments&post=42366"}],"version-history":[{"count":0,"href":"https:\/\/www.invarena.cz\/index.php?rest_route=\/wp\/v2\/posts\/42366\/revisions"}],"wp:featuredmedia":[{"embeddable":true,"href":"https:\/\/www.invarena.cz\/index.php?rest_route=\/wp\/v2\/media\/14623"}],"wp:attachment":[{"href":"https:\/\/www.invarena.cz\/index.php?rest_route=%2Fwp%2Fv2%2Fmedia&parent=42366"}],"wp:term":[{"taxonomy":"category","embeddable":true,"href":"https:\/\/www.invarena.cz\/index.php?rest_route=%2Fwp%2Fv2%2Fcategories&post=42366"},{"taxonomy":"post_tag","embeddable":true,"href":"https:\/\/www.invarena.cz\/index.php?rest_route=%2Fwp%2Fv2%2Ftags&post=42366"}],"curies":[{"name":"wp","href":"https:\/\/api.w.org\/{rel}","templated":true}]}}