{"id":42370,"date":"2023-09-27T10:49:27","date_gmt":"2023-09-27T08:49:27","guid":{"rendered":"https:\/\/www.invarena.cz\/?p=42370"},"modified":"2023-09-27T10:49:32","modified_gmt":"2023-09-27T08:49:32","slug":"rekvalifikacni-kurzy-s-prispevkem-do-50-tisic-kc","status":"publish","type":"post","link":"https:\/\/www.invarena.cz\/?p=42370","title":{"rendered":"Rekvalifika\u010dn\u00ed kurzy s p\u0159\u00edsp\u011bvkem do 50 tis\u00edc K\u010d\u00a0\u00a0"},"content":{"rendered":"\n<p>Psan\u00ed v\u0161emi deseti, pr\u00e1ce v grafick\u00e9m studiu nebo t\u0159eba \u0161it\u00ed bra\u0161en a hl\u00edd\u00e1n\u00ed d\u011bt\u00ed. To je pouze mal\u00fd v\u00fdb\u011br z rekvalifika\u010dn\u00edch kurz\u016f, kter\u00e9 se v dob\u011b, kdy sice pomalu, ale p\u0159ece jen roste nezam\u011bstnanost, konaj\u00ed. V\u011bt\u0161inu z nich po\u0159\u00e1d\u00e1 Ministerstvo pr\u00e1ce a soci\u00e1ln\u00edch v\u011bc\u00ed ve spolupr\u00e1ci s \u00da\u0159adem pr\u00e1ce.<br \/><br \/>Prima\u00a0&#8211; Hlavn\u00ed zpr\u00e1vy<br \/>&#8212;&#8212;&#8212;&#8212;&#8212;&#8212;&#8211;<br \/>Podle expert\u016f zvy\u0161uje absolvov\u00e1n\u00ed kurzu \u0161anci uplatnit se na trhu pr\u00e1ce.<br \/><br \/>redaktorka<br \/>&#8212;&#8212;&#8212;&#8212;&#8212;&#8212;&#8211;<br \/>Vylep\u0161en\u00ed \u017eivotopisu, dopln\u011bn\u00ed znalost\u00ed nebo zv\u00fd\u0161en\u00ed ceny na trhu. To jsou nej\u010dast\u011bji uv\u00e1d\u011bn\u00e9 d\u016fvody, pro\u010d se lid\u00e9 hl\u00e1s\u00ed na rekvalifikaci.<br \/><br \/>Jaroslav Damborsk\u00fd, jednatel spole\u010dnosti Orange Academy<br \/>&#8212;&#8212;&#8212;&#8212;&#8212;&#8212;&#8211;<br \/>Letos m\u00e1me asi o 40 % v\u011bt\u0161\u00ed n\u00e1r\u016fst, tak te\u010f vid\u00edm, \u017ee je pom\u011brn\u011b velkej z\u00e1jem o ty rekvalifika\u010dn\u00ed kurzy.<br \/><br \/>Vojt\u011bch Bedn\u00e1\u0159, firemn\u00ed sociolog<br \/>&#8212;&#8212;&#8212;&#8212;&#8212;&#8212;&#8211;<br \/>Z pohledu zam\u011bstnavatel\u016f jsou mnohem atraktivn\u011bj\u0161\u00ed zam\u011bstnanci, kte\u0159\u00ed nesetrv\u00e1vaj\u00ed pouze u jedin\u00e9 znalosti.<br \/><br \/>redaktorka<br \/>&#8212;&#8212;&#8212;&#8212;&#8212;&#8212;&#8211;<br \/>A lid\u00e9 cht\u011bj\u00ed j\u00edt s dobou.<br \/><br \/>Jana Mal\u00e1, n\u00e1rodn\u00ed koordin\u00e1torka Evropsk\u00e9ho roku dovednost\u00ed, vrchn\u00ed ministersk\u00fd rada\u00a0<strong>MPSV<\/strong><br \/>&#8212;&#8212;&#8212;&#8212;&#8212;&#8212;&#8211;<br \/>M\u00e1me tam velmi popt\u00e1van\u00e9 kurzy, t\u0159eba mont\u00e9r\u016f fotovoltaiky, pak je tam nap\u0159\u00edklad kurzy typu IT bezpe\u010dnost v cloudu, anebo tak\u00e9 digit\u00e1ln\u00ed dabing.<br \/><br \/>Kate\u0159ina Ber\u00e1nkov\u00e1, mluv\u010d\u00ed \u00da\u0159adu pr\u00e1ce \u010cR<br \/>&#8212;&#8212;&#8212;&#8212;&#8212;&#8212;&#8211;<br \/>Tou nej\u010dast\u011bji realizovanou rekvalifikac\u00ed jsou kurzy \u010desk\u00e9ho jazyka pro cizince a d\u00e1le po\u010d\u00edta\u010dov\u00e9 kurzy, kurzy zam\u011b\u0159en\u00e9 na z\u00edsk\u00e1n\u00ed \u0159idi\u010dsk\u00fdch pr\u016fkaz\u016f a tak\u00e9 kurzy pro pracovn\u00edky v soci\u00e1ln\u00ed oblasti.<br \/><br \/>Vojt\u011bch Bedn\u00e1\u0159, firemn\u00ed sociolog<br \/>&#8212;&#8212;&#8212;&#8212;&#8212;&#8212;&#8211;<br \/>Z\u00e1jem je p\u0159edev\u0161\u00edm o specialisty prakticky nap\u0159\u00ed\u010d v\u0161emi r\u016fzn\u00fdmi obory.<br \/><br \/>Monika Ber\u00e1nkov\u00e1, redaktorka<br \/>&#8212;&#8212;&#8212;&#8212;&#8212;&#8212;&#8211;<br \/>Rekvalifika\u010dn\u00ed kurzy nab\u00edzej\u00ed \u0161kolic\u00ed centra, n\u011bkte\u0159\u00ed zam\u011bstnavatel\u00e9 i \u00fa\u0159ady pr\u00e1ce, kter\u00e9 mohou pomoci s financov\u00e1n\u00edm.<br \/><br \/>Zuzana Kl\u00edmov\u00e1, z\u00e1stupkyn\u011b port\u00e1lu Rekvalifika\u010dn\u00edkurzy.cz<br \/>&#8212;&#8212;&#8212;&#8212;&#8212;&#8212;&#8211;<br \/>Nab\u00edz\u00edme aktu\u00e1ln\u011b kurzy vlastn\u011b z \u00fa\u010detnictv\u00ed, mzdov\u00e9 \u00fa\u010detnictv\u00ed, personalistiku a posledn\u00ed dobou jsou obl\u00edben\u00e9 i kurzy po\u010d\u00edta\u010d\u016f.<br \/><br \/>Jana Mal\u00e1, n\u00e1rodn\u00ed koordin\u00e1torka Evropsk\u00e9ho roku dovednost\u00ed, vrchn\u00ed ministersk\u00fd rada\u00a0<strong>MPSV<\/strong><br \/>&#8212;&#8212;&#8212;&#8212;&#8212;&#8212;&#8211;<br \/>Jsou to ty kurzy zam\u011b\u0159en\u00e9 na digit\u00e1ln\u00ed vzd\u011bl\u00e1v\u00e1n\u00ed a \u00da\u0159ad pr\u00e1ce v\u00e1m na n\u011b poskytne p\u0159\u00edsp\u011bvek a\u017e do v\u00fd\u0161e 50 000 K\u010d.<br \/><br \/>Monika Ber\u00e1nkov\u00e1, redaktorka<br \/>&#8212;&#8212;&#8212;&#8212;&#8212;&#8212;&#8211;<br \/>Krom\u011b v\u00fd\u0161e zm\u00edn\u011bn\u00fdch kurz\u016f, t\u011bch typick\u00fdch, je mo\u017en\u00e9 absolvovat i netradi\u010dn\u00ed, jako nap\u0159\u00edklad administr\u00e1tor krematoria. <\/p>\n\n\n\n<p>CNN Prima News.<\/p>\n\n\n\n<p><\/p>\n","protected":false},"excerpt":{"rendered":"<div class=\"mh-excerpt\"><p>Psan\u00ed v\u0161emi deseti, pr\u00e1ce v grafick\u00e9m studiu nebo t\u0159eba \u0161it\u00ed bra\u0161en a hl\u00edd\u00e1n\u00ed d\u011bt\u00ed. To je pouze mal\u00fd v\u00fdb\u011br z rekvalifika\u010dn\u00edch kurz\u016f, kter\u00e9 se v <a class=\"mh-excerpt-more\" href=\"https:\/\/www.invarena.cz\/?p=42370\" title=\"Rekvalifika\u010dn\u00ed kurzy s p\u0159\u00edsp\u011bvkem do 50 tis\u00edc K\u010d\u00a0\u00a0\">[&#8230;]<\/a><\/p>\n<\/div>","protected":false},"author":1,"featured_media":14065,"comment_status":"open","ping_status":"closed","sticky":false,"template":"","format":"standard","meta":{"footnotes":""},"categories":[9],"tags":[],"class_list":["post-42370","post","type-post","status-publish","format-standard","has-post-thumbnail","hentry","category-zpravy"],"_links":{"self":[{"href":"https:\/\/www.invarena.cz\/index.php?rest_route=\/wp\/v2\/posts\/42370","targetHints":{"allow":["GET"]}}],"collection":[{"href":"https:\/\/www.invarena.cz\/index.php?rest_route=\/wp\/v2\/posts"}],"about":[{"href":"https:\/\/www.invarena.cz\/index.php?rest_route=\/wp\/v2\/types\/post"}],"author":[{"embeddable":true,"href":"https:\/\/www.invarena.cz\/index.php?rest_route=\/wp\/v2\/users\/1"}],"replies":[{"embeddable":true,"href":"https:\/\/www.invarena.cz\/index.php?rest_route=%2Fwp%2Fv2%2Fcomments&post=42370"}],"version-history":[{"count":0,"href":"https:\/\/www.invarena.cz\/index.php?rest_route=\/wp\/v2\/posts\/42370\/revisions"}],"wp:featuredmedia":[{"embeddable":true,"href":"https:\/\/www.invarena.cz\/index.php?rest_route=\/wp\/v2\/media\/14065"}],"wp:attachment":[{"href":"https:\/\/www.invarena.cz\/index.php?rest_route=%2Fwp%2Fv2%2Fmedia&parent=42370"}],"wp:term":[{"taxonomy":"category","embeddable":true,"href":"https:\/\/www.invarena.cz\/index.php?rest_route=%2Fwp%2Fv2%2Fcategories&post=42370"},{"taxonomy":"post_tag","embeddable":true,"href":"https:\/\/www.invarena.cz\/index.php?rest_route=%2Fwp%2Fv2%2Ftags&post=42370"}],"curies":[{"name":"wp","href":"https:\/\/api.w.org\/{rel}","templated":true}]}}