{"id":42417,"date":"2023-09-26T12:34:08","date_gmt":"2023-09-26T10:34:08","guid":{"rendered":"https:\/\/www.invarena.cz\/?p=42417"},"modified":"2023-09-26T12:34:33","modified_gmt":"2023-09-26T10:34:33","slug":"situaci-v-oblasti-zadosti-o-duchod-a-jejich-vyrizovani-se-postupne-dari-stabilizovat","status":"publish","type":"post","link":"https:\/\/www.invarena.cz\/?p=42417","title":{"rendered":"\u010cSSZ: Situaci v\u00a0oblasti \u017e\u00e1dost\u00ed o d\u016fchod a jejich vy\u0159izov\u00e1n\u00ed se postupn\u011b da\u0159\u00ed stabilizovat"},"content":{"rendered":"\n<p><strong>Zat\u00edmco v&nbsp;roce 2021 bylo b\u011bhem cel\u00e9ho roku pod\u00e1no 30&nbsp;006 \u017e\u00e1dost\u00ed o p\u0159ed\u010dasn\u00fd starobn\u00ed d\u016fchod, v&nbsp;roce 2022 to bylo 80&nbsp;653 \u017e\u00e1dost\u00ed. A tento trend p\u0159etrv\u00e1val i v&nbsp;roce 2023, kdy do 15. z\u00e1\u0159\u00ed tohoto roku eviduje \u010cSSZ 86&nbsp;425 \u017e\u00e1dost\u00ed o p\u0159ed\u010dasn\u00fd starobn\u00ed d\u016fchod. V <\/strong><strong>obdob\u00ed od 1. do 15. z\u00e1\u0159\u00ed bylo pod\u00e1no celkem 4&nbsp;137 \u017e\u00e1dost\u00ed o p\u0159ed\u010dasn\u00fd starobn\u00ed d\u016fchod, co\u017e je zna\u010dn\u00fd pokles oproti p\u0159edchoz\u00edm m\u011bs\u00edc\u016fm, a lze p\u0159edpokl\u00e1dat, \u017ee se cel\u00e1 situace za\u010d\u00edn\u00e1 stabilizovat.<\/strong><\/p>\n\n\n\n<figure class=\"wp-block-table\"><table><tbody><tr><td colspan=\"13\"><strong>Po\u010dty nov\u011b sepsan\u00fdch \u017e\u00e1dost\u00ed o p\u0159ed\u010dasn\u00fd starobn\u00ed d\u016fchod<\/strong><\/td><td colspan=\"2\"><strong>&nbsp;<\/strong><\/td><\/tr><tr><td>ROK<\/td><td>leden<\/td><td>\u00fanor<\/td><td>b\u0159ezen<\/td><td>duben<\/td><td>kv\u011bten<\/td><td>\u010derven<\/td><td>\u010dervenec<\/td><td>srpen<\/td><td>z\u00e1\u0159\u00ed<\/td><td>\u0159\u00edjen<\/td><td>listopad<\/td><td colspan=\"2\">prosinec<\/td><td>CELKEM<\/td><\/tr><tr><td><strong>2021<\/strong><\/td><td>1 699<\/td><td>1 698<\/td><td>2 313<\/td><td>2 013<\/td><td>2 456<\/td><td>2 363<\/td><td>2 152<\/td><td>3 276<\/td><td>4 652<\/td><td>3 215<\/td><td>2 591<\/td><td colspan=\"2\">1 578<\/td><td><strong>30 006<\/strong><\/td><\/tr><tr><td><strong>2022<\/strong><\/td><td>2 972<\/td><td>2 439<\/td><td>3 010<\/td><td>2 330<\/td><td>2 710<\/td><td>2 775<\/td><td>2 160<\/td><td>3 536<\/td><td>4 077<\/td><td>16 949<\/td><td>24 653<\/td><td colspan=\"2\">13 042<\/td><td><strong>80 653<\/strong><\/td><\/tr><tr><td><strong>2023<\/strong><\/td><td>5 034<\/td><td>9 182<\/td><td>11 331<\/td><td>11 035<\/td><td>12 881<\/td><td>9 665<\/td><td>9 759<\/td><td>13 401<\/td><td>4 137<\/td><td><\/td><td><\/td><td colspan=\"2\"><\/td><td><strong>86 425<\/strong><\/td><\/tr><tr><td><\/td><td><\/td><td><\/td><td><\/td><td><\/td><td><\/td><td><\/td><td><\/td><td><\/td><td><\/td><td><\/td><td><\/td><td><\/td><td><\/td><td><\/td><\/tr><\/tbody><\/table><\/figure>\n\n\n\n<p>* Data za z\u00e1\u0159\u00ed v&nbsp;roce 2023 jsou za obdob\u00ed 1.\u201315. z\u00e1\u0159\u00ed.<\/p>\n\n\n\n<p><em>\u201eJe mo\u017en\u00e9, \u017ee se budu opakovat, ale toto obdob\u00ed je a bylo pro zam\u011bstnance \u010cesk\u00e9 spr\u00e1vy soci\u00e1ln\u00edho zabezpe\u010den\u00ed a okresn\u00edch spr\u00e1v soci\u00e1ln\u00edho zabezpe\u010den\u00ed velmi n\u00e1ro\u010dn\u00e9 a j\u00e1 si velmi v\u00e1\u017e\u00edm toho, jak k cel\u00e9 nelehk\u00e9 situaci p\u0159istoupili zodpov\u011bdn\u011b a d\u00edky jejich pracovn\u00edmu nasazen\u00ed se n\u00e1m da\u0159\u00ed v\u0161e stabilizovat. Od po\u010d\u00e1tku roku 2023 bylo oproti p\u0159edchoz\u00edmu obdob\u00ed roku 2022 zpracov\u00e1no o 31 % \u017e\u00e1dost\u00ed v\u00edce,\u201c<\/em> uvedl Franti\u0161ek Boh\u00e1\u010dek, \u00fast\u0159edn\u00ed \u0159editel \u010cesk\u00e9 spr\u00e1vy soci\u00e1ln\u00edho zabezpe\u010den\u00ed.<\/p>\n\n\n\n<figure class=\"wp-block-table\"><table><tbody><tr><td colspan=\"11\"><strong>Porovn\u00e1n\u00ed vy\u0159\u00edzen\u00fdch nov\u00fdch \u017e\u00e1dost\u00ed za stejn\u00e9 obdob\u00ed 2022<\/strong>\u2013<strong>2023<\/strong><\/td><\/tr><tr><td>ROK<\/td><td>leden<\/td><td>\u00fanor<\/td><td>b\u0159ezen<\/td><td>duben<\/td><td>kv\u011bten<\/td><td>\u010derven<\/td><td>\u010dervenec<\/td><td>srpen<\/td><td>z\u00e1\u0159\u00ed*<\/td><td>CELKEM<\/td><\/tr><tr><td><strong>2022<\/strong><strong><\/strong><\/td><td>12 244<\/td><td>14 310<\/td><td>15 926<\/td><td>15 263<\/td><td>17 679<\/td><td>17 536<\/td><td>14 581<\/td><td>13 771<\/td><td>9 335<\/td><td><strong>130 645<\/strong><\/td><\/tr><tr><td><strong>2023<\/strong><\/td><td>11 023<\/td><td>15 682<\/td><td>22 601<\/td><td>19 894<\/td><td>15 719<\/td><td>37 408<\/td><td>20 843<\/td><td>18 798<\/td><td>11&nbsp;138<\/td><td><strong>173 106<\/strong><\/td><\/tr><\/tbody><\/table><\/figure>\n\n\n\n<p>* Data za z\u00e1\u0159\u00ed v&nbsp;roce 2023 jsou za obdob\u00ed 1.\u201315. z\u00e1\u0159\u00ed.<\/p>\n\n\n\n<p><strong>D\u016fvod n\u00e1r\u016fstu<\/strong><\/p>\n\n\n\n<p>Na konci roku 2022 do\u0161lo vlivem ekonomick\u00fdch ud\u00e1lost\u00ed ke zcela v\u00fdjime\u010dn\u00e9 situaci, kdy odchod do p\u0159ed\u010dasn\u00e9ho starobn\u00edho d\u016fchodu mohl znamenat i v\u00fdraznou finan\u010dn\u00ed v\u00fdhodu oproti odchodu do d\u016fchodu v&nbsp;roce 2023. Z&nbsp;tohoto d\u016fvodu velk\u00e1 \u010d\u00e1st \u017e\u00e1dost\u00ed o p\u0159ed\u010dasn\u00fd starobn\u00ed d\u016fchod, kter\u00e9 byly sepisov\u00e1ny v&nbsp;leto\u0161n\u00edm roce, byla pouhou realizac\u00ed z\u00e1m\u011bru po\u017e\u00e1dat o d\u016fchod na z\u00e1klad\u011b p\u0159edchoz\u00edho pod\u00e1n\u00ed tiskopisu \u201eUplatn\u011bn\u00ed n\u00e1roku na d\u00e1vku d\u016fchodov\u00e9ho poji\u0161t\u011bn\u00ed\u201c v&nbsp;lo\u0148sk\u00e9m roce. Po\u010dty t\u011bchto tiskopis\u016f podan\u00fdch od \u010dervence tohoto roku budou vypo\u0159\u00e1d\u00e1v\u00e1ny v&nbsp;6 m\u011bs\u00edc\u00edch, kter\u00e9 po dni uplatn\u011bn\u00ed tiskopisu n\u00e1sleduj\u00ed. Sou\u010dasn\u011b od \u0159\u00edjna 2023 za\u010d\u00ednaj\u00ed platit nov\u00e1, p\u0159\u00edsn\u011bj\u0161\u00ed pravidla pro odchod do p\u0159ed\u010dasn\u00e9ho starobn\u00edho d\u016fchodu. S bl\u00ed\u017e\u00edc\u00edm se term\u00ednem zp\u0159\u00edsn\u011bn\u00ed se zv\u00fd\u0161il po\u010det nov\u00fdch \u017e\u00e1dost\u00ed<br \/>o p\u0159ed\u010dasn\u00fd d\u016fchod. N\u011bkte\u0159\u00ed klienti op\u011bt vyu\u017eili tiskopis \u201eUplatn\u011bn\u00ed n\u00e1roku na d\u00e1vku d\u016fchodov\u00e9ho poji\u0161t\u011bn\u00ed\u201c a o d\u016fchod teprve \u017e\u00e1dat budou.<\/p>\n\n\n\n<figure class=\"wp-block-table\"><table><tbody><tr><td colspan=\"11\"><strong>Po\u010dty nov\u011b podan\u00fdch tiskopis\u016f <a>\u201eUplatn\u011bn\u00ed n\u00e1roku na d\u00e1vku d\u016fchodov\u00e9ho poji\u0161t\u011bn\u00ed\u201c<\/a><\/strong><\/td><\/tr><tr><td>2022<\/td><td>leden<\/td><td>\u00fanor<\/td><td>b\u0159ezen<\/td><td>duben<\/td><td>kv\u011bten<\/td><td>\u010derven<\/td><td>\u010dervenec<\/td><td>srpen<\/td><td>z\u00e1\u0159\u00ed*<\/td><td>2023<\/td><\/tr><tr><td><strong>40 882<\/strong><\/td><td>149<\/td><td>85<\/td><td>241<\/td><td>987<\/td><td>3 058<\/td><td>4 688<\/td><td>8 977<\/td><td>26 060<\/td><td>3 706*<\/td><td><strong>47 951<\/strong><\/td><\/tr><\/tbody><\/table><\/figure>\n\n\n\n<p>* Data za z\u00e1\u0159\u00ed v&nbsp;roce 2023 jsou za obdob\u00ed 1.\u201315. z\u00e1\u0159\u00ed.<\/p>\n\n\n\n<p><br \/>Krom\u011b \u017e\u00e1dost\u00ed o p\u0159ed\u010dasn\u00fd starobn\u00ed d\u016fchod eviduje \u010cSSZ samoz\u0159ejm\u011b i \u017e\u00e1dosti o \u0159\u00e1dn\u00fd starobn\u00ed d\u016fchod, invalidn\u00ed d\u016fchod a poz\u016fstalostn\u00ed d\u016fchody. Pr\u016fm\u011brn\u00fd po\u010det 16 tis\u00edc nov\u011b podan\u00fdch \u017e\u00e1dost\u00ed byl dlouhodob\u011b nav\u00fd\u0161en na 21 tis\u00edc nov\u00fdch \u017e\u00e1dost\u00ed o d\u016fchod (starobn\u00ed, poz\u016fstalostn\u00ed nebo invalidn\u00ed), kter\u00e9 \u010cSSZ obdr\u017eela v&nbsp;pr\u016fm\u011bru ka\u017ed\u00fd m\u011bs\u00edc. Za obdob\u00ed od 1. do 15. z\u00e1\u0159\u00ed bylo pod\u00e1no celkem 9 474 \u017e\u00e1dost\u00ed o d\u016fchody v\u0161ech typ\u016f.<\/p>\n\n\n\n\n\n<p><strong>V\u011bkov\u00e9 slo\u017een\u00ed \u017eadatel\u016f o starobn\u00ed d\u016fchod<\/strong><\/p>\n\n\n\n<p>Moment\u00e1ln\u011b se odchod do starobn\u00edho d\u016fchodu t\u00fdk\u00e1 poji\u0161t\u011bnc\u016f, kte\u0159\u00ed maj\u00ed d\u016fchodov\u00fd v\u011bk odli\u0161n\u00fd vzhledem k&nbsp;jejich roku narozen\u00ed a u \u017een i s&nbsp;ohledem na po\u010det vychovan\u00fdch d\u011bt\u00ed (podrobn\u011bji na <a href=\"https:\/\/www.cssz.cz\/web\/cz\/starobni-duchod-podrobne\">webu \u010cSSZ<\/a>). Z&nbsp;n\u00ed\u017ee uveden\u00fdch graf\u016f vypl\u00fdv\u00e1, \u017ee nej\u010dast\u011bj\u0161\u00edmi \u017eadateli o starobn\u00ed d\u016fchod byly v&nbsp;roce 2022<br \/>(1. 1. \u2013 20. 9. 2022) ro\u010dn\u00edky 1958 a\u017e 1961, tedy osoby ve v\u011bku 61\u201364 let. Za stejn\u00e9 obdob\u00ed v&nbsp;roce 2023 (1. 1. \u2013 20. 9. 2023) byly nej\u010dast\u011bj\u0161\u00ed \u017e\u00e1dosti za ro\u010dn\u00edky 1959 a\u017e 1963. V&nbsp;roce 2023 tedy nedo\u0161lo k&nbsp;p\u0159\u00edli\u0161 velk\u00e9 zm\u011bn\u011b a v\u011bkov\u00e1 struktura \u017eadatel\u016f byla rozlo\u017eena vcelku rovnom\u011brn\u011b mezi osoby ve v\u011bku 60 a\u017e 64 let.<\/p>\n\n\n\n\n\n<p><a><\/a><em>Odd\u011blen\u00ed komunikace \u010cSSZ<\/em><\/p>\n","protected":false},"excerpt":{"rendered":"<div class=\"mh-excerpt\"><p>Zat\u00edmco v&nbsp;roce 2021 bylo b\u011bhem cel\u00e9ho roku pod\u00e1no 30&nbsp;006 \u017e\u00e1dost\u00ed o p\u0159ed\u010dasn\u00fd starobn\u00ed d\u016fchod, v&nbsp;roce 2022 to bylo 80&nbsp;653 \u017e\u00e1dost\u00ed. A tento trend p\u0159etrv\u00e1val i <a class=\"mh-excerpt-more\" href=\"https:\/\/www.invarena.cz\/?p=42417\" title=\"\u010cSSZ: Situaci v\u00a0oblasti \u017e\u00e1dost\u00ed o d\u016fchod a jejich vy\u0159izov\u00e1n\u00ed se postupn\u011b da\u0159\u00ed stabilizovat\">[&#8230;]<\/a><\/p>\n<\/div>","protected":false},"author":1,"featured_media":18155,"comment_status":"open","ping_status":"closed","sticky":false,"template":"","format":"standard","meta":{"footnotes":""},"categories":[9],"tags":[],"class_list":["post-42417","post","type-post","status-publish","format-standard","has-post-thumbnail","hentry","category-zpravy"],"_links":{"self":[{"href":"https:\/\/www.invarena.cz\/index.php?rest_route=\/wp\/v2\/posts\/42417","targetHints":{"allow":["GET"]}}],"collection":[{"href":"https:\/\/www.invarena.cz\/index.php?rest_route=\/wp\/v2\/posts"}],"about":[{"href":"https:\/\/www.invarena.cz\/index.php?rest_route=\/wp\/v2\/types\/post"}],"author":[{"embeddable":true,"href":"https:\/\/www.invarena.cz\/index.php?rest_route=\/wp\/v2\/users\/1"}],"replies":[{"embeddable":true,"href":"https:\/\/www.invarena.cz\/index.php?rest_route=%2Fwp%2Fv2%2Fcomments&post=42417"}],"version-history":[{"count":0,"href":"https:\/\/www.invarena.cz\/index.php?rest_route=\/wp\/v2\/posts\/42417\/revisions"}],"wp:featuredmedia":[{"embeddable":true,"href":"https:\/\/www.invarena.cz\/index.php?rest_route=\/wp\/v2\/media\/18155"}],"wp:attachment":[{"href":"https:\/\/www.invarena.cz\/index.php?rest_route=%2Fwp%2Fv2%2Fmedia&parent=42417"}],"wp:term":[{"taxonomy":"category","embeddable":true,"href":"https:\/\/www.invarena.cz\/index.php?rest_route=%2Fwp%2Fv2%2Fcategories&post=42417"},{"taxonomy":"post_tag","embeddable":true,"href":"https:\/\/www.invarena.cz\/index.php?rest_route=%2Fwp%2Fv2%2Ftags&post=42417"}],"curies":[{"name":"wp","href":"https:\/\/api.w.org\/{rel}","templated":true}]}}