{"id":42483,"date":"2023-09-29T07:20:42","date_gmt":"2023-09-29T05:20:42","guid":{"rendered":"https:\/\/www.invarena.cz\/?p=42483"},"modified":"2023-09-29T08:09:02","modified_gmt":"2023-09-29T06:09:02","slug":"charitativni-vystup-na-klet","status":"publish","type":"post","link":"https:\/\/www.invarena.cz\/?p=42483","title":{"rendered":"Charitativn\u00ed v\u00fdstup na Kle\u0165\u00a0\u00a0"},"content":{"rendered":"\n<p>Zhruba 700 lid\u00ed ro\u010dn\u011b onemocn\u00ed v \u010cesku roztrou\u0161enou skler\u00f3zou, l\u00e9ka\u0159i ji diagnostikuj\u00ed nej\u010dast\u011bji pacient\u016fm ve v\u011bku od 20 do 40 let. Na jejich podporu p\u0159isp\u011bli \u00fa\u010dastn\u00edci benefi\u010dn\u00edho v\u00fdstupu na Kle\u0165.<\/p>\n\n\n\n<p>\u010cT 1&nbsp;&#8211; Ud\u00e1losti v regionech jihoz\u00e1padn\u00ed \u010cechy<br \/><br \/>V\u011bra \u0160V\u00c1BOV\u00c1, p\u0159edsedkyn\u011b organizace, Roska \u010cesk\u00e9 Bud\u011bjovice<br \/>&#8212;&#8212;&#8212;&#8212;&#8212;&#8212;&#8211;<br \/>Mus\u00edm koukat, kam \u0161lapu, abych nezakopla, proto\u017ee hned ztrat\u00edm rovnov\u00e1hu a let\u00edm.<br \/><br \/>Martin DON\u00c1T, redaktor<br \/>&#8212;&#8212;&#8212;&#8212;&#8212;&#8212;&#8211;<br \/>Ve 23 letech, kdy\u017e vystudovala vysokou \u0161kolu, j\u00ed l\u00e9ka\u0159i diagnostikovali roztrou\u0161enou skler\u00f3zu.<br \/><br \/>V\u011bra \u0160V\u00c1BOV\u00c1, p\u0159edsedkyn\u011b organizace, Roska \u010cesk\u00e9 Bud\u011bjovice<br \/>&#8212;&#8212;&#8212;&#8212;&#8212;&#8212;&#8211;<br \/>Tak jsem se jednoho r\u00e1na probudila, nemohla jsem vst\u00e1t z postele a byla jsem slep\u00e1.<br \/><br \/>Martin DON\u00c1T, redaktor<br \/>&#8212;&#8212;&#8212;&#8212;&#8212;&#8212;&#8211;<br \/>Organizace, ve kter\u00e9 te\u010f pracuje, po\u0159\u00e1d\u00e1 benefi\u010dn\u00ed v\u00fdstup na Kle\u0165. M\u016f\u017eu v\u00e1s poprosit&#8230; J\u00e1 se zept\u00e1m tady, proto\u017ee sle\u010dna&#8230; \u00da\u010dastn\u00edci p\u0159isp\u011bli zaplacen\u00edm startovn\u00e9ho. Pro n\u011bkter\u00e9 jde o zn\u00e1mou trasu, poka\u017ed\u00e9 si m\u011b\u0159\u00ed \u010das. Po\u010dkejte na n\u00e1s, vy chcete evidentn\u011b vyhr\u00e1t.<br \/><br \/>Zde\u0148ka HOREJ\u0160OV\u00c1, \u00fa\u010dastnice benefi\u010dn\u00edho v\u00fdstupu<br \/>&#8212;&#8212;&#8212;&#8212;&#8212;&#8212;&#8211;<br \/>Vyhr\u00e1t ne, ale j\u00e1 to pot\u0159ebuju d\u00e1t za 29 minut.<br \/><br \/>Martin DON\u00c1T, redaktor<br \/>&#8212;&#8212;&#8212;&#8212;&#8212;&#8212;&#8211;<br \/>Vybran\u00e9 pen\u00edze p\u016fjdou na rehabilitaci nemocn\u00fdch, existuj\u00ed u nich r\u016fzn\u00e9 p\u0159\u00edznaky.<br \/><br \/>V\u011bra \u0160V\u00c1BOV\u00c1, p\u0159edsedkyn\u011b organizace, Roska \u010cesk\u00e9 Bud\u011bjovice<br \/>&#8212;&#8212;&#8212;&#8212;&#8212;&#8212;&#8211;<br \/>Druh\u00fd extr\u00e9m je, \u017ee ten \u010dlov\u011bk vlastn\u011b b\u011bhem chv\u00edle skon\u010d\u00ed na&nbsp;<strong>invalidn\u00edm<\/strong>&nbsp;voz\u00edku, ochrne celej, cel\u00fd t\u011blo.<br \/><br \/>\u00fa\u010dastnice benefi\u010dn\u00edho v\u00fdstupu<br \/>&#8212;&#8212;&#8212;&#8212;&#8212;&#8212;&#8211;<br \/>Zp\u00edv\u00e1me norm\u00e1ln\u011b pravideln\u011b a chod\u00edme norm\u00e1ln\u011b taky \u00fapln\u011b \/nesrozumiteln\u00e9\/, ale jsem \u00fapln\u011b hotov\u00e1, je\u0161t\u011b m\u011b nechte vyd\u00fdchat.<br \/><br \/>Martin DON\u00c1T, redaktor<br \/>&#8212;&#8212;&#8212;&#8212;&#8212;&#8212;&#8211;<br \/>St\u00e1t taky p\u0159ipravuje novelu z\u00e1kona o soci\u00e1ln\u00edch slu\u017eb\u00e1ch a jejich financov\u00e1n\u00ed. Zm\u011bn m\u00e1 b\u00fdt v\u00edc.<br \/><br \/>Pavla PIVO\u0147KA VA\u0147KOV\u00c1, poslankyn\u011b, m\u00edstop\u0159edsedkyn\u011b soci\u00e1ln\u00edho v\u00fdboru \/STAN\/<br \/>&#8212;&#8212;&#8212;&#8212;&#8212;&#8212;&#8211;<br \/>To, aby pe\u010duj\u00edc\u00ed o osoby, kter\u00e9 jsou v dom\u00e1c\u00ed p\u00e9\u010di, m\u011bly v\u011bt\u0161\u00ed finan\u010dn\u00ed prost\u0159edky.<br \/><br \/>Zde\u0148ka HOREJ\u0160OV\u00c1, \u00fa\u010dastnice benefi\u010dn\u00edho v\u00fdstupu<br \/>&#8212;&#8212;&#8212;&#8212;&#8212;&#8212;&#8211;<br \/>Na to, jak jste m\u011b rozhodil na za\u010d\u00e1tku, tak 27:17, tak\u017ee je\u0161t\u011b o 2 minuty lep\u0161\u00ed, ne\u017e jsem cht\u011bla.<br \/><br \/>osoba<br \/>&#8212;&#8212;&#8212;&#8212;&#8212;&#8212;&#8211;<br \/>Ona tr\u00e9nuje, j\u00e1 ne, j\u00e1 se v\u00e1l\u00edm na gau\u010di, j\u00e1 to chod\u00edm dvakr\u00e1t za rok.<br \/><br \/>Martin DON\u00c1T, redaktor<br \/>&#8212;&#8212;&#8212;&#8212;&#8212;&#8212;&#8211;<br \/>Na vrchol si toti\u017e turist\u00e9 m\u016f\u017eou vyj\u00edt prakticky kdykoliv. Tentokr\u00e1t ale m\u011bli o motivaci nav\u00edc. <\/p>\n\n\n\n<p>\u010cesk\u00e1 televize, ji\u017en\u00ed \u010cechy.<br \/><br \/><\/p>\n","protected":false},"excerpt":{"rendered":"<div class=\"mh-excerpt\"><p>Zhruba 700 lid\u00ed ro\u010dn\u011b onemocn\u00ed v \u010cesku roztrou\u0161enou skler\u00f3zou, l\u00e9ka\u0159i ji diagnostikuj\u00ed nej\u010dast\u011bji pacient\u016fm ve v\u011bku od 20 do 40 let. Na jejich podporu p\u0159isp\u011bli <a class=\"mh-excerpt-more\" href=\"https:\/\/www.invarena.cz\/?p=42483\" title=\"Charitativn\u00ed v\u00fdstup na Kle\u0165\u00a0\u00a0\">[&#8230;]<\/a><\/p>\n<\/div>","protected":false},"author":1,"featured_media":16401,"comment_status":"open","ping_status":"closed","sticky":false,"template":"","format":"standard","meta":{"footnotes":""},"categories":[7],"tags":[],"class_list":["post-42483","post","type-post","status-publish","format-standard","has-post-thumbnail","hentry","category-spolecnost"],"_links":{"self":[{"href":"https:\/\/www.invarena.cz\/index.php?rest_route=\/wp\/v2\/posts\/42483","targetHints":{"allow":["GET"]}}],"collection":[{"href":"https:\/\/www.invarena.cz\/index.php?rest_route=\/wp\/v2\/posts"}],"about":[{"href":"https:\/\/www.invarena.cz\/index.php?rest_route=\/wp\/v2\/types\/post"}],"author":[{"embeddable":true,"href":"https:\/\/www.invarena.cz\/index.php?rest_route=\/wp\/v2\/users\/1"}],"replies":[{"embeddable":true,"href":"https:\/\/www.invarena.cz\/index.php?rest_route=%2Fwp%2Fv2%2Fcomments&post=42483"}],"version-history":[{"count":0,"href":"https:\/\/www.invarena.cz\/index.php?rest_route=\/wp\/v2\/posts\/42483\/revisions"}],"wp:featuredmedia":[{"embeddable":true,"href":"https:\/\/www.invarena.cz\/index.php?rest_route=\/wp\/v2\/media\/16401"}],"wp:attachment":[{"href":"https:\/\/www.invarena.cz\/index.php?rest_route=%2Fwp%2Fv2%2Fmedia&parent=42483"}],"wp:term":[{"taxonomy":"category","embeddable":true,"href":"https:\/\/www.invarena.cz\/index.php?rest_route=%2Fwp%2Fv2%2Fcategories&post=42483"},{"taxonomy":"post_tag","embeddable":true,"href":"https:\/\/www.invarena.cz\/index.php?rest_route=%2Fwp%2Fv2%2Ftags&post=42483"}],"curies":[{"name":"wp","href":"https:\/\/api.w.org\/{rel}","templated":true}]}}