{"id":42553,"date":"2023-10-02T03:11:46","date_gmt":"2023-10-02T01:11:46","guid":{"rendered":"https:\/\/www.invarena.cz\/?p=42553"},"modified":"2023-10-02T03:11:47","modified_gmt":"2023-10-02T01:11:47","slug":"spilberk-laka-turisty-v-lete-i-zime","status":"publish","type":"post","link":"https:\/\/www.invarena.cz\/?p=42553","title":{"rendered":"\u0160pilberk l\u00e1k\u00e1 turisty v l\u00e9t\u011b i zim\u011b\u00a0\u00a0"},"content":{"rendered":"\n<p>Je hned n\u011bkolik m\u00edst v Brn\u011b, jej\u00ed\u017e n\u00e1v\u0161t\u011bvu by si \u017e\u00e1dn\u00fd turista nem\u011bl nechat uj\u00edt. Pat\u0159\u00ed mezi n\u011b hrad \u0160pilberk, kter\u00fd dominuje na kopci nad m\u011bstem od poloviny t\u0159in\u00e1ct\u00e9ho stolet\u00ed. P\u0159\u00edb\u011bh jeho historie si mohou n\u00e1v\u0161t\u011bvn\u00edci poslechnout z \u00fast zku\u0161en\u00fdch pr\u016fvodc\u016f.<\/p>\n\n\n\n<p>TV Brno 1\u00a0&#8211; Den\u00edk B1<br \/><br \/>Michal HAN\u010c\u00c1K, pr\u016fvodce a lektor, Muzeum m\u011bsta Brna<br \/>&#8212;&#8212;&#8212;&#8212;&#8212;&#8212;&#8211;<br \/>Jeho zakladatelem s nejv\u011bt\u0161\u00ed pravd\u011bpodobnost\u00ed byl P\u0159emysl Otakar II. Ve \u010dtrn\u00e1ct\u00e9m a na za\u010d\u00e1tku patn\u00e1ct\u00e9ho stolet\u00ed zde s\u00eddlila Moravsk\u00e1 markrabata z rodu Lucemburk\u016f, konkr\u00e9tn\u011b Jo\u0161t Moravsk\u00fd, asi jedna z takov\u00fdch nejv\u00fdrazn\u011bj\u0161\u00edch brn\u011bnsk\u00fdch, a m\u016f\u017eeme klidn\u011b \u0159\u00edct i moravsk\u00fdch osobnost\u00ed.<br \/><br \/>Jana HOLUBOV\u00c1, redaktorka<br \/>&#8212;&#8212;&#8212;&#8212;&#8212;&#8212;&#8211;<br \/>V dal\u0161\u00edch letech byl hrad vyu\u017e\u00edv\u00e1n jako st\u00e1tn\u00ed pevnost a kl\u00ed\u010dovou roli zahr\u00e1l b\u011bhem t\u0159icetilet\u00e9 v\u00e1lky, kdy pomohl zachr\u00e1nit m\u011bsto Brno. V devaten\u00e1ct\u00e9m stolet\u00ed ve\u0161el hrad do pov\u011bdom\u00ed i v zahrani\u010d\u00ed d\u00edky ud\u00e1losti, b\u011bhem n\u00ed\u017e zde byli v\u011bzn\u011bni ital\u0161t\u00ed karbon\u00e1\u0159i.<br \/><br \/>Michal HAN\u010c\u00c1K, pr\u016fvodce a lektor, Muzeum m\u011bsta Brna<br \/>&#8212;&#8212;&#8212;&#8212;&#8212;&#8212;&#8211;<br \/>Te\u010f se nach\u00e1z\u00edme p\u0159ed dv\u011bma deskami, kter\u00e9 vznikly okolo roku 1925 pr\u00e1v\u011b pro Muzeum italsk\u00fdch vlastenc\u016f, kter\u00e9 bylo instalov\u00e1no pr\u00e1v\u011b v t\u00e9to \u010d\u00e1sti hradu, a uvid\u00edme na nich jm\u00e9na zde v\u011bzn\u011bn\u00fdch Ital\u016f, jak karbon\u00e1\u0159\u016f, tak \u010dlen\u016f hnut\u00ed Mlad\u00e1 It\u00e1lie.<br \/><br \/>Jana HOLUBOV\u00c1, redaktorka<br \/>&#8212;&#8212;&#8212;&#8212;&#8212;&#8212;&#8211;<br \/>Mezi celami, kter\u00e9 si mohou n\u00e1v\u0161t\u011bvn\u00edci prohl\u00e9dnout, se nach\u00e1z\u00ed tak\u00e9 cela uzp\u016fsoben\u00e1 pro\u00a0<strong>nevidom\u00e9<\/strong>, kde si mohou expon\u00e1ty osahat. Do poloviny dvac\u00e1t\u00e9ho stolet\u00ed \u0160pilberk slou\u017eil jako kas\u00e1rna. Od roku 1960 na hrad\u011b s\u00eddl\u00ed Muzeum m\u011bsta Brna. A v roce 1962 byl prohl\u00e1\u0161en mezin\u00e1rodn\u00ed kulturn\u00ed pam\u00e1tkou.<br \/><br \/>Michal HAN\u010c\u00c1K, pr\u016fvodce a lektor, Muzeum m\u011bsta Brna<br \/>&#8212;&#8212;&#8212;&#8212;&#8212;&#8212;&#8211;<br \/>V sou\u010dasnosti m\u00e1me n\u011bkolik prohl\u00eddkov\u00fdch okruh\u016f, jak jsem zmi\u0148oval, jsou to kasematy, ty tvo\u0159\u00ed p\u00e1te\u0159 prohl\u00eddkov\u00fdch okruh\u016f, d\u00e1le to jsou potom vodojemy nebo b\u00fdval\u00e9 vodojemy, kde se dneska nach\u00e1z\u00ed expozice s n\u00e1zvem Chr\u00e1m kamene, co\u017e je lapid\u00e1rium Muzea m\u011bsta Brna.<br \/><br \/>Alena \u0160EDIV\u00c1, tiskov\u00e1 mluv\u010d\u00ed, Muzeum m\u011bsta Brna<br \/>&#8212;&#8212;&#8212;&#8212;&#8212;&#8212;&#8211;<br \/>Jsou to vlastn\u011b opraven\u00e9 vodojemy, kter\u00e9 se do\u010dkaly sv\u00e9 rekonstrukce po 100 letech a tam lid\u00e9 mohou vid\u011bt opravdu skvosty, doslova poklady \u0160pilberku, a to jsou vlastn\u011b artefakty ze zanikl\u00fdch h\u0159bitov\u016f a ze zbouran\u00fdch brn\u011bnsk\u00fdch staveb, tak\u017ee jsou tam nejr\u016fzn\u011bj\u0161\u00ed n\u00e1hrobky, nejr\u016fzn\u011bj\u0161\u00ed kameny. Je to opravdu skvostn\u00e1 sb\u00edrka.<br \/><br \/>Jana HOLUBOV\u00c1, redaktorka<br \/>&#8212;&#8212;&#8212;&#8212;&#8212;&#8212;&#8211;<br \/>N\u00e1v\u0161t\u011bvn\u00edci t\u00e9to expozice si budou moci prohl\u00e9dnout dva mohutn\u00e9 vodojemy, do kter\u00fdch se ve\u0161lo p\u0159es 2 000 kub\u00edk\u016f pitn\u00e9 vody. Na hrad\u011b je tak\u00e9 k vid\u011bn\u00ed n\u011bkolik dal\u0161\u00edch st\u00e1l\u00fdch expozic, pat\u0159\u00ed mezi n\u011b nap\u0159\u00edklad barokn\u00ed l\u00e9k\u00e1rna nebo Brno na \u0160pilberku, kr\u00e1sn\u00e9 jsou tak\u00e9 venkovn\u00ed prostory a okol\u00ed hradu, a to jak v l\u00e9t\u011b, tak v zimn\u00edm obdob\u00ed, kdy je hrad pokryt sn\u011bhem.<br \/><br \/>Alena \u0160EDIV\u00c1, tiskov\u00e1 mluv\u010d\u00ed, Muzeum m\u011bsta Brna<br \/>&#8212;&#8212;&#8212;&#8212;&#8212;&#8212;&#8211;<br \/>B\u011b\u017en\u00e1 otev\u00edrac\u00ed doba na \u0160pilberku je od 9. do 17. hodin, a to od \u00fater\u00fd do ned\u011ble, v pond\u011bl\u00ed je zav\u00edrac\u00ed den. Posledn\u00ed n\u00e1v\u0161t\u011bvn\u00edci by m\u011bli p\u0159ij\u00edt v\u017edy p\u016fl hodiny p\u0159ed tou 17. hodinou.<br \/><br \/>Jana HOLUBOV\u00c1, redaktorka<br \/>&#8212;&#8212;&#8212;&#8212;&#8212;&#8212;&#8211;<br \/>N\u00e1v\u0161t\u011bvn\u00edci si mohou vybrat ze t\u0159\u00ed hlavn\u00edch prohl\u00eddkov\u00fdch tras. Pokud by si cht\u011bli proj\u00edt hrad cel\u00fd skrz naskrz, mus\u00ed se p\u0159ipravit na to, \u017ee n\u00e1v\u0161t\u011bva \u0160pilberku, dominanty moravsk\u00e9 metropole, zabere t\u00e9m\u011b\u0159 cel\u00fd den. <\/p>\n\n\n\n<p>televize Brno 1.<br \/><\/p>\n","protected":false},"excerpt":{"rendered":"<div class=\"mh-excerpt\"><p>Je hned n\u011bkolik m\u00edst v Brn\u011b, jej\u00ed\u017e n\u00e1v\u0161t\u011bvu by si \u017e\u00e1dn\u00fd turista nem\u011bl nechat uj\u00edt. Pat\u0159\u00ed mezi n\u011b hrad \u0160pilberk, kter\u00fd dominuje na kopci nad <a class=\"mh-excerpt-more\" href=\"https:\/\/www.invarena.cz\/?p=42553\" title=\"\u0160pilberk l\u00e1k\u00e1 turisty v l\u00e9t\u011b i zim\u011b\u00a0\u00a0\">[&#8230;]<\/a><\/p>\n<\/div>","protected":false},"author":1,"featured_media":42562,"comment_status":"open","ping_status":"closed","sticky":false,"template":"","format":"standard","meta":{"footnotes":""},"categories":[17],"tags":[],"class_list":["post-42553","post","type-post","status-publish","format-standard","has-post-thumbnail","hentry","category-kultura"],"_links":{"self":[{"href":"https:\/\/www.invarena.cz\/index.php?rest_route=\/wp\/v2\/posts\/42553","targetHints":{"allow":["GET"]}}],"collection":[{"href":"https:\/\/www.invarena.cz\/index.php?rest_route=\/wp\/v2\/posts"}],"about":[{"href":"https:\/\/www.invarena.cz\/index.php?rest_route=\/wp\/v2\/types\/post"}],"author":[{"embeddable":true,"href":"https:\/\/www.invarena.cz\/index.php?rest_route=\/wp\/v2\/users\/1"}],"replies":[{"embeddable":true,"href":"https:\/\/www.invarena.cz\/index.php?rest_route=%2Fwp%2Fv2%2Fcomments&post=42553"}],"version-history":[{"count":0,"href":"https:\/\/www.invarena.cz\/index.php?rest_route=\/wp\/v2\/posts\/42553\/revisions"}],"wp:featuredmedia":[{"embeddable":true,"href":"https:\/\/www.invarena.cz\/index.php?rest_route=\/wp\/v2\/media\/42562"}],"wp:attachment":[{"href":"https:\/\/www.invarena.cz\/index.php?rest_route=%2Fwp%2Fv2%2Fmedia&parent=42553"}],"wp:term":[{"taxonomy":"category","embeddable":true,"href":"https:\/\/www.invarena.cz\/index.php?rest_route=%2Fwp%2Fv2%2Fcategories&post=42553"},{"taxonomy":"post_tag","embeddable":true,"href":"https:\/\/www.invarena.cz\/index.php?rest_route=%2Fwp%2Fv2%2Ftags&post=42553"}],"curies":[{"name":"wp","href":"https:\/\/api.w.org\/{rel}","templated":true}]}}