{"id":4265,"date":"2013-06-01T15:10:47","date_gmt":"2013-06-01T13:10:47","guid":{"rendered":"http:\/\/www.invarena.cz\/?p=4265"},"modified":"2013-06-01T16:11:57","modified_gmt":"2013-06-01T14:11:57","slug":"na-plosinu-jen-s-euroklicem","status":"publish","type":"post","link":"https:\/\/www.invarena.cz\/?p=4265","title":{"rendered":"Bez eurokl\u00ed\u010de na plo\u0161inu nelez"},"content":{"rendered":"<p><strong>Jen se speci\u00e1ln\u00edm eurokl\u00ed\u010dem mohou na tramvajov\u00e9 zast\u00e1vce nastoupit z plo\u0161iny voz\u00ed\u010dk\u00e1\u0159i v Ostrav\u011b. V\u011bt\u0161ina z nich to ale nev\u00ed. A pak se bez kl\u00ed\u010de na zast\u00e1vce ocitaj\u00ed v pasti.\u00a0 <\/strong><\/p>\n<p><!--more--><\/p>\n<p>Podle N\u00e1rodn\u00ed rady zdravotn\u011b posti\u017een\u00fdch, kter\u00e1 kl\u00ed\u010d jako jedin\u00e1 organizace ve m\u011bst\u011b prod\u00e1v\u00e1, si ho koupilo p\u011bt lid\u00ed. Obvod Ostrava-jih tvrd\u00ed, \u017ee plo\u0161iny musel nechat zamknout na eurokl\u00ed\u010d, proto\u017ee je ni\u010dili vandalov\u00e9.<\/p>\n<p>Tom\u00e1\u0161 Le\u017eo\u0148 si sv\u00e9 bydlen\u00ed vybral i podle toho, \u017ee m\u00e1 hned u domu bezbari\u00e9rovou tramvajovou zast\u00e1vku. Informaci si na\u0161el v j\u00edzdn\u00edm \u0159\u00e1du. Hned p\u0159i prvn\u00ed j\u00edzd\u011b ale zjistil, \u017ee se dostal do pasti.<\/p>\n<p>&#8222;Tak jsem zjistil, \u017ee mus\u00edm m\u00edt eurokl\u00ed\u010d, kter\u00fdm bych si mohl odemknout. Na\u0161el jsem si kontakt na internetu a kdy\u017e jsem tam volal, tak na kontaktu mi to v\u016fbec nikdo nezvedal,&#8220; post\u011b\u017eoval si Tom\u00e1\u0161 Le\u017eo\u0148.<\/p>\n<p>&#8222;Man\u017eel ho n\u011bjak sh\u00e1n\u011bl a a\u017e v Praze ho sehnal, proto\u017ee tady bohu\u017eel kl\u00ed\u010de nebyly,&#8220; dosv\u011bd\u010dila voz\u00ed\u010dk\u00e1\u0159ka Sv\u011btlana Chytilov\u00e1.<\/p>\n<p>A\u017e po n\u011bkolika dnech Tom\u00e1\u0161 Le\u017eo\u0148 zjistil, \u017ee kl\u00ed\u010d k plo\u0161in\u011b si m\u016f\u017ee za 360 korun koupit pouze v krajsk\u00e9 pobo\u010dce N\u00e1rodn\u00ed rady zdravotn\u011b posti\u017een\u00fdch.<\/p>\n<p>&#8222;Mn\u011b to p\u0159ipad\u00e1 velice nelogick\u00e9, proto\u017ee opravdu ta plo\u0161ina by m\u011bla b\u00fdt dostupn\u00e1 bez jak\u00fdchkoliv v\u011bt\u0161\u00edch probl\u00e9m\u016f. Dle m\u00e9ho n\u00e1zoru ty eurokl\u00ed\u010de jsou p\u0159edev\u0161\u00edm t\u0159eba na toalety,&#8220; m\u00edn\u00ed Mark\u00e9ta Dund\u011brov\u00e1 z N\u00e1rodn\u00ed rady zdravotn\u011b posti\u017een\u00fdch Ostrava.<\/p>\n<p>&#8222;Plo\u0161iny jsou uzam\u010deny na z\u00e1klad\u011b zku\u0161enosti z minul\u00fdch let, kdy tyto plo\u0161iny byly zneu\u017e\u00edv\u00e1ny ob\u010dany, kte\u0159\u00ed se po nich vozili a v podstat\u011b s vandalismem byly neust\u00e1le ni\u010deny,&#8220; uvedl mluv\u010d\u00ed obvodu Ostrava-Jih Michael Kutty.<\/p>\n<p>Loni na podzim dokon\u010dili rekonstrukci podchodu v Ostrav\u011b-Hrab\u016fvce u polikliniky. I tady mohou voz\u00ed\u010dk\u00e1\u0159i pou\u017e\u00edt bu\u010f plo\u0161inu na eurokl\u00ed\u010d, anebo n\u00e1jezd. Oprava p\u0159i\u0161la na 30 milion\u016f. Voz\u00ed\u010dk\u00e1\u0159\u016fm ale cestu k l\u00e9ka\u0159i neusnadnila.<\/p>\n<p>&#8222;B\u00fdt tu n\u011bkdo slab\u0161\u00ed, tak to nem\u00e1 \u0161anci vyjet,&#8220; poznamenal Tom\u00e1\u0161 Le\u017eo\u0148.<\/p>\n<p>podle report\u00e1\u017ee \u010cesk\u00e9 televize zaznamenala invArena<\/p>\n","protected":false},"excerpt":{"rendered":"<div class=\"mh-excerpt\"><p>Jen se speci\u00e1ln\u00edm eurokl\u00ed\u010dem mohou na tramvajov\u00e9 zast\u00e1vce nastoupit z plo\u0161iny voz\u00ed\u010dk\u00e1\u0159i v Ostrav\u011b. V\u011bt\u0161ina z nich to ale nev\u00ed. A pak se bez kl\u00ed\u010de <a class=\"mh-excerpt-more\" href=\"https:\/\/www.invarena.cz\/?p=4265\" title=\"Bez eurokl\u00ed\u010de na plo\u0161inu nelez\">[&#8230;]<\/a><\/p>\n<\/div>","protected":false},"author":1,"featured_media":5967,"comment_status":"open","ping_status":"open","sticky":false,"template":"","format":"standard","meta":{"footnotes":""},"categories":[7],"tags":[],"class_list":["post-4265","post","type-post","status-publish","format-standard","has-post-thumbnail","hentry","category-spolecnost"],"_links":{"self":[{"href":"https:\/\/www.invarena.cz\/index.php?rest_route=\/wp\/v2\/posts\/4265","targetHints":{"allow":["GET"]}}],"collection":[{"href":"https:\/\/www.invarena.cz\/index.php?rest_route=\/wp\/v2\/posts"}],"about":[{"href":"https:\/\/www.invarena.cz\/index.php?rest_route=\/wp\/v2\/types\/post"}],"author":[{"embeddable":true,"href":"https:\/\/www.invarena.cz\/index.php?rest_route=\/wp\/v2\/users\/1"}],"replies":[{"embeddable":true,"href":"https:\/\/www.invarena.cz\/index.php?rest_route=%2Fwp%2Fv2%2Fcomments&post=4265"}],"version-history":[{"count":0,"href":"https:\/\/www.invarena.cz\/index.php?rest_route=\/wp\/v2\/posts\/4265\/revisions"}],"wp:featuredmedia":[{"embeddable":true,"href":"https:\/\/www.invarena.cz\/index.php?rest_route=\/wp\/v2\/media\/5967"}],"wp:attachment":[{"href":"https:\/\/www.invarena.cz\/index.php?rest_route=%2Fwp%2Fv2%2Fmedia&parent=4265"}],"wp:term":[{"taxonomy":"category","embeddable":true,"href":"https:\/\/www.invarena.cz\/index.php?rest_route=%2Fwp%2Fv2%2Fcategories&post=4265"},{"taxonomy":"post_tag","embeddable":true,"href":"https:\/\/www.invarena.cz\/index.php?rest_route=%2Fwp%2Fv2%2Ftags&post=4265"}],"curies":[{"name":"wp","href":"https:\/\/api.w.org\/{rel}","templated":true}]}}