{"id":42652,"date":"2023-10-06T04:46:42","date_gmt":"2023-10-06T02:46:42","guid":{"rendered":"https:\/\/www.invarena.cz\/?p=42652"},"modified":"2023-10-06T04:48:38","modified_gmt":"2023-10-06T02:48:38","slug":"vlada-o-zjednoduseni-pestounske-pece","status":"publish","type":"post","link":"https:\/\/www.invarena.cz\/?p=42652","title":{"rendered":"Vl\u00e1da o zjednodu\u0161en\u00ed p\u011bstounsk\u00e9 p\u00e9\u010de\u00a0\u00a0"},"content":{"rendered":"\n<p>Vl\u00e1da chce zrychlit proces, kter\u00fd umo\u017en\u00ed lidem dostat d\u00edt\u011b do n\u00e1hradn\u00ed rodinn\u00e9 p\u00e9\u010de. Sou\u010dasn\u00fd syst\u00e9m je podle&nbsp;<strong>ministra<\/strong>&nbsp;<strong>pr\u00e1ce<\/strong>&nbsp;a soci\u00e1ln\u00edch v\u011bc\u00ed Mariana Jure\u010dky zdlouhav\u00fd a pln\u00fd zbyte\u010dn\u00e9 administrativy. Dostat d\u00edt\u011b do p\u011bstounsk\u00e9 p\u00e9\u010de dnes m\u016f\u017ee trvat d\u00e9le ne\u017e rok.<br \/><br \/>NOVA&nbsp;&#8211; Televizn\u00ed noviny<br \/>&#8212;&#8212;&#8212;&#8212;&#8212;&#8212;&#8211;<br \/>Rodina Hyrn\u00edkov\u00fdch m\u00e1 t\u0159i d\u011bti v p\u011bstounsk\u00e9 p\u00e9\u010di.<br \/><br \/>Marta Just\u00fdna HYRN\u00cdKOV\u00c1, p\u011bstounka<br \/>&#8212;&#8212;&#8212;&#8212;&#8212;&#8212;&#8211;<br \/>My s man\u017eelem m\u00e1me dv\u011b biologick\u00e9 d\u011bti a jak n\u00e1m tro\u0161i\u010dku odrostly, tak jsme se rozhodli, \u017ee chceme m\u00edt v\u011bt\u0161\u00ed rodinu, tak\u017ee to n\u00e1s asi motivovalo, jako by poskytnout domov je\u0161t\u011b n\u011bkomu dal\u0161\u00edmu.<br \/><br \/>Daniela BRYCHTOV\u00c1, redaktorka<br \/>&#8212;&#8212;&#8212;&#8212;&#8212;&#8212;&#8211;<br \/>Ne\u017e ale d\u011bti dostali do p\u00e9\u010de, trvalo to v\u00edc ne\u017e rok. Des\u00edtky vypln\u011bn\u00fdch formul\u00e1\u0159\u016f a n\u00e1v\u0161t\u011bv \u00fa\u0159edn\u00edk\u016f.<br \/><br \/>Marta Just\u00fdna HYRN\u00cdKOV\u00c1, p\u011bstounka<br \/>&#8212;&#8212;&#8212;&#8212;&#8212;&#8212;&#8211;<br \/>U Gabrielky jsme si d\u00e1vali \u017e\u00e1dost v z\u00e1\u0159\u00ed, ne\u017e jsme pro\u0161li cel\u00fdm t\u00edm kole\u010dkem. To znamen\u00e1 v\u0161echny pap\u00edry, hypot\u00e9ky, bezdlu\u017enost, beztrestnost, zdravotn\u00ed stav. Mus\u00edte dolo\u017eit fotky jakoby rodiny, dom\u00e1cnosti, tak to cel\u00e9 trvalo rok a p\u016fl.<br \/><br \/>Daniela BRYCHTOV\u00c1, redaktorka<br \/>&#8212;&#8212;&#8212;&#8212;&#8212;&#8212;&#8211;<br \/>Zdlouhav\u00fd a n\u00e1ro\u010dn\u00fd syst\u00e9m kritizuje i nez\u00e1visl\u00e9 sdru\u017een\u00ed p\u011bstounsk\u00fdch rodin.<br \/><br \/>Pavel \u0160M\u00ddD, p\u0159edseda Sdru\u017een\u00ed p\u011bstounsk\u00fdch rodin<br \/>&#8212;&#8212;&#8212;&#8212;&#8212;&#8212;&#8211;<br \/>Jsem p\u0159esv\u011bd\u010den\u00fd, \u017ee v n\u011bkter\u00fdch kraj\u00edch je to opravdu mnohalet\u00fd proces. Ano, je to \u0161koda, ale je to tak, \u017ee p\u011bstouni v\u011bt\u0161inou ztrat\u00ed to prvotn\u00ed nad\u0161en\u00ed.<br \/><br \/>Daniela BRYCHTOV\u00c1, redaktorka<br \/>&#8212;&#8212;&#8212;&#8212;&#8212;&#8212;&#8211;<br \/>Novelou z\u00e1kona o soci\u00e1ln\u011bpr\u00e1vn\u00ed ochran\u011b d\u011bt\u00ed chce cel\u00fd proces zjednodu\u0161it a zrychlit vl\u00e1da. Ta dnes materi\u00e1l schv\u00e1lila.<br \/><br \/>Marian JURE\u010cKA,&nbsp;<strong>ministr<\/strong>&nbsp;<strong>pr\u00e1ce<\/strong>&nbsp;a soci\u00e1ln\u00edch v\u011bc\u00ed \/KDU-\u010cSL\/<br \/>&#8212;&#8212;&#8212;&#8212;&#8212;&#8212;&#8211;<br \/>Budou moci proch\u00e1zet tou p\u0159\u00edpravou nikoliv pouze ve sv\u00e9m kraji a \u010dekat na vyps\u00e1n\u00ed term\u00ednu, mohou se zapojit do jak\u00e9koliv p\u0159\u00edpravy, kter\u00e1 bude vyps\u00e1na nap\u0159\u00ed\u010d cel\u00fdm \u00fazem\u00edm \u010cesk\u00e9 republiky. Zjednodu\u0161\u00edme spr\u00e1vn\u00ed \u0159\u00edzen\u00ed, budeme schopni tyto \u017eadatele evidovat.<br \/><br \/>Daniela BRYCHTOV\u00c1, redaktorka<br \/>&#8212;&#8212;&#8212;&#8212;&#8212;&#8212;&#8211;<br \/>P\u011bstoun\u016f je nav\u00edc st\u00e1le m\u00e1lo. V sou\u010dasn\u00e9 dob\u011b od st\u00e1tu nap\u0159\u00edklad za prvn\u00ed osvojen\u00e9 d\u00edt\u011b dost\u00e1vaj\u00ed p\u0159\u00edsp\u011bvek rovn\u00fd minim\u00e1ln\u00ed mzd\u011b, tedy 17 300 K\u010d. P\u0159\u00edsp\u011bvek je vy\u0161\u0161\u00ed v p\u0159\u00edpad\u011b handicapovan\u00e9ho d\u00edt\u011bte.<br \/><br \/>Marian JURE\u010cKA,&nbsp;<strong>ministr<\/strong>&nbsp;<strong>pr\u00e1ce<\/strong>&nbsp;a soci\u00e1ln\u00edch v\u011bc\u00ed \/KDU-\u010cSL\/<br \/>&#8212;&#8212;&#8212;&#8212;&#8212;&#8212;&#8211;<br \/>Nem\u00e1me dostatek p\u011bstoun\u016f pro ty star\u0161\u00ed d\u011bti a pro sourozeneck\u00e9 skupiny a pro d\u011bti, kter\u00e9 maj\u00ed pr\u00e1v\u011b ty r\u016fzn\u00e9 kombinovan\u00e9 handicapy, a proto i v t\u00e9to novelizaci zvy\u0161ujeme pr\u00e1v\u011b tu formu t\u00e9 \u010d\u00e1stky t\u00e9 podpory.<br \/><br \/>redaktorka<br \/>&#8212;&#8212;&#8212;&#8212;&#8212;&#8212;&#8211;<br \/>Hnut\u00ed ANO pl\u00e1nuje ve sn\u011bmovn\u011b k novele vytvo\u0159it pozm\u011b\u0148ovac\u00ed n\u00e1vrhy a zab\u00fdvat by se j\u00ed m\u011bl i v\u00fdbor pro soci\u00e1ln\u00ed politiku. <\/p>\n\n\n\n<p>televize Nova.<br \/><\/p>\n","protected":false},"excerpt":{"rendered":"<div class=\"mh-excerpt\"><p>Vl\u00e1da chce zrychlit proces, kter\u00fd umo\u017en\u00ed lidem dostat d\u00edt\u011b do n\u00e1hradn\u00ed rodinn\u00e9 p\u00e9\u010de. Sou\u010dasn\u00fd syst\u00e9m je podle&nbsp;ministra&nbsp;pr\u00e1ce&nbsp;a soci\u00e1ln\u00edch v\u011bc\u00ed Mariana Jure\u010dky zdlouhav\u00fd a pln\u00fd zbyte\u010dn\u00e9 <a class=\"mh-excerpt-more\" href=\"https:\/\/www.invarena.cz\/?p=42652\" title=\"Vl\u00e1da o zjednodu\u0161en\u00ed p\u011bstounsk\u00e9 p\u00e9\u010de\u00a0\u00a0\">[&#8230;]<\/a><\/p>\n<\/div>","protected":false},"author":1,"featured_media":14681,"comment_status":"open","ping_status":"closed","sticky":false,"template":"","format":"standard","meta":{"footnotes":""},"categories":[6],"tags":[],"class_list":["post-42652","post","type-post","status-publish","format-standard","has-post-thumbnail","hentry","category-politika"],"_links":{"self":[{"href":"https:\/\/www.invarena.cz\/index.php?rest_route=\/wp\/v2\/posts\/42652","targetHints":{"allow":["GET"]}}],"collection":[{"href":"https:\/\/www.invarena.cz\/index.php?rest_route=\/wp\/v2\/posts"}],"about":[{"href":"https:\/\/www.invarena.cz\/index.php?rest_route=\/wp\/v2\/types\/post"}],"author":[{"embeddable":true,"href":"https:\/\/www.invarena.cz\/index.php?rest_route=\/wp\/v2\/users\/1"}],"replies":[{"embeddable":true,"href":"https:\/\/www.invarena.cz\/index.php?rest_route=%2Fwp%2Fv2%2Fcomments&post=42652"}],"version-history":[{"count":0,"href":"https:\/\/www.invarena.cz\/index.php?rest_route=\/wp\/v2\/posts\/42652\/revisions"}],"wp:featuredmedia":[{"embeddable":true,"href":"https:\/\/www.invarena.cz\/index.php?rest_route=\/wp\/v2\/media\/14681"}],"wp:attachment":[{"href":"https:\/\/www.invarena.cz\/index.php?rest_route=%2Fwp%2Fv2%2Fmedia&parent=42652"}],"wp:term":[{"taxonomy":"category","embeddable":true,"href":"https:\/\/www.invarena.cz\/index.php?rest_route=%2Fwp%2Fv2%2Fcategories&post=42652"},{"taxonomy":"post_tag","embeddable":true,"href":"https:\/\/www.invarena.cz\/index.php?rest_route=%2Fwp%2Fv2%2Ftags&post=42652"}],"curies":[{"name":"wp","href":"https:\/\/api.w.org\/{rel}","templated":true}]}}