{"id":42762,"date":"2023-10-18T06:16:53","date_gmt":"2023-10-18T04:16:53","guid":{"rendered":"https:\/\/www.invarena.cz\/?p=42762"},"modified":"2023-10-17T06:19:59","modified_gmt":"2023-10-17T04:19:59","slug":"neodstatek-mist-pro-seniory","status":"publish","type":"post","link":"https:\/\/www.invarena.cz\/?p=42762","title":{"rendered":"Nedostatek m\u00edst pro seniory\u00a0\u00a0"},"content":{"rendered":"\n<p><br \/>V domovech pro seniory chyb\u00ed m\u00edsta. P\u0159ib\u00fdv\u00e1 toti\u017e lid\u00ed v d\u016fchodov\u00e9m v\u011bku. Ve v\u011bt\u0161in\u011b kraj\u016f tak mus\u00ed z\u00e1jemci na ubytov\u00e1n\u00ed \u010dekat a\u017e p\u016fl roku, n\u011bkde dokonce i rok. Ministerstvo proto chyst\u00e1 novelu o soci\u00e1ln\u00edch slu\u017eb\u00e1ch. P\u0159edstav\u00ed ji do konce roku.<br \/><br \/>Prima\u00a0&#8211; Hlavn\u00ed zpr\u00e1vy<br \/>&#8212;&#8212;&#8212;&#8212;&#8212;&#8212;&#8211;<br \/>60 000, tolik \u017e\u00e1dost\u00ed o um\u00edst\u011bn\u00ed le\u017e\u00ed podle Asociace poskytovatel\u016f soci\u00e1ln\u00edch slu\u017eeb v domovech pro seniory. N\u011bkter\u00e9 mo\u017en\u00e1 v\u016fbec nebudou schv\u00e1leny.<br \/><br \/>Mat\u011bj LEJSAL, \u0159editel domova Sue Ryder v pra\u017esk\u00e9 Michli<br \/>&#8212;&#8212;&#8212;&#8212;&#8212;&#8212;&#8211;<br \/>Ta situace, \u017ee neum\u00ed domov odpov\u011bd\u011bt obratem, tak se t\u00fdk\u00e1 prakticky v\u0161ech za\u0159\u00edzen\u00ed. Chyb\u00ed vlastn\u011b n\u011bjak\u00e1 centr\u00e1ln\u00ed evidence t\u011bch \u017eadatel\u016f. Tak\u017ee \u0159ada domov\u016f mo\u017en\u00e1 odm\u00edt\u00e1 tyt\u00e9\u017e \u017eadatele.<br \/><br \/>Daniela Habe\u0161ov\u00e1, redaktorka<br \/>&#8212;&#8212;&#8212;&#8212;&#8212;&#8212;&#8211;<br \/>Ve v\u011bt\u0161in\u011b kraj\u016f musej\u00ed z\u00e1jemci \u010dekat na ubytov\u00e1n\u00ed dlouh\u00e9 m\u011bs\u00edce. Situaci komplikuje to, \u017ee n\u011bkte\u0159\u00ed lid\u00e9 pod\u00e1vaj\u00ed v\u00edce \u017e\u00e1dost\u00ed sou\u010dasn\u011b, anebo dokonce se hl\u00e1s\u00ed o ubytov\u00e1n\u00ed pouze preventivn\u011b.<br \/><br \/>Michaela \u017d\u00e1\u010dkov\u00e1, \u0159editelka Domova senior\u016f Novovyso\u010dansk\u00e1<br \/>&#8212;&#8212;&#8212;&#8212;&#8212;&#8212;&#8211;<br \/>A to pak zkresluje vlastn\u011b celou tu situaci. Proto\u017ee my sami v\u00edme o n\u011bkter\u00fdch seniorech, kte\u0159\u00ed vlastn\u011b \u00fapln\u011b akutn\u011b nepot\u0159ebuj\u00ed \u0159e\u0161it svou situaci, ale boj\u00ed se.<br \/><br \/>Ji\u0159\u00ed HORECK\u00dd, prezident Asociace poskytovatel\u016f soci\u00e1ln\u00edch slu\u017eeb \u010cR<br \/>&#8212;&#8212;&#8212;&#8212;&#8212;&#8212;&#8211;<br \/>\u010cesk\u00e1 republika m\u00e1 podpr\u016fm\u011brn\u00e9 kapacity l\u016f\u017eek. To znamen\u00e1, 10 000 senior\u016f by mohlo nastoupit v \u0159\u00e1du jednotek t\u00fddn\u016f, pokud by tu mo\u017enost m\u011bli.<br \/><br \/>Daniela Habe\u0161ov\u00e1, redaktorka<br \/>&#8212;&#8212;&#8212;&#8212;&#8212;&#8212;&#8211;<br \/>Ministerstvo pr\u00e1ce a soci\u00e1ln\u00edch v\u011bc\u00ed proto hled\u00e1 i dal\u0161\u00ed cesty.<br \/><br \/>Marian Jure\u010dka,\u00a0<strong>ministr<\/strong>\u00a0<strong>pr\u00e1ce<\/strong>\u00a0a soci\u00e1ln\u00edch v\u011bc\u00ed, vicepremi\u00e9r \/KDU-\u010cSL\/<br \/>&#8212;&#8212;&#8212;&#8212;&#8212;&#8212;&#8211;<br \/>Sna\u017e\u00edme se posilovat tak\u00e9 podporu dom\u00e1c\u00ed p\u00e9\u010de, aby lid\u00e9, pokud mohou a je to v jejich z\u00e1jmu, mohli z\u016fst\u00e1vat ve sv\u00e9m p\u0159irozen\u00e9m dom\u00e1c\u00edm prost\u0159ed\u00ed.<br \/><br \/>Ale\u0161 Juchelka, m\u00edstop\u0159edseda poslaneck\u00e9ho klubu; st\u00ednov\u00fd\u00a0<strong>ministr<\/strong>\u00a0<strong>pr\u00e1ce<\/strong>\u00a0a soci\u00e1ln\u00edch v\u011bc\u00ed \/ANO\/<br \/>&#8212;&#8212;&#8212;&#8212;&#8212;&#8212;&#8211;<br \/>Na\u0161e populace st\u00e1rne. T\u00edm p\u00e1dem \u010d\u00edm d\u00e1l t\u00edm v\u00edce lid\u00ed bude pot\u0159ebovat n\u011bjakou soci\u00e1ln\u00ed slu\u017ebu. Z toho d\u016fvodu je pot\u0159eba pos\u00edlit tu ter\u00e9nn\u00ed asisten\u010dn\u00ed p\u00e9\u010di.<br \/><br \/>Daniela Habe\u0161ov\u00e1, redaktorka<br \/>&#8212;&#8212;&#8212;&#8212;&#8212;&#8212;&#8211;<br \/>Jen\u017ee i tady vid\u00ed domovy pro seniory probl\u00e9m &#8211; person\u00e1l.<br \/><br \/>Ji\u0159\u00ed HORECK\u00dd, prezident Asociace poskytovatel\u016f soci\u00e1ln\u00edch slu\u017eeb \u010cR<br \/>&#8212;&#8212;&#8212;&#8212;&#8212;&#8212;&#8211;<br \/>V republice chyb\u00ed 250 000 pracovn\u00edk\u016f. Nejenom zam\u011bstnanci v obchodu, v pr\u016fmyslu, ale \u017ee \u010d\u00e1st t\u011bch, kdo chyb\u00ed, tak jsou zam\u011bstnanci v soci\u00e1ln\u00edch slu\u017eb\u00e1ch.<br \/><br \/>Daniela Habe\u0161ov\u00e1, redaktorka<br \/>&#8212;&#8212;&#8212;&#8212;&#8212;&#8212;&#8211;<br \/>Nedostatek m\u00edst v domovech d\u016fchodc\u016f m\u00e1 vy\u0159e\u0161it novela z\u00e1kona o soci\u00e1ln\u00edch slu\u017eb\u00e1ch. P\u016fvodn\u00ed n\u00e1vrh se ale ministerstvo kv\u016fli \u010detn\u00fdm p\u0159ipom\u00ednk\u00e1m rozhodlo p\u0159epracovat a novou verzi chce p\u0159edstavit do konce roku. <\/p>\n\n\n\n<p>CNN Prima.<br \/><\/p>\n","protected":false},"excerpt":{"rendered":"<div class=\"mh-excerpt\"><p>V domovech pro seniory chyb\u00ed m\u00edsta. P\u0159ib\u00fdv\u00e1 toti\u017e lid\u00ed v d\u016fchodov\u00e9m v\u011bku. Ve v\u011bt\u0161in\u011b kraj\u016f tak mus\u00ed z\u00e1jemci na ubytov\u00e1n\u00ed \u010dekat a\u017e p\u016fl roku, n\u011bkde <a class=\"mh-excerpt-more\" href=\"https:\/\/www.invarena.cz\/?p=42762\" title=\"Nedostatek m\u00edst pro seniory\u00a0\u00a0\">[&#8230;]<\/a><\/p>\n<\/div>","protected":false},"author":1,"featured_media":14820,"comment_status":"open","ping_status":"closed","sticky":false,"template":"","format":"standard","meta":{"footnotes":""},"categories":[6,9],"tags":[],"class_list":["post-42762","post","type-post","status-publish","format-standard","has-post-thumbnail","hentry","category-politika","category-zpravy"],"_links":{"self":[{"href":"https:\/\/www.invarena.cz\/index.php?rest_route=\/wp\/v2\/posts\/42762","targetHints":{"allow":["GET"]}}],"collection":[{"href":"https:\/\/www.invarena.cz\/index.php?rest_route=\/wp\/v2\/posts"}],"about":[{"href":"https:\/\/www.invarena.cz\/index.php?rest_route=\/wp\/v2\/types\/post"}],"author":[{"embeddable":true,"href":"https:\/\/www.invarena.cz\/index.php?rest_route=\/wp\/v2\/users\/1"}],"replies":[{"embeddable":true,"href":"https:\/\/www.invarena.cz\/index.php?rest_route=%2Fwp%2Fv2%2Fcomments&post=42762"}],"version-history":[{"count":0,"href":"https:\/\/www.invarena.cz\/index.php?rest_route=\/wp\/v2\/posts\/42762\/revisions"}],"wp:featuredmedia":[{"embeddable":true,"href":"https:\/\/www.invarena.cz\/index.php?rest_route=\/wp\/v2\/media\/14820"}],"wp:attachment":[{"href":"https:\/\/www.invarena.cz\/index.php?rest_route=%2Fwp%2Fv2%2Fmedia&parent=42762"}],"wp:term":[{"taxonomy":"category","embeddable":true,"href":"https:\/\/www.invarena.cz\/index.php?rest_route=%2Fwp%2Fv2%2Fcategories&post=42762"},{"taxonomy":"post_tag","embeddable":true,"href":"https:\/\/www.invarena.cz\/index.php?rest_route=%2Fwp%2Fv2%2Ftags&post=42762"}],"curies":[{"name":"wp","href":"https:\/\/api.w.org\/{rel}","templated":true}]}}