{"id":42885,"date":"2023-10-20T05:09:52","date_gmt":"2023-10-20T03:09:52","guid":{"rendered":"https:\/\/www.invarena.cz\/?p=42885"},"modified":"2023-10-20T05:09:56","modified_gmt":"2023-10-20T03:09:56","slug":"rodiny-a-socialni-davky","status":"publish","type":"post","link":"https:\/\/www.invarena.cz\/?p=42885","title":{"rendered":"Rodiny a soci\u00e1ln\u00ed d\u00e1vky\u00a0\u00a0"},"content":{"rendered":"\n<p><br \/>Jak \u017e\u00e1dat o podporu, d\u00e1vku nebo dotaci, na kterou m\u00e1te n\u00e1rok. Podle v\u00fdzkumu toti\u017e \u010ce\u0161i \u017e\u00e1daj\u00ed jen o zlomek toho, co mohou bez probl\u00e9m\u016f dostat. Prvn\u00ed d\u00edl tak v\u011bnujeme p\u0159\u00edkladu rodiny se dv\u011bma d\u011btmi.<br \/><br \/>Prima\u00a0&#8211; Hlavn\u00ed zpr\u00e1vy<br \/>&#8212;&#8212;&#8212;&#8212;&#8212;&#8212;&#8211;<br \/>A pokud te\u010f nam\u00ed\u0159\u00edte sv\u016fj mobiln\u00ed telefon na QR k\u00f3d na obrazovce, dostanete se na na\u0161e webov\u00e9 str\u00e1nky. Tam najdete p\u0159ehled d\u00e1vek, na kter\u00e9 m\u00e1te n\u00e1rok, a n\u00e1vod, jak o n\u011b po\u017e\u00e1dat.<br \/><br \/>redaktor<br \/>&#8212;&#8212;&#8212;&#8212;&#8212;&#8212;&#8211;<br \/>Nevyznaj\u00ed se v pap\u00edrech a boj\u00ed se stigmatu. Podle soci\u00e1ln\u00edch pracovn\u00edk\u016f nej\u010dast\u011bj\u0161\u00ed d\u016fvody, pro\u010d si \u010ce\u0161i nechod\u00ed pro d\u00e1vky, i kdy\u017e na n\u011b maj\u00ed n\u00e1rok. T\u0159eba modelov\u00e1 rodina s \u0161estilet\u00fdm a desetilet\u00fdm d\u00edt\u011btem m\u016f\u017ee m\u00edt v z\u00e1vislosti na p\u0159\u00edjmech p\u0159itom n\u00e1rok hned na n\u011bkolik soci\u00e1ln\u00edch d\u00e1vek. Vyznat se v nich ale nen\u00ed v\u017edy snadn\u00e9.<br \/><br \/><\/p>\n\n\n\n<p><\/p>\n\n\n\n<p>P\u0159\u00eddavek na d\u00edt\u011b.<br \/>Kate\u0159ina Jirkov\u00e1, \u0159editelka odboru nepojistn\u00fdch soci\u00e1ln\u00edch a rodinn\u00fdch d\u00e1vek\u00a0<strong>MPSV<\/strong><br \/>&#8212;&#8212;&#8212;&#8212;&#8212;&#8212;&#8211;<br \/>Ta d\u00e1vka, kter\u00e1 t\u00e9 rodin\u011b pom\u016f\u017ee s pr\u00e1v\u011b n\u00e1klady na v\u00fdchovu d\u00edt\u011bte, na vzd\u011bl\u00e1v\u00e1n\u00ed d\u00edt\u011bte, ne v\u0161echny rodiny na ni maj\u00ed n\u00e1rok, bude se tam zkoumat p\u0159\u00edjem t\u00e9 rodiny.<br \/>redaktor<br \/>&#8212;&#8212;&#8212;&#8212;&#8212;&#8212;&#8211;<br \/>Svoji roli hraje i v\u011bk d\u011bt\u00ed. Na\u0161i Nov\u00e1kovi by na p\u0159\u00eddavek m\u011bli n\u00e1rok, pokud je jejich spole\u010dn\u00fd p\u0159\u00edjem men\u0161\u00ed ne\u017e zhruba 50 000.<br \/><br \/><\/p>\n\n\n\n<p><\/p>\n\n\n\n<p>P\u0159\u00edsp\u011bvek na bydlen\u00ed.<br \/>Roman St\u0159i\u017eenec, metodik Centra soci\u00e1ln\u00edch slu\u017eeb Praha<br \/>&#8212;&#8212;&#8212;&#8212;&#8212;&#8212;&#8211;<br \/>O tuhle d\u00e1vku m\u016f\u017ee \u017e\u00e1dat \u010dlov\u011bk, kdy p\u0159esahuj\u00ed n\u00e1klady na bydlen\u00ed v\u00edce ne\u017e t\u0159etinu jeho m\u011bs\u00ed\u010dn\u00edch p\u0159ijm\u016f.<br \/>redaktor<br \/>&#8212;&#8212;&#8212;&#8212;&#8212;&#8212;&#8211;<br \/>T\u00edmto p\u0159\u00edsp\u011bvkem vl\u00e1da bojuje proti drah\u00fdm energi\u00edm. Pravidla pro jeho z\u00edsk\u00e1n\u00ed tak zna\u010dn\u011b polevila. Nov\u00e1kovi by na n\u011bj mohli m\u00edt n\u00e1rok, pokud by za n\u00e1jem a energie platili p\u0159es 16 000. Lid\u00e9 se ho ale \u010dasto boj\u00ed kv\u016fli slo\u017eit\u00e9mu pap\u00edrov\u00e1n\u00ed.<br \/><br \/>V\u011bra Neck\u00e1\u0159ov\u00e1 (vedouc\u00ed ob\u010dansk\u00e9 poradny Remedium) ,<br \/>&#8212;&#8212;&#8212;&#8212;&#8212;&#8212;&#8211;<br \/>Vlastn\u011b rodiny mus\u00ed dokl\u00e1dat p\u0159\u00edjmy \u010dtvrtletn\u011b, pokud jsou tam studuj\u00edc\u00ed d\u011bti, tak potvrzen\u00ed o studiu, raz\u00edtko ze \u0161koly a ten formul\u00e1\u0159 s\u00e1m o sob\u011b je pro n\u011b slo\u017eit\u00fd.<br \/><\/p>\n\n\n\n<p><br \/><br \/>O\u0161et\u0159ovn\u00e9.<br \/>&#8212;&#8212;&#8212;&#8212;&#8212;&#8212;&#8211;<br \/>Ka\u017ed\u00fd zam\u011bstnan\u00fd rodi\u010d d\u00edt\u011bte do 10 let m\u00e1 n\u00e1rok na p\u0159\u00edsp\u011bvek ve chv\u00edli, kdy se mus\u00ed nezbytn\u011b starat o nemocn\u00e9 nebo zran\u011bn\u00e9 d\u00edt\u011b. Dostane za to 60 % platu, nejd\u00e9le ale dev\u011bt dn\u00ed.<br \/><br \/><\/p>\n\n\n\n<p>Mimo\u0159\u00e1dn\u00e1 okam\u017eit\u00e1 pomoc.<br \/>Jednor\u00e1zov\u00fd p\u0159\u00edsp\u011bvek slou\u017e\u00ed jako pad\u00e1k v p\u0159\u00edpad\u011b, kdy kv\u016fli nenad\u00e1l\u00fdm ud\u00e1lostem nejsou pen\u00edze.<br \/><br \/>Petra Jarom\u011b\u0159sk\u00e1, redaktorka<br \/>&#8212;&#8212;&#8212;&#8212;&#8212;&#8212;&#8211;<br \/>M\u016f\u017ee b\u00fdt pou\u017eito nap\u0159\u00edklad na po\u0159\u00edzen\u00ed spot\u0159ebi\u010de, kter\u00fd je nezbytn\u011b nutn\u00fd pro dom\u00e1cnost, m\u016f\u017eou z toho b\u00fdt hrazeny n\u011bjak\u00e9 nenad\u00e1l\u00e9 v\u00fddaje na \u0161koln\u00ed pom\u016fcky a podobn\u011b.<br \/><br \/>Jestli m\u00e1 rodina na r\u016fzn\u00e9 soci\u00e1ln\u00ed d\u00e1vky n\u00e1rok, si m\u016f\u017ee taky orienta\u010dn\u011b otestovat v kalkula\u010dk\u00e1ch na str\u00e1nk\u00e1ch Ministerstva pr\u00e1ce. <\/p>\n\n\n\n<p> CNN Prima News.<\/p>\n\n\n\n<p><\/p>\n\n\n\n<p><br \/><\/p>\n","protected":false},"excerpt":{"rendered":"<div class=\"mh-excerpt\"><p>Jak \u017e\u00e1dat o podporu, d\u00e1vku nebo dotaci, na kterou m\u00e1te n\u00e1rok. Podle v\u00fdzkumu toti\u017e \u010ce\u0161i \u017e\u00e1daj\u00ed jen o zlomek toho, co mohou bez probl\u00e9m\u016f dostat. <a class=\"mh-excerpt-more\" href=\"https:\/\/www.invarena.cz\/?p=42885\" title=\"Rodiny a soci\u00e1ln\u00ed d\u00e1vky\u00a0\u00a0\">[&#8230;]<\/a><\/p>\n<\/div>","protected":false},"author":1,"featured_media":24197,"comment_status":"open","ping_status":"closed","sticky":false,"template":"","format":"standard","meta":{"footnotes":""},"categories":[1],"tags":[],"class_list":["post-42885","post","type-post","status-publish","format-standard","has-post-thumbnail","hentry","category-nezarazene"],"_links":{"self":[{"href":"https:\/\/www.invarena.cz\/index.php?rest_route=\/wp\/v2\/posts\/42885","targetHints":{"allow":["GET"]}}],"collection":[{"href":"https:\/\/www.invarena.cz\/index.php?rest_route=\/wp\/v2\/posts"}],"about":[{"href":"https:\/\/www.invarena.cz\/index.php?rest_route=\/wp\/v2\/types\/post"}],"author":[{"embeddable":true,"href":"https:\/\/www.invarena.cz\/index.php?rest_route=\/wp\/v2\/users\/1"}],"replies":[{"embeddable":true,"href":"https:\/\/www.invarena.cz\/index.php?rest_route=%2Fwp%2Fv2%2Fcomments&post=42885"}],"version-history":[{"count":0,"href":"https:\/\/www.invarena.cz\/index.php?rest_route=\/wp\/v2\/posts\/42885\/revisions"}],"wp:featuredmedia":[{"embeddable":true,"href":"https:\/\/www.invarena.cz\/index.php?rest_route=\/wp\/v2\/media\/24197"}],"wp:attachment":[{"href":"https:\/\/www.invarena.cz\/index.php?rest_route=%2Fwp%2Fv2%2Fmedia&parent=42885"}],"wp:term":[{"taxonomy":"category","embeddable":true,"href":"https:\/\/www.invarena.cz\/index.php?rest_route=%2Fwp%2Fv2%2Fcategories&post=42885"},{"taxonomy":"post_tag","embeddable":true,"href":"https:\/\/www.invarena.cz\/index.php?rest_route=%2Fwp%2Fv2%2Ftags&post=42885"}],"curies":[{"name":"wp","href":"https:\/\/api.w.org\/{rel}","templated":true}]}}