{"id":42898,"date":"2023-10-20T05:20:01","date_gmt":"2023-10-20T03:20:01","guid":{"rendered":"https:\/\/www.invarena.cz\/?p=42898"},"modified":"2023-10-20T05:20:02","modified_gmt":"2023-10-20T03:20:02","slug":"deti-s-psychickymi-problemy-pribyva","status":"publish","type":"post","link":"https:\/\/www.invarena.cz\/?p=42898","title":{"rendered":"D\u011bt\u00ed s psychick\u00fdmi probl\u00e9my p\u0159ib\u00fdv\u00e1\u00a0\u00a0"},"content":{"rendered":"\n<p>Gabriela \u0160vejdov\u00e1, b\u00fdval\u00e1 pacientka<br \/>\/Uk\u00e1zka z dokumentu.\/ Tohle to\u010d\u00edm vlastn\u011b sv\u00fdmu budouc\u00edmu j\u00e1, abych se mohla zp\u011btn\u011b koukat na to, jak mi bylo nejh\u016f\u0159, kam a\u017e jsem to nechala zaj\u00edt, abych v\u011bd\u011bla, \u017ee v\u017edycky m\u016f\u017ee b\u00fdt h\u016f\u0159.<br \/>&#8212;&#8212;&#8212;&#8212;&#8212;&#8212;&#8211;<br \/>P\u00ed\u0161e se 1. \u010dervenec roku 2019. Gabriele je 16 let a v\u00e1\u017e\u00ed 39 kg.<br \/><br \/>Gabriela \u0160vejdov\u00e1, <br \/>&#8212;&#8212;&#8212;&#8212;&#8212;&#8212;&#8211;<br \/>Poz\u00edt\u0159\u00ed nastupuji na hospitalizaci a douf\u00e1m, \u017ee to k n\u011b\u010demu bude. A z\u00e1rove\u0148 teda douf\u00e1m, \u017ee tam nestr\u00e1v\u00edm cel\u00fd pr\u00e1zdniny. \u017de si u\u017eiju prost\u011b ty pr\u00e1zdniny tak jako norm\u00e1ln\u00ed holky v m\u00e9m v\u011bku. \/Konec uk\u00e1zky.\/<br \/><br \/>Jakub \u017delezn\u00fd, moder\u00e1tor \u010cT<br \/>&#8212;&#8212;&#8212;&#8212;&#8212;&#8212;&#8211;<br \/>\u010cesk\u00e1 televize p\u0159ed malou chv\u00edl\u00ed odvys\u00edlala na sv\u00e9m druh\u00e9m programu dokument Co je ti? Nic. O neut\u011b\u0161en\u00e9m stavu d\u011btsk\u00e9 psychiatrick\u00e9 p\u00e9\u010de. Hned v \u00favodu jsme vid\u011bli jeden z p\u0159\u00edb\u011bh\u016f, kter\u00fdch je hodn\u011b a alarmuj\u00edc\u00edm tempem jich p\u0159ib\u00fdv\u00e1. Podle aktu\u00e1ln\u00edch dat odborn\u00edk\u016f vykazuje 40 % \u0161kol\u00e1k\u016f n\u011bjak\u00e9 zn\u00e1mky deprese a pot\u0159ebovali by n\u011bjakou odbornou pomoc, kter\u00e9 se jim ale bohu\u017eel nedost\u00e1v\u00e1. Na\u0161\u00edm hostem je te\u010f Marek Mikl\u00e1\u0161, \u0159editel Poradensk\u00e9ho a krizov\u00e9ho centra pro Zl\u00ednsk\u00fd kraj. Dobr\u00fd ve\u010der.<br \/>&#8212;&#8212;&#8212;&#8212;&#8212;&#8212;&#8211;<br \/>Marku, ta uveden\u00e1 \u010d\u00edsla je\u0161t\u011b dopln\u00edm, 40 % dotazovan\u00fdch vykazuje zn\u00e1mky st\u0159edn\u00ed a\u017e t\u011b\u017ek\u00e9 deprese, 30 % \u00fazkosti, v\u00edc jak 50 % \u017e\u00e1k\u016f dev\u00e1\u0165\u00e1k\u016f v \u010cesku projevuje zn\u00e1mky zhor\u0161en\u00e9ho tzv. wellbeingu, Up\u0159\u00edmn\u011b, nen\u00ed to tro\u0161ku p\u0159ehnan\u00e9? \u010clov\u011bk by cht\u011bl mo\u017en\u00e1, aby to bylo p\u0159ehnan\u00e9, tak to mysl\u00edm.<br \/><br \/>Marek Mikl\u00e1\u0161, \u0159editel, Poradensk\u00e9 a krizov\u00e9 centrum pro Zl\u00ednsk\u00fd kraj<br \/>&#8212;&#8212;&#8212;&#8212;&#8212;&#8212;&#8211;<br \/>Rozum\u00edm tomu, moc bych si to p\u0159\u00e1l stejn\u011b jako vy. Nicm\u00e9n\u011b v\u0161echny data, kter\u00e9 vlastn\u011b u\u017e jsou dostupn\u00e9, tak ukazuj\u00ed na to, \u017ee opravdu ta situace je opravdu takhle z\u00e1va\u017en\u00e1 a je nutn\u00e9 zd\u016fraznit, \u017ee te\u010fka nejsme ve f\u00e1zi n\u011bjak\u00fdch domn\u011bnek, my\u0161lenek, \u00favah, ale opravdu se op\u00edr\u00e1me o tvrd\u00e1 data, kter\u00e9 jsou prok\u00e1zan\u00e9 mnoha v\u00fdzkumy, mnoha r\u016fzn\u00fdmi pilotn\u00edmi programy. A opravdu to tak je te\u010fka.<br \/><br \/>Jakub \u017delezn\u00fd, moder\u00e1tor \u010cT<br \/>&#8212;&#8212;&#8212;&#8212;&#8212;&#8212;&#8211;<br \/>Zkus\u00edm v\u00e1m oponovat, by\u0165 tomu samoz\u0159ejm\u011b stoprocentn\u011b v\u011b\u0159\u00edm, ale \u010dlov\u011bk by mohl \u0159\u00edct a nechci to zleh\u010dovat, \u017ee ka\u017ed\u00fd dosp\u00edvaj\u00edc\u00ed m\u00e1 p\u0159ece n\u011bjak\u00e1 sv\u00e1 tr\u00e1pen\u00ed. M\u011bli jsme je i my, kdy\u017e jsme dosp\u00edvali, tak ne, nen\u00ed ten z\u00e1jem o ty probl\u00e9my dosp\u00edvaj\u00edc\u00edch mo\u017en\u00e1 a\u017e takov\u00fd, \u017ee je zase na druhou stranu v\u011bt\u0161\u00ed a \u017ee potom to vypad\u00e1 h\u016f\u0159, ne\u017e to je? Zase je to mo\u017en\u00e1 p\u0159\u00e1n\u00ed otcem my\u0161lenky, omlouv\u00e1m se.<br \/><br \/>Marek Mikl\u00e1\u0161, <br \/>V po\u0159\u00e1dku. Tam i mezi odborn\u00edky se vede velk\u00e1 diskuze nad t\u00edm, kde je ta pomysln\u00e1 hranice mezi opravdu pot\u0159ebou jednotliv\u00fdch d\u011bt\u00ed z\u00edskat n\u011bjakou odpov\u00eddaj\u00edc\u00ed psychiatrickou nebo psychologickou p\u00e9\u010di a kde je prim\u00e1rn\u00edm vlivem, \u0159ekn\u011bme, ne \u00fapln\u011b \u0161\u0165astn\u00e1 v\u00fdchova ze strany rodi\u010d\u016f a dal\u0161\u00ed vlivy, kter\u00e9 prost\u011b ovliv\u0148uj\u00ed te\u010fka tu zv\u00fd\u0161enou citlivost, kter\u00e1 te\u010fka prost\u011b jednozna\u010dn\u011b na ty d\u011bti p\u016fsob\u00ed.<br \/><br \/>Jakub \u017delezn\u00fd, moder\u00e1tor \u010cT<br \/>&#8212;&#8212;&#8212;&#8212;&#8212;&#8212;&#8211;<br \/>V tom dokumentu se mluv\u00ed o k\u0159ehk\u00e9 generaci, o \u0161patn\u00e9 v\u00fdchov\u011b, kterou vy tak\u00e9 zmi\u0148ujete, kter\u00e1 hodn\u011b zd\u016fraz\u0148uje pr\u00e1va, m\u00e1lo nastavuje povinnosti, nevystavuje d\u011bti velk\u00fdm a podstatn\u00fdm zkou\u0161k\u00e1m, ned\u011bl\u00e1 je dost odoln\u00fdmi. Tak\u017ee to je ta p\u0159\u00ed\u010dina? My, p\u0159\u00edli\u0161 ambici\u00f3zn\u00ed rodi\u010de. Nebo jedna z p\u0159\u00ed\u010din.<br \/><br \/>Marek Mikl\u00e1\u0161, <br \/>&#8212;&#8212;&#8212;&#8212;&#8212;&#8212;&#8211;<br \/>Ur\u010dit\u011b jedna z p\u0159\u00ed\u010din, t\u011bch p\u0159\u00ed\u010din je tam opravdu hodn\u011b, mysl\u00edm si, \u017ee te\u010fka, co tomu v\u00fdznamn\u011b nahr\u00e1v\u00e1, je extr\u00e9mn\u00ed dostupnost r\u016fzn\u00fdch domn\u011bnek a \u00favah, jak by m\u011bla vypadat ta nejlep\u0161\u00ed mo\u017en\u00e1 v\u00fdchova a t\u011bch informac\u00ed je vlastn\u011b tolik a t\u011bch sm\u011br\u016f je tolik, \u017ee ve v\u00fdsledku se ten rodi\u010d v tom opravdu ztr\u00e1c\u00ed a v cel\u00e9 \u0159ad\u011b p\u0159\u00edpad\u016f vlastn\u011b ztr\u00e1c\u00ed tu svoji n\u011bjakou p\u0159irozenou jistotu, \u017ee prost\u011b bude to d\u011blat tak, jak mu je vlastn\u00ed a nebude se nechat ovliv\u0148ovat n\u011bjak\u00fdma r\u016fzn\u00fdma syst\u00e9mama.<br \/><br \/>Jakub \u017delezn\u00fd, moder\u00e1tor \u010cT<br \/>&#8212;&#8212;&#8212;&#8212;&#8212;&#8212;&#8211;<br \/>Ot\u00e1zka, kterou mus\u00edm polo\u017eit, kter\u00e1 je jasn\u00e1 a kter\u00e1 se v\u017edycky pokl\u00e1d\u00e1 v t\u011bchto situac\u00edch, jak velk\u00fd vliv na to maj\u00ed s\u00edt\u011b a to, jak\u00fdm zp\u016fsobem dneska mlad\u00e1 generace, jak to \u0159\u00edct, no, konzumuje obsah, konzumuje informace?<br \/><br \/>Marek Mikl\u00e1\u0161, <br \/>&#8212;&#8212;&#8212;&#8212;&#8212;&#8212;&#8211;<br \/>Nemysl\u00edm si, \u017ee to je pouze o mlad\u00e9 generaci, j\u00e1 kdy\u017e jsem jel metrem dneska a d\u00edval jsem se, kolik lid\u00ed dosp\u011bl\u00fdch neust\u00e1le hled\u00ed do r\u016fzn\u00fdch chytr\u00fdch za\u0159\u00edzen\u00ed. Je to cel\u00e1 spole\u010dnost, kter\u00e1 je t\u00edm\u00a0<strong>posti\u017een\u00e1<\/strong>\u00a0a i j\u00e1 s\u00e1m si mus\u00edm opravdu velmi detailn\u011b \u0159\u00edkat, tak a u\u017e dost. A te\u010f u\u017e to odlo\u017e a te\u010f poj\u010f v\u011bnovat ten p\u0159\u00edm\u00fd kontakt t\u011bm sv\u00fdm d\u011btem, proto\u017ee to je na tom to nejd\u016fle\u017eit\u011bj\u0161\u00ed, co by si ka\u017ed\u00fd rodi\u010d m\u011bl uv\u011bdomit.<br \/><br \/>Jakub \u017delezn\u00fd, moder\u00e1tor \u010cT<br \/>&#8212;&#8212;&#8212;&#8212;&#8212;&#8212;&#8211;<br \/>Poj\u010fme si te\u010f ostatn\u011b poslechnout pokra\u010dov\u00e1n\u00ed toho p\u0159\u00edb\u011bhu, kter\u00fd jsme vid\u011bli v \u00favodu tohoto \/nesrozumiteln\u00e9\/. Prozrad\u00edm, co\u017e je podstatn\u00e9, \u017ee m\u00e1 dobr\u00fd konec. \/Uk\u00e1zka z dokumentu.\/<br \/><br \/>Gabriela \u0160vejdov\u00e1, b\u00fdval\u00e1 pacientka<br \/>&#8212;&#8212;&#8212;&#8212;&#8212;&#8212;&#8211;<br \/>V\u00edm, \u017ee tady je pro m\u011b tom sv\u011bt\u011b m\u00edsto a \u017ee tady jsem z n\u011bjak\u00e9ho d\u016fvodu. A v\u00edm, \u017ee j\u00e1 nem\u00e1m um\u0159\u00edt takhle mlad\u00e1.<br \/><br \/>koment\u00e1\u0159<br \/>&#8212;&#8212;&#8212;&#8212;&#8212;&#8212;&#8211;<br \/>Vzpom\u00edn\u00e1te si na 39 kilovou G\u00e1binu, kter\u00e1 sv\u00e9mu budouc\u00edmu j\u00e1 nato\u010dila vzkaz? Tak to je ona, jen star\u0161\u00ed, zdrav\u011bj\u0161\u00ed a spokojen\u011bj\u0161\u00ed.<br \/><br \/>Gabriela \u0160vejdov\u00e1, b\u00fdval\u00e1 pacientka<br \/>&#8212;&#8212;&#8212;&#8212;&#8212;&#8212;&#8211;<br \/>To video m\u011blo p\u016fvodn\u011b z\u016fstat pouze u m\u011b v galerii a cht\u011bla jsem ho m\u00edt pouze sama pro sebe a zve\u0159ejn\u011bno bylo pr\u00e1v\u011b a\u017e po moj\u00ed druh\u00fd hospitalizaci, kdy jsem si \u0159\u00edkala, \u017ee vlastn\u011b by to n\u011bkomu mohlo pomoct vid\u011bt to, \u017ee se d\u00e1 z toho dostat. V dob\u011b, kdy jsem to video to\u010dila, tak jsem byla na sv\u00e9 nejni\u017e\u0161\u00ed v\u00e1ze. V podstat\u011b d\u00e1 se \u0159\u00edct, \u017ee jsem um\u00edrala a moje t\u011blo pomalu selh\u00e1valo. Te\u010f \u017eiju \u0161\u0165astn\u011b. J\u00e1 teda se hodn\u011b po\u0159\u00e1d vrac\u00edm k t\u00e9 svoj\u00ed minulosti, ale sp\u00ed\u0161 v pozitivn\u011bj\u0161\u00edm slova smyslu a sna\u017e\u00edm se vlastn\u011b podporovat a pom\u00e1hat lidem se stejn\u00fdmi probl\u00e9my, jako jsem kdysi za\u017e\u00edvala j\u00e1. Podle m\u011b z\u00e1kladem je, aby ten \u010dlov\u011bk, kter\u00fd trp\u00ed n\u011bjakou poruchou, si ten probl\u00e9m dok\u00e1zal p\u0159iznat. A neb\u00fdt na to s\u00e1m, a to v ka\u017ed\u00e9m p\u0159\u00edpad\u011b, a\u0165 u\u017e se jedn\u00e1 o jakoukoliv psychickou poruchu, a\u0165 u\u017e je to probl\u00e9my s j\u00eddlem, \u00fazkosti nebo cokoliv jin\u00e9ho, v\u017edycky je podle m\u011b nejd\u016fle\u017eit\u011bj\u0161\u00edm se n\u011bkomu sv\u011b\u0159it. \/Konec uk\u00e1zky.\/<br \/><br \/>Jakub \u017delezn\u00fd, moder\u00e1tor \u010cT<br \/>&#8212;&#8212;&#8212;&#8212;&#8212;&#8212;&#8211;<br \/>Gabrielo, jsme ve spojen\u00ed, j\u00e1 v\u00e1s zdrav\u00edm, dobr\u00fd ve\u010der.<br \/>My jsme v tom dokumentu nebo v t\u00e9 uk\u00e1zce i te\u010f v Ud\u00e1lostech, koment\u00e1\u0159\u00edch v\u00e1s vid\u011bli dvakr\u00e1t, jednou, dovolte mi ten v\u00fdraz jako absolutn\u00ed st\u00edn, podruh\u00e9 jako \u0161\u0165astnou, snad m\u016f\u017eu \u0159\u00edct z\u00e1\u0159\u00edc\u00ed mladou \u017eenu, jak se dneska d\u00edv\u00e1te na ten st\u00edn?<br \/><br \/>Gabriela \u0160vejdov\u00e1, b\u00fdval\u00e1 pacientka<br \/>&#8212;&#8212;&#8212;&#8212;&#8212;&#8212;&#8211;<br \/>Tak j\u00e1 z toho m\u00e1m hodn\u011b sm\u00ed\u0161en\u00e9 pocity, proto\u017ee na jednu stranu je mi z toho smutno, \u017ee vlastn\u011b vid\u00edm to, co jsem p\u0159edt\u00edm v tom zrcadle nevid\u011bla, nevid\u011bla jsem, jak moc v\u00e1\u017en\u00e9 to je. Ale na druhou stranu se na to d\u00edv\u00e1m py\u0161n\u011b, proto\u017ee vid\u00edm, z jak\u00e9ho dna jsem se dok\u00e1zala dostat.<br \/><br \/>Jakub \u017delezn\u00fd, moder\u00e1tor \u010cT<br \/>&#8212;&#8212;&#8212;&#8212;&#8212;&#8212;&#8211;<br \/>Vy jste si, aspo\u0148 to popisujete v tom va\u0161em p\u0159\u00edb\u011bhu, dlouho nedok\u00e1zala p\u0159iznat, \u017ee m\u00e1te n\u011bjak\u00fd probl\u00e9m, pro\u010d? Proto\u017ee jste si \u0159\u00edkala, tak jak jsme tady p\u0159ed chvili\u010dkou s Markem \u0159e\u0161ili, ka\u017ed\u00fd mlad\u00fd m\u00e1 n\u011bjak\u00fd probl\u00e9m, tak pro\u010d by ten m\u016fj m\u011bl b\u00fdt v\u011bt\u0161\u00ed? Tak kdy se t\u0159eba tohle zlomilo a \u0159ekla jste si, ano, to u\u017e mus\u00edm \u0159e\u0161it?<br \/><br \/>Gabriela \u0160vejdov\u00e1, b\u00fdval\u00e1 pacientka<br \/>&#8212;&#8212;&#8212;&#8212;&#8212;&#8212;&#8211;<br \/>Tak j\u00e1 jsem tak n\u011bjak od za\u010d\u00e1tku v\u0161ech sv\u00fdch probl\u00e9m\u016f c\u00edtila, \u017ee je n\u011bco \u0161patn\u011b, ale celou dobu jsem si \u0159\u00edkala, j\u00e1 nejsem dostate\u010dn\u011b huben\u00e1 na to, abych mohla m\u00edt anorexii, j\u00e1 nejsem dostate\u010dn\u011b nemocn\u00e1 na to, aby ten probl\u00e9m byl v\u00e1\u017en\u00fd. Tak\u017ee j\u00e1 jsem si tady ten probl\u00e9m dok\u00e1zala p\u0159iznat asi a\u017e po samotn\u00e9m vyl\u00e9\u010den\u00ed.<br \/><br \/>Jakub \u017delezn\u00fd, moder\u00e1tor \u010cT<br \/>&#8212;&#8212;&#8212;&#8212;&#8212;&#8212;&#8211;<br \/>No a vy apelujete na to, aby lid\u00e9 na\u0161li n\u011bkoho, komu se sv\u011b\u0159\u00ed, s k\u00fdm to proberou. Kdo to byl u v\u00e1s, pokud to nen\u00ed p\u0159\u00edli\u0161 osobn\u00ed a intimn\u00ed ot\u00e1zka, pokud ano, tak ji klidn\u011b p\u0159esko\u010dme.<br \/><br \/>Gabriela \u0160vejdov\u00e1, b\u00fdval\u00e1 pacientka<br \/>&#8212;&#8212;&#8212;&#8212;&#8212;&#8212;&#8211;<br \/>Tak j\u00e1 jsem se nejprve za\u010dala sv\u011b\u0159ovat asi sv\u00fdm kamar\u00e1d\u016fm, potom n\u00e1sledovala u\u010ditelka ve \u0161kole, kter\u00e1 si probl\u00e9mu v\u0161imla a j\u00e1 se j\u00ed sv\u011b\u0159ila. A potom jsem se sv\u011b\u0159ila teda rodi\u010d\u016fm, co\u017e bylo jedno z nejlep\u0161\u00edch rozhodnut\u00ed, proto\u017ee potom teprve se ty probl\u00e9my daly \u0159e\u0161it.<br \/><br \/>Jakub \u017delezn\u00fd, moder\u00e1tor \u010cT<br \/>&#8212;&#8212;&#8212;&#8212;&#8212;&#8212;&#8211;<br \/>Je to pro v\u00e1s po\u0159\u00e1d ur\u010dit\u00e9 tabu? Je prost\u011b zlomen\u00e1 du\u0161e n\u011bco jin\u00e9ho ne\u017e zlomen\u00e1 noha nebo ruka a nep\u0159ejeme si nic takov\u00e9ho, samoz\u0159ejm\u011b?<br \/><br \/>Gabriela \u0160vejdov\u00e1, b\u00fdval\u00e1 pacientka<br \/>&#8212;&#8212;&#8212;&#8212;&#8212;&#8212;&#8211;<br \/>Tak vlastn\u011b te\u010fko u\u017e to pro m\u011b tabu nen\u00ed a otev\u0159en\u011b o tady t\u011bch problematik\u00e1ch mluv\u00edm, ale kdy\u017e jsem o tom za\u010dala mluvit n\u011bkdy \u010dty\u0159i roky zp\u00e1tky v pr\u016fb\u011bhu m\u00e9 l\u00e9\u010dby, tak to bylo celkem tabu a p\u0159i\u0161lo mi, \u017ee lidi brali jako ostudu b\u00fdt na psychiatrii nebo chodit k psychologovi, ale p\u0159ijde mi, \u017ee se to postupem \u010dasu m\u011bn\u00ed, ale po\u0159\u00e1d si mysl\u00edm, \u017ee n\u011bkte\u0159\u00ed lid\u00e9 psychick\u00e9 zdrav\u00ed zanedb\u00e1vaj\u00ed.<br \/><br \/>Jakub \u017delezn\u00fd, moder\u00e1tor \u010cT<br \/>&#8212;&#8212;&#8212;&#8212;&#8212;&#8212;&#8211;<br \/>No a co jim poradit? Je n\u011bjak\u00fd moment, kter\u00fd byste vy t\u0159eba z toho sv\u00e9ho p\u0159\u00edb\u011bhu vyp\u00edchla? N\u011bjak\u00fd okam\u017eik? Vy jste mluvila o va\u0161ich p\u0159\u00e1tel\u00edch, o va\u0161\u00ed pedago\u017ece, zapla\u0165p\u00e1nb\u016fh za takov\u00e9 pedagogy, o va\u0161ich rodi\u010d\u00edch, zapla\u0165p\u00e1nb\u016fh za takov\u00e9 rodi\u010de i kamar\u00e1dy samoz\u0159ejm\u011b. Ale je n\u011bco, kde byste dok\u00e1zala lidem poradit v tom smyslu, kdy\u017e se ti tohle d\u011bje, tak n\u011bco d\u011blej.<br \/><br \/>Gabriela \u0160vejdov\u00e1, b\u00fdval\u00e1 pacientka<br \/>&#8212;&#8212;&#8212;&#8212;&#8212;&#8212;&#8211;<br \/>J\u00e1 bych ur\u010dit\u011b \u0159ekla, a to je podle m\u011b ze v\u0161eho nejd\u016fle\u017eit\u011bj\u0161\u00ed, neb\u00fdt na ty probl\u00e9my s\u00e1m a sv\u011b\u0159it se komukoliv, a\u0165 u\u017e to jsou rodi\u010de, kamar\u00e1di nebo dneska existuj\u00ed mo\u017enosti jako Linka bezpe\u010d\u00ed, Linka d\u016fv\u011bry, tak\u017ee ur\u010dit\u011b neb\u00fdt na ten probl\u00e9m s\u00e1m a dok\u00e1zat si ho n\u011bjak\u00fdm zp\u016fsobem p\u0159iznat a neb\u00e1t se ho \u0159e\u0161it.<br \/><br \/>Jakub \u017delezn\u00fd, moder\u00e1tor \u010cT<br \/>&#8212;&#8212;&#8212;&#8212;&#8212;&#8212;&#8211;<br \/>Gabrielo, z\u016fsta\u0148te je\u0161t\u011b chvili\u010dku s n\u00e1mi. Marku. M\u00e1m pocit, \u017ee psychiatrick\u00e1 p\u00e9\u010de je po\u0159\u00e1d tak tro\u0161ku Popelkou. S Gabrielou jsme se bavili o t\u00e9 stigmatizaci, i kdy\u017e ona \u0159\u00edkala, a zapla\u0165p\u00e1nb\u016fh, \u017ee u\u017e je to mo\u017en\u00e1 lep\u0161\u00ed. Na druhou stranu, na odbornou pomoc se \u010dek\u00e1 i p\u016fl roku. Jak je tohle mo\u017en\u00e9? To zn\u00ed opravdu katastroficky.<br \/><br \/>Marek Mikl\u00e1\u0161, <br \/>&#8212;&#8212;&#8212;&#8212;&#8212;&#8212;&#8211;<br \/>No, jednozna\u010dn\u011b za to m\u016f\u017ee, jak opravdu bylo na okraji z\u00e1jmu, oblast d\u011btsk\u00e9 psychiatrie, to je naprosto neoddiskutovateln\u00fd fakt a o to smutn\u011bj\u0161\u00ed vlastn\u011b je, \u017ee opravdu d\u011btsk\u00e1 psychiatrie je jedn\u00edm z nejefektivn\u011bj\u0161\u00edch zp\u016fsob\u016f l\u00e9\u010dby, proto\u017ee opravdu, pokud je vedena kvalitn\u011b, tak opravdu p\u0159edch\u00e1z\u00ed p\u0159esunu t\u011bch probl\u00e9m\u016f do dosp\u011blosti a opravdu ti lid\u00e9 mohou v\u00e9st plnohodnotn\u00fd \u017eivot, co\u017e ostatn\u011b Gabriela je zd\u00e1rn\u00fdm jako p\u0159\u00edkladem.<br \/><br \/>Jakub \u017delezn\u00fd, moder\u00e1tor \u010cT<br \/>&#8212;&#8212;&#8212;&#8212;&#8212;&#8212;&#8211;<br \/>A je tedy n\u011bjak\u00e9 \u0159e\u0161en\u00ed?<br \/><br \/>Marek Mikl\u00e1\u0161, <br \/>&#8212;&#8212;&#8212;&#8212;&#8212;&#8212;&#8211;<br \/>Je nutn\u00e9 neust\u00e1le tla\u010dit na politick\u00e9 zastoupen\u00ed, na odpov\u00eddaj\u00edc\u00ed ministerstva a aby opravdu si tenhle probl\u00e9m u\u017e fakt vzala za sv\u00e9 a systematicky ve spolupr\u00e1ci s odborn\u00edky nastavovala ty pot\u0159ebn\u00e9 kroky.<br \/><br \/>Jakub \u017delezn\u00fd, moder\u00e1tor \u010cT<br \/>&#8212;&#8212;&#8212;&#8212;&#8212;&#8212;&#8211;<br \/>A ten probl\u00e9m je prim\u00e1rn\u011b tedy v t\u00e9 psychiatrick\u00e9 p\u00e9\u010di sm\u011brem k d\u011btem, nebo obecn\u011b v \u010cesku?<br \/><br \/>Marek Mikl\u00e1\u0161, <br \/>&#8212;&#8212;&#8212;&#8212;&#8212;&#8212;&#8211;<br \/>Nejv\u00edc ho\u0159lav\u00e9, abych tak \u0159ekl, je to ur\u010dit\u011b v t\u00e9 p\u00e9\u010di o ty d\u011bti, tam je to nejmarkantn\u011bj\u0161\u00ed opravdu ten nedostatek.<br \/><br \/>Jakub \u017delezn\u00fd, moder\u00e1tor \u010cT<br \/>&#8212;&#8212;&#8212;&#8212;&#8212;&#8212;&#8211;<br \/>Gabrielo, kdy\u017e my u\u017e se posuneme v tom va\u0161em p\u0159\u00edb\u011bhu od p\u0159\u00e1tel, u\u010ditelky a rodi\u010d\u016f do t\u00e9 odborn\u00e9 pomoci nebo do okam\u017eiku t\u00e9 odborn\u00e9 pomoci, tak jak rychle se v\u00e1m poda\u0159ilo k n\u00ed dostat?<br \/><br \/>Gabriela \u0160vejdov\u00e1, b\u00fdval\u00e1 pacientka<br \/>&#8212;&#8212;&#8212;&#8212;&#8212;&#8212;&#8211;<br \/>Tak co se t\u00fd\u010de n\u011bjak\u00e9 n\u00e1v\u0161t\u011bvy psychologa, tak d\u00edky tomu, \u017ee se m\u011bla pr\u00e1v\u011b hodn\u011b aktivn\u00ed rodi\u010de v tomhle, tak to psychologickou pomoc jsme na\u0161li docela rychle, a\u010dkoliv teda v m\u00e9m okol\u00ed byli psychologov\u00e9, kte\u0159\u00ed m\u011bli pln\u00e9 kapacity, tak\u017ee za psychology jsme doj\u00ed\u017ed\u011bli klidn\u011b dv\u011b hodiny autem. Ale co se t\u00fd\u010de samotn\u00e9 hospitalizace, tak i p\u0159esto\u017ee m\u016fj stav byl opravdu velmi v\u00e1\u017en\u00fd, tak i na samotnou hospitalizaci jsem \u010dekala n\u011bkolik t\u00fddn\u016f.<br \/><br \/>Jakub \u017delezn\u00fd, moder\u00e1tor \u010cT<br \/>&#8212;&#8212;&#8212;&#8212;&#8212;&#8212;&#8211;<br \/>Posledn\u00ed v\u011bc na v\u00e1s, Gabrielo, ne\u017e se s v\u00e1mi rozlou\u010d\u00edme, d\u00e1 se po t\u011bch letech dneska \u0159\u00edct, co vlastn\u011b rozhodlo, \u017ee jste se uzdravila a \u017ee opravdu dneska rozhodn\u011b, kdy\u017e se \u010dlov\u011bk pod\u00edv\u00e1 na ty star\u00e9 z\u00e1b\u011bry, tak si fakt mysl\u00ed, \u017ee je to n\u011bkdo \u00fapln\u011b jin\u00fd, a ne vy?<br \/><br \/>Gabriela \u0160vejdov\u00e1, b\u00fdval\u00e1 pacientka<br \/>&#8212;&#8212;&#8212;&#8212;&#8212;&#8212;&#8211;<br \/>Tak j\u00e1 si mysl\u00edm, \u017ee hlavn\u011b ta hospitalizace mi zachr\u00e1nila \u017eivot a to, \u017ee jsem obecn\u011b se neb\u00e1la o tu pomoc \u0159\u00edct a hlavn\u011b tu pomoc p\u0159ijmout.<br \/><br \/>Jakub \u017delezn\u00fd, moder\u00e1tor \u010cT<br \/>&#8212;&#8212;&#8212;&#8212;&#8212;&#8212;&#8211;<br \/>Vy jste, Marku, \u0159\u00edkal, \u017ee kdy\u017e u\u017e se to povede a ta odborn\u00e1 pomoc se najde, tak potom v dosp\u011blosti, viz Gabriela, ten \u010dlov\u011bk \u017eije norm\u00e1ln\u00ed, plnohodnotn\u00fd \u017eivot. Ale je opravdu v tuto chv\u00edli mo\u017eno \u0159\u00edct, \u017ee je to v\u011bt\u0161ina t\u011bch lid\u00ed, kte\u0159\u00ed se t\u0159eba z toho d\u011btstv\u00ed p\u0159esunou do dosp\u011blosti? Chci n\u011bco pozitivn\u00edho na z\u00e1v\u011br, n\u011bco mil\u00e9ho.<br \/><br \/>Marek Mikl\u00e1\u0161, <br \/>&#8212;&#8212;&#8212;&#8212;&#8212;&#8212;&#8211;<br \/>Rozum\u00edm. Rozhodn\u011b je v pln\u00e9 moci na\u0161ich odborn\u00edk\u016f, kter\u00fdch m\u00e1me velmi kvalitn\u00edch po cel\u00e9 \u010cesk\u00e9 republice, aby tohle bylo pravdou.<br \/><br \/>Jakub \u017delezn\u00fd, moder\u00e1tor \u010cT<br \/>&#8212;&#8212;&#8212;&#8212;&#8212;&#8212;&#8211;<br \/>I region\u00e1ln\u011b rozvrstven\u00fdch odborn\u00edk\u016f, abych tak \u0159ekl, ve v\u0161ech regionech?<br \/><br \/>Marek Mikl\u00e1\u0161, <br \/>&#8212;&#8212;&#8212;&#8212;&#8212;&#8212;&#8211;<br \/>Tohle bohu\u017eel u\u017e tak pozitivn\u00ed pro v\u00e1s nem\u00e1m. To tam je.<br \/><br \/>Jakub \u017delezn\u00fd, moder\u00e1tor \u010cT<br \/>&#8212;&#8212;&#8212;&#8212;&#8212;&#8212;&#8211;<br \/>To je chyba, \u017ee jsem tu ot\u00e1zku polo\u017eil na z\u00e1v\u011br.<br \/><br \/>Marek Mikl\u00e1\u0161, <br \/>&#8212;&#8212;&#8212;&#8212;&#8212;&#8212;&#8211;<br \/>Ale nicm\u00e9n\u011b pot\u0159ebuju je\u0161t\u011b zd\u016fraznit to, \u017ee opravdu existuje cel\u00e1 \u0159ada n\u00e1vazn\u00fdch slu\u017eeb na pr\u00e1v\u011b d\u011btskou psychiatrii, kter\u00e9 jsou schopny dopl\u0148ovat aspo\u0148 r\u00e1mcov\u011b jednotliv\u00e9 ty odv\u011btv\u00ed a poskytnout aspo\u0148 v r\u00e1mci sv\u00fdch kompetenc\u00ed odpov\u00eddaj\u00edc\u00ed podporu t\u011bmto lidem.<br \/><br \/>Jakub \u017delezn\u00fd, moder\u00e1tor \u010cT<br \/>&#8212;&#8212;&#8212;&#8212;&#8212;&#8212;&#8211;<br \/>A co poradit rodi\u010d\u016fm? Naslouchejte po\u0159\u00e1dn\u011b sv\u00fdm d\u011btem?<br \/><br \/>Marek Mikl\u00e1\u0161,<br \/>&#8212;&#8212;&#8212;&#8212;&#8212;&#8212;&#8211;<br \/>J\u00e1 bych \u0159ekl, bu\u010fte s nimi v p\u0159\u00edtomnosti, pod\u00edvejte se na n\u011b a soust\u0159e\u010fte se na n\u011b.<br \/><br \/>Jakub \u017delezn\u00fd, moder\u00e1tor \u010cT<br \/>&#8212;&#8212;&#8212;&#8212;&#8212;&#8212;&#8211;<br \/>Tak j\u00e1 mysl\u00edm, \u017ee j\u00e1 u\u017e nemus\u00edm v\u016fbec nic dod\u00e1vat. Jenom \u017ee v\u00e1m d\u011bkuju, \u017ee jste p\u0159i\u0161el.<br \/><br \/><\/p>\n","protected":false},"excerpt":{"rendered":"<div class=\"mh-excerpt\"><p>Gabriela \u0160vejdov\u00e1, b\u00fdval\u00e1 pacientka\/Uk\u00e1zka z dokumentu.\/ Tohle to\u010d\u00edm vlastn\u011b sv\u00fdmu budouc\u00edmu j\u00e1, abych se mohla zp\u011btn\u011b koukat na to, jak mi bylo nejh\u016f\u0159, kam a\u017e <a class=\"mh-excerpt-more\" href=\"https:\/\/www.invarena.cz\/?p=42898\" title=\"D\u011bt\u00ed s psychick\u00fdmi probl\u00e9my p\u0159ib\u00fdv\u00e1\u00a0\u00a0\">[&#8230;]<\/a><\/p>\n<\/div>","protected":false},"author":1,"featured_media":21892,"comment_status":"open","ping_status":"closed","sticky":false,"template":"","format":"standard","meta":{"footnotes":""},"categories":[11],"tags":[],"class_list":["post-42898","post","type-post","status-publish","format-standard","has-post-thumbnail","hentry","category-zdravi"],"_links":{"self":[{"href":"https:\/\/www.invarena.cz\/index.php?rest_route=\/wp\/v2\/posts\/42898","targetHints":{"allow":["GET"]}}],"collection":[{"href":"https:\/\/www.invarena.cz\/index.php?rest_route=\/wp\/v2\/posts"}],"about":[{"href":"https:\/\/www.invarena.cz\/index.php?rest_route=\/wp\/v2\/types\/post"}],"author":[{"embeddable":true,"href":"https:\/\/www.invarena.cz\/index.php?rest_route=\/wp\/v2\/users\/1"}],"replies":[{"embeddable":true,"href":"https:\/\/www.invarena.cz\/index.php?rest_route=%2Fwp%2Fv2%2Fcomments&post=42898"}],"version-history":[{"count":0,"href":"https:\/\/www.invarena.cz\/index.php?rest_route=\/wp\/v2\/posts\/42898\/revisions"}],"wp:featuredmedia":[{"embeddable":true,"href":"https:\/\/www.invarena.cz\/index.php?rest_route=\/wp\/v2\/media\/21892"}],"wp:attachment":[{"href":"https:\/\/www.invarena.cz\/index.php?rest_route=%2Fwp%2Fv2%2Fmedia&parent=42898"}],"wp:term":[{"taxonomy":"category","embeddable":true,"href":"https:\/\/www.invarena.cz\/index.php?rest_route=%2Fwp%2Fv2%2Fcategories&post=42898"},{"taxonomy":"post_tag","embeddable":true,"href":"https:\/\/www.invarena.cz\/index.php?rest_route=%2Fwp%2Fv2%2Ftags&post=42898"}],"curies":[{"name":"wp","href":"https:\/\/api.w.org\/{rel}","templated":true}]}}